{"id":551411,"date":"2025-11-22T13:42:24","date_gmt":"2025-11-22T13:42:24","guid":{"rendered":"https:\/\/www.europesays.com\/fr\/551411\/"},"modified":"2025-11-22T13:42:24","modified_gmt":"2025-11-22T13:42:24","slug":"qui-se-cache-derriere-les-145-noms-desormais-graves-dans-le-sol-de-montpellier","status":"publish","type":"post","link":"https:\/\/www.europesays.com\/fr\/551411\/","title":{"rendered":"Qui se cache derri\u00e8re les 145 noms d\u00e9sormais grav\u00e9s dans le sol de Montpellier\u00a0?"},"content":{"rendered":"<p>                    Par<br \/>\n        <strong><br \/>\n            <a href=\"https:\/\/actu.fr\/auteur\/metropoop\" title=\"Consulter tous les articles de R\u00e9daction M\u00e9tropolitain\" rel=\"nofollow noopener\" target=\"_blank\">R\u00e9daction M\u00e9tropolitain<\/a><br \/>\n                    <\/strong><\/p>\n<p>        Publi\u00e9 le<\/p>\n<p>            22 nov. 2025 \u00e0 11h57        <\/p>\n<p>La Ville de Montpellier a inaugur\u00e9 les pav\u00e9s m\u00e9moriels <strong>ce vendredi 21 novembre 2025.<\/strong> L\u2019hommage s\u2019est tenu place des Martyrs de la R\u00e9sistance, au pied de la pr\u00e9fecture. L\u2019endroit porte une histoire lourde. Sous l\u2019Occupation, il s\u2019appelait place du Mar\u00e9chal P\u00e9tain. Le mar\u00e9chal et Franco y avaient m\u00eame parad\u00e9. La c\u00e9r\u00e9monie a donc renou\u00e9 le lieu avec ce qui lui manquait : des noms, des r\u00e9cits, des visages.<\/p>\n<p>    <a href=\"https:\/\/www.google.com\/maps\/embed?pb=!1m18!1m12!1m3!1d23114.090373704526!2d3.8338559999999995!3d43.6011008!2m3!1f0!2f0!3f0!3m2!1i1024!2i768!4f13.1!3m3!1m2!1s0x12b6af08198e5c9d%3A0x94108956fec95e36!2sPlace%20des%20Martyrs-de-la-R%C3%A9sistance%2C%2034000%20Montpellier!5e0!3m2!1sfr!2sfr!4v1763808993497!5m2!1sfr!2sfr\" title=\"Ouvrie le lien\" rel=\"nofollow noopener\" target=\"_blank\">Cliquez ici pour visualiser le contenu<\/a><\/p>\n<p class=\" wall-content\">Les familles, les associations m\u00e9morielles et de nombreux habitants ont afflu\u00e9. Le maire de Montpellier, ses adjoints et les autorit\u00e9s civiles et militaires ont pris part au d\u00e9voilement. Les plaques cuivr\u00e9es ont attir\u00e9 les pas, un par un. Les regards se sont pos\u00e9s sur chaque nom.<\/p>\n<p>    <img   decoding=\"async\" loading=\"lazy\" src=\"https:\/\/www.europesays.com\/fr\/wp-content\/uploads\/2025\/11\/media-98-960x640.jpg\" alt=\"Micha\u00ebl Delafosse \u00e9change avec des descendants de r\u00e9sistants apr\u00e8s la c\u00e9r\u00e9monie.\" width=\"960\" height=\"640\"\/><br \/>\n    Micha\u00ebl Delafosse \u00e9change avec des descendants de r\u00e9sistants apr\u00e8s la c\u00e9r\u00e9monie. (\u00a9Christophe Ruiz \u2013 Ville et M\u00e9tropole de Montpellier)Une parole officielle<\/p>\n<p class=\" wall-content\">Fran\u00e7ois-Xavier Lauch, pr\u00e9fet de l\u2019H\u00e9rault, a d\u00e9crit sur X un moment de \u00ab\u00a0profond recueillement\u00a0\u00bb. Il a soulign\u00e9 \u00ab\u00a0un instant intense de reconnaissance, partag\u00e9 avec les familles et les \u00e9lus\u00a0\u00bb et insist\u00e9 sur la port\u00e9e de ce geste. \u00ab\u00a0Ces plaques rendent hommage de mani\u00e8re durable et visible aux R\u00e9sistantes et R\u00e9sistants de Montpellier. Chacun de ces pav\u00e9s porte une vie donn\u00e9e pour la libert\u00e9. Leur combat nous inspire encore.<\/p>\n<p class=\" wall-content\">\n<p class=\" wall-content\">Il a cit\u00e9 plusieurs figures locales : Camille Ernst, secr\u00e9taire g\u00e9n\u00e9rale de la pr\u00e9fecture, Jean Benedetti, Roger Friedrissi, Th\u00e9r\u00e8se Mistervitz. Il a rappel\u00e9 le r\u00f4le de r\u00e9sistantes moins connues : Jeanne Blaquier, Am\u00e9lia Benedetto, Madeleine Leyssac. Il a souhait\u00e9 que leurs valeurs \u00ab\u00a0vivent dans les g\u00e9n\u00e9rations pr\u00e9sentes et futures\u00a0\u00bb.<\/p>\n<p>Vid\u00e9os : en ce moment sur ActuDes destins sortis de l\u2019ombre<\/p>\n<p class=\" wall-content\">Montpellier a pos\u00e9 <strong>145 pav\u00e9s cuivr\u00e9s<\/strong>. Ils portent pour chacun le nom, le pr\u00e9nom, l\u2019ann\u00e9e de naissance et l\u2019ann\u00e9e de d\u00e9c\u00e8s. Parmi ces destins, 136 noms identifi\u00e9s. Neuf pav\u00e9s sont rest\u00e9s vides. Ils attendent d\u2019autres d\u00e9couvertes et d\u2019autres familles. Beaucoup de r\u00e9sistants honor\u00e9s n\u2019avaient jamais eu de trace m\u00e9morielle dans la ville. Les r\u00e9cits se sont m\u00eal\u00e9s. Certains transportaient de la nourriture. D\u2019autres fabriquaient des faux papiers. Quelques-uns abritaient des enfants ou transmettaient des messages au c\u0153ur de leur quotidien. Ces gestes simples ont soutenu des r\u00e9seaux entiers. Les proches les appelaient Mamie, P\u00e9p\u00e9, Nanou. Des \u00eatres aim\u00e9s, rest\u00e9s entre les murs familiaux. La ville les expose enfin \u00e0 son regard.<\/p>\n<p>Votre r\u00e9gion, votre actu !<\/p>\n<p>Recevez chaque jour les infos qui comptent pour vous.<\/p>\n<p>\t<a href=\"https:\/\/actu.fr\/newsletter\" class=\"ac-btn ac-btn--corner ac-btn--medium ac-btn--blue800\" rel=\"nofollow noopener\" target=\"_blank\">S&rsquo;incrire<\/a><\/p>\n<p>    <img   decoding=\"async\" loading=\"lazy\" src=\"https:\/\/www.europesays.com\/fr\/wp-content\/uploads\/2025\/11\/photo-2-960x640.jpeg\" alt=\"Les pav\u00e9s cuivr\u00e9s pr\u00e9sentent les noms, dates de naissance et dates de d\u00e9c\u00e8s de 145 r\u00e9sistants de Montpellier.\" width=\"960\" height=\"640\"\/><br \/>\n    Les pav\u00e9s cuivr\u00e9s pr\u00e9sentent les noms, dates de naissance et dates de d\u00e9c\u00e8s de 145 r\u00e9sistants de Montpellier. (\u00a9X \/ @Prefet34)<\/p>\n<p class=\" wall-content\">Personnalisez votre actualit\u00e9 en ajoutant vos villes et m\u00e9dias en favori avec <a href=\"https:\/\/moncompte.actu.fr\" title=\"D\u00e9couvez Mon Actu\" rel=\"nofollow noopener\" data-trk=\"{&quot;cta&quot;:{&quot;action&quot;:&quot;https:\\\/\\\/moncompte.actu.fr&quot;,&quot;category&quot;:&quot;mon compte&quot;,&quot;from&quot;:&quot;article footer&quot;,&quot;name&quot;:&quot;Mon actu&quot;,&quot;type&quot;:&quot;cta&quot;}}\" target=\"_blank\">Mon Actu<\/a>.<\/p>\n","protected":false},"excerpt":{"rendered":"Par R\u00e9daction M\u00e9tropolitain Publi\u00e9 le 22 nov. 2025 \u00e0 11h57 La Ville de Montpellier a inaugur\u00e9 les pav\u00e9s&hellip;\n","protected":false},"author":2,"featured_media":551412,"comment_status":"","ping_status":"","sticky":false,"template":"","format":"standard","meta":{"footnotes":""},"categories":[9599],"tags":[1111,11,1777,674,1011,27,58904,9922,2208,12,2680,2551,25,935],"class_list":{"0":"post-551411","1":"post","2":"type-post","3":"status-publish","4":"format-standard","5":"has-post-thumbnail","7":"category-montpellier","8":"tag-actu","9":"tag-actualites","10":"tag-eu","11":"tag-europe","12":"tag-fr","13":"tag-france","14":"tag-histoire-patrimoine","15":"tag-hommage-aux-heros","16":"tag-montpellier","17":"tag-news","18":"tag-occitanie","19":"tag-patrimoine","20":"tag-republique-francaise","21":"tag-seconde-guerre-mondiale"},"share_on_mastodon":{"url":"https:\/\/pubeurope.com\/@fr\/115593645928045112","error":""},"_links":{"self":[{"href":"https:\/\/www.europesays.com\/fr\/wp-json\/wp\/v2\/posts\/551411","targetHints":{"allow":["GET"]}}],"collection":[{"href":"https:\/\/www.europesays.com\/fr\/wp-json\/wp\/v2\/posts"}],"about":[{"href":"https:\/\/www.europesays.com\/fr\/wp-json\/wp\/v2\/types\/post"}],"author":[{"embeddable":true,"href":"https:\/\/www.europesays.com\/fr\/wp-json\/wp\/v2\/users\/2"}],"replies":[{"embeddable":true,"href":"https:\/\/www.europesays.com\/fr\/wp-json\/wp\/v2\/comments?post=551411"}],"version-history":[{"count":0,"href":"https:\/\/www.europesays.com\/fr\/wp-json\/wp\/v2\/posts\/551411\/revisions"}],"wp:featuredmedia":[{"embeddable":true,"href":"https:\/\/www.europesays.com\/fr\/wp-json\/wp\/v2\/media\/551412"}],"wp:attachment":[{"href":"https:\/\/www.europesays.com\/fr\/wp-json\/wp\/v2\/media?parent=551411"}],"wp:term":[{"taxonomy":"category","embeddable":true,"href":"https:\/\/www.europesays.com\/fr\/wp-json\/wp\/v2\/categories?post=551411"},{"taxonomy":"post_tag","embeddable":true,"href":"https:\/\/www.europesays.com\/fr\/wp-json\/wp\/v2\/tags?post=551411"}],"curies":[{"name":"wp","href":"https:\/\/api.w.org\/{rel}","templated":true}]}}