{"id":551415,"date":"2025-11-22T13:45:21","date_gmt":"2025-11-22T13:45:21","guid":{"rendered":"https:\/\/www.europesays.com\/fr\/551415\/"},"modified":"2025-11-22T13:45:21","modified_gmt":"2025-11-22T13:45:21","slug":"football-americain-une-nouvelle-equipe-dentraineurs-chezles-leopards-de-rouen","status":"publish","type":"post","link":"https:\/\/www.europesays.com\/fr\/551415\/","title":{"rendered":"Football am\u00e9ricain. Une nouvelle \u00e9quipe d&rsquo;entra\u00eeneurs\u00a0chezles L\u00e9opards de Rouen"},"content":{"rendered":"<p melodystyle=\"texte\"><a href=\"https:\/\/www.tendanceouest.com\/actualite-58093-passionne-par-le-ballon-ovale-made-in-usa\" target=\"_blank\" rel=\"nofollow noopener\">Les L\u00e9opards de Rouen<\/a>, pensionnaires du championnat \u00e9lite (D1), le plus haut niveau du football am\u00e9ricain fran\u00e7ais, entament leur pr\u00e9paration pour la<a href=\"https:\/\/www.tendanceouest.com\/actualite-432922-podcast-le-debrief-100-hac-recoit-le-milieu-rassoul-ndiaye-je-sens-qu-on-compte-sur-moi\" target=\"_blank\" rel=\"nofollow noopener\"> saison 2026 <\/a>sous le signe du changement. Apr\u00e8s une saison 2025 jug\u00e9e \u00ab\u00a0compliqu\u00e9e\u00a0\u00bb et marqu\u00e9e par le d\u00e9part de l&rsquo;ancien entra\u00eeneur Pierre Miellot, le directeur du club, Edouard Bovin, a mis\u00e9 sur une nouvelle\u00a0\u00e9quipe dynamique, rassembl\u00e9e autour d&rsquo;une m\u00eame id\u00e9e\u00a0: \u00ab\u00a0La progression et la performance collective.\u00a0\u00bb<\/p>\n<p>Un entra\u00eeneur en chef <br \/>au parcours international<\/p>\n<p melodystyle=\"texte\">A la t\u00eate du staff, Ulysse Mass\u00e9, 26 ans. Il prend les r\u00eanes de l&rsquo;\u00e9quipe en tant que \u00ab\u00a0head coach\u00a0\u00bb (entra\u00eeneur en chef). Originaire de Bordeaux, il a rapidement d\u00e9laiss\u00e9 sa carri\u00e8re de joueur, apr\u00e8s un bref passage en deuxi\u00e8me division chez les Lions de Bordeaux, pour se focaliser sur le coaching. \u00ab\u00a0J&rsquo;ai toujours voulu \u00eatre entra\u00eeneur\u00a0\u00bb, confie-t-il. Form\u00e9 notamment aux Lions de Bordeaux et chez les Pirates du p\u00f4le espoir dans la m\u00eame ville, il\u00a0continue sa\u00a0carri\u00e8re en tant que coach, ce qui lui a ouvert des portes en Equipe de France mais aussi \u00e0 l&rsquo;international, comme au Canada ou en Suisse. \u00ab\u00a0Ces exp\u00e9riences m&rsquo;ont permis\u00a0d&rsquo;\u00e9toffer mon bagage et, finalement, de devenir entra\u00eeneur en chef ici \u00e0 Rouen\u00a0\u00bb, ajoute-t-il. Arriv\u00e9 d\u00e9but septembre, Ulysse Mass\u00e9 a d\u00fb rapidement prendre ses marques et s&rsquo;int\u00e9grer \u00e0 l&rsquo;\u00e9quipe, depuis les enfants du club jusqu&rsquo;aux joueurs les plus exp\u00e9riment\u00e9s qui ont entre 19 et 36 ans. \u00ab\u00a0La plupart ont compris que j&rsquo;\u00e9tais l\u00e0 pour la m\u00eame chose qu&rsquo;eux, c&rsquo;est-\u00e0-dire faire avancer le club,\u00a0\u00bb explique-t-il, ajoutant qu&rsquo;il obtient le respect \u00ab\u00a0gr\u00e2ce \u00e0 son travail au quotidien\u00a0\u00bb.\u00a0Son objectif est clair pour la saison\u00a0: \u00ab\u00a0Se positionner au mieux dans le championnat\u00a0\u00bb, tout en apportant sa pierre \u00e0 l&rsquo;\u00e9difice dans la professionnalisation progressive du club.<\/p>\n<p melodystyle=\"texte\"><a href=\"https:\/\/leopardsrouen.fr\/\" target=\"_blank\" rel=\"nofollow noopener\">Aux c\u00f4t\u00e9s d&rsquo;Ulysse\u00a0Mass\u00e9, le staff technique <\/a>est un m\u00e9lange d&rsquo;anciens joueurs\u00a0du club et d&rsquo;experts aguerris, unis par une philosophie commune du sport\u00a0: <a href=\"https:\/\/www.tendanceouest.com\/actualite-433506-rouen-a-15-ans-elle-impressionne-deja-nina-guo-zheng-nouvelle-star-du-tennis-de-table\" target=\"_blank\" rel=\"nofollow noopener\">\u00ab\u00a0la performance collective\u00a0\u00bb<\/a>, affirme l&rsquo;entra\u00eeneur en chef. Parmi eux, Faiz Yacoubo, coordinateur d\u00e9fensif, figure de longue date\u00a0mais aussi de nouveaux entra\u00eeneurs\u00a0: Etienne Rossignol, coordinateur offensif, Nicolas Cremer pour perfectionner l&rsquo;attaque des receveurs, et\u00a0Vincent Buffet\u00a0qui apportera sa connaissance de la ligne d\u00e9fensive. La saison des L\u00e9opards commence\u00a0le\u00a07\u00a0f\u00e9vrier 2026\u00a0avec un d\u00e9placement \u00e0 La Courneuve pour affronter les Flash, sans rencontre de pr\u00e9saison pr\u00e9vue. D&rsquo;ici l\u00e0, le nouveau staff a pour mission de forger une \u00e9quipe pr\u00eate \u00e0 rugir dans l&rsquo;Elite.<\/p>\n","protected":false},"excerpt":{"rendered":"Les L\u00e9opards de Rouen, pensionnaires du championnat \u00e9lite (D1), le plus haut niveau du football am\u00e9ricain fran\u00e7ais, entament&hellip;\n","protected":false},"author":2,"featured_media":551416,"comment_status":"","ping_status":"","sticky":false,"template":"","format":"standard","meta":{"footnotes":""},"categories":[9587],"tags":[1111,11,1777,674,1011,27,12,5161,25,9590],"class_list":{"0":"post-551415","1":"post","2":"type-post","3":"status-publish","4":"format-standard","5":"has-post-thumbnail","7":"category-rouen","8":"tag-actu","9":"tag-actualites","10":"tag-eu","11":"tag-europe","12":"tag-fr","13":"tag-france","14":"tag-news","15":"tag-normandie","16":"tag-republique-francaise","17":"tag-rouen"},"share_on_mastodon":{"url":"https:\/\/pubeurope.com\/@fr\/115593656629866714","error":""},"_links":{"self":[{"href":"https:\/\/www.europesays.com\/fr\/wp-json\/wp\/v2\/posts\/551415","targetHints":{"allow":["GET"]}}],"collection":[{"href":"https:\/\/www.europesays.com\/fr\/wp-json\/wp\/v2\/posts"}],"about":[{"href":"https:\/\/www.europesays.com\/fr\/wp-json\/wp\/v2\/types\/post"}],"author":[{"embeddable":true,"href":"https:\/\/www.europesays.com\/fr\/wp-json\/wp\/v2\/users\/2"}],"replies":[{"embeddable":true,"href":"https:\/\/www.europesays.com\/fr\/wp-json\/wp\/v2\/comments?post=551415"}],"version-history":[{"count":0,"href":"https:\/\/www.europesays.com\/fr\/wp-json\/wp\/v2\/posts\/551415\/revisions"}],"wp:featuredmedia":[{"embeddable":true,"href":"https:\/\/www.europesays.com\/fr\/wp-json\/wp\/v2\/media\/551416"}],"wp:attachment":[{"href":"https:\/\/www.europesays.com\/fr\/wp-json\/wp\/v2\/media?parent=551415"}],"wp:term":[{"taxonomy":"category","embeddable":true,"href":"https:\/\/www.europesays.com\/fr\/wp-json\/wp\/v2\/categories?post=551415"},{"taxonomy":"post_tag","embeddable":true,"href":"https:\/\/www.europesays.com\/fr\/wp-json\/wp\/v2\/tags?post=551415"}],"curies":[{"name":"wp","href":"https:\/\/api.w.org\/{rel}","templated":true}]}}