{"id":551419,"date":"2025-11-22T13:48:17","date_gmt":"2025-11-22T13:48:17","guid":{"rendered":"https:\/\/www.europesays.com\/fr\/551419\/"},"modified":"2025-11-22T13:48:17","modified_gmt":"2025-11-22T13:48:17","slug":"epopees-graphiques-grenoble-devient-la-capitale-de-la-bd","status":"publish","type":"post","link":"https:\/\/www.europesays.com\/fr\/551419\/","title":{"rendered":"\u00ab \u00c9pop\u00e9es graphiques \u00bb : Grenoble devient la capitale de la BD !"},"content":{"rendered":"<p class=\"text-align-justify\">L\u2019exposition \u00ab \u00c9pop\u00e9es graphiques \u00bb du Mus\u00e9e de Grenoble est ouverte ! Et c\u2019est bouillonnant !<\/p>\n<p class=\"text-align-justify\">Les \u00e9quipes de la ville et du Mus\u00e9e assurent et nos \u00e9quipes du Fonds de Landerneau ont pris beaucoup de plaisir \u00e0 travailler \u00e0 cette exposition qui s\u2019annonce historique !<\/p>\n<p class=\"text-align-justify\">On vous attend nombreux pour d\u00e9couvrir plus de 400 planches et \u00e0 travers elles, l\u2019univers de pas moins de 200 artistes. Le meilleur de la BD en Europe, mais aussi d\u2019ailleurs avec les comics et les mangas ! De Spirou, en passant par Meurisse, Bilal, Druillet, Mattotti, Rochette jusqu\u2019\u00e0 Tezuka pour n\u2019en citer que quelques-un(e)s !!<\/p>\n<p class=\"text-align-justify\">Laissez vous emporter par le regard de Lucas Hureau qui assure le commissariat de l\u2019exposition et apporte un regard expert sur 100 ans de bd avec des choix \u00e0 la fois hyper populaires et aiguis\u00e9s dans ma collection, au plus pr\u00e8s des attentes des publics grenoblois.<\/p>\n<p class=\"text-align-justify\">On est fiers avec les Leclerc de la r\u00e9gion, dans le sillage de l\u2019action men\u00e9e avec les Espaces Culturels Leclerc partout en France, de faire sortir la BD de sa case et la faire entrer au mus\u00e9e par la grande porte !<\/p>\n<p class=\"text-align-justify\">Tout Grenoble devient capitale du 9eme art avec cette exposition et celle de Mickey chez Gl\u00e9nat ! Il neige dehors, courez vous r\u00e9chauffer dans les mus\u00e9es de la ville !<\/p>\n","protected":false},"excerpt":{"rendered":"L\u2019exposition \u00ab \u00c9pop\u00e9es graphiques \u00bb du Mus\u00e9e de Grenoble est ouverte ! Et c\u2019est bouillonnant ! Les \u00e9quipes&hellip;\n","protected":false},"author":2,"featured_media":551420,"comment_status":"","ping_status":"","sticky":false,"template":"","format":"standard","meta":{"footnotes":""},"categories":[9566],"tags":[1111,11,2430,9993,66877,1777,674,3293,1011,27,2731,12,25],"class_list":{"0":"post-551419","1":"post","2":"type-post","3":"status-publish","4":"format-standard","5":"has-post-thumbnail","7":"category-grenoble","8":"tag-actu","9":"tag-actualites","10":"tag-auvergne-rhone-alpes","11":"tag-bd","12":"tag-epopees-graphiques","13":"tag-eu","14":"tag-europe","15":"tag-exposition","16":"tag-fr","17":"tag-france","18":"tag-grenoble","19":"tag-news","20":"tag-republique-francaise"},"share_on_mastodon":{"url":"https:\/\/pubeurope.com\/@fr\/115593668574718772","error":""},"_links":{"self":[{"href":"https:\/\/www.europesays.com\/fr\/wp-json\/wp\/v2\/posts\/551419","targetHints":{"allow":["GET"]}}],"collection":[{"href":"https:\/\/www.europesays.com\/fr\/wp-json\/wp\/v2\/posts"}],"about":[{"href":"https:\/\/www.europesays.com\/fr\/wp-json\/wp\/v2\/types\/post"}],"author":[{"embeddable":true,"href":"https:\/\/www.europesays.com\/fr\/wp-json\/wp\/v2\/users\/2"}],"replies":[{"embeddable":true,"href":"https:\/\/www.europesays.com\/fr\/wp-json\/wp\/v2\/comments?post=551419"}],"version-history":[{"count":0,"href":"https:\/\/www.europesays.com\/fr\/wp-json\/wp\/v2\/posts\/551419\/revisions"}],"wp:featuredmedia":[{"embeddable":true,"href":"https:\/\/www.europesays.com\/fr\/wp-json\/wp\/v2\/media\/551420"}],"wp:attachment":[{"href":"https:\/\/www.europesays.com\/fr\/wp-json\/wp\/v2\/media?parent=551419"}],"wp:term":[{"taxonomy":"category","embeddable":true,"href":"https:\/\/www.europesays.com\/fr\/wp-json\/wp\/v2\/categories?post=551419"},{"taxonomy":"post_tag","embeddable":true,"href":"https:\/\/www.europesays.com\/fr\/wp-json\/wp\/v2\/tags?post=551419"}],"curies":[{"name":"wp","href":"https:\/\/api.w.org\/{rel}","templated":true}]}}