{"id":551421,"date":"2025-11-22T13:49:12","date_gmt":"2025-11-22T13:49:12","guid":{"rendered":"https:\/\/www.europesays.com\/fr\/551421\/"},"modified":"2025-11-22T13:49:12","modified_gmt":"2025-11-22T13:49:12","slug":"quand-les-agents-lapprennent-par-les-detenus","status":"publish","type":"post","link":"https:\/\/www.europesays.com\/fr\/551421\/","title":{"rendered":"quand les agents l&rsquo;apprennent par les d\u00e9tenus"},"content":{"rendered":"<p>                    Par<br \/>\n        <strong><br \/>\n            <a href=\"https:\/\/actu.fr\/auteur\/brian-legoff\" title=\"Consulter tous les articles de Brian Le Goff\" target=\"_blank\" rel=\"noopener\">Brian Le Goff<\/a><br \/>\n                    <\/strong><\/p>\n<p>        Publi\u00e9 le<\/p>\n<p>            22 nov. 2025 \u00e0 12h19        <\/p>\n<p>Il \u00e9voque un <strong>\u00ab\u00a0scandale sur fond politique\u00a0\u00bb<\/strong>. Le syndicat <a href=\"https:\/\/actu.fr\/tag\/fo\" target=\"_blank\" rel=\"noopener\">Force Ouvri\u00e8re<\/a> Justice au sein du centre p\u00e9nitentiaire de Rennes-Vezin indique, dans un communiqu\u00e9 envoy\u00e9 aux m\u00e9dias dont <a href=\"https:\/\/actu.fr\/rennes\/\" target=\"_blank\" rel=\"noopener\">actu Rennes<\/a>, vendredi 22\u00a0novembre, que \u00ab\u00a0c\u2019est <strong>avec une stupeur totale<\/strong> que les agents de la prison ont appris<strong> par les m\u00e9dias et, pire encore, par les d\u00e9tenus<\/strong> que le <a href=\"https:\/\/actu.fr\/bretagne\/rennes_35238\/evasion-d-un-detenu-au-planetarium-de-rennes-le-directeur-de-la-prison-doit-quitter-ses-fonctions_63467755.html\" target=\"_blank\" rel=\"noopener\">directeur de l\u2019\u00e9tablissement \u00e9tait limog\u00e9<\/a>\u00ab\u00a0.<\/p>\n<p class=\" wall-content\">Cette<strong> d\u00e9cision du ministre de la Justice, G\u00e9rald Darmanin,<\/strong> intervient apr\u00e8s qu\u2019un <a href=\"https:\/\/actu.fr\/bretagne\/rennes_35238\/il-a-echappe-a-la-vigilance-des-encadrants-un-detenu-s-evade-lors-d-une-sortie-au-planetarium-de-rennes_63450738.html\" target=\"_blank\" rel=\"noopener\">homme de 37\u00a0ans s\u2019est \u00e9vad\u00e9 lors d\u2019une sortie au plan\u00e9tarium des Champs Libres \u00e0 Rennes, le 14\u00a0novembre dernier<\/a>.<\/p>\n<blockquote class=\"ac-article-quote wall-content\">\n<p>Pr\u00e8s de 40 ans de carri\u00e8re, une vie enti\u00e8re d\u00e9di\u00e9e \u00e0 l\u2019administration p\u00e9nitentiaire\u2026 et voil\u00e0 le<br \/>\nremerciement ! Face aux difficult\u00e9s rencontr\u00e9es depuis plus d\u2019un an, la d\u00e9cision d\u2019\u00e9carter le directeur rel\u00e8ve davantage d\u2019une man\u0153uvre politique que d\u2019une coh\u00e9rence de gestion.<br \/>\nQue l\u2019on appr\u00e9cie ou non notre directeur, l\u2019avis est unanime : c\u2019est une honte. Depuis ce matin, nous constatons qu\u2019on lui attribue toutes les responsabilit\u00e9s de l\u2019\u00e9vasion\u2026 \u00e0 tort.<\/p>\n<p>    <strong>Syndicat FO Justice de la prison de Rennes-Vezin<\/strong>\n            <\/p><\/blockquote>\n<p>Le directeur avait inform\u00e9 sa hi\u00e9rarchie, selon le syndicat<\/p>\n<p class=\" wall-content\">FO Justice affirme que, \u00ab\u2009contrairement \u00e0 ce que certains laissent entendre, la <strong>Direction interr\u00e9gionale<\/strong> \u00e9tait parfaitement <strong>inform\u00e9e<\/strong> de cette permission de sortie et avait <strong>m\u00eame \u00e9mis un avis favorable\u2009\u00bb<\/strong>.<\/p>\n<p class=\" wall-content\">Toujours selon le syndicat, le d\u00e9tenu \u00e0 pr\u00e9sent \u00e9vad\u00e9 avait demand\u00e9 \u00e0 plusieurs reprises (huit) des permissions de sortie, toutes refus\u00e9es en raison de ses ant\u00e9c\u00e9dents d\u2019\u00e9vasion. \u00ab\u2009Dans ce dossier, la <strong>magistrature via le juge d\u2019application des peines (JAP)<\/strong> a toutefois d\u00e9cid\u00e9, pour le \u00ab\u2009tester\u2009\u00bb, d\u2019<strong>autoriser une permission collective \u00ab\u2009\u00e0 l\u2019essai\u2009\u00bb<\/strong> et a valid\u00e9 sa participation \u00e0 la sortie pour le Plan\u00e9tarium.\u2009\u00bb<\/p>\n<p>Un d\u00e9brayage de soutien au directeur<\/p>\n<p class=\" wall-content\">Le bureau local FO Justice du centre p\u00e9nitentiaire de Rennes-Vezin rappelle que personne n\u2019a inform\u00e9 les agents du limogeage. \u00ab\u2009Personne n\u2019a eu l\u2019intelligence ni le simple r\u00e9flexe d\u2019avertir les agents avant de \u201cbalancer\u201d l\u2019info aux m\u00e9dias. <strong>L\u2019image m\u00e9diatique serait-elle devenue plus importante que le personnel<\/strong> qui fait tourner la prison au quotidien\u2009?\u2009\u00bb<\/p>\n<p>Votre r\u00e9gion, votre actu !<\/p>\n<p>Recevez chaque jour les infos qui comptent pour vous.<\/p>\n<p>\t<a href=\"https:\/\/actu.fr\/newsletter\" class=\"ac-btn ac-btn--corner ac-btn--medium ac-btn--blue800\" target=\"_blank\" rel=\"noopener\">S&rsquo;incrire<\/a><\/p>\n<p class=\" wall-content\">Il apporte tout son soutien au directeur et appelait tous les agents \u00e0 un d\u00e9brayage d\u00e8s <strong>ce samedi matin, \u00e0 6h30, devant l\u2019\u00e9tablissement<\/strong>.<\/p>\n<p class=\" wall-content\">Personnalisez votre actualit\u00e9 en ajoutant vos villes et m\u00e9dias en favori avec <a href=\"https:\/\/moncompte.actu.fr\" title=\"D\u00e9couvez Mon Actu\" rel=\"nofollow noopener\" data-trk=\"{&quot;cta&quot;:{&quot;action&quot;:&quot;https:\\\/\\\/moncompte.actu.fr&quot;,&quot;category&quot;:&quot;mon compte&quot;,&quot;from&quot;:&quot;article footer&quot;,&quot;name&quot;:&quot;Mon actu&quot;,&quot;type&quot;:&quot;cta&quot;}}\" target=\"_blank\">Mon Actu<\/a>.<\/p>\n","protected":false},"excerpt":{"rendered":"Par Brian Le Goff Publi\u00e9 le 22 nov. 2025 \u00e0 12h19 Il \u00e9voque un \u00ab\u00a0scandale sur fond politique\u00a0\u00bb.&hellip;\n","protected":false},"author":2,"featured_media":551422,"comment_status":"","ping_status":"","sticky":false,"template":"","format":"standard","meta":{"footnotes":""},"categories":[2821],"tags":[1111,11,829,1777,674,118,1011,27,432,12,899,584,25,3427],"class_list":{"0":"post-551421","1":"post","2":"type-post","3":"status-publish","4":"format-standard","5":"has-post-thumbnail","7":"category-rennes","8":"tag-actu","9":"tag-actualites","10":"tag-bretagne","11":"tag-eu","12":"tag-europe","13":"tag-faits-divers","14":"tag-fr","15":"tag-france","16":"tag-gerald-darmanin","17":"tag-news","18":"tag-prisons","19":"tag-rennes","20":"tag-republique-francaise","21":"tag-syndicats"},"share_on_mastodon":{"url":"https:\/\/pubeurope.com\/@fr\/115593672441448785","error":""},"_links":{"self":[{"href":"https:\/\/www.europesays.com\/fr\/wp-json\/wp\/v2\/posts\/551421","targetHints":{"allow":["GET"]}}],"collection":[{"href":"https:\/\/www.europesays.com\/fr\/wp-json\/wp\/v2\/posts"}],"about":[{"href":"https:\/\/www.europesays.com\/fr\/wp-json\/wp\/v2\/types\/post"}],"author":[{"embeddable":true,"href":"https:\/\/www.europesays.com\/fr\/wp-json\/wp\/v2\/users\/2"}],"replies":[{"embeddable":true,"href":"https:\/\/www.europesays.com\/fr\/wp-json\/wp\/v2\/comments?post=551421"}],"version-history":[{"count":0,"href":"https:\/\/www.europesays.com\/fr\/wp-json\/wp\/v2\/posts\/551421\/revisions"}],"wp:featuredmedia":[{"embeddable":true,"href":"https:\/\/www.europesays.com\/fr\/wp-json\/wp\/v2\/media\/551422"}],"wp:attachment":[{"href":"https:\/\/www.europesays.com\/fr\/wp-json\/wp\/v2\/media?parent=551421"}],"wp:term":[{"taxonomy":"category","embeddable":true,"href":"https:\/\/www.europesays.com\/fr\/wp-json\/wp\/v2\/categories?post=551421"},{"taxonomy":"post_tag","embeddable":true,"href":"https:\/\/www.europesays.com\/fr\/wp-json\/wp\/v2\/tags?post=551421"}],"curies":[{"name":"wp","href":"https:\/\/api.w.org\/{rel}","templated":true}]}}