{"id":551423,"date":"2025-11-22T13:50:38","date_gmt":"2025-11-22T13:50:38","guid":{"rendered":"https:\/\/www.europesays.com\/fr\/551423\/"},"modified":"2025-11-22T13:50:38","modified_gmt":"2025-11-22T13:50:38","slug":"radio-intensite-le-ccmbm-sincline-face-a-rennes","status":"publish","type":"post","link":"https:\/\/www.europesays.com\/fr\/551423\/","title":{"rendered":"RADIO INTENSITE | Le C&rsquo;CMBM s&rsquo;incline face \u00e0 Rennes"},"content":{"rendered":"\n<p>Jamais deux victoires sans trois, c&rsquo;est ce qu&rsquo;on esp\u00e9rait pour nos basketteurs en Nationale 1. Pourtant l&rsquo;\u00e9quipe chartraine s&rsquo;est inclin\u00e9e 83-71 face \u00e0 Rennes hier soir.\u00a0Les joueurs de Guillaume Le Pape \u00e9taient pourtant dans une bonne dynamique avec deux victoires cons\u00e9cutives, d&rsquo;abord contre Vitr\u00e9 puis face \u00e0 Lorient. Esp\u00e9rons une victoire pour la prochaine rencontre, pr\u00e9vue le 5 d\u00e9cembre prochain face \u00e0 Foug\u00e8res, sur le parquet du Colis\u00e9e.\u00a0<\/p>\n","protected":false},"excerpt":{"rendered":"Jamais deux victoires sans trois, c&rsquo;est ce qu&rsquo;on esp\u00e9rait pour nos basketteurs en Nationale 1. Pourtant l&rsquo;\u00e9quipe chartraine&hellip;\n","protected":false},"author":2,"featured_media":551424,"comment_status":"","ping_status":"","sticky":false,"template":"","format":"standard","meta":{"footnotes":""},"categories":[2821],"tags":[1111,11,1464,829,66878,3233,1777,674,12854,1011,27,12,584,25],"class_list":{"0":"post-551423","1":"post","2":"type-post","3":"status-publish","4":"format-standard","5":"has-post-thumbnail","7":"category-rennes","8":"tag-actu","9":"tag-actualites","10":"tag-basketball","11":"tag-bretagne","12":"tag-ccmbm","13":"tag-championnat","14":"tag-eu","15":"tag-europe","16":"tag-fougeres","17":"tag-fr","18":"tag-france","19":"tag-news","20":"tag-rennes","21":"tag-republique-francaise"},"share_on_mastodon":{"url":"https:\/\/pubeurope.com\/@fr\/115593676297028730","error":""},"_links":{"self":[{"href":"https:\/\/www.europesays.com\/fr\/wp-json\/wp\/v2\/posts\/551423","targetHints":{"allow":["GET"]}}],"collection":[{"href":"https:\/\/www.europesays.com\/fr\/wp-json\/wp\/v2\/posts"}],"about":[{"href":"https:\/\/www.europesays.com\/fr\/wp-json\/wp\/v2\/types\/post"}],"author":[{"embeddable":true,"href":"https:\/\/www.europesays.com\/fr\/wp-json\/wp\/v2\/users\/2"}],"replies":[{"embeddable":true,"href":"https:\/\/www.europesays.com\/fr\/wp-json\/wp\/v2\/comments?post=551423"}],"version-history":[{"count":0,"href":"https:\/\/www.europesays.com\/fr\/wp-json\/wp\/v2\/posts\/551423\/revisions"}],"wp:featuredmedia":[{"embeddable":true,"href":"https:\/\/www.europesays.com\/fr\/wp-json\/wp\/v2\/media\/551424"}],"wp:attachment":[{"href":"https:\/\/www.europesays.com\/fr\/wp-json\/wp\/v2\/media?parent=551423"}],"wp:term":[{"taxonomy":"category","embeddable":true,"href":"https:\/\/www.europesays.com\/fr\/wp-json\/wp\/v2\/categories?post=551423"},{"taxonomy":"post_tag","embeddable":true,"href":"https:\/\/www.europesays.com\/fr\/wp-json\/wp\/v2\/tags?post=551423"}],"curies":[{"name":"wp","href":"https:\/\/api.w.org\/{rel}","templated":true}]}}