{"id":551425,"date":"2025-11-22T13:52:26","date_gmt":"2025-11-22T13:52:26","guid":{"rendered":"https:\/\/www.europesays.com\/fr\/551425\/"},"modified":"2025-11-22T13:52:26","modified_gmt":"2025-11-22T13:52:26","slug":"le-cri-dalarme-de-caritas-alsace","status":"publish","type":"post","link":"https:\/\/www.europesays.com\/fr\/551425\/","title":{"rendered":"le cri d\u2019alarme de Caritas Alsace"},"content":{"rendered":"<p>Avec pr\u00e8s de 50 % de b\u00e9n\u00e9ficiaires en plus en un an, l\u2019association Caritas Alsace, partenaire du r\u00e9seau <a href=\"https:\/\/www.secours-catholique.org\/\" target=\"_blank\" rel=\"noopener\">Secours catholique<\/a> , a appel\u00e9 ce vendredi 21 novembre \u00e0 la responsabilit\u00e9 collective vis-\u00e0-vis d\u2019une pr\u00e9carit\u00e9 en constante augmentation.<\/p>\n<p>Financ\u00e9e \u00e0 80 % par des dons priv\u00e9s, Caritas Alsace a accompagn\u00e9 35 000 personnes en 2024. Parmi elles, beaucoup de familles (54,6 %) et donc d\u2019enfants (20 000) a soulign\u00e9 son directeur r\u00e9gional Louis-Marie Perrin lors de la pr\u00e9sentation du bilan 2024 de l\u2019association \u00e0 Strasbourg.<\/p>\n<p>Mais ni l\u2019\u00e2ge (7 % des personnes aid\u00e9es par Caritas sont des seniors), ni le travail (14,8 % avaient un emploi) ne mettent \u00e0 l\u2019abri de la pauvret\u00e9 qui touche principalement des femmes (58,5 %).<\/p>\n<p>  \u00ab \u00c9viter que la pauvret\u00e9 ne s\u2019ancre \u00bb<\/p>\n<p>A\u00efcha, aujourd\u2019hui b\u00e9n\u00e9vole \u00e0 Caritas pour \u00ab redonner ce qu\u2019elle a re\u00e7u quand elle en avait besoin \u00bb, a t\u00e9moign\u00e9 de l\u2019importance qu\u2019a eue pour elle et sa famille l\u2019aide inconditionnelle de l\u2019association \u00e0 un moment tr\u00e8s critique de sa vie. \u00ab Je me suis tout de suite sentie \u00e0 la maison \u00bb, a soulign\u00e9 cette m\u00e8re de cinq enfants. Celle qui ne savait ni lire ni \u00e9crire en fran\u00e7ais il y a 15 ans est fi\u00e8re aujourd\u2019hui de voir ses trois a\u00een\u00e9s faire des \u00e9tudes sup\u00e9rieures (gestion, m\u00e9decine, droit) gr\u00e2ce notamment \u00e0 l\u2019aide de Georges, \u00ab paix \u00e0 son \u00e2me \u00bb, b\u00e9n\u00e9vole chez Caritas que ses enfants appelaient \u00ab papi \u00bb.<\/p>\n<p>Pour \u00ab \u00e9viter que la pauvret\u00e9 ne s\u2019ancre \u00bb, Louis-Marie Perrin a plaid\u00e9 pour fournir une aide le plus t\u00f4t possible, notamment aupr\u00e8s des familles, et \u00e0 \u00ab sortir des clich\u00e9s \u00bb. Les chiffres nationaux du Secours catholique sont \u00e0 ce titre \u00e9loquents. Parmi les 1,12 million de personnes suivies par l\u2019association en 2024, 38 % de ceux qui pourraient avoir le RSA ne le demandent pas et 23 % de ceux qui auraient droit aux allocations familiales ne les ont jamais r\u00e9clam\u00e9es.<\/p>\n<p>La complexit\u00e9 et la d\u00e9mat\u00e9rialisation des d\u00e9marches administratives, l\u2019absence de contact humain font \u00e0 pr\u00e9sent partie des causes de pr\u00e9carisation des plus d\u00e9munis observent les b\u00e9n\u00e9voles de Caritas.<\/p>\n","protected":false},"excerpt":{"rendered":"Avec pr\u00e8s de 50 % de b\u00e9n\u00e9ficiaires en plus en un an, l\u2019association Caritas Alsace, partenaire du r\u00e9seau&hellip;\n","protected":false},"author":2,"featured_media":551426,"comment_status":"","ping_status":"","sticky":false,"template":"","format":"standard","meta":{"footnotes":""},"categories":[2820],"tags":[1111,11,2878,1777,674,1011,27,775,12,25,640],"class_list":{"0":"post-551425","1":"post","2":"type-post","3":"status-publish","4":"format-standard","5":"has-post-thumbnail","7":"category-strasbourg","8":"tag-actu","9":"tag-actualites","10":"tag-encadre","11":"tag-eu","12":"tag-europe","13":"tag-fr","14":"tag-france","15":"tag-grand-est","16":"tag-news","17":"tag-republique-francaise","18":"tag-strasbourg"},"share_on_mastodon":{"url":"https:\/\/pubeurope.com\/@fr\/115593684235211686","error":""},"_links":{"self":[{"href":"https:\/\/www.europesays.com\/fr\/wp-json\/wp\/v2\/posts\/551425","targetHints":{"allow":["GET"]}}],"collection":[{"href":"https:\/\/www.europesays.com\/fr\/wp-json\/wp\/v2\/posts"}],"about":[{"href":"https:\/\/www.europesays.com\/fr\/wp-json\/wp\/v2\/types\/post"}],"author":[{"embeddable":true,"href":"https:\/\/www.europesays.com\/fr\/wp-json\/wp\/v2\/users\/2"}],"replies":[{"embeddable":true,"href":"https:\/\/www.europesays.com\/fr\/wp-json\/wp\/v2\/comments?post=551425"}],"version-history":[{"count":0,"href":"https:\/\/www.europesays.com\/fr\/wp-json\/wp\/v2\/posts\/551425\/revisions"}],"wp:featuredmedia":[{"embeddable":true,"href":"https:\/\/www.europesays.com\/fr\/wp-json\/wp\/v2\/media\/551426"}],"wp:attachment":[{"href":"https:\/\/www.europesays.com\/fr\/wp-json\/wp\/v2\/media?parent=551425"}],"wp:term":[{"taxonomy":"category","embeddable":true,"href":"https:\/\/www.europesays.com\/fr\/wp-json\/wp\/v2\/categories?post=551425"},{"taxonomy":"post_tag","embeddable":true,"href":"https:\/\/www.europesays.com\/fr\/wp-json\/wp\/v2\/tags?post=551425"}],"curies":[{"name":"wp","href":"https:\/\/api.w.org\/{rel}","templated":true}]}}