{"id":551428,"date":"2025-11-22T13:54:11","date_gmt":"2025-11-22T13:54:11","guid":{"rendered":"https:\/\/www.europesays.com\/fr\/551428\/"},"modified":"2025-11-22T13:54:11","modified_gmt":"2025-11-22T13:54:11","slug":"cest-stupide-fustige-une-association","status":"publish","type":"post","link":"https:\/\/www.europesays.com\/fr\/551428\/","title":{"rendered":"\u00ab\u00a0C&rsquo;est stupide\u00a0\u00bb, fustige une association"},"content":{"rendered":"<p>                    Par<br \/>\n        <strong><br \/>\n            <a href=\"https:\/\/actu.fr\/auteur\/ugo-maillard\" title=\"Consulter tous les articles de Ugo Maillard\" rel=\"nofollow noopener\" target=\"_blank\">Ugo Maillard<\/a><br \/>\n                    <\/strong><\/p>\n<p>        Publi\u00e9 le<\/p>\n<p>            22 nov. 2025 \u00e0 14h37        <\/p>\n<p>Une modification radicale avec son lot de m\u00e9contentements. Suite \u00e0 la d\u00e9cision du tribunal de Marseille rendu le 14 novembre 2025, la Ville de Nice (<a href=\"https:\/\/actu.fr\/provence-alpes-cote-d-azur\/alpes-maritimes_06\" rel=\"nofollow noopener\" target=\"_blank\">Alpes-Maritimes<\/a>) s\u2019est vu dans l\u2019obligation de <strong>r\u00e9tablir le double sens<\/strong> sur l\u2019axe reliant le quai Lunel au quai des \u00c9tats-Unis. Indiquant \u00ab\u00a0prendre acte de cette d\u00e9cision\u00a0\u00bb, Christian Estrosi, a annonc\u00e9 que les travaux n\u00e9cessaires \u00e0 ces nouveaux am\u00e9nagements <a href=\"https:\/\/actu.fr\/provence-alpes-cote-d-azur\/nice_06088\/nice-retour-du-double-sens-sur-rauba-capeu-la-date-du-debut-des-travaux-connue_63467110.html\" rel=\"nofollow noopener\" target=\"_blank\">d\u00e9buteront le lundi 24 novembre<\/a> 2025.\u00a0<\/p>\n<p class=\" wall-content\">Les d\u00e9tails exacts de la <strong>nouvelle r\u00e9partition modale<\/strong> de Rauba Capeu ont \u00e9t\u00e9 communiqu\u00e9s par le maire de <a href=\"https:\/\/actu.fr\/nice\/\" rel=\"nofollow noopener\" target=\"_blank\">Nice<\/a> qui a inform\u00e9 du \u00ab\u00a0r\u00e9tablissement de la configuration ant\u00e9rieure \u00e0 2019\u00a0\u00bb.<\/p>\n<p class=\" wall-content\">Pour l\u2019association Nice \u00e0 V\u00e9lo, il s\u2019agit \u00ab\u00a0d\u2019un recul regrettable\u00a0\u00bb.<\/p>\n<p>\u00ab\u00a0Un recul\u00a0\u00bb<\/p>\n<p class=\" wall-content\">En l\u2019espace d\u2019une dizaine de jours, le r\u00e9tablissement du double sens sera effectif sur la pointe de Rauba Capeu. Une d\u00e9cision de justice qui agace l\u2019association de d\u00e9fense des cyclistes, Nice \u00e0 V\u00e9lo.\u00a0<\/p>\n<p class=\" wall-content\">\u00ab\u00a0C\u2019est un recul. Quand on voit la largeur du trottoir que les pi\u00e9tons et les cyclistes vont devoir se partager, c\u2019est stupide\u00a0\u00bb, tance Daniele Sotile, porte-parole de l\u2019association.<\/p>\n<p class=\" wall-content\">Concr\u00e8tement,<strong> la piste cyclable va \u00eatre supprim\u00e9e<\/strong> sur le quai des \u00c9tats-Unis pour laisser place \u00e0 trois voies automobiles. Du c\u00f4t\u00e9 du quai Lunel, la piste cyclable sera \u00e9galement supprim\u00e9e au profit de deux voies pour les voitures.<\/p>\n<p class=\" wall-content\">La piste cyclable va \u00eatre transf\u00e9r\u00e9e sur le trottoir qui sera, par cons\u00e9quent, divis\u00e9 en deux.<\/p>\n<p>Votre r\u00e9gion, votre actu !<\/p>\n<p>Recevez chaque jour les infos qui comptent pour vous.<\/p>\n<p>\t<a href=\"https:\/\/actu.fr\/newsletter\" class=\"ac-btn ac-btn--corner ac-btn--medium ac-btn--blue800\" rel=\"nofollow noopener\" target=\"_blank\">S&rsquo;incrire<\/a><\/p>\n<blockquote class=\"ac-article-quote wall-content\">\n<p>On a une certaine lassitude de voir que les choses qui fonctionnent ne sont pas conserv\u00e9es. Le risque d&rsquo;accident, avec un espace m\u00e9lang\u00e9 avec tout le monde, va largement \u00eatre augment\u00e9.\n<\/p>\n<p>    <strong>Daniele Sotile<\/strong><br \/>\n        Nice \u00e0 V\u00e9lo    <\/p><\/blockquote>\n<p>Des demandes formul\u00e9es \u00e0 la mairie<\/p>\n<p class=\" wall-content\">Si la d\u00e9cision de r\u00e9tablir le double sens est impos\u00e9e aux services de la mairie de Nice, les associations ont tout de m\u00eame formul\u00e9 des v\u0153ux. \u00ab\u00a0Il va falloir d\u00e9placer les bancs et les poubelles\u00a0\u00bb, appuie Daniele.<\/p>\n<blockquote class=\"ac-article-quote wall-content\">\n<p>Le pire dans tout \u00e7a, c&rsquo;est que je suis certain que cela ne fluidifiera pas le trafic automobile dans le centre-ville.<\/p>\n<p>    <strong>Daniele<\/strong>\n            <\/p><\/blockquote>\n<p class=\" wall-content\">\u00ab\u00a0Nous avons demand\u00e9 \u00e0 mettre des petits poteaux, en plus de la ligne blanche pr\u00e9vue, pour d\u00e9limiter la piste cyclable et la voie pi\u00e9tonne.\u00a0\u00bb<\/p>\n<p class=\" wall-content\">Interrog\u00e9 quant \u00e0 une \u00e9ventuelle action en justice, le porte-parole de l\u2019association Nice \u00e0 V\u00e9lo fait part de sa r\u00e9signation et redoute que ce \u00ab\u00a0retour en arri\u00e8re\u00a0\u00bb soit d\u00e9finit.<\/p>\n<p class=\" wall-content\">Personnalisez votre actualit\u00e9 en ajoutant vos villes et m\u00e9dias en favori avec <a href=\"https:\/\/moncompte.actu.fr\" title=\"D\u00e9couvez Mon Actu\" rel=\"nofollow noopener\" data-trk=\"{&quot;cta&quot;:{&quot;action&quot;:&quot;https:\\\/\\\/moncompte.actu.fr&quot;,&quot;category&quot;:&quot;mon compte&quot;,&quot;from&quot;:&quot;article footer&quot;,&quot;name&quot;:&quot;Mon actu&quot;,&quot;type&quot;:&quot;cta&quot;}}\" target=\"_blank\">Mon Actu<\/a>.<\/p>\n","protected":false},"excerpt":{"rendered":"Par Ugo Maillard Publi\u00e9 le 22 nov. 2025 \u00e0 14h37 Une modification radicale avec son lot de m\u00e9contentements.&hellip;\n","protected":false},"author":2,"featured_media":551429,"comment_status":"","ping_status":"","sticky":false,"template":"","format":"standard","meta":{"footnotes":""},"categories":[2819],"tags":[1111,11,3542,1777,674,1011,27,12,2401,882,25,104,208],"class_list":{"0":"post-551428","1":"post","2":"type-post","3":"status-publish","4":"format-standard","5":"has-post-thumbnail","7":"category-nice","8":"tag-actu","9":"tag-actualites","10":"tag-circulation","11":"tag-eu","12":"tag-europe","13":"tag-fr","14":"tag-france","15":"tag-news","16":"tag-nice","17":"tag-provence-alpes-cote-dazur","18":"tag-republique-francaise","19":"tag-societe","20":"tag-velo"},"share_on_mastodon":{"url":"https:\/\/pubeurope.com\/@fr\/115593692107282193","error":""},"_links":{"self":[{"href":"https:\/\/www.europesays.com\/fr\/wp-json\/wp\/v2\/posts\/551428","targetHints":{"allow":["GET"]}}],"collection":[{"href":"https:\/\/www.europesays.com\/fr\/wp-json\/wp\/v2\/posts"}],"about":[{"href":"https:\/\/www.europesays.com\/fr\/wp-json\/wp\/v2\/types\/post"}],"author":[{"embeddable":true,"href":"https:\/\/www.europesays.com\/fr\/wp-json\/wp\/v2\/users\/2"}],"replies":[{"embeddable":true,"href":"https:\/\/www.europesays.com\/fr\/wp-json\/wp\/v2\/comments?post=551428"}],"version-history":[{"count":0,"href":"https:\/\/www.europesays.com\/fr\/wp-json\/wp\/v2\/posts\/551428\/revisions"}],"wp:featuredmedia":[{"embeddable":true,"href":"https:\/\/www.europesays.com\/fr\/wp-json\/wp\/v2\/media\/551429"}],"wp:attachment":[{"href":"https:\/\/www.europesays.com\/fr\/wp-json\/wp\/v2\/media?parent=551428"}],"wp:term":[{"taxonomy":"category","embeddable":true,"href":"https:\/\/www.europesays.com\/fr\/wp-json\/wp\/v2\/categories?post=551428"},{"taxonomy":"post_tag","embeddable":true,"href":"https:\/\/www.europesays.com\/fr\/wp-json\/wp\/v2\/tags?post=551428"}],"curies":[{"name":"wp","href":"https:\/\/api.w.org\/{rel}","templated":true}]}}