{"id":551430,"date":"2025-11-22T13:55:15","date_gmt":"2025-11-22T13:55:15","guid":{"rendered":"https:\/\/www.europesays.com\/fr\/551430\/"},"modified":"2025-11-22T13:55:15","modified_gmt":"2025-11-22T13:55:15","slug":"traiter-les-signalements-en-temps-reel-nice-compte-sur-le-smartphone-pour-combattre-les-incivilites-et-gagner-en-securite","status":"publish","type":"post","link":"https:\/\/www.europesays.com\/fr\/551430\/","title":{"rendered":"Traiter les signalements en temps r\u00e9el\u2026 Nice compte sur le smartphone pour combattre les incivilit\u00e9s et gagner en s\u00e9curit\u00e9"},"content":{"rendered":"<p class=\"paragraph text_align_left lp-f-body-02\">\u00ab Moi je l\u2019ai utilis\u00e9e pour signaler un trou dangereux sur un trottoir et \u00e7a a \u00e9t\u00e9 r\u00e9gl\u00e9 rapidement \u00bb. D\u2019autres ont pianot\u00e9 sur leur t\u00e9l\u00e9phone pour un d\u00e9p\u00f4t sauvage d\u2019immondices au pied de leur immeuble ou un lampadaire en panne\u2026 Depuis sa mise en place en 2010, les utilisateurs de l\u2019application \u00ab Allo Mairie \u00bb se sont multipli\u00e9s \u00e0 Nice. Cette semaine, la commune va plus loin avec sa derni\u00e8re trouvaille en mati\u00e8re de s\u00e9curit\u00e9 et d\u2019incivilit\u00e9s en y ajoutant un espace num\u00e9rique directement connect\u00e9 \u00e0 la police municipale.<\/p>\n<p class=\"paragraph text_align_left lp-f-body-02\">\u00ab C\u2019est l\u2019outil le plus moderne de toutes les villes de France \u00bb, n\u2019a pas h\u00e9sit\u00e9 pas vanter le maire Christian Estrosi (Horizons), jamais avare de superlatifs, lors de la pr\u00e9sentation du dispositif, ce jeudi, devant des repr\u00e9sentants de comit\u00e9 de quartier plut\u00f4t acquis \u00e0 sa cause.<\/p>\n<p class=\"paragraph text_align_left lp-f-body-02\">Concr\u00e8tement, en cliquant sur l\u2019ic\u00f4ne \u00ab Allo PM \u00bb, l\u2019utilisateur acc\u00e8de tr\u00e8s facilement et intuitivement aux num\u00e9ros utiles pour signaler une personne disparue, d\u00e9noncer un trafic de stup\u00e9fiants ou \u00eatre contact\u00e9 par l\u2019aide aux victimes. C\u2019est presque classique.<\/p>\n<p>Une r\u00e9ponse dans les 48 heures au maximum<\/p>\n<p class=\"paragraph text_align_left lp-f-body-02\">Mais l\u2019application offre surtout la possibilit\u00e9 d\u2019effectuer des signalements li\u00e9s, par exemple, \u00e0 des squats, du bruit, des nuisances de commerce ou des rod\u00e9os. Plusieurs rubriques, d\u2019un petit inventaire de nuisances \u00e0 la Pr\u00e9vert, sont propos\u00e9es (les abus de trottinettes y figurent !) ainsi que des champs pour rajouter des photos, le lieu du m\u00e9fait automatiquement g\u00e9olocalis\u00e9, les coordonn\u00e9es du requ\u00e9rant et l\u2019affaire est dans le sac.<\/p>\n<p class=\"paragraph text_align_left lp-f-body-02\">De l\u2019autre c\u00f4t\u00e9 de la ligne, quatre agents sont mobilis\u00e9s en permanence afin de traiter toutes les remont\u00e9es en temps r\u00e9el et \u00ab y r\u00e9pondre dans les 48 heures maximum \u00bb, promet l\u2019\u00e9lu. Et si l\u2019infraction est en cours, \u00ab un des 40 \u00e9quipages quotidiens sera directement envoy\u00e9 sur place \u00bb.<\/p>\n<p class=\"paragraph text_align_left lp-f-body-02\">Avec cette application d\u00e9velopp\u00e9e en interne, l\u2019objectif est de gagner du temps et d\u2019aller droit au but. Car, jusqu\u2019\u00e0 pr\u00e9sent, toutes les informations s\u00e9curitaires n\u2019arrivaient pas imm\u00e9diatement au bon destinataire. \u00ab Sur les 45 000 signalements effectu\u00e9s chaque ann\u00e9e par les usagers sur Allo Mairie, 10 000 concernent des questions de s\u00e9curit\u00e9 et d\u2019incivilit\u00e9. (\u2026) L\u00e0 il y aura un traitement rapide, g\u00e9olocalis\u00e9 et orient\u00e9 vers le service comp\u00e9tent \u00bb.<\/p>\n<p class=\"paragraph text_align_left lp-f-body-02\">Cette initiative, annonc\u00e9e en mai et vot\u00e9e au conseil municipal du 1er octobre dernier, s\u2019inscrit dans une longue tradition de dispositifs sur la s\u00e9curit\u00e9. Un th\u00e8me que se disputent ardemment le maire sortant et son <a href=\"https:\/\/www.leparisien.fr\/elections\/municipales\/municipales-eric-ciotti-annonce-sa-candidature-a-la-mairie-de-nice-27-08-2025-IZ4ATI56IBAVFCFXP5X45AZDLY.php\" target=\"_self\" rel=\"noopener\">rival \u00e0 l\u2019\u00e9lection municipale, \u00c9ric Ciotti<\/a> (UDR) partisan d\u2019un renforcement des effectifs sur le terrain.<\/p>\n<p class=\"paragraph text_align_left lp-f-body-02\">Quoi qu\u2019il en soit, \u00ab Allo PM \u00bb vient compl\u00e9ter l\u2019installation progressive de <a href=\"https:\/\/www.leparisien.fr\/alpes-maritimes-06\/nice-deploie-des-kiosques-de-police-municipale-sur-les-lieux-touristiques-29-07-2025-GL4XV5OVJBAPJHSQJAYPX77BOI.php\" target=\"_self\" rel=\"noopener\">postes mobiles de police municipale<\/a>, de boutons d\u2019alerte dans les \u00e9coles, les commerces et bient\u00f4t les copropri\u00e9t\u00e9s, de 311 bornes d\u2019appel d\u2019urgence (nouvelle version des bornes police-secours disparues en France dans les ann\u00e9es 70) ainsi que d\u2019un nouveau num\u00e9ro de la police municipale facile \u00e0 retenir (3606) en place le 1er d\u00e9cembre prochain. C\u2019est le parti pris assum\u00e9 de la municipalit\u00e9 : les yeux et les oreilles des citoyens sont appel\u00e9s \u00e0 la rescousse !<\/p>\n","protected":false},"excerpt":{"rendered":"\u00ab Moi je l\u2019ai utilis\u00e9e pour signaler un trou dangereux sur un trottoir et \u00e7a a \u00e9t\u00e9 r\u00e9gl\u00e9&hellip;\n","protected":false},"author":2,"featured_media":551431,"comment_status":"","ping_status":"","sticky":false,"template":"","format":"standard","meta":{"footnotes":""},"categories":[2819],"tags":[1111,11,6657,459,1777,674,1011,27,12,2401,882,25],"class_list":{"0":"post-551430","1":"post","2":"type-post","3":"status-publish","4":"format-standard","5":"has-post-thumbnail","7":"category-nice","8":"tag-actu","9":"tag-actualites","10":"tag-alpes-maritimes-06","11":"tag-departements-horsidfo","12":"tag-eu","13":"tag-europe","14":"tag-fr","15":"tag-france","16":"tag-news","17":"tag-nice","18":"tag-provence-alpes-cote-dazur","19":"tag-republique-francaise"},"share_on_mastodon":{"url":"https:\/\/pubeurope.com\/@fr\/115593696052325025","error":""},"_links":{"self":[{"href":"https:\/\/www.europesays.com\/fr\/wp-json\/wp\/v2\/posts\/551430","targetHints":{"allow":["GET"]}}],"collection":[{"href":"https:\/\/www.europesays.com\/fr\/wp-json\/wp\/v2\/posts"}],"about":[{"href":"https:\/\/www.europesays.com\/fr\/wp-json\/wp\/v2\/types\/post"}],"author":[{"embeddable":true,"href":"https:\/\/www.europesays.com\/fr\/wp-json\/wp\/v2\/users\/2"}],"replies":[{"embeddable":true,"href":"https:\/\/www.europesays.com\/fr\/wp-json\/wp\/v2\/comments?post=551430"}],"version-history":[{"count":0,"href":"https:\/\/www.europesays.com\/fr\/wp-json\/wp\/v2\/posts\/551430\/revisions"}],"wp:featuredmedia":[{"embeddable":true,"href":"https:\/\/www.europesays.com\/fr\/wp-json\/wp\/v2\/media\/551431"}],"wp:attachment":[{"href":"https:\/\/www.europesays.com\/fr\/wp-json\/wp\/v2\/media?parent=551430"}],"wp:term":[{"taxonomy":"category","embeddable":true,"href":"https:\/\/www.europesays.com\/fr\/wp-json\/wp\/v2\/categories?post=551430"},{"taxonomy":"post_tag","embeddable":true,"href":"https:\/\/www.europesays.com\/fr\/wp-json\/wp\/v2\/tags?post=551430"}],"curies":[{"name":"wp","href":"https:\/\/api.w.org\/{rel}","templated":true}]}}