{"id":551446,"date":"2025-11-22T14:03:16","date_gmt":"2025-11-22T14:03:16","guid":{"rendered":"https:\/\/www.europesays.com\/fr\/551446\/"},"modified":"2025-11-22T14:03:16","modified_gmt":"2025-11-22T14:03:16","slug":"reportages-decouverte-lille-lextravagante","status":"publish","type":"post","link":"https:\/\/www.europesays.com\/fr\/551446\/","title":{"rendered":"Reportages d\u00e9couverte &#8211; Lille l&rsquo;extravagante"},"content":{"rendered":"<p class=\"jsx-4058425199 jsx-2164199691 ExpandableText__Text\">Avec plus d&rsquo;un million d&rsquo;habitants, Lille s&rsquo;est forg\u00e9e une r\u00e9putation de f\u00eatarde \u00e0 la nuit tomb\u00e9e. Du quartier de Wazemmes o\u00f9 s&rsquo;encha\u00eenent les bars, en passant par la Grand-Place et le Vieux-Lille, la ville r\u00e9v\u00e8le toute son excentricit\u00e9. Entre f\u00eates et myst\u00e8res, elle regorge de personnages hauts en couleur. Du coucher du soleil au lever du jour, nous vivrons au rythme de ces oiseaux de nuit lillois.<\/p>\n<p>Lire plusReplier<\/p>\n","protected":false},"excerpt":{"rendered":"Avec plus d&rsquo;un million d&rsquo;habitants, Lille s&rsquo;est forg\u00e9e une r\u00e9putation de f\u00eatarde \u00e0 la nuit tomb\u00e9e. Du quartier&hellip;\n","protected":false},"author":2,"featured_media":551447,"comment_status":"","ping_status":"","sticky":false,"template":"","format":"standard","meta":{"footnotes":""},"categories":[2815],"tags":[1111,11,1777,674,1011,27,42233,811,1307,12,25,133,31059],"class_list":{"0":"post-551446","1":"post","2":"type-post","3":"status-publish","4":"format-standard","5":"has-post-thumbnail","7":"category-lille","8":"tag-actu","9":"tag-actualites","10":"tag-eu","11":"tag-europe","12":"tag-fr","13":"tag-france","14":"tag-grands-reportages","15":"tag-hauts-de-france","16":"tag-lille","17":"tag-news","18":"tag-republique-francaise","19":"tag-video","20":"tag-video-replay-tf1"},"share_on_mastodon":{"url":"https:\/\/pubeurope.com\/@fr\/115593727447910496","error":""},"_links":{"self":[{"href":"https:\/\/www.europesays.com\/fr\/wp-json\/wp\/v2\/posts\/551446","targetHints":{"allow":["GET"]}}],"collection":[{"href":"https:\/\/www.europesays.com\/fr\/wp-json\/wp\/v2\/posts"}],"about":[{"href":"https:\/\/www.europesays.com\/fr\/wp-json\/wp\/v2\/types\/post"}],"author":[{"embeddable":true,"href":"https:\/\/www.europesays.com\/fr\/wp-json\/wp\/v2\/users\/2"}],"replies":[{"embeddable":true,"href":"https:\/\/www.europesays.com\/fr\/wp-json\/wp\/v2\/comments?post=551446"}],"version-history":[{"count":0,"href":"https:\/\/www.europesays.com\/fr\/wp-json\/wp\/v2\/posts\/551446\/revisions"}],"wp:featuredmedia":[{"embeddable":true,"href":"https:\/\/www.europesays.com\/fr\/wp-json\/wp\/v2\/media\/551447"}],"wp:attachment":[{"href":"https:\/\/www.europesays.com\/fr\/wp-json\/wp\/v2\/media?parent=551446"}],"wp:term":[{"taxonomy":"category","embeddable":true,"href":"https:\/\/www.europesays.com\/fr\/wp-json\/wp\/v2\/categories?post=551446"},{"taxonomy":"post_tag","embeddable":true,"href":"https:\/\/www.europesays.com\/fr\/wp-json\/wp\/v2\/tags?post=551446"}],"curies":[{"name":"wp","href":"https:\/\/api.w.org\/{rel}","templated":true}]}}