{"id":551448,"date":"2025-11-22T14:04:11","date_gmt":"2025-11-22T14:04:11","guid":{"rendered":"https:\/\/www.europesays.com\/fr\/551448\/"},"modified":"2025-11-22T14:04:11","modified_gmt":"2025-11-22T14:04:11","slug":"deux-blesses-graves-dans-une-rixe-au-couteau-sur-la-corniche-a-marseille","status":"publish","type":"post","link":"https:\/\/www.europesays.com\/fr\/551448\/","title":{"rendered":"Deux bless\u00e9s graves dans une rixe au couteau sur la Corniche \u00e0 Marseille"},"content":{"rendered":"<p>Une (toute) fin de soir\u00e9e qui a tr\u00e8s mal tourn\u00e9\u00a0? Il est encore trop t\u00f4t pour le dire. Mais c\u2019est en tout cas sur une sc\u00e8ne sanglante que sont intervenues les forces de l\u2019ordre ce samedi matin 22\u00a0novembre, vers 7h30, devant un \u00e9tablissement de la promenade Georges Pompidou, sur la Corniche Kennedy (8e), face \u00e0 la mer.<\/p>\n<p>Une enqu\u00eate a \u00e9t\u00e9 ouverte pour \u00e9claircir les circonstances de la rixe et retrouver les auteurs.<\/p>\n","protected":false},"excerpt":{"rendered":"Une (toute) fin de soir\u00e9e qui a tr\u00e8s mal tourn\u00e9\u00a0? Il est encore trop t\u00f4t pour le dire.&hellip;\n","protected":false},"author":2,"featured_media":551449,"comment_status":"","ping_status":"","sticky":false,"template":"","format":"standard","meta":{"footnotes":""},"categories":[2814],"tags":[17,1111,11,4901,5264,1446,4070,1777,674,274,1011,27,18725,884,12,882,25,5510,96],"class_list":{"0":"post-551448","1":"post","2":"type-post","3":"status-publish","4":"format-standard","5":"has-post-thumbnail","7":"category-marseille","8":"tag-17","9":"tag-actu","10":"tag-actualites","11":"tag-blesses","12":"tag-couteau","13":"tag-dans","14":"tag-deux","15":"tag-eu","16":"tag-europe","17":"tag-faits-divers-justice","18":"tag-fr","19":"tag-france","20":"tag-graves","21":"tag-marseille","22":"tag-news","23":"tag-provence-alpes-cote-dazur","24":"tag-republique-francaise","25":"tag-rixe","26":"tag-une"},"share_on_mastodon":{"url":"https:\/\/pubeurope.com\/@fr\/115593731389859828","error":""},"_links":{"self":[{"href":"https:\/\/www.europesays.com\/fr\/wp-json\/wp\/v2\/posts\/551448","targetHints":{"allow":["GET"]}}],"collection":[{"href":"https:\/\/www.europesays.com\/fr\/wp-json\/wp\/v2\/posts"}],"about":[{"href":"https:\/\/www.europesays.com\/fr\/wp-json\/wp\/v2\/types\/post"}],"author":[{"embeddable":true,"href":"https:\/\/www.europesays.com\/fr\/wp-json\/wp\/v2\/users\/2"}],"replies":[{"embeddable":true,"href":"https:\/\/www.europesays.com\/fr\/wp-json\/wp\/v2\/comments?post=551448"}],"version-history":[{"count":0,"href":"https:\/\/www.europesays.com\/fr\/wp-json\/wp\/v2\/posts\/551448\/revisions"}],"wp:featuredmedia":[{"embeddable":true,"href":"https:\/\/www.europesays.com\/fr\/wp-json\/wp\/v2\/media\/551449"}],"wp:attachment":[{"href":"https:\/\/www.europesays.com\/fr\/wp-json\/wp\/v2\/media?parent=551448"}],"wp:term":[{"taxonomy":"category","embeddable":true,"href":"https:\/\/www.europesays.com\/fr\/wp-json\/wp\/v2\/categories?post=551448"},{"taxonomy":"post_tag","embeddable":true,"href":"https:\/\/www.europesays.com\/fr\/wp-json\/wp\/v2\/tags?post=551448"}],"curies":[{"name":"wp","href":"https:\/\/api.w.org\/{rel}","templated":true}]}}