{"id":551453,"date":"2025-11-22T14:07:23","date_gmt":"2025-11-22T14:07:23","guid":{"rendered":"https:\/\/www.europesays.com\/fr\/551453\/"},"modified":"2025-11-22T14:07:23","modified_gmt":"2025-11-22T14:07:23","slug":"un-adolescent-blesse-au-couteau","status":"publish","type":"post","link":"https:\/\/www.europesays.com\/fr\/551453\/","title":{"rendered":"un adolescent bless\u00e9 au couteau"},"content":{"rendered":"<p>Les secours ont \u00e9t\u00e9 alert\u00e9s vers 8h30 apr\u00e8s qu\u2019une violente altercation a oppos\u00e9 deux fr\u00e8res, \u00e2g\u00e9s de 14 et 15 ans.<\/p>\n<p>Selon les \u00e9l\u00e9ments confirm\u00e9s par le parquet de Villefranche-sur-Sa\u00f4ne \u00e0 nos confr\u00e8res du Progr\u00e8s, la dispute a d\u00e9g\u00e9n\u00e9r\u00e9 jusqu\u2019\u00e0 une agression \u00e0 l\u2019arme blanche. Le plus jeune aurait port\u00e9 plusieurs coups de couteau \u00e0 son a\u00een\u00e9. L\u2019adolescent de 15 ans a \u00e9t\u00e9 touch\u00e9 \u00e0 la t\u00eate et au dos, avec une blessure plus profonde au niveau de la clavicule.<\/p>\n<p>Les gendarmes, les pompiers et le Samu se sont rendus sur place. Un h\u00e9licopt\u00e8re a \u00e9t\u00e9 mobilis\u00e9 pour \u00e9vacuer le bless\u00e9 vers un centre hospitalier adapt\u00e9. Son pronostic vital n\u2019\u00e9tait pas engag\u00e9. Le second fr\u00e8re, \u00e2g\u00e9 de 14 ans, a \u00e9galement \u00e9t\u00e9 transport\u00e9 \u00e0 l\u2019h\u00f4pital.<\/p>\n<p>Le parquet indique qu\u2019une enqu\u00eate est ouverte. Des auditions seront men\u00e9es \u00e0 leur sortie de l\u2019h\u00f4pital afin d\u2019\u00e9claircir pr\u00e9cis\u00e9ment les circonstances de ce face-\u00e0-face familial dramatique.<\/p>\n","protected":false},"excerpt":{"rendered":"Les secours ont \u00e9t\u00e9 alert\u00e9s vers 8h30 apr\u00e8s qu\u2019une violente altercation a oppos\u00e9 deux fr\u00e8res, \u00e2g\u00e9s de 14&hellip;\n","protected":false},"author":2,"featured_media":551454,"comment_status":"","ping_status":"","sticky":false,"template":"","format":"standard","meta":{"footnotes":""},"categories":[1889],"tags":[1111,11,2813,2190,2430,1109,251,1112,2811,1777,674,118,1011,27,1922,1110,1114,2428,2810,12,241,316,25,2812,517,800],"class_list":{"0":"post-551453","1":"post","2":"type-post","3":"status-publish","4":"format-standard","5":"has-post-thumbnail","7":"category-lyon","8":"tag-actu","9":"tag-actualites","10":"tag-article","11":"tag-asvel","12":"tag-auvergne-rhone-alpes","13":"tag-breves","14":"tag-culture","15":"tag-depeches","16":"tag-economique","17":"tag-eu","18":"tag-europe","19":"tag-faits-divers","20":"tag-fr","21":"tag-france","22":"tag-info","23":"tag-informations","24":"tag-infos","25":"tag-lyon","26":"tag-lyonmag","27":"tag-news","28":"tag-ol","29":"tag-politique","30":"tag-republique-francaise","31":"tag-sociale","32":"tag-sport","33":"tag-transports"},"share_on_mastodon":{"url":"https:\/\/pubeurope.com\/@fr\/115593743147168094","error":""},"_links":{"self":[{"href":"https:\/\/www.europesays.com\/fr\/wp-json\/wp\/v2\/posts\/551453","targetHints":{"allow":["GET"]}}],"collection":[{"href":"https:\/\/www.europesays.com\/fr\/wp-json\/wp\/v2\/posts"}],"about":[{"href":"https:\/\/www.europesays.com\/fr\/wp-json\/wp\/v2\/types\/post"}],"author":[{"embeddable":true,"href":"https:\/\/www.europesays.com\/fr\/wp-json\/wp\/v2\/users\/2"}],"replies":[{"embeddable":true,"href":"https:\/\/www.europesays.com\/fr\/wp-json\/wp\/v2\/comments?post=551453"}],"version-history":[{"count":0,"href":"https:\/\/www.europesays.com\/fr\/wp-json\/wp\/v2\/posts\/551453\/revisions"}],"wp:featuredmedia":[{"embeddable":true,"href":"https:\/\/www.europesays.com\/fr\/wp-json\/wp\/v2\/media\/551454"}],"wp:attachment":[{"href":"https:\/\/www.europesays.com\/fr\/wp-json\/wp\/v2\/media?parent=551453"}],"wp:term":[{"taxonomy":"category","embeddable":true,"href":"https:\/\/www.europesays.com\/fr\/wp-json\/wp\/v2\/categories?post=551453"},{"taxonomy":"post_tag","embeddable":true,"href":"https:\/\/www.europesays.com\/fr\/wp-json\/wp\/v2\/tags?post=551453"}],"curies":[{"name":"wp","href":"https:\/\/api.w.org\/{rel}","templated":true}]}}