{"id":551455,"date":"2025-11-22T14:09:13","date_gmt":"2025-11-22T14:09:13","guid":{"rendered":"https:\/\/www.europesays.com\/fr\/551455\/"},"modified":"2025-11-22T14:09:13","modified_gmt":"2025-11-22T14:09:13","slug":"la-prefecture-de-police-prend-des-mesures-sur-les-routes","status":"publish","type":"post","link":"https:\/\/www.europesays.com\/fr\/551455\/","title":{"rendered":"la pr\u00e9fecture de police prend des mesures sur les routes"},"content":{"rendered":"<p>                    Par<br \/>\n        <strong><br \/>\n            <a href=\"https:\/\/actu.fr\/auteur\/thomas-martin\" title=\"Consulter tous les articles de Thomas Martin\" target=\"_blank\" rel=\"noopener\">Thomas Martin<\/a><br \/>\n                    <\/strong><\/p>\n<p>        Publi\u00e9 le<\/p>\n<p>            22 nov. 2025 \u00e0 14h20        <\/p>\n<p><a href=\"https:\/\/actu.fr\/meteo\/meteo-la-neige-arrive-a-paris-et-en-ile-de-france-voici-ou-elle-devrait-tomber-en-plus-grande-quantite_63474554.html\" target=\"_blank\" rel=\"noopener\">La neige arrive<\/a> \u00e0 Paris et sur l\u2019ensemble de l\u2019\u00cele-de-France. Les premiers flocons devraient faire leur apparition dans les Yvelines en d\u00e9but de soir\u00e9e ce samedi 22 novembre avant de tomber sur l\u2019ensemble de la r\u00e9gion qui a \u00e9t\u00e9 plac\u00e9e en <a href=\"https:\/\/actu.fr\/meteo\/jusqu-a-7-cm-de-neige-en-ile-de-france-meteo-france-declenche-la-vigilance-orange-pour-toute-la-region_63473815.html\" target=\"_blank\" rel=\"noopener\">vigilance orange neige-verglas<\/a> pour l\u2019occasion. Face \u00e0 cette situation, la pr\u00e9fecture de police de Paris a annonc\u00e9 la mise en place de mesures restrictives de circulation sur les routes de la r\u00e9gion.\u00a0<\/p>\n<p>Vitesse abaiss\u00e9e de 20 km\/h<\/p>\n<p class=\" wall-content\">\u00ab\u00a0Des chutes de neige sont pr\u00e9vues et peuvent g\u00eaner la circulation routi\u00e8re malgr\u00e9 les op\u00e9rations de d\u00e9neigement et de salage des routes\u00a0\u00bb, pr\u00e9vient la pr\u00e9fecture qui annonce l\u2019activation du plan neige et verglas au niveau 2.\u00a0<\/p>\n<p class=\" wall-content\">La vitesse est ainsi abaiss\u00e9e de 20 km\/h pour tous les v\u00e9hicules sur l\u2019ensemble des axes du r\u00e9seau routier francilien. Les v\u00e9hicules de plus de 3,5 tonnes, les v\u00e9hicules destin\u00e9s au transport de personnes et les v\u00e9hicules de transport de mati\u00e8res dangereuses on l\u2019interdiction d\u2019effectuer une man\u0153uvre de d\u00e9passement sur les axes structurants d\u2019\u00cele-de-France.<\/p>\n<p class=\" wall-content\">\n<p class=\" wall-content\">\u00ab\u00a0Les franciliens sont invit\u00e9s \u00e0 limiter leurs d\u00e9placements routiers et \u00e0 anticiper leur retour avant le d\u00e9but de soir\u00e9e dans la mesure du possible\u00a0\u00bb, indique la pr\u00e9fecture.\u00a0<\/p>\n<p class=\" wall-content\">La tenue au sol est attendue avec 5 \u00e0 7 cm sur la moiti\u00e9 ouest (Yvelines, Val-d\u2019Oise) de la r\u00e9gion parisienne et 2 \u00e0 5 cm sur la moiti\u00e9 est.\u00a0Pour Paris et la Petite-Couronne, 1 \u00e0 2 cm de neige au sol sont attendus.\u00a0<\/p>\n<p>\u00ab\u00a0La question principale, c\u2019est la question des routes\u00a0\u00bb<\/p>\n<p class=\" wall-content\">\u00ab\u00a0Les premiers \u00e9pisodes quelquefois ne sont pas pris suffisamment au s\u00e9rieux et il y a des difficult\u00e9s suite \u00e0 un manque de prudence. Nous avons donc voulu intervenir en amont pour informer\u00a0\u00bb le public, a dit samedi le ministre, Philippe Tabarot, depuis le centre de crise r\u00e9unissant les services de M\u00e9t\u00e9o France, des Infrastructures, de l\u2019Aviation civile, des Routes, la Pr\u00e9fecture de police et les op\u00e9rateurs de transport.<\/p>\n<p class=\" wall-content\">\u00ab\u00a0La question principale, c\u2019est la question des routes\u00a0\u00bb, a-t-il dit \u00e0 la presse. \u00ab\u00a0Les personnes ont compris que si leurs d\u00e9placements n\u2019\u00e9taient pas indispensables, il valait mieux les reporter. Et pour celles qui sont dans l\u2019obligation de se d\u00e9placer aujourd\u2019hui, notamment \u00e0 partir de 20h et jusqu\u2019\u00e0 demain 8h, on leur demande de s\u2019informer sur la situation du r\u00e9seau, de s\u2019\u00e9quiper et d\u2019\u00e9quiper leur v\u00e9hicule. Et puis bien s\u00fbr la prudence est le message principal que je souhaite faire passer\u00a0\u00bb.<\/p>\n<p>Votre r\u00e9gion, votre actu !<\/p>\n<p>Recevez chaque jour les infos qui comptent pour vous.<\/p>\n<p>\t<a href=\"https:\/\/actu.fr\/newsletter\" class=\"ac-btn ac-btn--corner ac-btn--medium ac-btn--blue800\" target=\"_blank\" rel=\"noopener\">S&rsquo;incrire<\/a><\/p>\n<p class=\" wall-content\">En revanche, selon le ministre, \u00ab\u00a0les trains ne seront pas particuli\u00e8rement impact\u00e9s, et les r\u00e9seaux urbains et interurbains (\u2026) sont op\u00e9r\u00e9s actuellement\u00a0\u00bb. Du c\u00f4t\u00e9 des a\u00e9roports, o\u00f9 les conditions affectent la visibilit\u00e9, \u00ab\u00a0il y a environ une heure de retard sur les vols de Roissy, \u00e7a risque d\u2019\u00eatre le cas \u00e9galement demain (dimanche), ce sont des \u00e9pisodes qui arrivent malheureusement bien souvent tout au long de l\u2019ann\u00e9e\u00a0\u00bb.<\/p>\n<p class=\" wall-content\"><strong>Avec AFP<\/strong><\/p>\n<p class=\" wall-content\">Personnalisez votre actualit\u00e9 en ajoutant vos villes et m\u00e9dias en favori avec <a href=\"https:\/\/moncompte.actu.fr\" title=\"D\u00e9couvez Mon Actu\" rel=\"nofollow noopener\" data-trk=\"{&quot;cta&quot;:{&quot;action&quot;:&quot;https:\\\/\\\/moncompte.actu.fr&quot;,&quot;category&quot;:&quot;mon compte&quot;,&quot;from&quot;:&quot;article footer&quot;,&quot;name&quot;:&quot;Mon actu&quot;,&quot;type&quot;:&quot;cta&quot;}}\" target=\"_blank\">Mon Actu<\/a>.<\/p>\n","protected":false},"excerpt":{"rendered":"Par Thomas Martin Publi\u00e9 le 22 nov. 2025 \u00e0 14h20 La neige arrive \u00e0 Paris et sur l\u2019ensemble&hellip;\n","protected":false},"author":2,"featured_media":551456,"comment_status":"","ping_status":"","sticky":false,"template":"","format":"standard","meta":{"footnotes":""},"categories":[1592],"tags":[1111,11,3542,1777,674,1011,27,662,2487,10584,12,626,1931,25],"class_list":{"0":"post-551455","1":"post","2":"type-post","3":"status-publish","4":"format-standard","5":"has-post-thumbnail","7":"category-ile-de-france","8":"tag-actu","9":"tag-actualites","10":"tag-circulation","11":"tag-eu","12":"tag-europe","13":"tag-fr","14":"tag-france","15":"tag-ile-de-france","16":"tag-meteo","17":"tag-neige","18":"tag-news","19":"tag-paris","20":"tag-prefecture-de-police-de-paris","21":"tag-republique-francaise"},"share_on_mastodon":{"url":"https:\/\/pubeurope.com\/@fr\/115593751131618405","error":""},"_links":{"self":[{"href":"https:\/\/www.europesays.com\/fr\/wp-json\/wp\/v2\/posts\/551455","targetHints":{"allow":["GET"]}}],"collection":[{"href":"https:\/\/www.europesays.com\/fr\/wp-json\/wp\/v2\/posts"}],"about":[{"href":"https:\/\/www.europesays.com\/fr\/wp-json\/wp\/v2\/types\/post"}],"author":[{"embeddable":true,"href":"https:\/\/www.europesays.com\/fr\/wp-json\/wp\/v2\/users\/2"}],"replies":[{"embeddable":true,"href":"https:\/\/www.europesays.com\/fr\/wp-json\/wp\/v2\/comments?post=551455"}],"version-history":[{"count":0,"href":"https:\/\/www.europesays.com\/fr\/wp-json\/wp\/v2\/posts\/551455\/revisions"}],"wp:featuredmedia":[{"embeddable":true,"href":"https:\/\/www.europesays.com\/fr\/wp-json\/wp\/v2\/media\/551456"}],"wp:attachment":[{"href":"https:\/\/www.europesays.com\/fr\/wp-json\/wp\/v2\/media?parent=551455"}],"wp:term":[{"taxonomy":"category","embeddable":true,"href":"https:\/\/www.europesays.com\/fr\/wp-json\/wp\/v2\/categories?post=551455"},{"taxonomy":"post_tag","embeddable":true,"href":"https:\/\/www.europesays.com\/fr\/wp-json\/wp\/v2\/tags?post=551455"}],"curies":[{"name":"wp","href":"https:\/\/api.w.org\/{rel}","templated":true}]}}