{"id":551457,"date":"2025-11-22T14:10:13","date_gmt":"2025-11-22T14:10:13","guid":{"rendered":"https:\/\/www.europesays.com\/fr\/551457\/"},"modified":"2025-11-22T14:10:13","modified_gmt":"2025-11-22T14:10:13","slug":"marne-des-eleves-en-visite-memorielle-a-paris","status":"publish","type":"post","link":"https:\/\/www.europesays.com\/fr\/551457\/","title":{"rendered":"Marne : des \u00e9l\u00e8ves en visite m\u00e9morielle \u00e0 Paris"},"content":{"rendered":"<p>                    Par<br \/>\n        <strong><br \/>\n            <a href=\"https:\/\/actu.fr\/auteur\/journaliste-br\" title=\"Consulter tous les articles de R\u00e9daction Coulommiers\" target=\"_blank\" rel=\"noopener\">R\u00e9daction Coulommiers<\/a><br \/>\n                    <\/strong><\/p>\n<p>        Publi\u00e9 le<\/p>\n<p>            22 nov. 2025 \u00e0 14h30        <\/p>\n<p aria-hidden=\"true\">L\u2019association Mondement 1914- Les soldats de la Marne, Joffre Foch, a pour vocation de transmettre la m\u00e9moire d\u2019une g\u00e9n\u00e9ration europ\u00e9enne sacrifi\u00e9e lors des combats de la Premi\u00e8re bataille de la <a href=\"https:\/\/actu.fr\/grand-est\/marne_51\" target=\"_blank\" rel=\"noopener\">Marne<\/a>. Son action, bien que diffus\u00e9e principalement dans la Marne autour du monument situ\u00e9 sur la commune de <a href=\"https:\/\/actu.fr\/grand-est\/mondement-montgivroux_51374\" target=\"_blank\" rel=\"noopener\">Mondement-Montgivroux<\/a>, d\u00e9passe fr\u00e9quemment les limites administratives du d\u00e9partement. Ainsi, apr\u00e8s les scolaires de la commune de F\u00e8re-Champenoise en mai, une commune situ\u00e9e dans l\u2019Aisne, ce lundi 10 novembre, l\u2019association, repr\u00e9sent\u00e9e par son pr\u00e9sident Olivier Dufour, l\u2019un des vice-pr\u00e9sidents Alain Hennequin et son porte-drapeau Jean-Claude Forestier, a accompagn\u00e9 38 \u00e9l\u00e8ves de CM1 et CM2 de l\u2019\u00e9cole primaire Mignonnette de Romilly-sur-Seine (Aube), pour un d\u00e9placement m\u00e9moriel \u00e0 Paris.<\/p>\n<p>Direction Paris, les Invalides et l\u2019Arc de Triomphe<\/p>\n<p class=\" wall-content\">C\u2019est un autre vice-pr\u00e9sident, en la personne de Jean B\u00e9court-Foch, qui a accueilli les \u00e9l\u00e8ves \u00e0 l\u2019entr\u00e9e de l\u2019H\u00f4tel des Invalides \u00e0 Paris. Ces derniers ont pu visiter en sa compagnie, l\u2019\u00e9glise Saint-Louis, la chapelle Saint-Ambroise o\u00f9 se trouve le tombeau du Mar\u00e9chal Foch, avant de visiter le Mus\u00e9e des Arm\u00e9es. Ils ont notamment pu admirer le majestueux <b>cercueil de l\u2019empereur Napol\u00e9on 1er<\/b>.<\/p>\n<p class=\" wall-content\">Ils ont ensuite pris la direction de l\u2019Arc de Triomphe o\u00f9 ils ont particip\u00e9 aux c\u00e9r\u00e9monies du jour avec un d\u00e9p\u00f4t de gerbes au nom de l\u2019association et de la commune de Romilly-sur-Seine, avant une prise de flamme pour la c\u00e9r\u00e9monie du lendemain puis le ravivage de la flamme. \u00ab \u00c9lus, encadrants et \u00e9l\u00e8ves sont repartis ravis et les t\u00eates pleines de souvenirs et promesse a \u00e9t\u00e9 faite de renouveler l\u2019exp\u00e9rience \u00e0 l\u2019avenir pour d\u2019autres petits Romillons \u00bb, dit Olivier Dufour, le maire de Mondement-Montgivroux et le pr\u00e9sident de l\u2019association m\u00e9morielle.<\/p>\n<p class=\" wall-content\">Personnalisez votre actualit\u00e9 en ajoutant vos villes et m\u00e9dias en favori avec <a href=\"https:\/\/moncompte.actu.fr\" title=\"D\u00e9couvez Mon Actu\" rel=\"nofollow noopener\" data-trk=\"{&quot;cta&quot;:{&quot;action&quot;:&quot;https:\\\/\\\/moncompte.actu.fr&quot;,&quot;category&quot;:&quot;mon compte&quot;,&quot;from&quot;:&quot;article footer&quot;,&quot;name&quot;:&quot;Mon actu&quot;,&quot;type&quot;:&quot;cta&quot;}}\" target=\"_blank\">Mon Actu<\/a>.<\/p>\n","protected":false},"excerpt":{"rendered":"Par R\u00e9daction Coulommiers Publi\u00e9 le 22 nov. 2025 \u00e0 14h30 L\u2019association Mondement 1914- Les soldats de la Marne,&hellip;\n","protected":false},"author":2,"featured_media":551458,"comment_status":"","ping_status":"","sticky":false,"template":"","format":"standard","meta":{"footnotes":""},"categories":[1888],"tags":[1111,1928,11,1927,17864,1777,674,1011,27,50433,1652,12,1926,626,1925,25],"class_list":{"0":"post-551457","1":"post","2":"type-post","3":"status-publish","4":"format-standard","5":"has-post-thumbnail","7":"category-paris","8":"tag-actu","9":"tag-actu-paris","10":"tag-actualites","11":"tag-actualites-paris","12":"tag-arc-de-triomphe","13":"tag-eu","14":"tag-europe","15":"tag-fr","16":"tag-france","17":"tag-les-invalides","18":"tag-loisirs-culture","19":"tag-news","20":"tag-news-paris","21":"tag-paris","22":"tag-paris-news","23":"tag-republique-francaise"},"share_on_mastodon":{"url":"https:\/\/pubeurope.com\/@fr\/115593755251446117","error":""},"_links":{"self":[{"href":"https:\/\/www.europesays.com\/fr\/wp-json\/wp\/v2\/posts\/551457","targetHints":{"allow":["GET"]}}],"collection":[{"href":"https:\/\/www.europesays.com\/fr\/wp-json\/wp\/v2\/posts"}],"about":[{"href":"https:\/\/www.europesays.com\/fr\/wp-json\/wp\/v2\/types\/post"}],"author":[{"embeddable":true,"href":"https:\/\/www.europesays.com\/fr\/wp-json\/wp\/v2\/users\/2"}],"replies":[{"embeddable":true,"href":"https:\/\/www.europesays.com\/fr\/wp-json\/wp\/v2\/comments?post=551457"}],"version-history":[{"count":0,"href":"https:\/\/www.europesays.com\/fr\/wp-json\/wp\/v2\/posts\/551457\/revisions"}],"wp:featuredmedia":[{"embeddable":true,"href":"https:\/\/www.europesays.com\/fr\/wp-json\/wp\/v2\/media\/551458"}],"wp:attachment":[{"href":"https:\/\/www.europesays.com\/fr\/wp-json\/wp\/v2\/media?parent=551457"}],"wp:term":[{"taxonomy":"category","embeddable":true,"href":"https:\/\/www.europesays.com\/fr\/wp-json\/wp\/v2\/categories?post=551457"},{"taxonomy":"post_tag","embeddable":true,"href":"https:\/\/www.europesays.com\/fr\/wp-json\/wp\/v2\/tags?post=551457"}],"curies":[{"name":"wp","href":"https:\/\/api.w.org\/{rel}","templated":true}]}}