{"id":551459,"date":"2025-11-22T14:11:13","date_gmt":"2025-11-22T14:11:13","guid":{"rendered":"https:\/\/www.europesays.com\/fr\/551459\/"},"modified":"2025-11-22T14:11:13","modified_gmt":"2025-11-22T14:11:13","slug":"municipales-2026-a-paris-sophia-chikirou-a-peine-en-campagne-etrille-le-bilan-des-socialistes-ulceres","status":"publish","type":"post","link":"https:\/\/www.europesays.com\/fr\/551459\/","title":{"rendered":"Municipales 2026 \u00e0 Paris : Sophia Chikirou, \u00e0 peine en campagne, \u00e9trille le bilan des socialistes (ulc\u00e9r\u00e9s)"},"content":{"rendered":"<p class=\"mb-4 text-lg md:leading-8 break-words\">Pas de quartier. Une semaine apr\u00e8s avoir officialis\u00e9 sa candidature \u00e0 la mairie de Paris pour <a href=\"https:\/\/fr.news.yahoo.com\/congr%C3%A8s-maires-hant%C3%A9-campagne-fant%C3%B4me-060008072.html\" data-ylk=\"slk:les municipales de 2026;elm:context_link;itc:0;sec:content-canvas;outcm:mb_qualified_link;_E:mb_qualified_link;ct:story;\" class=\"link  yahoo-link\" target=\"_blank\" rel=\"noopener\">les municipales de 2026<\/a>, et au d\u00e9fi d\u2019exister dans le match annonce entre la majorit\u00e9 socialiste sortante, et <a href=\"https:\/\/fr.news.yahoo.com\/%C3%A9lections-municipales-s-invitent-au-170205259.html\" data-ylk=\"slk:Rachida Dati;elm:context_link;itc:0;sec:content-canvas;outcm:mb_qualified_link;_E:mb_qualified_link;ct:story;\" class=\"link  yahoo-link\" target=\"_blank\" rel=\"noopener\">Rachida Dati<\/a>, la d\u00e9put\u00e9e insoumise <a href=\"https:\/\/fr.news.yahoo.com\/municipales-2026-sophia-chikirou-officialis%C3%A9e-095402659.html\" data-ylk=\"slk:Sophia Chikirou;elm:context_link;itc:0;sec:content-canvas;outcm:mb_qualified_link;_E:mb_qualified_link;ct:story;\" class=\"link  yahoo-link\" target=\"_blank\" rel=\"noopener\">Sophia Chikirou<\/a> a visiblement pos\u00e9 les premiers jalons de sa strat\u00e9gie.<\/p>\n<p class=\"mb-4 text-lg md:leading-8 break-words\"><a href=\"https:\/\/www.huffingtonpost.fr\/politique\/article\/decouvrez-huffpol-notre-newsletter-100-politique_255944.html\" rel=\"nofollow noopener\" target=\"_blank\" data-ylk=\"slk:D\u00e9couvrez HuffPol, notre newsletter 100\u00a0% politique;elm:context_link;itc:0;sec:content-canvas\" class=\"link \"> D\u00e9couvrez HuffPol, notre newsletter 100\u00a0% politique <\/a><\/p>\n<p class=\"mb-4 text-lg md:leading-8 break-words\">Dans une interview donn\u00e9e au <a href=\"https:\/\/www.leparisien.fr\/elections\/municipales\/sophia-chikirou-candidate-lfi-aux-municipales-2026-il-ne-faut-pas-quun-socialiste-soit-maire-de-paris-21-11-2025-GSXLBJPABBHHBIQ6H3ECZ6SK4M.php\" rel=\"nofollow noopener\" target=\"_blank\" data-ylk=\"slk:Parisien;elm:context_link;itc:0;sec:content-canvas\" class=\"link \">Parisien<\/a>, ce vendredi 21\u00a0novembre, l\u2019\u00e9lue a choisi de commencer \u00e0 taper sur l\u2019attelage de gauche qui domine actuellement l\u2019H\u00f4tel de ville. \u00ab\u00a0Il ne faut pas qu\u2019un\u00a0socialiste\u00a0soit maire de Paris, cingle la d\u00e9put\u00e9e LFI. Bournazel, Dati, Gr\u00e9goire, Belliard, Brossat\u2026 Ils sont us\u00e9s. On n\u2019a jamais eu autant de probl\u00e8mes, de besoins insatisfaits et ils osent dire\u00a0: \u201cNotre bilan est bon, continuons comme avant, allons plus loin, plus longtemps\u2026\u201d\u00a0\u00bb<\/p>\n<p class=\"mb-4 text-lg md:leading-8 break-words\">Quand Rachida Dati se voit simplement renvoy\u00e9e \u00e0 son propre parcours \u00e0 Paris, et au bilan d\u2019Emmanuel Macron, Sophia Chikirou assure que son principal adversaire est \u00ab\u00a0l\u2019abstention\u00a0\u00bb, certes record en 2020\u00a0dans un contexte de crise sanitaire.<\/p>\n<p class=\"mb-4 text-lg md:leading-8 break-words\">Son attaque en r\u00e8gle a en tout cas ulc\u00e9r\u00e9 les socialistes. \u00ab\u00a0Chacun ses objectifs\u2026 Celui-l\u00e0 est le plus m\u00e9diocre\u00a0\u00bb, a fustig\u00e9 le Premier secr\u00e9taire du PS, Olivier Faure, accusant Sophia Chikirou de vouloir contribuer \u00e0 la victoire de la droite. Pas de quoi adoucir le mouvement m\u00e9lenchoniste. \u00ab\u00a0Vous n\u2019\u00eates pas propri\u00e9taire de Paris et le choix ne se r\u00e9duit pas \u00e0 soit le PS, soit la droite. Notre v\u00e9ritable but\u00a0? Vous battre pour \u00e9lire une maire insoumise\u00a0\u00bb, a r\u00e9pliqu\u00e9 le coordinateur de LFI, Manuel Bompard.<\/p>\n<p>La gauche en qu\u00eate d\u2019unit\u00e9 \u00e0 quatre mois du scrutin<\/p>\n<p class=\"mb-4 text-lg md:leading-8 break-words\">Nomm\u00e9ment vis\u00e9 lui aussi par Sophia Chikirou, Ian Brossat joint par Le HuffPost refuse de se \u00ab\u00a0livrer \u00e0 un concours d\u2019invectives\u00a0\u00bb. \u00ab\u00a0Je n\u2019ai qu\u2019un seul objectif c\u2019est que la gauche gagne, je me refuse \u00e0 l\u2019id\u00e9e que Rachida Dati flanqu\u00e9e de Sarah Knafo s\u2019empare de Paris. Je ne me livrerais pas \u00e0 des invectives en r\u00e9ponse, je lui en laisse le monopole. Tout ce qui nous \u00e9loigne de l\u2019objectif de faire gagner la gauche nous fait mal collectivement\u00a0\u00bb, insiste-t-il.<\/p>\n<p class=\"mb-4 text-lg md:leading-8 break-words\">Mani\u00e8re aussi de rappeler qu\u2019\u00e0 chaque jour suffit sa peine. Pour la majorit\u00e9 actuelle \u00e0 Paris, l\u2019enjeu demeure plut\u00f4t en ce moment de se mettre d\u2019accord <a href=\"https:\/\/www.liberation.fr\/politique\/municipales-a-paris-les-socialistes-optimistes-sur-un-accord-de-toute-la-gauche-hors-lfi-avant-le-premier-tour-20251113_6OVJTQVK2FBMRAAOSVI24WV3C4\/?redirected=1\" rel=\"nofollow noopener\" target=\"_blank\" data-ylk=\"slk:sur une liste unitaire de gauche;elm:context_link;itc:0;sec:content-canvas\" class=\"link \">sur une liste unitaire de gauche<\/a> &#8211; hors LFI &#8211; pour le premier tour et qui rassemblerait les socialistes, les \u00e9cologistes, les communistes, mais aussi des personnes issues de L\u2019Apr\u00e8s, le mouvement de Danielle Simonnet.<\/p>\n<p class=\"mb-4 text-lg md:leading-8 break-words\">La saillie de Sophia Chikirou n\u2019a rien d\u2019un hasard. Au-del\u00e0 de la question parisienne, elle s\u2019inscrit dans la strat\u00e9gie muscl\u00e9e qu\u2019entend mener LFI pour les municipales 2026, en visant notamment des mairies tenues par les autres partis de gauche. Le mouvement lancera justement ce dimanche sa campagne en fanfare aux Docks d\u2019Aubervilliers (Seine-Saint-Denis).<\/p>\n<p class=\"mb-4 text-lg md:leading-8 break-words\"><a href=\"https:\/\/fr.news.yahoo.com\/marche-blanche-%C3%A0-marseille-m%C3%A9moire-064925909.html\" data-ylk=\"slk:Marche blanche \u00e0 Marseille en m\u00e9moire de Mehdi Kessaci\u00a0: ces nombreux politiques qui vont y participer;elm:context_link;itc:0;sec:content-canvas;outcm:mb_qualified_link;_E:mb_qualified_link;ct:story;\" class=\"link  yahoo-link\" target=\"_blank\" rel=\"noopener\"> Marche blanche \u00e0 Marseille en m\u00e9moire de Mehdi Kessaci\u00a0: ces nombreux politiques qui vont y participer <\/a><\/p>\n<p class=\"mb-4 text-lg md:leading-8 break-words\"><a href=\"https:\/\/fr.news.yahoo.com\/budget-2026-rejet-historique-apr%C3%A8s-113902250.html\" data-ylk=\"slk:Budget\u00a02026\u00a0: Un rejet historique apr\u00e8s des d\u00e9bats \u00e0 rallonge, les enseignements;elm:context_link;itc:0;sec:content-canvas;outcm:mb_qualified_link;_E:mb_qualified_link;ct:story;\" class=\"link  yahoo-link\" target=\"_blank\" rel=\"noopener\"> Budget\u00a02026\u00a0: Un rejet historique apr\u00e8s des d\u00e9bats \u00e0 rallonge, les enseignements <\/a><\/p>\n","protected":false},"excerpt":{"rendered":"Pas de quartier. Une semaine apr\u00e8s avoir officialis\u00e9 sa candidature \u00e0 la mairie de Paris pour les municipales&hellip;\n","protected":false},"author":2,"featured_media":551460,"comment_status":"","ping_status":"","sticky":false,"template":"","format":"standard","meta":{"footnotes":""},"categories":[1888],"tags":[1111,1928,11,1927,1777,674,1011,27,780,2381,12,1926,626,1925,417,25,18834],"class_list":{"0":"post-551459","1":"post","2":"type-post","3":"status-publish","4":"format-standard","5":"has-post-thumbnail","7":"category-paris","8":"tag-actu","9":"tag-actu-paris","10":"tag-actualites","11":"tag-actualites-paris","12":"tag-eu","13":"tag-europe","14":"tag-fr","15":"tag-france","16":"tag-lfi","17":"tag-mairie-de-paris","18":"tag-news","19":"tag-news-paris","20":"tag-paris","21":"tag-paris-news","22":"tag-rachida-dati","23":"tag-republique-francaise","24":"tag-sophia-chikirou"},"share_on_mastodon":{"url":"https:\/\/pubeurope.com\/@fr\/115593759105175605","error":""},"_links":{"self":[{"href":"https:\/\/www.europesays.com\/fr\/wp-json\/wp\/v2\/posts\/551459","targetHints":{"allow":["GET"]}}],"collection":[{"href":"https:\/\/www.europesays.com\/fr\/wp-json\/wp\/v2\/posts"}],"about":[{"href":"https:\/\/www.europesays.com\/fr\/wp-json\/wp\/v2\/types\/post"}],"author":[{"embeddable":true,"href":"https:\/\/www.europesays.com\/fr\/wp-json\/wp\/v2\/users\/2"}],"replies":[{"embeddable":true,"href":"https:\/\/www.europesays.com\/fr\/wp-json\/wp\/v2\/comments?post=551459"}],"version-history":[{"count":0,"href":"https:\/\/www.europesays.com\/fr\/wp-json\/wp\/v2\/posts\/551459\/revisions"}],"wp:featuredmedia":[{"embeddable":true,"href":"https:\/\/www.europesays.com\/fr\/wp-json\/wp\/v2\/media\/551460"}],"wp:attachment":[{"href":"https:\/\/www.europesays.com\/fr\/wp-json\/wp\/v2\/media?parent=551459"}],"wp:term":[{"taxonomy":"category","embeddable":true,"href":"https:\/\/www.europesays.com\/fr\/wp-json\/wp\/v2\/categories?post=551459"},{"taxonomy":"post_tag","embeddable":true,"href":"https:\/\/www.europesays.com\/fr\/wp-json\/wp\/v2\/tags?post=551459"}],"curies":[{"name":"wp","href":"https:\/\/api.w.org\/{rel}","templated":true}]}}