{"id":551467,"date":"2025-11-22T14:15:23","date_gmt":"2025-11-22T14:15:23","guid":{"rendered":"https:\/\/www.europesays.com\/fr\/551467\/"},"modified":"2025-11-22T14:15:23","modified_gmt":"2025-11-22T14:15:23","slug":"tout-comprendre-sur-laccord-de-paix-propose-par-donald-trump-et-qui-divise","status":"publish","type":"post","link":"https:\/\/www.europesays.com\/fr\/551467\/","title":{"rendered":"tout comprendre sur l&rsquo;accord de paix propos\u00e9 par Donald Trump (et qui divise)"},"content":{"rendered":"<p>                    Par<br \/>\n        <strong><br \/>\n            <a href=\"https:\/\/actu.fr\/auteur\/anne-laure-petit-henon\" title=\"Consulter tous les articles de Anne-Laure Petit-H\u00e9non\" rel=\"nofollow noopener\" target=\"_blank\">Anne-Laure Petit-H\u00e9non<\/a><br \/>\n                    <\/strong><\/p>\n<p>        Publi\u00e9 le<\/p>\n<p>            22 nov. 2025 \u00e0 14h49        <\/p>\n<p>Un plan qui ressemble \u00e0 \u00ab\u2009une capitulation\u2009\u00bb pour l\u2019Ukraine. Jeudi 20\u00a0novembre 2025, <strong>Donald Trump<\/strong> a pr\u00e9sent\u00e9 <a href=\"https:\/\/actu.fr\/monde\/guerre-en-ukraine-ce-que-contient-le-plan-de-paix-americain-qui-serait-une-capitulation-pour-kiev_63461534.html\" rel=\"nofollow noopener\" target=\"_blank\">son plan de paix pour mettre fin \u00e0 la guerre entre la Russie et l\u2019Ukraine<\/a>, qui dure depuis plus de trois ans. Un plan loin de satisfaire Kiev et ses alli\u00e9s europ\u00e9ens, qui peinent \u00e0 y trouver une r\u00e9ponse.<\/p>\n<p class=\" wall-content\">Ce samedi 22\u00a0novembre, l\u2019Ukraine a annonc\u00e9 que des responsables ukrainiens et am\u00e9ricains se retrouveront prochainement en<strong> Suisse<\/strong> pour discuter de ce fameux plan. On vous r\u00e9sume ce qui s\u2019est pass\u00e9 ces deux derniers jours.<\/p>\n<p>Jeudi\u2009: proposition d\u2019un plan de paix par les \u00c9tats-Unis<\/p>\n<p class=\" wall-content\"><a href=\"https:\/\/actu.fr\/tag\/donald-trump\" rel=\"nofollow noopener\" target=\"_blank\">Donald Trump<\/a> a pr\u00e9sent\u00e9 son plan de paix, en 28 points, qui <strong>reprend plusieurs exigences cl\u00e9s de la Russie<\/strong>, \u00e0 savoir que l\u2019Ukraine lui c\u00e8de des territoires, accepte une r\u00e9duction de la taille de son arm\u00e9e et renonce \u00e0 int\u00e9grer l\u2019Otan. Il offre cependant des garanties de s\u00e9curit\u00e9 occidentales \u00e0 Kiev pour pr\u00e9venir toute nouvelle attaque russe.<\/p>\n<p class=\" wall-content\">Les deux r\u00e9gions du bassin minier et industriel du Donbass, Donetsk et Lougansk (est), ainsi que la Crim\u00e9e annex\u00e9e en 2014, seraient \u00ab\u2009reconnues de facto comme russes, y compris par les \u00c9tats-Unis\u2009\u00bb, et <strong>Moscou recevrait d\u2019autres territoires ukrainiens<\/strong> qui sont encore aujourd\u2019hui sous le contr\u00f4le de Kiev.<\/p>\n<p class=\" wall-content\">La Russie verrait \u00e9galement son isolement \u00e0 l\u2019\u00e9gard du monde occidental prendre fin avec sa <strong>r\u00e9int\u00e9gration au G8<\/strong> et la lev\u00e9e progressive des sanctions, ainsi que son souhait d\u2019\u00e9loigner \u00e0 jamais Kiev de l\u2019Alliance atlantique ent\u00e9rin\u00e9 dans la Constitution ukrainienne.<\/p>\n<p class=\" wall-content\"><strong>Kiev devrait limiter son arm\u00e9e<\/strong> \u00e0 600\u2009000 militaires et se contenter d\u2019une protection par des avions de combats europ\u00e9ens bas\u00e9s en Pologne, tandis que l\u2019Otan s\u2019engagerait \u00e0 ne pas stationner de troupes en Ukraine.<\/p>\n<p class=\" wall-content\">Le pr\u00e9sident am\u00e9ricain a donn\u00e9 jusqu\u2019au 27\u00a0novembre, jour de la f\u00eate de Thanksgiving, \u00e0 l\u2019Ukraine pour donner sa r\u00e9ponse aux solutions propos\u00e9es.<\/p>\n<p>Votre r\u00e9gion, votre actu !<\/p>\n<p>Recevez chaque jour les infos qui comptent pour vous.<\/p>\n<p>\t<a href=\"https:\/\/actu.fr\/newsletter\" class=\"ac-btn ac-btn--corner ac-btn--medium ac-btn--blue800\" rel=\"nofollow noopener\" target=\"_blank\">S&rsquo;incrire<\/a><\/p>\n<blockquote class=\"ac-article-quote wall-content\">\n<p>Il faudra bien que (ce plan, NDLR) lui plaise, et si cela ne lui pla\u00eet pas, alors, vous savez, ils n&rsquo;auront qu&rsquo;\u00e0 continuer \u00e0 se battre.<\/p>\n<p>    <strong>Donald Trump<\/strong><br \/>\n        pr\u00e9sident des Etats-Unis    <\/p><\/blockquote>\n<p>Vendredi\u2009: pression sur Volodymyr Zelensky, qui refuse<\/p>\n<p class=\" wall-content\">Le lendemain, vendredi 21\u00a0novembre,<strong> Volodymyr Zelensky<\/strong> a repouss\u00e9 ce plan, assurant qu\u2019il allait proposer des \u00ab\u2009alternatives\u2009\u00bb aux Am\u00e9ricains.<\/p>\n<p class=\" wall-content\">Face \u00e0 la double pression am\u00e9ricaine et russe pour signer, le pr\u00e9sident ukrainien a aussi entam\u00e9 des<strong> consultations<\/strong> avec ses principaux alli\u00e9s en Europe.<\/p>\n<p class=\" wall-content\">De son c\u00f4t\u00e9, <a href=\"https:\/\/actu.fr\/tag\/vladimir-poutine\" rel=\"nofollow noopener\" target=\"_blank\">Vladimir Poutine<\/a> a estim\u00e9 que le texte am\u00e9ricain \u00ab\u2009pouvait servir de base \u00e0 un r\u00e8glement pacifique d\u00e9finitif\u2009\u00bb du conflit lanc\u00e9 en 2022. Il s\u2019est dit pr\u00eat \u00e0 une \u00ab\u2009discussion approfondie de tous les d\u00e9tails\u2009\u00bb du texte \u00e9labor\u00e9 par Washington.<\/p>\n<p class=\" wall-content\">En cas de refus ukrainien, il a <strong>menac\u00e9 de poursuivre les conqu\u00eates territoriales<\/strong> sur le front, o\u00f9 son arm\u00e9e a l\u2019avantage.<\/p>\n<p>Samedi\u2009: des consultations annonc\u00e9es entre Ukraine et \u00c9tats-Unis<\/p>\n<p class=\" wall-content\">Ce samedi 22\u00a0novembre, Roustem Oumerov, qui dirige le Conseil de s\u00e9curit\u00e9 ukrainien, a annonc\u00e9 sur Facebook une rencontre avec les Am\u00e9ricains pour \u00e9voquer ce plan de paix.<\/p>\n<blockquote class=\"ac-article-quote wall-content\">\n<p>Dans les prochains jours, nous lancerons en Suisse des consultations entre de hauts responsables ukrainiens et am\u00e9ricains sur les param\u00e8tres possibles d&rsquo;un futur accord de paix.<\/p>\n<p>    <strong> Roustem Oumerov<\/strong><br \/>\n        directeur du conseil de s\u00e9curit\u00e9 de l&rsquo;Ukraine    <\/p><\/blockquote>\n<p class=\" wall-content\">Volodymyr Zelensky a de son c\u00f4t\u00e9 sign\u00e9 un <strong>d\u00e9cret<\/strong> formant la d\u00e9l\u00e9gation qui sera charg\u00e9e de participer aux pourparlers avec Washington, et dans le futur avec Moscou. Celle-ci sera men\u00e9e par son bras droit, le chef de la pr\u00e9sidence Andri\u00ef Iermak, et comprendra entre autres Roustem Oumerov, les chefs des services de s\u00e9curit\u00e9 et de renseignement et le chef d\u2019\u00e9tat-major. Soit une d\u00e9l\u00e9gation essentiellement militaire.<\/p>\n<p class=\" wall-content\">Par ailleurs, selon l\u2019\u00c9lys\u00e9e, le pr\u00e9sident fran\u00e7ais <strong>Emmanuel Macron<\/strong>, le chancelier allemand Friedrich Merz et Keir Starmer se sont entretenus \u00e0 propos du plan am\u00e9ricain, en marge du sommet du G20 \u00e0 Johannesburg (Afrique du Sud).<\/p>\n<p class=\" wall-content\">Les trois dirigeants, qui s\u2019\u00e9taient d\u00e9j\u00e0 rencontr\u00e9s mardi \u00e0 Berlin, se sont retrouv\u00e9s avant une rencontre \u00e9largie aux autres chefs d\u2019\u00c9tat et de gouvernement europ\u00e9ens pr\u00e9sents \u00e0 Johannesburg, selon la m\u00eame source.<\/p>\n<p class=\" wall-content\"><strong>Avec AFP.<\/strong><\/p>\n<p class=\" wall-content\">Personnalisez votre actualit\u00e9 en ajoutant vos villes et m\u00e9dias en favori avec <a href=\"https:\/\/moncompte.actu.fr\" title=\"D\u00e9couvez Mon Actu\" rel=\"nofollow noopener\" data-trk=\"{&quot;cta&quot;:{&quot;action&quot;:&quot;https:\\\/\\\/moncompte.actu.fr&quot;,&quot;category&quot;:&quot;mon compte&quot;,&quot;from&quot;:&quot;article footer&quot;,&quot;name&quot;:&quot;Mon actu&quot;,&quot;type&quot;:&quot;cta&quot;}}\" target=\"_blank\">Mon Actu<\/a>.<\/p>\n","protected":false},"excerpt":{"rendered":"Par Anne-Laure Petit-H\u00e9non Publi\u00e9 le 22 nov. 2025 \u00e0 14h49 Un plan qui ressemble \u00e0 \u00ab\u2009une capitulation\u2009\u00bb pour&hellip;\n","protected":false},"author":2,"featured_media":551468,"comment_status":"","ping_status":"","sticky":false,"template":"","format":"standard","meta":{"footnotes":""},"categories":[1590],"tags":[11,73,1777,674,131,74,12,132,220],"class_list":{"0":"post-551467","1":"post","2":"type-post","3":"status-publish","4":"format-standard","5":"has-post-thumbnail","7":"category-ukraine","8":"tag-actualites","9":"tag-etats-unis","10":"tag-eu","11":"tag-europe","12":"tag-guerre-en-ukraine","13":"tag-monde","14":"tag-news","15":"tag-russie","16":"tag-ukraine"},"share_on_mastodon":{"url":"https:\/\/pubeurope.com\/@fr\/115593774645621917","error":""},"_links":{"self":[{"href":"https:\/\/www.europesays.com\/fr\/wp-json\/wp\/v2\/posts\/551467","targetHints":{"allow":["GET"]}}],"collection":[{"href":"https:\/\/www.europesays.com\/fr\/wp-json\/wp\/v2\/posts"}],"about":[{"href":"https:\/\/www.europesays.com\/fr\/wp-json\/wp\/v2\/types\/post"}],"author":[{"embeddable":true,"href":"https:\/\/www.europesays.com\/fr\/wp-json\/wp\/v2\/users\/2"}],"replies":[{"embeddable":true,"href":"https:\/\/www.europesays.com\/fr\/wp-json\/wp\/v2\/comments?post=551467"}],"version-history":[{"count":0,"href":"https:\/\/www.europesays.com\/fr\/wp-json\/wp\/v2\/posts\/551467\/revisions"}],"wp:featuredmedia":[{"embeddable":true,"href":"https:\/\/www.europesays.com\/fr\/wp-json\/wp\/v2\/media\/551468"}],"wp:attachment":[{"href":"https:\/\/www.europesays.com\/fr\/wp-json\/wp\/v2\/media?parent=551467"}],"wp:term":[{"taxonomy":"category","embeddable":true,"href":"https:\/\/www.europesays.com\/fr\/wp-json\/wp\/v2\/categories?post=551467"},{"taxonomy":"post_tag","embeddable":true,"href":"https:\/\/www.europesays.com\/fr\/wp-json\/wp\/v2\/tags?post=551467"}],"curies":[{"name":"wp","href":"https:\/\/api.w.org\/{rel}","templated":true}]}}