{"id":551469,"date":"2025-11-22T14:16:17","date_gmt":"2025-11-22T14:16:17","guid":{"rendered":"https:\/\/www.europesays.com\/fr\/551469\/"},"modified":"2025-11-22T14:16:17","modified_gmt":"2025-11-22T14:16:17","slug":"rtl-infos-ambassadrice-des-usa-stacey-feinberg-voit-de-merveilleux-paralleles-entre-frieden-et-trump","status":"publish","type":"post","link":"https:\/\/www.europesays.com\/fr\/551469\/","title":{"rendered":"RTL Infos &#8211; Ambassadrice des USA: Stacey Feinberg voit \u00ab\u00a0de merveilleux parall\u00e8les entre Frieden et Trump\u00a0\u00bb"},"content":{"rendered":"<p>\n                            Dans un entretien accord\u00e9 \u00e0 RTL, la nouvelle ambassadrice am\u00e9ricaine en dit plus sur son parcours qui l&rsquo;a men\u00e9e au Luxembourg et sur les parall\u00e8les qu&rsquo;elle voit entre les \u00c9tats-Unis et le Grand-Duch\u00e9.                        <\/p>\n<p>Stacey Feinberg, la nouvelle ambassadrice am\u00e9ricaine au Luxembourg, affirme que son arriv\u00e9e au Grand-Duch\u00e9 est le fruit d&rsquo;un choix personnel et non d&rsquo;une co\u00efncidence politique. Dans sa premi\u00e8re interview accord\u00e9e \u00e0 RTL, l&rsquo;ancienne entrepreneuse et investisseuse a d\u00e9crit le Luxembourg comme le \u00ab joyau de l&rsquo;Europe \u00bb et a expliqu\u00e9 qu&rsquo;elle avait personnellement fait pression sur le pr\u00e9sident am\u00e9ricain pour obtenir son nouveau poste.<\/p>\n<p>Elle d\u00e9crit le pays comme magnifique, s\u00fbr, tourn\u00e9 vers les affaires et largement en phase avec les valeurs am\u00e9ricaines.<\/p>\n<p>Bien qu&rsquo;elle ne soit jamais venue au Luxembourg avant de prendre ses fonctions, ses premiers jours dans le pays ont confirm\u00e9 ses attentes.<\/p>\n<p>Une carri\u00e8re atypique<\/p>\n<p>Stacey Feinberg n&rsquo;est pas une diplomate de carri\u00e8re, mais elle est convaincue que c&rsquo;est pr\u00e9cis\u00e9ment son parcours professionnel vari\u00e9 qui la qualifie pour ce poste.<\/p>\n<p>Son CV est tout aussi vari\u00e9, allant de la n\u00e9gociation de contrats juridiques au travail dans l&rsquo;industrie du divertissement, en passant par la gestion d&rsquo;un fonds sp\u00e9culatif et l&rsquo;ouverture de bars sportifs \u00e0 travers les \u00c9tats-Unis. Elle a \u00e9galement investi massivement dans des start-ups, en particulier celles dirig\u00e9es par des femmes qui ont re\u00e7u moins de soutien apr\u00e8s une interruption de carri\u00e8re ou en raison d&rsquo;un manque de capital d&rsquo;amor\u00e7age.<\/p>\n<p>Elle a beaucoup appris de son p\u00e8re, avocat sp\u00e9cialis\u00e9 dans le droit du sport, qui l&rsquo;a emmen\u00e9e partout d\u00e8s son plus jeune \u00e2ge, du Super Bowl aux Jeux olympiques, et qui lui a \u00e9galement pr\u00e9sent\u00e9 le jeune Donald Trump en 1985, alors qu&rsquo;il travaillait encore dans l&rsquo;immobilier.<\/p>\n<p>Aujourd&rsquo;hui, elle consid\u00e8re Trump comme un ami personnel et un \u00ab homme merveilleux \u00bb.<\/p>\n<p>Stacey Feinberg a d\u00e9j\u00e0 rencontr\u00e9 le Premier ministre Luc Frieden et, selon ses propres termes, elle est impressionn\u00e9e par son \u00ab style de PDG \u00bb, en particulier par son affinit\u00e9 pour le monde des affaires.<\/p>\n<p>Lorsqu&rsquo;on lui a demand\u00e9 si le Premier ministre et le pr\u00e9sident Trump avaient des m\u00e9thodes similaires, elle a r\u00e9pondu: \u00ab je vois de merveilleux parall\u00e8les entre le Premier ministre et notre pr\u00e9sident. \u00bb Selon elle, tous deux ont des instincts comparables et reconnaissent l&rsquo;importance d&rsquo;apporter l&rsquo;expertise du secteur priv\u00e9 au gouvernement.<\/p>\n<p>L&rsquo;ambassadrice esp\u00e8re mettre \u00e0 profit sa propre exp\u00e9rience dans le monde des affaires pour approfondir la coop\u00e9ration transatlantique, en particulier dans les secteurs d&rsquo;avenir o\u00f9 le Luxembourg est d\u00e9j\u00e0 tr\u00e8s performant : l&rsquo;espace, les satellites, les centres de donn\u00e9es et l&rsquo;intelligence artificielle.<\/p>\n<p>\u00ab Toutes les industries d&rsquo;avenir sont d\u00e9j\u00e0 pr\u00e9sentes aujourd&rsquo;hui au Luxembourg \u00bb, a d\u00e9clar\u00e9 la diplomate.<\/p>\n<p>Dans le m\u00eame temps, elle souhaite simplifier l&rsquo;acc\u00e8s des entreprises am\u00e9ricaines au Luxembourg et aider les entreprises du Grand-Duch\u00e9 \u00e0 s&rsquo;implanter et \u00e0 se d\u00e9velopper sur le march\u00e9 am\u00e9ricain.<\/p>\n<p>S\u00e9curit\u00e9 et Charlie Kirk<\/p>\n<p>Sur le sujet de la s\u00e9curit\u00e9, elle s&rsquo;est montr\u00e9e plus r\u00e9serv\u00e9e : lorsqu&rsquo;on lui a demand\u00e9 si les \u00c9tats-Unis d\u00e9fendraient le Luxembourg et l&rsquo;UE en cas d&rsquo;agression directe de la Russie, elle a r\u00e9pondu qu&rsquo;elle ne pouvait que \u00ab sp\u00e9culer \u00bb et n&rsquo;a donc donn\u00e9 aucune garantie.<\/p>\n<p>Elle a toutefois soulign\u00e9 que Trump s&rsquo;attachait \u00e0 r\u00e9soudre rapidement les conflits: \u00ab tout ce que je peux vous dire, c&rsquo;est que le pr\u00e9sident Trump est le pr\u00e9sident de la paix. Il veut mettre fin \u00e0 toutes les guerres, en particulier celle entre l&rsquo;Ukraine et la Russie. \u00bb<\/p>\n<p>Avant de pouvoir prendre ses fonctions au Grand-Duch\u00e9, Stacey Feinberg a d\u00fb \u00eatre entendue par le S\u00e9nat et confirm\u00e9e dans ses fonctions. Elle y avait d\u00e9clar\u00e9 vouloir informer le Luxembourg du danger que repr\u00e9sente la Chine, une d\u00e9claration qui avait suscit\u00e9 des r\u00e9actions de la part de l&rsquo;ambassade de Chine et du ministre des Affaires \u00e9trang\u00e8res Xavier Bettel, qui avait soulign\u00e9 que le Luxembourg n&rsquo;avait pas besoin d&rsquo;\u00eatre \u00ab inform\u00e9 \u00bb.<\/p>\n<p>L&rsquo;ambassadrice a maintenu son message, bien que dans des termes plus prudents. Les \u00c9tats-Unis continueront \u00e0 rechercher le dialogue avec la Chine et conseilleront \u00e0 leurs partenaires de faire de m\u00eame, mais elle met en garde contre les risques dans les domaines de la protection des donn\u00e9es, des infrastructures critiques et de la s\u00e9curit\u00e9 lorsque des acteurs europ\u00e9ens coop\u00e8rent avec des entreprises chinoises.<\/p>\n<p>Stacey Feinberg a \u00e9galement \u00e9voqu\u00e9 sa relation \u00e9troite avec l&rsquo;activiste conservateur Charlie Kirk, fondateur de Turning Point USA, qui a \u00e9t\u00e9 abattu en septembre. Elle a \u00e9t\u00e9 l&rsquo;une des premi\u00e8res \u00e0 soutenir son organisation, qu&rsquo;elle a d\u00e9couverte gr\u00e2ce \u00e0 Donald Trump Jr. et \u00e0 ses propres enfants, qui, selon elle, \u00e9taient soumis \u00e0 des limites id\u00e9ologiques de plus en plus restrictives dans les universit\u00e9s am\u00e9ricaines d&rsquo;\u00e9lite, telles que Harvard et Yale.<\/p>\n<p>Selon Stacey Feinberg, ses dons \u00e9taient motiv\u00e9s par un engagement en faveur de la libert\u00e9 d&rsquo;expression et non par des consid\u00e9rations politiques partisanes: \u00ab on enseignait aux \u00e9tudiants ce qu&rsquo;ils devaient penser, et non comment penser. \u00bb Kirk lui rappelait un philosophe autodidacte qui citait souvent Platon et Aristote et d\u00e9fendait des valeurs telles que la r\u00e8gle d&rsquo;or, la vie de famille et le respect mutuel.<\/p>\n<p>Kirk avait v\u00e9cu comme un \u00ab saint \u00bb et \u00e9tait mort comme un \u00ab martyr \u00bb, et elle sentait que sa pr\u00e9sence continuerait \u00e0 l&rsquo;accompagner ici, au Luxembourg.<br \/>\u00a0Et \u00ab peut-\u00eatre \u00bb Kirk avait-il m\u00eame contribu\u00e9 \u00e0 lui faire obtenir son poste au Luxembourg, selon l&rsquo;ambassadrice.<\/p>\n<p>Malgr\u00e9 son enthousiasme pour le Luxembourg, Stacey Feinberg ne se fait aucune illusion quant \u00e0 la complexit\u00e9 de sa t\u00e2che. Ses objectifs comprennent l&rsquo;am\u00e9lioration des conditions pour les entrepreneurs, un soutien accru aux entreprises dirig\u00e9es par des femmes et le renforcement du commerce bilat\u00e9ral.<\/p>\n<p>Mais en diplomatie, une mission n&rsquo;est jamais consid\u00e9r\u00e9e comme \u00ab achev\u00e9e \u00bb. \u00ab On veut toujours aller plus loin et accomplir davantage \u00bb, dit-elle, une philosophie qui semble compl\u00e8tement correspondre \u00e0 sa propre carri\u00e8re.<\/p>\n<p>Retrouvez l&rsquo;interview de Stacey Feinberg (en anglais) sur RTL T\u00e9l\u00e9:<\/p>\n","protected":false},"excerpt":{"rendered":"Dans un entretien accord\u00e9 \u00e0 RTL, la nouvelle ambassadrice am\u00e9ricaine en dit plus sur son parcours qui l&rsquo;a&hellip;\n","protected":false},"author":2,"featured_media":551470,"comment_status":"","ping_status":"","sticky":false,"template":"","format":"standard","meta":{"footnotes":""},"categories":[1589],"tags":[11,73,1866,12,1864,1865,1863,308],"class_list":{"0":"post-551469","1":"post","2":"type-post","3":"status-publish","4":"format-standard","5":"has-post-thumbnail","7":"category-etats-unis","8":"tag-actualites","9":"tag-etats-unis","10":"tag-etats-unis-damerique","11":"tag-news","12":"tag-united-states","13":"tag-united-states-of-america","14":"tag-us","15":"tag-usa"},"share_on_mastodon":{"url":"https:\/\/pubeurope.com\/@fr\/115593778620900161","error":""},"_links":{"self":[{"href":"https:\/\/www.europesays.com\/fr\/wp-json\/wp\/v2\/posts\/551469","targetHints":{"allow":["GET"]}}],"collection":[{"href":"https:\/\/www.europesays.com\/fr\/wp-json\/wp\/v2\/posts"}],"about":[{"href":"https:\/\/www.europesays.com\/fr\/wp-json\/wp\/v2\/types\/post"}],"author":[{"embeddable":true,"href":"https:\/\/www.europesays.com\/fr\/wp-json\/wp\/v2\/users\/2"}],"replies":[{"embeddable":true,"href":"https:\/\/www.europesays.com\/fr\/wp-json\/wp\/v2\/comments?post=551469"}],"version-history":[{"count":0,"href":"https:\/\/www.europesays.com\/fr\/wp-json\/wp\/v2\/posts\/551469\/revisions"}],"wp:featuredmedia":[{"embeddable":true,"href":"https:\/\/www.europesays.com\/fr\/wp-json\/wp\/v2\/media\/551470"}],"wp:attachment":[{"href":"https:\/\/www.europesays.com\/fr\/wp-json\/wp\/v2\/media?parent=551469"}],"wp:term":[{"taxonomy":"category","embeddable":true,"href":"https:\/\/www.europesays.com\/fr\/wp-json\/wp\/v2\/categories?post=551469"},{"taxonomy":"post_tag","embeddable":true,"href":"https:\/\/www.europesays.com\/fr\/wp-json\/wp\/v2\/tags?post=551469"}],"curies":[{"name":"wp","href":"https:\/\/api.w.org\/{rel}","templated":true}]}}