{"id":551473,"date":"2025-11-22T14:18:17","date_gmt":"2025-11-22T14:18:17","guid":{"rendered":"https:\/\/www.europesays.com\/fr\/551473\/"},"modified":"2025-11-22T14:18:17","modified_gmt":"2025-11-22T14:18:17","slug":"lallemagne-na-plus-le-droit-a-lerreur-en-demi-finale-face-a-lespagne","status":"publish","type":"post","link":"https:\/\/www.europesays.com\/fr\/551473\/","title":{"rendered":"L\u2019Allemagne n\u2019a plus le droit \u00e0 l\u2019erreur en demi-finale face \u00e0 l\u2019Espagne"},"content":{"rendered":"<p>\n    L\u2019Espagne prend l\u2019avantage sur l\u2019Allemagne en demi-finale de Coupe Davis. Pablo Carreno domine Jan-Lennard Struff 6\/4 7\/6.<\/p>\n<p class=\"fig-paragraph\">L\u2019Allemagne dos au mur. L&rsquo;Espagnol Pablo Carreno (89e mondial) a rapproch\u00e9 son pays d&rsquo;une premi\u00e8re finale de\u00a0<a href=\"http:\/\/www.lefigaro.fr\/sports\/tennis\/coupe-davis\/coupe-davis-renversantes-l-espagne-et-l-allemagne-ont-rendez-vous-en-demi-finales-20251122\" target=\"_blank\" data-fig-type=\"NewsFlash\" rel=\"noopener nofollow\" data-gtm-custom-categorie=\"navigation\" data-gtm-custom-action=\"crossclick\" data-gtm-custom-label=\"Contextuel\" data-gtm-event=\"customEventSPE\" data-fig-domain=\"LEFIGARO\">Coupe Davis\u00a0<\/a>depuis 2019 en remportant le premier simple de la demi-finale contre l&rsquo;Allemagne, samedi \u00e0 Bologne.<\/p>\n<p class=\"fig-paragraph\">L&rsquo;ex-10e mondial, vainqueur du Masters 1000 du Canada en 2022, a domin\u00e9 6-4, 7-6 (8\/6) l&rsquo;Allemand Jan-Lennard Struff (84e), qui a vendang\u00e9 cinq balles de set dans la deuxi\u00e8me manche.<\/p>\n<p>                                    <a class=\"fig-a11y-skip a11y-hidden\" href=\"#fig-a11y-skip-main-inarticle\"><br \/>\n        Passer la publicit\u00e9<br \/>\n    <\/a><\/p>\n<p class=\"fig-paragraph\">Priv\u00e9e \u00e0 Bologne du N.1 mondial Carlos Alcaraz, bless\u00e9 \u00e0 la jambe droite, l&rsquo;Espagne n&rsquo;a plus besoin que d&rsquo;une victoire pour rejoindre en finale les doubles tenants du titre italiens, tombeurs vendredi de la Belgique (2-0).<\/p>\n<p class=\"fig-paragraph\">Le second simple, programm\u00e9 dans la foul\u00e9e du premier, doit opposer l&rsquo;Espagnol Jaume Munar (36e) au N.3 mondial Alexander Zverev.<\/p>\n<p class=\"fig-paragraph\">En cas de victoire du Hambourgeois, un double d\u00e9cisif d\u00e9partagera les deux s\u00e9lections.<\/p>\n<p class=\"fig-paragraph\">Le premier match de la journ\u00e9e opposait deux joueurs battus en quarts de finale de la Coupe Davis: Pablo Carreno s&rsquo;\u00e9tait inclin\u00e9 jeudi contre le Tch\u00e8que Jakub Mensik (19e) et Jan-Lennard Struff avait perdu quelques heures plus tard contre l&rsquo;Argentin Tomas Martin Etcheverry (60e).<\/p>\n<p class=\"fig-paragraph\">Comme contre l&rsquo;Argentine, Struff a mieux entam\u00e9 le match que son adversaire et a break\u00e9 d\u00e8s le troisi\u00e8me jeu pour mener 2-1.<\/p>\n<p>                                    <a class=\"fig-a11y-skip a11y-hidden\" href=\"#fig-a11y-skip-main-inarticle_mtf\"><br \/>\n        Passer la publicit\u00e9<br \/>\n    <\/a><\/p>\n<p class=\"fig-paragraph\">Mais Carreno a imm\u00e9diatement r\u00e9pliqu\u00e9 (2-2), avant de convertir sa seule autre balle de break de la manche \u00e0 5-4 pour empocher le premier set.<\/p>\n<p class=\"fig-paragraph\">Ex-21e mondial, Struff a cruellement manqu\u00e9 de r\u00e9alisme dans la deuxi\u00e8me manche, \u00e9chouant d&rsquo;abord \u00e0 convertir deux balles de break avant de gaspiller une avance de six points \u00e0 un dans le tie-break.<\/p>\n<p class=\"fig-paragraph\">D\u00e9j\u00e0 en position de finir la partie \u00e0 5-4 sur le service de l&rsquo;Allemand (3 balles de match manqu\u00e9es), Carreno a finalement triomph\u00e9 sur une \u00e9ni\u00e8me faute directe de Struff, vaincu en 1h44 apr\u00e8s avoir perdu les sept derniers points du jeu d\u00e9cisif.<\/p>\n","protected":false},"excerpt":{"rendered":"L\u2019Espagne prend l\u2019avantage sur l\u2019Allemagne en demi-finale de Coupe Davis. Pablo Carreno domine Jan-Lennard Struff 6\/4 7\/6. L\u2019Allemagne&hellip;\n","protected":false},"author":2,"featured_media":551474,"comment_status":"","ping_status":"","sticky":false,"template":"","format":"standard","meta":{"footnotes":""},"categories":[1587],"tags":[11,5827,672,1804,1805,1803,123,1777,674,1801,12,1802],"class_list":{"0":"post-551473","1":"post","2":"type-post","3":"status-publish","4":"format-standard","5":"has-post-thumbnail","7":"category-allemagne","8":"tag-actualites","9":"tag-alexander-zverev","10":"tag-allemagne","11":"tag-bundesrepublik-deutschland","12":"tag-de","13":"tag-deutschland","14":"tag-espagne","15":"tag-eu","16":"tag-europe","17":"tag-germany","18":"tag-news","19":"tag-republique-federale-dallemagne"},"share_on_mastodon":{"url":"https:\/\/pubeurope.com\/@fr\/115593786527991439","error":""},"_links":{"self":[{"href":"https:\/\/www.europesays.com\/fr\/wp-json\/wp\/v2\/posts\/551473","targetHints":{"allow":["GET"]}}],"collection":[{"href":"https:\/\/www.europesays.com\/fr\/wp-json\/wp\/v2\/posts"}],"about":[{"href":"https:\/\/www.europesays.com\/fr\/wp-json\/wp\/v2\/types\/post"}],"author":[{"embeddable":true,"href":"https:\/\/www.europesays.com\/fr\/wp-json\/wp\/v2\/users\/2"}],"replies":[{"embeddable":true,"href":"https:\/\/www.europesays.com\/fr\/wp-json\/wp\/v2\/comments?post=551473"}],"version-history":[{"count":0,"href":"https:\/\/www.europesays.com\/fr\/wp-json\/wp\/v2\/posts\/551473\/revisions"}],"wp:featuredmedia":[{"embeddable":true,"href":"https:\/\/www.europesays.com\/fr\/wp-json\/wp\/v2\/media\/551474"}],"wp:attachment":[{"href":"https:\/\/www.europesays.com\/fr\/wp-json\/wp\/v2\/media?parent=551473"}],"wp:term":[{"taxonomy":"category","embeddable":true,"href":"https:\/\/www.europesays.com\/fr\/wp-json\/wp\/v2\/categories?post=551473"},{"taxonomy":"post_tag","embeddable":true,"href":"https:\/\/www.europesays.com\/fr\/wp-json\/wp\/v2\/tags?post=551473"}],"curies":[{"name":"wp","href":"https:\/\/api.w.org\/{rel}","templated":true}]}}