{"id":551475,"date":"2025-11-22T14:19:14","date_gmt":"2025-11-22T14:19:14","guid":{"rendered":"https:\/\/www.europesays.com\/fr\/551475\/"},"modified":"2025-11-22T14:19:14","modified_gmt":"2025-11-22T14:19:14","slug":"pour-eviter-de-senfermer-dans-un-cercle-vicieux-christine-lagarde-exhorte-leurope-a-investir-pour-soutenir-la-croissance","status":"publish","type":"post","link":"https:\/\/www.europesays.com\/fr\/551475\/","title":{"rendered":"Pour \u00e9viter de s&rsquo;enfermer dans un \u00ab\u00a0cercle vicieux\u00a0\u00bb, Christine Lagarde exhorte l\u2019Europe \u00e0 investir pour \u00ab\u00a0soutenir la croissance\u00a0\u00bb"},"content":{"rendered":"<p>La pr\u00e9sidente de la Banque centrale europ\u00e9enne incite les pays membres de la zone euro \u00e0 r\u00e9orienter les d\u00e9penses publiques vers l&rsquo;\u00e9ducation, la recherche et l&rsquo;investissement productif. \u00c0 d\u00e9faut, l&rsquo;Europe risque de s&rsquo;enfermer dans une spirale de \u00ab\u00a0stagnation budg\u00e9taire\u00a0\u00bb.<\/p>\n<p>La pr\u00e9sidente de la Banque centrale europ\u00e9enne Christine Lagarde a appel\u00e9 les pays de la zone euro \u00e0 mieux combiner r\u00e9duction de la dette et investissements productifs, mettant en garde contre le risque de \u00ab\u00a0stagnation budg\u00e9taire\u00a0\u00bb. \u00ab\u00a0Les niveaux d&rsquo;endettement public dans la zone euro restent \u00e9lev\u00e9s et doivent diminuer\u00a0\u00bb, a d\u00e9clar\u00e9 Christine Lagarde ce samedi 22 novembre lors d&rsquo;un discours \u00e0 Vienne, en Autriche, au moment o\u00f9 la France semble en <a href=\"https:\/\/www.bfmtv.com\/economie\/economie-social\/finances-publiques\/49-3-loi-speciale-compromis-apres-le-rejet-historique-du-budget-par-l-assemblee-quelles-options-pour-le-gouvernement_AV-202511220206.html\" title=\"49.3, loi sp\u00e9ciale, compromis\u2026 Apr\u00e8s le rejet historique du budget par l\u2019Assembl\u00e9e, quelles options pour le gouvernement?\" class=\"internal_link\" rel=\"nofollow noopener\" target=\"_blank\">grande difficult\u00e9 pour avoir un budget en 2026<\/a>.<\/p>\n<blockquote class=\"embed embed_quote\"><p>Selon elle, le principal d\u00e9fi \u00ab\u00a0n&rsquo;est pas que les gouvernements ne respectent g\u00e9n\u00e9ralement pas les r\u00e8gles budg\u00e9taires\u00a0\u00bb, mais qu&rsquo;ils doivent \u00ab\u00a0accorder davantage d&rsquo;importance aux d\u00e9penses qui soutiennent la croissance potentielle et les priorit\u00e9s strat\u00e9giques essentielles, tout en assainissant leurs finances publiques\u00a0\u00bb.<\/p><\/blockquote>\n<p>Aujourd&rsquo;hui, seuls une poign\u00e9e de pays au sein de la zone euro, dont la France et l&rsquo;Italie, exploitent la possibilit\u00e9, offerte par les textes europ\u00e9ens, d&rsquo;\u00e9tendre jusqu&rsquo;\u00e0 sept ans la p\u00e9riode d&rsquo;ajustement budg\u00e9taire \u00e0 condition d&rsquo;investir dans des r\u00e9formes structurelles et dans des <a href=\"https:\/\/www.bfmtv.com\/economie\/international\/une-croissance-lente-et-mediocre-le-fmi-constate-que-les-europeens-gagnent-moins-que-les-americains-et-appelle-l-ue-a-avancer-ver-les-etats-unis-d-europe_AD-202511130641.html\" title=\"&quot;Une croissance lente et m\u00e9diocre&quot;: le FMI constate que les Europ\u00e9ens gagnent moins que les Am\u00e9ricains et appelle l&#039;UE \u00e0 avancer vers les &quot;Etats-Unis d&#039;Europe&quot;\" class=\"internal_link\" rel=\"nofollow noopener\" target=\"_blank\">projets renfor\u00e7ant la productivit\u00e9<\/a>, selon la banqui\u00e8re centrale. La priorit\u00e9 donn\u00e9e plus souvent aux d\u00e9penses courantes s&rsquo;explique par \u00ab\u00a0la pression de pr\u00e9server le mod\u00e8le social europ\u00e9en et de soutenir \u00e0 court terme les soci\u00e9t\u00e9s vieillissantes\u00a0\u00bb, a-t-elle soulign\u00e9.<\/p>\n<p>Mutualiser certaines d\u00e9penses<\/p>\n<p>\u00c0 l&rsquo;inverse, un manque d&rsquo;investissement peut provoquer une \u00ab\u00a0stagnation budg\u00e9taire\u00a0\u00bb, o\u00f9 les mesures d&rsquo;assainissement affaiblissent la croissance, n\u00e9cessitant encore plus d&rsquo;aust\u00e9rit\u00e9 budg\u00e9taire, un \u00ab\u00a0cercle vicieux\u00a0\u00bb selon l&rsquo;ancienne directrice du FMI. Pour \u00e9viter cet \u00e9cueil, il faudrait mieux utiliser la flexibilit\u00e9 des r\u00e8gles fiscales europ\u00e9enne en r\u00e9orientant les d\u00e9penses vers l&rsquo;\u00e9ducation, la recherche et l&rsquo;investissement productif.<\/p>\n<p>Autre piste sugg\u00e9r\u00e9e par Christine Lagarde, mutualiser certaines d\u00e9penses strat\u00e9giques au niveau europ\u00e9en, notamment dans la recherche et le d\u00e9veloppement, favorisant l&rsquo;innovation, et la d\u00e9fense, pour \u00ab\u00a0dissuader les acteurs hostiles\u00a0\u00bb. Un exemple r\u00e9cent vient du plan lanc\u00e9 par la Commission europ\u00e9enne visant \u00e0 mobiliser dans l&rsquo;UE <a href=\"https:\/\/www.bfmtv.com\/economie\/entreprises\/defense\/l-eurogroupe-va-discuter-d-emprunt-commun-et-de-financements-pour-la-defense_AV-202503100116.html\" title=\"L&#039;Eurogroupe va discuter d&#039;emprunt commun et de financements pour la d\u00e9fense\" class=\"internal_link\" rel=\"nofollow noopener\" target=\"_blank\">150 milliards d&rsquo;euros pour des capacit\u00e9s paneurop\u00e9ennes<\/a> comme la d\u00e9fense a\u00e9rienne, l&rsquo;artillerie et les syst\u00e8mes anti-drones.<\/p>\n<p>Enfin, il s&rsquo;agit d'\u00a0\u00bbutiliser les instruments budg\u00e9taires europ\u00e9ens afin de mobiliser des capitaux priv\u00e9s\u00a0\u00bb n\u00e9cessaires pour financer les efforts dans le climat, le num\u00e9rique et la d\u00e9fense, avec des besoins estim\u00e9s \u00e0 plus de 1.200 milliards d&rsquo;euros par an d&rsquo;ici 2031.<\/p>\n","protected":false},"excerpt":{"rendered":"La pr\u00e9sidente de la Banque centrale europ\u00e9enne incite les pays membres de la zone euro \u00e0 r\u00e9orienter les&hellip;\n","protected":false},"author":2,"featured_media":446154,"comment_status":"","ping_status":"","sticky":false,"template":"","format":"standard","meta":{"footnotes":""},"categories":[1586],"tags":[11,1777,674,1011,27,12,25],"class_list":{"0":"post-551475","1":"post","2":"type-post","3":"status-publish","4":"format-standard","5":"has-post-thumbnail","7":"category-europe","8":"tag-actualites","9":"tag-eu","10":"tag-europe","11":"tag-fr","12":"tag-france","13":"tag-news","14":"tag-republique-francaise"},"share_on_mastodon":{"url":"https:\/\/pubeurope.com\/@fr\/115593790427358464","error":""},"_links":{"self":[{"href":"https:\/\/www.europesays.com\/fr\/wp-json\/wp\/v2\/posts\/551475","targetHints":{"allow":["GET"]}}],"collection":[{"href":"https:\/\/www.europesays.com\/fr\/wp-json\/wp\/v2\/posts"}],"about":[{"href":"https:\/\/www.europesays.com\/fr\/wp-json\/wp\/v2\/types\/post"}],"author":[{"embeddable":true,"href":"https:\/\/www.europesays.com\/fr\/wp-json\/wp\/v2\/users\/2"}],"replies":[{"embeddable":true,"href":"https:\/\/www.europesays.com\/fr\/wp-json\/wp\/v2\/comments?post=551475"}],"version-history":[{"count":0,"href":"https:\/\/www.europesays.com\/fr\/wp-json\/wp\/v2\/posts\/551475\/revisions"}],"wp:featuredmedia":[{"embeddable":true,"href":"https:\/\/www.europesays.com\/fr\/wp-json\/wp\/v2\/media\/446154"}],"wp:attachment":[{"href":"https:\/\/www.europesays.com\/fr\/wp-json\/wp\/v2\/media?parent=551475"}],"wp:term":[{"taxonomy":"category","embeddable":true,"href":"https:\/\/www.europesays.com\/fr\/wp-json\/wp\/v2\/categories?post=551475"},{"taxonomy":"post_tag","embeddable":true,"href":"https:\/\/www.europesays.com\/fr\/wp-json\/wp\/v2\/tags?post=551475"}],"curies":[{"name":"wp","href":"https:\/\/api.w.org\/{rel}","templated":true}]}}