{"id":551476,"date":"2025-11-22T14:20:23","date_gmt":"2025-11-22T14:20:23","guid":{"rendered":"https:\/\/www.europesays.com\/fr\/551476\/"},"modified":"2025-11-22T14:20:23","modified_gmt":"2025-11-22T14:20:23","slug":"cop30-accord-de-principe-sur-le-climat-au-bresil-sources-22-11-2025-a-1516","status":"publish","type":"post","link":"https:\/\/www.europesays.com\/fr\/551476\/","title":{"rendered":"COP30-Accord de principe sur le climat au Br\u00e9sil &#8211; sources &#8211; 22\/11\/2025 \u00e0 15:16"},"content":{"rendered":"<p>\n (Actualis\u00e9 avec accord de principe)\n<\/p>\n<p>\n Les<br \/>\nn\u00e9gociations sur le climat de la COP30 au Br\u00e9sil ont d\u00e9bouch\u00e9<br \/>\nsur un accord de principe, ont rapport\u00e9 samedi \u00e0 Reuters des<br \/>\nsources, les diff\u00e9rentes d\u00e9l\u00e9gations \u00e9tant parvenues \u00e0 r\u00e9soudre<br \/>\nun diff\u00e9rend de deux semaines sur l&rsquo;\u00e9quilibre \u00e0 trouver entre<br \/>\nles mesures visant \u00e0 r\u00e9duire les \u00e9missions de gaz \u00e0 effet de<br \/>\nserre et le financement de la lutte contre le changement<br \/>\nclimatique.\n<\/p>\n<p>\n Le sommet climatique de l&rsquo;Onu, qui se tient \u00e0 Bel\u00e9m, en<br \/>\nAmazonie, devait s&rsquo;achever vendredi soir, mais les discussions<br \/>\nont \u00e9t\u00e9 prolong\u00e9es jusque tard dans la nuit pour sortir de<br \/>\nl&rsquo;impasse.\n<\/p>\n<p>\n Selon des sources, le texte final de l&rsquo;accord n&rsquo;a pas encore<br \/>\n\u00e9t\u00e9 publi\u00e9 et on ignore pour le moment les d\u00e9tails du compromis<br \/>\ntrouv\u00e9.\n<\/p>\n<p>\n L&rsquo;Union europ\u00e9enne a accept\u00e9 de ne pas \u00eatre un obstacle \u00e0 un<br \/>\n\u00e9ventuel accord, ont indiqu\u00e9 samedi \u00e0 Reuters deux sources<br \/>\nproches du dossier. La pr\u00e9sidence br\u00e9silienne a programm\u00e9 une<br \/>\ns\u00e9ance pl\u00e9ni\u00e8re de cl\u00f4ture de la conf\u00e9rence \u00e0 11 h, heure locale<br \/>\n(14h GMT). Il faudra un consensus pour d\u00e9gager \u00e0 un accord.\n<\/p>\n<p>\n Le Br\u00e9sil a pr\u00e9sent\u00e9 ce sommet comme un moment d\u00e9cisif pour<br \/>\nla coop\u00e9ration climatique dans le monde, exhortant les pays \u00e0<br \/>\nsurmonter leurs divergences sur des dossiers comme la sortie des<br \/>\n\u00e9nergies fossiles et \u00e0 faire passer le message qu&rsquo;une action<br \/>\nmondiale concert\u00e9e est la meilleure voie \u00e0 suivre.\n<\/p>\n<p>\n \u00ab\u00a0Ce programme ne peut pas \u00eatre un sujet de division\u00a0\u00bb, a<br \/>\nd\u00e9clar\u00e9 le pr\u00e9sident de la COP30, Andr\u00e9 Corr\u00eaa do Lago, aux<br \/>\nd\u00e9l\u00e9gu\u00e9s lors d&rsquo;une s\u00e9ance pl\u00e9ni\u00e8re publique avant de les<br \/>\nlib\u00e9rer pour de nouvelles n\u00e9gociations.\n<\/p>\n<p>\n \u00ab\u00a0Nous devons parvenir \u00e0 un accord entre nous\u00a0\u00bb, a-t-il<br \/>\najout\u00e9.\n<\/p>\n<p>\n Plusieurs pays \u00e9mergents souhaitent que l&rsquo;Union europ\u00e9enne<br \/>\ns&rsquo;engage \u00e0 fournir davantage de financements pour aider les<br \/>\nnations les plus pauvres \u00e0 faire face au changement climatique.\n<\/p>\n<p>\n \u00ab\u00a0On ne peut pas se contenter d&rsquo;une seule voie. S&rsquo;il existe<br \/>\nune voie pour les combustibles fossiles, il doit \u00e9galement<br \/>\nexister une voie pour le financement climatique\u00a0\u00bb, a d\u00e9clar\u00e9 un<br \/>\nn\u00e9gociateur d&rsquo;un pays en d\u00e9veloppement, qui a requis l&rsquo;anonymat.\n<\/p>\n<p>\n Les divergences concernant les \u00e9nergies fossiles, la<br \/>\nr\u00e9duction plus rapide des \u00e9missions de CO2 et le financement ont<br \/>\nmis en \u00e9vidence la difficult\u00e9 de parvenir \u00e0 un consensus, un<br \/>\ntest de la d\u00e9termination du monde \u00e0 \u00e9viter les pires<br \/>\ncons\u00e9quences du r\u00e9chauffement climatique.\n<\/p>\n<p>\n Un projet d&rsquo;accord, publi\u00e9 par le Br\u00e9sil vendredi avant<br \/>\nl&rsquo;aube, ne faisait aucune mention des \u00e9nergies fossiles,<br \/>\nabandonnant ainsi toute une s\u00e9rie de possibilit\u00e9s sur le sujet<br \/>\nqui figuraient dans une version pr\u00e9c\u00e9dente.\n<\/p>\n<p>\n Des dizaines de pays, dont d&rsquo;importants pays producteurs de<br \/>\np\u00e9trole et de gaz, s&rsquo;\u00e9taient oppos\u00e9s \u00e0 ces possibilit\u00e9s.\n<\/p>\n<p>\n Auparavant, quelque 80 Etats exigeaient jsuqu&rsquo;ici que la<br \/>\nCOP30 propose un plan de transition \u00e9nerg\u00e9tique visant \u00e0<br \/>\nabandonner les \u00e9nergies fossiles. Mais vendredi soir, nombre de<br \/>\nces Etats ont indiqu\u00e9, lors de discussions \u00e0 huis clos, qu&rsquo;ils<br \/>\naccepteraient un accord sans ce volet, ont d\u00e9clar\u00e9 les<br \/>\nn\u00e9gociateurs.\n<\/p>\n<p>\n ENGAGEMENT SUR LES \u00c9NERGIES FOSSILES\n<\/p>\n<p>\n La combustion des \u00e9nergies fossiles \u00e9met des gaz \u00e0 effet de<br \/>\nserre qui sont de loin les principaux responsables du<br \/>\nr\u00e9chauffement climatique.\n<\/p>\n<p>\n L&rsquo;UE, forte de ses 27 membres, avait jug\u00e9 vendredi le texte<br \/>\ninsuffisant.\n<\/p>\n<p>\n \u00ab\u00a0Nous n&rsquo;accepterons cela en aucun cas\u00a0\u00bb, avait d\u00e9clar\u00e9 le<br \/>\ncommissaire europ\u00e9enne au climat, Wopke Hoekstra, cit\u00e9 dans un<br \/>\ncommuniqu\u00e9.\n<\/p>\n<p>\n Mais samedi, deux sources ont rapport\u00e9 \u00e0 Reuters que l&rsquo;Union<br \/>\neurop\u00e9enne \u00e9tait pr\u00eate \u00e0 accepter un accord sur l&rsquo;issue des<br \/>\nn\u00e9gociations au Br\u00e9sil.\n<\/p>\n<p>\n \u00ab\u00a0Ce plan manque d&rsquo;ambition et d&rsquo;\u00e9quilibre, mais nous ne nous<br \/>\ny opposerons pas\u00a0\u00bb, a d\u00e9clar\u00e9 un n\u00e9gociateur de l&rsquo;UE, selon les<br \/>\nsources.\n<\/p>\n<p>\n \u00ab\u00a0Car il permettra de d\u00e9gager des fonds indispensables \u00e0<br \/>\nl&rsquo;adaptation des populations les plus pauvres et les plus<br \/>\nvuln\u00e9rables\u00a0\u00bb, a-t-il ajout\u00e9.\n<\/p>\n<p>\n Une partie du projet d&rsquo;accord final propos\u00e9, consult\u00e9<br \/>\nsamedi par Reuters, pr\u00e9voit des efforts mondiaux pour tripler<br \/>\nles financements disponibles pour aider les pays en<br \/>\nd\u00e9veloppement \u00e0 s&rsquo;adapter au changement climatique d&rsquo;ici 2035.\n<\/p>\n<p>\n Le projet laisse \u00e9galement entrevoir la possibilit\u00e9 de<br \/>\ns&rsquo;entendre sur un \u00ab\u00a0acc\u00e9l\u00e9rateur mondial de mise en \u0153uvre\u00a0\u00bb<br \/>\nvolontaire, dans lequel les pays pourraient discuter de la<br \/>\nmani\u00e8re de faire avancer leurs initiatives de r\u00e9duction des<br \/>\n\u00e9missions.\n<\/p>\n<p>\n Par ailleurs, le Br\u00e9sil compte pr\u00e9senter un texte parall\u00e8le<br \/>\nsur les \u00e9nergies fossiles en dehors de l&rsquo;accord de la COP30, ont<br \/>\nrapport\u00e9 \u00e0 Reuters d&rsquo;autres sources.\n<\/p>\n<p>\n Elles n&rsquo;ont pas pr\u00e9cis\u00e9 si le Br\u00e9sil publierait lui-m\u00eame<br \/>\ncette d\u00e9claration sur les \u00e9nergies fossiles ou si d&rsquo;autres pays<br \/>\navaient apport\u00e9 leur soutien au texte.\n<\/p>\n<p>\n (Reportage William James, avec la contribution de Lisandra<br \/>\nParaguassu et Kate Abnett, version fran\u00e7aise Claude Chendjou)<\/p>\n","protected":false},"excerpt":{"rendered":"(Actualis\u00e9 avec accord de principe) Les n\u00e9gociations sur le climat de la COP30 au Br\u00e9sil ont d\u00e9bouch\u00e9 sur&hellip;\n","protected":false},"author":2,"featured_media":2486,"comment_status":"","ping_status":"","sticky":false,"template":"","format":"standard","meta":{"footnotes":""},"categories":[1586],"tags":[400,11,398,408,405,1777,674,1779,1011,27,403,402,399,404,12,25,401,406,1778,364,407],"class_list":{"0":"post-551476","1":"post","2":"type-post","3":"status-publish","4":"format-standard","5":"has-post-thumbnail","7":"category-europe","8":"tag-action-cac-40","9":"tag-actualites","10":"tag-bourse-de-paris","11":"tag-boursorama","12":"tag-cotations","13":"tag-eu","14":"tag-europe","15":"tag-european-union","16":"tag-fr","17":"tag-france","18":"tag-indices-devises","19":"tag-investir","20":"tag-investissement","21":"tag-marche-boursier","22":"tag-news","23":"tag-republique-francaise","24":"tag-sicav","25":"tag-trackers","26":"tag-ue","27":"tag-union-europeenne","28":"tag-warrants"},"share_on_mastodon":{"url":"https:\/\/pubeurope.com\/@fr\/115593794438722732","error":""},"_links":{"self":[{"href":"https:\/\/www.europesays.com\/fr\/wp-json\/wp\/v2\/posts\/551476","targetHints":{"allow":["GET"]}}],"collection":[{"href":"https:\/\/www.europesays.com\/fr\/wp-json\/wp\/v2\/posts"}],"about":[{"href":"https:\/\/www.europesays.com\/fr\/wp-json\/wp\/v2\/types\/post"}],"author":[{"embeddable":true,"href":"https:\/\/www.europesays.com\/fr\/wp-json\/wp\/v2\/users\/2"}],"replies":[{"embeddable":true,"href":"https:\/\/www.europesays.com\/fr\/wp-json\/wp\/v2\/comments?post=551476"}],"version-history":[{"count":0,"href":"https:\/\/www.europesays.com\/fr\/wp-json\/wp\/v2\/posts\/551476\/revisions"}],"wp:featuredmedia":[{"embeddable":true,"href":"https:\/\/www.europesays.com\/fr\/wp-json\/wp\/v2\/media\/2486"}],"wp:attachment":[{"href":"https:\/\/www.europesays.com\/fr\/wp-json\/wp\/v2\/media?parent=551476"}],"wp:term":[{"taxonomy":"category","embeddable":true,"href":"https:\/\/www.europesays.com\/fr\/wp-json\/wp\/v2\/categories?post=551476"},{"taxonomy":"post_tag","embeddable":true,"href":"https:\/\/www.europesays.com\/fr\/wp-json\/wp\/v2\/tags?post=551476"}],"curies":[{"name":"wp","href":"https:\/\/api.w.org\/{rel}","templated":true}]}}