{"id":551479,"date":"2025-11-22T14:22:15","date_gmt":"2025-11-22T14:22:15","guid":{"rendered":"https:\/\/www.europesays.com\/fr\/551479\/"},"modified":"2025-11-22T14:22:15","modified_gmt":"2025-11-22T14:22:15","slug":"lancien-president-jair-bolsonaro-arrete-et-envoye-en-prison","status":"publish","type":"post","link":"https:\/\/www.europesays.com\/fr\/551479\/","title":{"rendered":"L\u2019ancien pr\u00e9sident Jair Bolsonaro arr\u00eat\u00e9 et envoy\u00e9 en prison"},"content":{"rendered":"<p>Direction la case prison pour Jair Bolsonaro. <a href=\"https:\/\/www.20minutes.fr\/monde\/4172635-20250911-bresil-ancien-president-bolsonaro-point-etre-condamne-tentative-coup-etat\" class=\"c-link c-link--is-underlined\" target=\"_blank\" rel=\"noopener\">Condamn\u00e9 \u00e0 27 ans de prison<\/a> pour tentative de coup d\u2019\u00c9tat, l\u2019ancien pr\u00e9sident br\u00e9silien a \u00e9t\u00e9 plac\u00e9 ce samedi en d\u00e9tention provisoire, a-t-on appris aupr\u00e8s de son avocat et de source proche du dossier. \u00ab\u00a0Il a \u00e9t\u00e9 fait prisonnier, mais je ne sais pas pourquoi\u00a0\u00bb, a d\u00e9clar\u00e9 \u00e0 l\u2019AFP Celso Vilardi, l\u2019un de ses avocats.<\/p>\n<p>Depuis des jours, Jair Bolsonaro se sait menac\u00e9 d\u2019une incarc\u00e9ration imminente pour commencer \u00e0 purger sa peine. Dans un communiqu\u00e9 lapidaire, la police f\u00e9d\u00e9rale indique de son c\u00f4t\u00e9 avoir ex\u00e9cut\u00e9 un mandat de d\u00e9tention provisoire en application d\u2019une d\u00e9cision de la Cour supr\u00eame.<\/p>\n<p>Un \u00ab risque \u00e9lev\u00e9 de fuite \u00bb<\/p>\n<p>Le placement samedi en d\u00e9tention provisoire de Jair Bolsonaro a \u00e9t\u00e9 d\u00e9cid\u00e9 en raison d&rsquo;un \u00ab risque \u00e9lev\u00e9 de fuite \u00bb de l&rsquo;ancien pr\u00e9sident br\u00e9silien d&rsquo;extr\u00eame droite, a indiqu\u00e9 un juge de la Cour supr\u00eame dans sa d\u00e9cision consult\u00e9e par l&rsquo;AFP.<\/p>\n<p>Assign\u00e9 \u00e0 r\u00e9sidence chez lui \u00e0 Brasilia depuis ao\u00fbt, Jair Bolsonaro, condamn\u00e9 \u00e0 27 ans de prison pour tentative de coup d&rsquo;Etat, a tent\u00e9 de \u00ab casser \u00bb son bracelet \u00e9lectronique dans l&rsquo;espoir de fuir \u00e0 la faveur d&rsquo;une manifestation pr\u00e9vue samedi en fin de journ\u00e9e par ses partisans pr\u00e8s de son domicile, selon le juge Alexandre de Moraes. Il \u00e9voque un \u00ab risque \u00e9lev\u00e9 de fuite \u00bb. <\/p>\n<p>\u00ab Garantir l\u2019ordre public \u00bb<\/p>\n<p>Son placement en d\u00e9tention provisoire r\u00e9pond est destin\u00e9 \u00e0 \u00ab\u00a0garantir l\u2019ordre public\u00a0\u00bb, selon une source proche du dossier. Cette derni\u00e8re \u00e9voque notamment l\u2019appel \u00e0 un rassemblement, une veill\u00e9e de pri\u00e8re \u00e9tant pr\u00e9vue ce samedi par ses partisans devant la r\u00e9sidence de l\u2019ancien pr\u00e9sident \u00e0 Brasilia, et \u00ab\u00a0les risques pour autrui et pour le d\u00e9tenu lui-m\u00eame.\u00a0\u00bb <\/p>\n<p>Vendredi, la d\u00e9fense de Jair Bolsonaro avait demand\u00e9 \u00e0 la justice qu\u2019il purge chez lui sa peine, <a href=\"https:\/\/www.20minutes.fr\/monde\/4173760-20250917-bresil-hospitalise-apres-malaise-jair-bolsonaro-atteint-cancer\" class=\"c-link c-link--is-underlined\" target=\"_blank\" rel=\"noopener\">en invoquant ses probl\u00e8mes de sant\u00e9<\/a>. L\u2019ancien pr\u00e9sident d\u2019extr\u00eame droite qui a dirig\u00e9 le Br\u00e9sil de\u00a02019 \u00e0\u00a02022 \u00e9tait assign\u00e9 \u00e0 r\u00e9sidence depuis ao\u00fbt. Son appel a \u00e9t\u00e9 rejet\u00e9 par la Cour supr\u00eame. <\/p>\n<\/p>\n<p>Il avait \u00e9t\u00e9 d\u00e9clar\u00e9 coupable le 11\u00a0septembre d\u2019avoir \u00e9t\u00e9 le chef d\u2019une \u00ab\u00a0organisation criminelle\u00a0\u00bb ayant conspir\u00e9 pour assurer son \u00ab\u00a0maintien autoritaire au pouvoir\u00a0\u00bb apr\u00e8s la victoire de son rival de gauche,<a href=\"https:\/\/www.20minutes.fr\/dossier\/lula\" class=\"c-link c-link--is-underlined\" target=\"_blank\" rel=\"noopener\"> Luiz Inacio Lula da Silva<\/a>, lors du scrutin d\u2019octobre\u00a02022. La Cour supr\u00eame a formellement rejet\u00e9 la semaine derni\u00e8re l\u2019appel interjet\u00e9 par Jair Bolsonaro de sa condamnation.<\/p>\n","protected":false},"excerpt":{"rendered":"Direction la case prison pour Jair Bolsonaro. Condamn\u00e9 \u00e0 27 ans de prison pour tentative de coup d\u2019\u00c9tat,&hellip;\n","protected":false},"author":2,"featured_media":551480,"comment_status":"","ping_status":"","sticky":false,"template":"","format":"standard","meta":{"footnotes":""},"categories":[2],"tags":[47,11,2548,34231,1011,27,35977,19363,74,12,4919,806,25],"class_list":{"0":"post-551479","1":"post","2":"type-post","3":"status-publish","4":"format-standard","5":"has-post-thumbnail","7":"category-actualites","8":"tag-actualite","9":"tag-actualites","10":"tag-bresil","11":"tag-coup-detat","12":"tag-fr","13":"tag-france","14":"tag-jair-bolsonaro","15":"tag-lula","16":"tag-monde","17":"tag-news","18":"tag-president","19":"tag-prison","20":"tag-republique-francaise"},"share_on_mastodon":{"url":"https:\/\/pubeurope.com\/@fr\/115593802241683720","error":""},"_links":{"self":[{"href":"https:\/\/www.europesays.com\/fr\/wp-json\/wp\/v2\/posts\/551479","targetHints":{"allow":["GET"]}}],"collection":[{"href":"https:\/\/www.europesays.com\/fr\/wp-json\/wp\/v2\/posts"}],"about":[{"href":"https:\/\/www.europesays.com\/fr\/wp-json\/wp\/v2\/types\/post"}],"author":[{"embeddable":true,"href":"https:\/\/www.europesays.com\/fr\/wp-json\/wp\/v2\/users\/2"}],"replies":[{"embeddable":true,"href":"https:\/\/www.europesays.com\/fr\/wp-json\/wp\/v2\/comments?post=551479"}],"version-history":[{"count":0,"href":"https:\/\/www.europesays.com\/fr\/wp-json\/wp\/v2\/posts\/551479\/revisions"}],"wp:featuredmedia":[{"embeddable":true,"href":"https:\/\/www.europesays.com\/fr\/wp-json\/wp\/v2\/media\/551480"}],"wp:attachment":[{"href":"https:\/\/www.europesays.com\/fr\/wp-json\/wp\/v2\/media?parent=551479"}],"wp:term":[{"taxonomy":"category","embeddable":true,"href":"https:\/\/www.europesays.com\/fr\/wp-json\/wp\/v2\/categories?post=551479"},{"taxonomy":"post_tag","embeddable":true,"href":"https:\/\/www.europesays.com\/fr\/wp-json\/wp\/v2\/tags?post=551479"}],"curies":[{"name":"wp","href":"https:\/\/api.w.org\/{rel}","templated":true}]}}