{"id":551481,"date":"2025-11-22T14:23:15","date_gmt":"2025-11-22T14:23:15","guid":{"rendered":"https:\/\/www.europesays.com\/fr\/551481\/"},"modified":"2025-11-22T14:23:15","modified_gmt":"2025-11-22T14:23:15","slug":"eve-gilles-miss-france-2024-reagit-a-son-classement-au-concours-miss-univers-2025","status":"publish","type":"post","link":"https:\/\/www.europesays.com\/fr\/551481\/","title":{"rendered":"\u00c8ve Gilles, Miss France 2024, r\u00e9agit \u00e0 son classement au concours Miss univers 2025"},"content":{"rendered":"<p class=\"article-p mdl\">La France derri\u00e8re. La couronne de Miss Univers a \u00e9t\u00e9 remport\u00e9e par Miss Mexique,\u00a0<a class=\"link\" href=\"https:\/\/www.rtl.fr\/culture\/medias-people\/miss-univers-2025-les-plus-belles-photos-de-la-gagnante-la-miss-mexique-fatima-bosch-7900569164\" title=\"Miss Univers 2025 : les plus belles photos de la gagnante, la Miss Mexique Fatima Bosch\" target=\"_blank\" rel=\"noopener\">Fatima Bosch<\/a>\u00a0\u00e2g\u00e9e de 25 ans, dans la nuit de jeudi 20 au vendredi 21 novembre \u00e0 Bangkok, en Tha\u00eflande. La Miss France 2024 \u00c8ve Gilles, qui repr\u00e9sentait la France m\u00e9tropolitaine, <strong>r\u00e9alise une belle performance en int\u00e9grant le top 30<\/strong>. La jeune femme de 22 ans a publi\u00e9 un post Instagram dans lequel elle revient sur son classement, ce samedi 22 novembre.<\/p>\n<p class=\"article-p mdl\">\u00ab\u00a0Merci pour cette aventure ! C\u2019est un clap de fin pour cette aventure Miss Univers. Je suis tr\u00e8s fi\u00e8re d\u2019avoir repr\u00e9sent\u00e9e la France (\u2026) Je suis tr\u00e8s fi\u00e8re de moi : un top 30 \u00e0 Miss Univers ! WoW ! J\u2019ai donn\u00e9 le meilleur de moi-m\u00eame, je n\u2019aurai pas pu faire plus, alors je suis sans aucun regret\u00a0\u00bb, \u00e9crit la reine de beaut\u00e9 qui en profite pour f\u00e9liciter la gagnante.<\/p>\n<p>    De nombreux projets \u00ab\u00a0plein la t\u00eate\u00a0\u00bb<\/p>\n<p class=\"article-p mdl\">M\u00eame si elle ne succ\u00e8de pas \u00e0\u00a0<a class=\"link\" href=\"https:\/\/www.rtl.fr\/culture\/medias-people\/iris-mittenaere-annonce-deposer-plainte-pour-diffamation-publique-et-cyberharcelement-7900515515\" title=\"Iris Mittenaere annonce d\u00e9poser plainte pour &quot;diffamation publique&quot; et &quot;cyberharc\u00e8lement&quot;\" target=\"_blank\" rel=\"noopener\">Iris Mittenaere<\/a>, derni\u00e8re fran\u00e7aise sacr\u00e9e dans le concours en 2016,\u00a0\u00c8ve Gilles\u00a0a tout de m\u00eame marqu\u00e9 le jury en d\u00e9filant avec un costume inspir\u00e9 de Jeanne d&rsquo;Arc qui s&rsquo;apparentait \u00e0 une armure. Mais la jeune femme est loin de s&rsquo;arr\u00eater sur cette d\u00e9faite et annonce d&rsquo;ores et d\u00e9j\u00e0 plusieurs projets qu&rsquo;elle aimerait mettre en place.<\/p>\n<p class=\"article-p mdl\">\u00ab\u00a0Puis j\u2019ai de nouveaux projets plein la t\u00eate ! engagements : <strong>la lutte contre le harc\u00e8lement et cyberharc\u00e8lement, <\/strong>aider la recherche sur les maladies rares mais aussi promouvoir, et aider les femmes \u00e0 se lancer dans des \u00e9tudes de sciences ! J\u2019aimerais \u00e9galement faire du mannequinat. C\u2019est un r\u00eave depuis que je suis petite et je me sens enfin pr\u00eate \u00e0 le r\u00e9aliser ! Je dois \u00e9galement prendre contact avec mon universit\u00e9 pour ma prochaine reprise des \u00e9tudes\u00a0\u00bb, \u00e9num\u00e8re-t-elle dans son post Instagram.<\/p>\n<p class=\"article-p mdl\">\u00c8ve Gilles n&rsquo;\u00e9tait\u00a0<a class=\"link\" href=\"https:\/\/www.rtl.fr\/culture\/medias-people\/miss-univers-2025-pourquoi-eve-gilles-va-faire-face-a-4-autres-francaises-cette-nuit-7900568646\" title=\"Miss Univers 2025 : pourquoi \u00c8ve Gilles va faire face \u00e0 4 autres Fran\u00e7aises cette nuit\" target=\"_blank\" rel=\"noopener\">pas la seule Fran\u00e7aise dans la comp\u00e9tition<\/a>\u00a0puisque <strong>les d\u00e9partements d\u2019outre-mer \u00e9taient \u00e9galement repr\u00e9sent\u00e9s par leur miss<\/strong>. La Fran\u00e7aise Oph\u00e9ly M\u00e9zino, qui repr\u00e9sentait la Guadeloupe, a termin\u00e9 dans le top 12 de la comp\u00e9tition. C\u00e9lya Abatucci pour la Martinique et Nourya Aboutoihi pour Mayotte ne sont quant \u00e0 elles pas parvenues \u00e0 se qualifier pour le top 30.<\/p>\n<p class=\"article-p mdl\"><a class=\"link\" href=\"https:\/\/www.rtl.fr\/culture\/medias-people\/miss-univers-2025-pourquoi-eve-gilles-va-faire-face-a-4-autres-francaises-cette-nuit-7900568646\" title=\"Miss Univers 2025 : pourquoi \u00c8ve Gilles va faire face \u00e0 4 autres Fran\u00e7aises cette nuit\" target=\"_blank\" rel=\"noopener\">Mais pourquoi la France a-t-elle plusieurs candidates ?<\/a>\u00a0Parce que dans les concours de Miss Monde et de Miss Univers la g\u00e9ographie prime sur l\u2019administration. Les territoires d&rsquo;outre-mer ne concourent pas sous la banni\u00e8re de la m\u00e9tropole, car ce sont des d\u00e9partements \u00e9loign\u00e9s de plusieurs milliers de kilom\u00e8tres.<\/p>\n<p>    La r\u00e9daction vous recommande<\/p>\n<p class=\"s-newsletter__title\">\n                L\u2019actualit\u00e9 par la r\u00e9daction de RTL dans votre bo\u00eete mail.\n            <\/p>\n<p class=\"s-newsletter__subtitle\">\n                Gr\u00e2ce \u00e0 votre compte RTL abonnez-vous \u00e0 la newsletter RTL info pour suivre toute l&rsquo;actualit\u00e9 au quotidien\n            <\/p>\n<p>\n                                    Lire la suite\n                                <\/p>\n","protected":false},"excerpt":{"rendered":"La France derri\u00e8re. La couronne de Miss Univers a \u00e9t\u00e9 remport\u00e9e par Miss Mexique,\u00a0Fatima Bosch\u00a0\u00e2g\u00e9e de 25 ans,&hellip;\n","protected":false},"author":2,"featured_media":551482,"comment_status":"","ping_status":"","sticky":false,"template":"","format":"standard","meta":{"footnotes":""},"categories":[4],"tags":[11,107,1011,27,14,30091,12,973,25],"class_list":{"0":"post-551481","1":"post","2":"type-post","3":"status-publish","4":"format-standard","5":"has-post-thumbnail","7":"category-france","8":"tag-actualites","9":"tag-fil-info","10":"tag-fr","11":"tag-france","12":"tag-international","13":"tag-miss-univers","14":"tag-news","15":"tag-people","16":"tag-republique-francaise"},"share_on_mastodon":{"url":"https:\/\/pubeurope.com\/@fr\/115593806314408810","error":""},"_links":{"self":[{"href":"https:\/\/www.europesays.com\/fr\/wp-json\/wp\/v2\/posts\/551481","targetHints":{"allow":["GET"]}}],"collection":[{"href":"https:\/\/www.europesays.com\/fr\/wp-json\/wp\/v2\/posts"}],"about":[{"href":"https:\/\/www.europesays.com\/fr\/wp-json\/wp\/v2\/types\/post"}],"author":[{"embeddable":true,"href":"https:\/\/www.europesays.com\/fr\/wp-json\/wp\/v2\/users\/2"}],"replies":[{"embeddable":true,"href":"https:\/\/www.europesays.com\/fr\/wp-json\/wp\/v2\/comments?post=551481"}],"version-history":[{"count":0,"href":"https:\/\/www.europesays.com\/fr\/wp-json\/wp\/v2\/posts\/551481\/revisions"}],"wp:featuredmedia":[{"embeddable":true,"href":"https:\/\/www.europesays.com\/fr\/wp-json\/wp\/v2\/media\/551482"}],"wp:attachment":[{"href":"https:\/\/www.europesays.com\/fr\/wp-json\/wp\/v2\/media?parent=551481"}],"wp:term":[{"taxonomy":"category","embeddable":true,"href":"https:\/\/www.europesays.com\/fr\/wp-json\/wp\/v2\/categories?post=551481"},{"taxonomy":"post_tag","embeddable":true,"href":"https:\/\/www.europesays.com\/fr\/wp-json\/wp\/v2\/tags?post=551481"}],"curies":[{"name":"wp","href":"https:\/\/api.w.org\/{rel}","templated":true}]}}