{"id":551485,"date":"2025-11-22T14:26:15","date_gmt":"2025-11-22T14:26:15","guid":{"rendered":"https:\/\/www.europesays.com\/fr\/551485\/"},"modified":"2025-11-22T14:26:15","modified_gmt":"2025-11-22T14:26:15","slug":"matthieu-jalibert-cest-non","status":"publish","type":"post","link":"https:\/\/www.europesays.com\/fr\/551485\/","title":{"rendered":"Matthieu Jalibert, c&rsquo;est non"},"content":{"rendered":"<p><strong>A la veille de France-Australie,<br \/>\nMatthieu Jalibert n&rsquo;a pas \u00e9t\u00e9 le meilleur n\u00b010 sur le terrain<br \/>\nvendredi soir lors de la rencontre entre l&rsquo;UBB et<br \/>\nPau.<\/strong><\/p>\n<p>Puisqu\u2019on est sur un week-end du doublon, il est tentant de<br \/>\njeter un \u0153il aux performances des internationaux potentiels qui<br \/>\nn\u2019ont pas \u00e9t\u00e9 retenus par Fabien Galthi\u00e9 pour France-Australie.<br \/>\nMatthieu Jalibert entre dans cette cat\u00e9gorie.<\/p>\n<p>Le cas de l\u2019ouvreur de l\u2019UBB est bien s\u00fbr particulier. Il s\u2019est<br \/>\nbless\u00e9 \u00e0 la cuisse fin octobre contre Bayonne, et c\u2019est la raison<br \/>\nofficielle de son forfait pour la s\u00e9rie de test-matches des Bleus.<br \/>\nRien ne dit qu\u2019il aurait beaucoup jou\u00e9, car on sait la pr\u00e9f\u00e9rence<br \/>\ndu s\u00e9lectionneur pour Romain Ntamack \u00e0 ce poste.<\/p>\n<p>En attendant, Jalibert a repris la comp\u00e9tition vendredi soir en<br \/>\nTop 14. Et m\u00eame si une grande prestation de sa part n\u2019aurait sans<br \/>\ndoute pas boulevers\u00e9 la donne \u00e0 son sujet (Jalibert est impeccable<br \/>\navec son club depuis de nombreux mois), force est de constater que<br \/>\nle meilleur n\u00b010 sur la pelouse \u00e9tait palois lors de cette<br \/>\nrencontre.<\/p>\n<p>Jalibert \u00e9clips\u00e9 par Desperes<\/p>\n<p>Axel Desperes, 21 ans, a \u00e9t\u00e9 tr\u00e8s bon avec la Section, au point<br \/>\nde r\u00e9colter un 8\/10 de la part de Rugbyrama (Jalibert a eu 5\/10<br \/>\npour son retour). \u00ab\u00a0L\u2019ouvreur palois a fait un match de<br \/>\npatron sur une pelouse de Chaban-Delmas qui lui avait d\u00e9j\u00e0 r\u00e9ussi<br \/>\npar le pass\u00e9. Malgr\u00e9 son jeune \u00e2ge, le B\u00e9arnais pur souche a montr\u00e9<br \/>\nune s\u00e9r\u00e9nit\u00e9 et un calme exemplaire pour guider la Section. Tr\u00e8s<br \/>\npragmatique, il a bien tap\u00e9 de nombreuses chandelles qui ont mis en<br \/>\ndifficult\u00e9 les ailiers bordelo-b\u00e9glais. La zone \u00e9tait vis\u00e9e et<br \/>\nl\u2019ouvreur s\u2019est montr\u00e9 pr\u00e9cis. Sur l\u2019essai d\u2019Arfeuil, le num\u00e9ro 10<br \/>\na \u00e9t\u00e9 g\u00e9ant de ma\u00eetrise avec d\u2019abord une chandelle r\u00e9cup\u00e9r\u00e9e par<br \/>\nGrandidier-Nkanang, puis une parfaite passe au pied\u00a0\u00bb,<br \/>\n\u00e9crit le site sp\u00e9cialis\u00e9.<\/p>\n<blockquote class=\"twitter-tweet\"><p><a class=\"twitter-link\" rel=\"noindex, nofollow noopener\" href=\"https:\/\/twitter.com\/CanalplusRugby\/status\/1991972156180214239\" target=\"_blank\"><\/p><\/blockquote>\n<p>\u00ab\u00a0Il a d\u2019ailleurs \u00e9t\u00e9 brillant dans l\u2019alternance, en<br \/>\ninitiant aussi quelques coups bien sentis sur les ext\u00e9rieurs,<br \/>\najoute Rugbyrama au sujet de l\u2019international U20. En d\u00e9fense,<br \/>\nDesperes s\u2019est particuli\u00e8rement donn\u00e9 avec huit plaquages. Face aux<br \/>\nperches, il s\u2019est montr\u00e9 globalement pr\u00e9cis m\u00eame si on peut<br \/>\nregretter l\u2019\u00e9chec d\u2019une p\u00e9nalit\u00e9 importante (56e).\u00a0\u00bb Avec<br \/>\nla victoire de son \u00e9quipe (33-34), on peut lui pardonner.<\/p>\n<p>\u00a0<\/p>\n<p><script async src=\"https:\/\/platform.twitter.com\/widgets.js\" charset=\"utf-8\"><\/script><\/p>\n","protected":false},"excerpt":{"rendered":"A la veille de France-Australie, Matthieu Jalibert n&rsquo;a pas \u00e9t\u00e9 le meilleur n\u00b010 sur le terrain vendredi soir&hellip;\n","protected":false},"author":2,"featured_media":551486,"comment_status":"","ping_status":"","sticky":false,"template":"","format":"standard","meta":{"footnotes":""},"categories":[1416],"tags":[1011,27,479,1468,60],"class_list":{"0":"post-551485","1":"post","2":"type-post","3":"status-publish","4":"format-standard","5":"has-post-thumbnail","7":"category-rugby","8":"tag-fr","9":"tag-france","10":"tag-rugby","11":"tag-rugby-football","12":"tag-sports"},"share_on_mastodon":{"url":"https:\/\/pubeurope.com\/@fr\/115593817954506614","error":""},"_links":{"self":[{"href":"https:\/\/www.europesays.com\/fr\/wp-json\/wp\/v2\/posts\/551485","targetHints":{"allow":["GET"]}}],"collection":[{"href":"https:\/\/www.europesays.com\/fr\/wp-json\/wp\/v2\/posts"}],"about":[{"href":"https:\/\/www.europesays.com\/fr\/wp-json\/wp\/v2\/types\/post"}],"author":[{"embeddable":true,"href":"https:\/\/www.europesays.com\/fr\/wp-json\/wp\/v2\/users\/2"}],"replies":[{"embeddable":true,"href":"https:\/\/www.europesays.com\/fr\/wp-json\/wp\/v2\/comments?post=551485"}],"version-history":[{"count":0,"href":"https:\/\/www.europesays.com\/fr\/wp-json\/wp\/v2\/posts\/551485\/revisions"}],"wp:featuredmedia":[{"embeddable":true,"href":"https:\/\/www.europesays.com\/fr\/wp-json\/wp\/v2\/media\/551486"}],"wp:attachment":[{"href":"https:\/\/www.europesays.com\/fr\/wp-json\/wp\/v2\/media?parent=551485"}],"wp:term":[{"taxonomy":"category","embeddable":true,"href":"https:\/\/www.europesays.com\/fr\/wp-json\/wp\/v2\/categories?post=551485"},{"taxonomy":"post_tag","embeddable":true,"href":"https:\/\/www.europesays.com\/fr\/wp-json\/wp\/v2\/tags?post=551485"}],"curies":[{"name":"wp","href":"https:\/\/api.w.org\/{rel}","templated":true}]}}