{"id":551489,"date":"2025-11-22T14:31:20","date_gmt":"2025-11-22T14:31:20","guid":{"rendered":"https:\/\/www.europesays.com\/fr\/551489\/"},"modified":"2025-11-22T14:31:20","modified_gmt":"2025-11-22T14:31:20","slug":"le-directeur-de-la-vuelta-succede-a-christian-prudhomme-a-la-tete-de-laiocc-lequipe","status":"publish","type":"post","link":"https:\/\/www.europesays.com\/fr\/551489\/","title":{"rendered":"Le directeur de la Vuelta succ\u00e8de \u00e0 Christian Prudhomme \u00e0 la t\u00eate de l&#039;AIOCC &#8211; L&#039;\u00c9quipe"},"content":{"rendered":"<ol>\n<li><a href=\"https:\/\/news.google.com\/rss\/articles\/CBMi0wFBVV95cUxPNm9ZM1VteUNzd3ZwZFp2Mm9zMkJJRGxTcDRKNlhsTXR0c3hXeWIwRnhnMnRQWWxrS09OV1ZrU2MtbXdWVldKdlhrX3gzb0hEOTlCUTUtenUtQ0QxYmRtdDZXbDhjcWY3SE5ja3hEWnhfa09UbXY3OHlaa1ctY1I1T0ZuWkVHZW4wajNJQkZ3TG5xY2RxMmVEUWFrdG1OaWhTd21JVFVXLXREOWdrT3F4SXpmMEFjRWp2RmpkMjhscWZzSXN1ZGxHWEVRSkRnYWRncnBF?oc=5\" target=\"_blank\" rel=\"nofollow noopener\">Le directeur de la Vuelta succ\u00e8de \u00e0 Christian Prudhomme \u00e0 la t\u00eate de l&rsquo;AIOCC<\/a>&nbsp;&nbsp;L&rsquo;\u00c9quipe<\/li>\n<li><a href=\"https:\/\/news.google.com\/rss\/articles\/CBMixAJBVV95cUxPcTlHOGdYV3I4dW1CU0xqd1B6UnoydTl6eDZTVlY0WTdZLWNfb1luckRuZnhtVXo5OXNXdU43NkNkWUpRY1lXNGNxLWNoMVFtdWRMbktOdVo3NmtMWndub1A3ZlQ1UF9qRzN6dFRGWndwT1p4a3hYUVBDYm4xa2lCTGxKNGtuWWV6WGJqUHlldi12dVM5bTNlNVVaQTVzTkxHV1FWYnJxRHYyN2t1dTN6WWxwWXRGSldlOGJZX3JZa2NCazNPMkNub0lHd0REWGlpZjZNNkViREFiMm9SZTRHVzZ1bkFBQ2dPT09GS1NicmNial9JMl9adHMtM0RPbjVoalJYU2E0dWlzalN1TXViYnZVdkpOT0RQbkxxOXpYbmFUb1VuTDZraEtRT09NYWpITkQyUF91U0NsTmRVcDFpQUs5QlI?oc=5\" target=\"_blank\" rel=\"nofollow noopener\">Cyclisme &#8211; INTERVIEW 2025 &#8211; Javier Guillen, pr\u00e9sident de l&rsquo;AIOCC \u00e0 la place de Christian Prudhomme : \u00ab\u00a0L&rsquo;acc\u00e8s payant aux courses, je n&rsquo;en suis pas partisan\u00a0\u00bb<\/a>&nbsp;&nbsp;Sports &#8211; Orange<\/li>\n<li><a href=\"https:\/\/news.google.com\/rss\/articles\/CBMiqgFBVV95cUxObFZnNUkwU2wtNGVVcU5SZk9yTGpHaHNyNmxhRktyeW52UXZDOVVlcWVhal96d2FDQmFuTG9aQ1R0M296YjhQWVEtZ2FrUS1oQnprSWtNRDZZb1VRaVp3NU5yZm9RckdoVG85empYeDNkd2FEUVlaU0Q1cGNZVk1hQkQ1ekQ4YWdSVC15MzFXOC1qTTJvS1c3MTZPbDFHOVJLVXE5eXNMaW12Zw?oc=5\" target=\"_blank\" rel=\"nofollow noopener\">Christian Prudhomme conna\u00eet son successeur \u00e0 la t\u00eate de l&rsquo;AIOCC<\/a>&nbsp;&nbsp;DirectVelo<\/li>\n<li><a href=\"https:\/\/news.google.com\/rss\/articles\/CBMijwFBVV95cUxOLU1fVkdwNjJWSWh4empNbm1aNHp3ZkpMNEh6U19mWlk0LXVqM0s1aE9pZ1dKYWVKNTIxWXRSM2I2VVppVmpRVEhIRzhDY3Z2RUpUVGdweHpYM2xOWi1hUEtUSmE5emtaN3owMG8waXlEZlBnT0JENHl6N0ZtSXZ0VXlkMFExc3hmYUk5T081Yw?oc=5\" target=\"_blank\" rel=\"nofollow noopener\">Guill\u00e9n : un nouvel \u00e9lan pour le cyclisme mondial en 2025<\/a>&nbsp;&nbsp;secuvelo<\/li>\n<li><a href=\"https:\/\/news.google.com\/rss\/articles\/CBMiuAFBVV95cUxOZUktQ3NKS3lmRE04YzJjcVhFRXhkc2RXd1B4S3FvSmFxWUFFRXZjWVIyT3U2ejd4aWhqMlk4eTNMUFlhQXBFeHZsRDN5SVNxQXJMblE0TXk4WFBEOTZUWl9nb2RLTzZEQUZROVJQQXg5b2dmZ1FZOXR0dUxYNGo4N1hxb3M0ZzhZeVh0dWswWE9hWV94MDhoVDZkVGtJWnRBdmh4WGNYeFN2SUNUZHU5dmlsWHZJSDVk0gG4AUFVX3lxTE1IV0lydnY2bXlka1h5RWxfYmo0WUVYZlVjYzd6R24wVFZ4eXBVaU9tS056M0tiTXdoT015c2VIRVZ2cVNpQW80M09HdkpwRXd3WWNkVkZWMl96amhxQ00taElBajdibmk1UGMxTVh2VHZ0dm85Z2ZuLS1xY00wTUxuZzQtM2lYYWRtY01WQ0NON3RvMTlUWUwxU2VjYXRaeGhidEE4dnM3cFFXWHZUdExmb0Z1ajNCTjE?oc=5\" target=\"_blank\" rel=\"nofollow noopener\">Route: Javier Guillen, \u00e9lu pr\u00e9sident de l&rsquo;AIOCC : \u00abLes courses payantes ?\u00bb<\/a>&nbsp;&nbsp;Cyclism&rsquo;Actu<\/li>\n<\/ol>\n","protected":false},"excerpt":{"rendered":"Le directeur de la Vuelta succ\u00e8de \u00e0 Christian Prudhomme \u00e0 la t\u00eate de l&rsquo;AIOCC&nbsp;&nbsp;L&rsquo;\u00c9quipe Cyclisme &#8211; INTERVIEW 2025&hellip;\n","protected":false},"author":2,"featured_media":551490,"comment_status":"","ping_status":"","sticky":false,"template":"","format":"standard","meta":{"footnotes":""},"categories":[1411],"tags":[1154,207,1011,27,60],"class_list":{"0":"post-551489","1":"post","2":"type-post","3":"status-publish","4":"format-standard","5":"has-post-thumbnail","7":"category-cyclisme","8":"tag-cycling","9":"tag-cyclisme","10":"tag-fr","11":"tag-france","12":"tag-sports"},"share_on_mastodon":{"url":"https:\/\/pubeurope.com\/@fr\/115593837619034156","error":""},"_links":{"self":[{"href":"https:\/\/www.europesays.com\/fr\/wp-json\/wp\/v2\/posts\/551489","targetHints":{"allow":["GET"]}}],"collection":[{"href":"https:\/\/www.europesays.com\/fr\/wp-json\/wp\/v2\/posts"}],"about":[{"href":"https:\/\/www.europesays.com\/fr\/wp-json\/wp\/v2\/types\/post"}],"author":[{"embeddable":true,"href":"https:\/\/www.europesays.com\/fr\/wp-json\/wp\/v2\/users\/2"}],"replies":[{"embeddable":true,"href":"https:\/\/www.europesays.com\/fr\/wp-json\/wp\/v2\/comments?post=551489"}],"version-history":[{"count":0,"href":"https:\/\/www.europesays.com\/fr\/wp-json\/wp\/v2\/posts\/551489\/revisions"}],"wp:featuredmedia":[{"embeddable":true,"href":"https:\/\/www.europesays.com\/fr\/wp-json\/wp\/v2\/media\/551490"}],"wp:attachment":[{"href":"https:\/\/www.europesays.com\/fr\/wp-json\/wp\/v2\/media?parent=551489"}],"wp:term":[{"taxonomy":"category","embeddable":true,"href":"https:\/\/www.europesays.com\/fr\/wp-json\/wp\/v2\/categories?post=551489"},{"taxonomy":"post_tag","embeddable":true,"href":"https:\/\/www.europesays.com\/fr\/wp-json\/wp\/v2\/tags?post=551489"}],"curies":[{"name":"wp","href":"https:\/\/api.w.org\/{rel}","templated":true}]}}