{"id":551493,"date":"2025-11-22T14:33:19","date_gmt":"2025-11-22T14:33:19","guid":{"rendered":"https:\/\/www.europesays.com\/fr\/551493\/"},"modified":"2025-11-22T14:33:19","modified_gmt":"2025-11-22T14:33:19","slug":"dany-boon-engueule-par-line-renaud-le-comedien-sest-fait-remonter-les-bretelles-boris","status":"publish","type":"post","link":"https:\/\/www.europesays.com\/fr\/551493\/","title":{"rendered":"Dany Boon engueul\u00e9 par Line Renaud : le com\u00e9dien s\u2019est fait remonter les bretelles (Boris)"},"content":{"rendered":"<p class=\"p1\">L&rsquo;histoire du cin\u00e9ma fran\u00e7ais regorge<br \/>\nd&rsquo;<strong>amiti\u00e9s au long cours<\/strong>. <a href=\"https:\/\/www.closermag.fr\/people\/brigitte-macron-muriel-robin-dany-boon-line-renaud-a-fete-ses-92-ans-avec-ses-amis-stars-1137909\" target=\"_blank\" rel=\"noopener\"><br \/>\nS&rsquo;il fallait d\u00e9cerner le titre de la plus belle, la palme<br \/>\nreviendrait certainement \u00e0 Dany Boon et Line Renaud<\/a>. Les deux<br \/>\nnatifs du Nord de la France entretiennent <strong>presque une<br \/>\nrelation d&rsquo;ordre filiale<\/strong>. Leurs destins se sont li\u00e9s<br \/>\nlorsque l&rsquo;humoriste s&rsquo;est install\u00e9 \u00e0 Paris.<\/p>\n<p class=\"p1\">Si elle s\u00e9journait alors s\u00e9journait \u00e0 Las Vegas, Line<br \/>\nRenaud, <strong>\u00ab\u00a0tr\u00e8s fi\u00e8re qu\u2019un Ch\u2019ti monte \u00e0<br \/>\nParis\u00a0\u00bb<\/strong>, lui avait apport\u00e9 son soutien par t\u00e9l\u00e9gramme.<br \/>\nC&rsquo;est d&rsquo;ailleurs un film tourn\u00e9 dans le Nord de la France qui<br \/>\nscellera leur amiti\u00e9. En 2008, Bienvenue chez les Ch&#8217;tis<br \/>\nexplose le box-office et consacre la franche amiti\u00e9 entre l&rsquo;actrice<br \/>\net le r\u00e9alisateur.<\/p>\n<p>Dany Boon : pourquoi Line Renaud l&rsquo;a-t-elle engueul\u00e9<br \/>\n?<\/p>\n<p class=\"p1\">Il y a quatre ans encore, <a href=\"https:\/\/www.closermag.fr\/people\/line-renaud-sa-superbe-demeure-des-hauts-de-seine-ou-elle-posait-avec-son-mari-loulou-gaste-photos-3489069\" target=\"_blank\" rel=\"noopener\"><br \/>\nl&rsquo;ex-compagne de Loulou Gast\u00e9<\/a> affirmait ouvertement qu&rsquo;elle<br \/>\n<strong>consid\u00e9rait Dany Boon comme \u00ab\u00a0le fils (qu\u2019elle aurait)<br \/>\naim\u00e9 avoir\u00a0\u00bb<\/strong> : \u00ab\u00a0Je le vois avec sa m\u00e8re comme il<br \/>\nest, moi je suis celle de substitution\u2026\u00a0Parfois, elle<br \/>\nm\u2019appelle pour savoir si j\u2019ai des nouvelles de<br \/>\nDany\u00a0\u00bb.<\/p>\n<p class=\"p1\">Un \u00ab\u00a0fils\u00a0\u00bb spirituel \u00e0 qui elle se permet aujourd&rsquo;hui<br \/>\nde remonter les bretelles. \u00ab\u00a0<strong>Elle m&rsquo;a un peu engueul\u00e9 l\u00e0<br \/>\nr\u00e9cemment<\/strong> parce que je l&rsquo;ai pas assez&#8230; <strong>Je lui ai<br \/>\nt\u00e9l\u00e9phon\u00e9 mais comme elle n&rsquo;avait pas r\u00e9pondu<\/strong>&#8230; Et puis<br \/>\napr\u00e8s elle me fait : &lsquo;Bah <strong>tu m&rsquo;as pas rappel\u00e9e<br \/>\n!<\/strong>&lsquo;\u00a0\u00bb, r\u00e9v\u00e8le l&rsquo;ex-compagnon de Laurence Arn\u00e9 \u00e0<br \/>\nBernard Montiel dans l&rsquo;\u00e9mission 1 heure avec&#8230; sur RTL, ce<br \/>\ndimanche 23 novembre 2025.<\/p>\n<p>Dany Boon : \u00ab\u00a0Elle est solaire, Line<br \/>\nRenaud\u00a0\u00bb<\/p>\n<p class=\"p1\">Au micro de l&rsquo;ancien chroniqueur de TPMP,<br \/>\n<strong>Dany Boon ne tarit pas d&rsquo;\u00e9loges<\/strong> \u00e0 l&rsquo;\u00e9vocation de<br \/>\n<a href=\"https:\/\/www.closermag.fr\/people\/une-femme-diabolique-et-tres-violente-line-renaud-s-en-prend-violemment-a-edith-piaf-1536053\" target=\"_blank\" rel=\"noopener\"><br \/>\nl&rsquo;ex-rivale d&rsquo;Edith Piaf<\/a>. \u00ab\u00a0Elle est extraordinaire,<br \/>\n<strong>elle est solaire, Line Renaud<\/strong>. J&rsquo;ai beaucoup de<br \/>\nchance d&rsquo;\u00eatre son fils spirituel, elle me dit : &lsquo;Je suis ta<br \/>\ndeuxi\u00e8me m\u00e8re'\u00a0\u00bb, livre-t-il, ajoutant garder <strong>un<br \/>\nexcellent souvenir de leur derni\u00e8re collaboration<\/strong> en date<br \/>\nsur le tournage d&rsquo;Une belle course de Christian<br \/>\nCarion.<\/p>\n<p class=\"p1\">\u00ab\u00a0C&rsquo;\u00e9tait merveilleux de tourner avec elle et<br \/>\nc&rsquo;est <strong>des moments de vie, de tournage, qui<br \/>\nrestent<\/strong>. Tu le vois dans le film et tu le ressens parce<br \/>\nque c&rsquo;est tr\u00e8s fort, parce que c&rsquo;est sur le plateau au moment du<br \/>\ntournage. Dans ces moments-l\u00e0 y&rsquo;a plus de notori\u00e9t\u00e9, de star ou de<br \/>\nje ne sais quoi, <strong>tu vis juste l&rsquo;humain<\/strong><br \/>\n?\u00a0\u00bb\u00a0<\/p>\n","protected":false},"excerpt":{"rendered":"L&rsquo;histoire du cin\u00e9ma fran\u00e7ais regorge d&rsquo;amiti\u00e9s au long cours. S&rsquo;il fallait d\u00e9cerner le titre de la plus belle,&hellip;\n","protected":false},"author":2,"featured_media":551494,"comment_status":"","ping_status":"","sticky":false,"template":"","format":"standard","meta":{"footnotes":""},"categories":[1359],"tags":[17146,58,59,1011,27,18994,973],"class_list":{"0":"post-551493","1":"post","2":"type-post","3":"status-publish","4":"format-standard","5":"has-post-thumbnail","7":"category-people","8":"tag-dany-boon","9":"tag-divertissement","10":"tag-entertainment","11":"tag-fr","12":"tag-france","13":"tag-line-renaud","14":"tag-people"},"share_on_mastodon":{"url":"https:\/\/pubeurope.com\/@fr\/115593845589967857","error":""},"_links":{"self":[{"href":"https:\/\/www.europesays.com\/fr\/wp-json\/wp\/v2\/posts\/551493","targetHints":{"allow":["GET"]}}],"collection":[{"href":"https:\/\/www.europesays.com\/fr\/wp-json\/wp\/v2\/posts"}],"about":[{"href":"https:\/\/www.europesays.com\/fr\/wp-json\/wp\/v2\/types\/post"}],"author":[{"embeddable":true,"href":"https:\/\/www.europesays.com\/fr\/wp-json\/wp\/v2\/users\/2"}],"replies":[{"embeddable":true,"href":"https:\/\/www.europesays.com\/fr\/wp-json\/wp\/v2\/comments?post=551493"}],"version-history":[{"count":0,"href":"https:\/\/www.europesays.com\/fr\/wp-json\/wp\/v2\/posts\/551493\/revisions"}],"wp:featuredmedia":[{"embeddable":true,"href":"https:\/\/www.europesays.com\/fr\/wp-json\/wp\/v2\/media\/551494"}],"wp:attachment":[{"href":"https:\/\/www.europesays.com\/fr\/wp-json\/wp\/v2\/media?parent=551493"}],"wp:term":[{"taxonomy":"category","embeddable":true,"href":"https:\/\/www.europesays.com\/fr\/wp-json\/wp\/v2\/categories?post=551493"},{"taxonomy":"post_tag","embeddable":true,"href":"https:\/\/www.europesays.com\/fr\/wp-json\/wp\/v2\/tags?post=551493"}],"curies":[{"name":"wp","href":"https:\/\/api.w.org\/{rel}","templated":true}]}}