{"id":551505,"date":"2025-11-22T14:40:13","date_gmt":"2025-11-22T14:40:13","guid":{"rendered":"https:\/\/www.europesays.com\/fr\/551505\/"},"modified":"2025-11-22T14:40:13","modified_gmt":"2025-11-22T14:40:13","slug":"a-la-surprise-generale-le-francais-paco-rassat-remporte-sa-premiere-victoire-en-coupe-du-monde","status":"publish","type":"post","link":"https:\/\/www.europesays.com\/fr\/551505\/","title":{"rendered":"\u00e0 la surprise g\u00e9n\u00e9rale, le Fran\u00e7ais Paco Rassat remporte sa premi\u00e8re victoire en Coupe du monde"},"content":{"rendered":"<p>\n    Seulement 14e de la premi\u00e8re manche, le skieur fran\u00e7ais de 27 ans s\u2019est impos\u00e9 ce samedi sur le slalom de Gurgl (Autriche), au nez et \u00e0 la barbe des favoris.<\/p>\n<p class=\"fig-paragraph\">Quelle surprise\u00a0! Le Fran\u00e7ais Paco Rassat a remport\u00e9 samedi<a href=\"http:\/\/www.lefigaro.fr\/sports\/sports-d-hiver\/ski-noel-7e-de-la-premiere-manche-du-slalom-du-gurgl-le-norvegien-mcgrath-en-tete-20251122\" data-fig-type=\"NewsFlash\" data-gtm-custom-categorie=\"navigation\" data-gtm-custom-action=\"crossclick\" data-gtm-custom-label=\"Contextuel\" data-gtm-event=\"customEventSPE\" data-fig-domain=\"LEFIGARO\" target=\"_blank\" rel=\"noopener\">\u00a0le slalom de Gurgl en Autriche<\/a>, signant \u00e0 27 ans sa premi\u00e8re victoire en Coupe du monde de ski.<\/p>\n<p class=\"fig-paragraph\">Le skieur des Bauges, qui n\u2019\u00e9tait jamais mont\u00e9 sur un podium de Coupe du monde, a survol\u00e9 la seconde manche pour devancer le Belge Armand Marchant (+ 7 centi\u00e8mes) et le Norv\u00e9gien Atle Lie McGrath (+ 9 centi\u00e8mes).<\/p>\n<p>                                    <a class=\"fig-a11y-skip a11y-hidden\" href=\"#fig-a11y-skip-main-inarticle\"><br \/>\n        Passer la publicit\u00e9<br \/>\n    <\/a><\/p>\n<p class=\"fig-paragraph\">Paco Rassat, parti avec le dossard 21, avait pris la 14e place seulement de la premi\u00e8re manche. Mais lors de la seconde, quand tous les cadors ou presque passaient \u00e0 c\u00f4t\u00e9, lui a su profiter des bonnes conditions du jour pour plier la course et effectuer une incroyable \u00abremontada\u00bb.<\/p>\n<p class=\"fig-paragraph\">\u00abC\u2019est fou, je ne sais pas quoi dire, je suis heureux, c\u2019est un r\u00eave qui se r\u00e9alise\u00bb, a-t-il souffl\u00e9, tr\u00e8s \u00e9mu, au micro de la F\u00e9d\u00e9ration internationale de ski.<\/p>\n<p>Leader du classement g\u00e9n\u00e9ral<\/p>\n<p class=\"fig-paragraph\">\u00c0 27 ans, pr\u00e8s de quatre ans apr\u00e8s ses d\u00e9buts en Coupe du monde en janvier 2022, il prend provisoirement la t\u00eate du classement g\u00e9n\u00e9ral (apr\u00e8s seulement trois \u00e9preuves sur 38).<\/p>\n<p class=\"fig-paragraph\">Lui qui avait fait son premier Top 10 l\u2019hiver dernier avait montr\u00e9 la semaine derni\u00e8re \u00e0 Levi, pour le premier slalom de la saison, qu\u2019il \u00e9tait en forme\u00a0: en Laponie, Rassat avait termin\u00e9 6e, alors son meilleur r\u00e9sultat en Coupe du monde.<\/p>\n<p class=\"fig-paragraph\">Derri\u00e8re lui, Victor Muffat-Jeandet signe lui aussi un gros r\u00e9sultat en prenant la 7e place (+73 centi\u00e8mes) tandis que le champion olympique Cl\u00e9ment No\u00ebl termine 12e (+ 99 centi\u00e8mes) et Steven Amiez 15e (+ 1.09). La Coupe du monde se poursuit dimanche, toujours \u00e0 Gurgl, avec le slalom f\u00e9minin.<\/p>\n","protected":false},"excerpt":{"rendered":"Seulement 14e de la premi\u00e8re manche, le skieur fran\u00e7ais de 27 ans s\u2019est impos\u00e9 ce samedi sur le&hellip;\n","protected":false},"author":2,"featured_media":551506,"comment_status":"","ping_status":"","sticky":false,"template":"","format":"standard","meta":{"footnotes":""},"categories":[9],"tags":[1011,27,14276,60],"class_list":{"0":"post-551505","1":"post","2":"type-post","3":"status-publish","4":"format-standard","5":"has-post-thumbnail","7":"category-sports","8":"tag-fr","9":"tag-france","10":"tag-ski-alpin","11":"tag-sports"},"share_on_mastodon":{"url":"https:\/\/pubeurope.com\/@fr\/115593873271529896","error":""},"_links":{"self":[{"href":"https:\/\/www.europesays.com\/fr\/wp-json\/wp\/v2\/posts\/551505","targetHints":{"allow":["GET"]}}],"collection":[{"href":"https:\/\/www.europesays.com\/fr\/wp-json\/wp\/v2\/posts"}],"about":[{"href":"https:\/\/www.europesays.com\/fr\/wp-json\/wp\/v2\/types\/post"}],"author":[{"embeddable":true,"href":"https:\/\/www.europesays.com\/fr\/wp-json\/wp\/v2\/users\/2"}],"replies":[{"embeddable":true,"href":"https:\/\/www.europesays.com\/fr\/wp-json\/wp\/v2\/comments?post=551505"}],"version-history":[{"count":0,"href":"https:\/\/www.europesays.com\/fr\/wp-json\/wp\/v2\/posts\/551505\/revisions"}],"wp:featuredmedia":[{"embeddable":true,"href":"https:\/\/www.europesays.com\/fr\/wp-json\/wp\/v2\/media\/551506"}],"wp:attachment":[{"href":"https:\/\/www.europesays.com\/fr\/wp-json\/wp\/v2\/media?parent=551505"}],"wp:term":[{"taxonomy":"category","embeddable":true,"href":"https:\/\/www.europesays.com\/fr\/wp-json\/wp\/v2\/categories?post=551505"},{"taxonomy":"post_tag","embeddable":true,"href":"https:\/\/www.europesays.com\/fr\/wp-json\/wp\/v2\/tags?post=551505"}],"curies":[{"name":"wp","href":"https:\/\/api.w.org\/{rel}","templated":true}]}}