{"id":551507,"date":"2025-11-22T14:41:15","date_gmt":"2025-11-22T14:41:15","guid":{"rendered":"https:\/\/www.europesays.com\/fr\/551507\/"},"modified":"2025-11-22T14:41:15","modified_gmt":"2025-11-22T14:41:15","slug":"les-4-infos-incontournables-de-la-r1-de-ce-vendredi-21-novembre-a-vincennes","status":"publish","type":"post","link":"https:\/\/www.europesays.com\/fr\/551507\/","title":{"rendered":"Les 4 infos incontournables de la R1 de ce vendredi 21 novembre \u00e0 Vincennes"},"content":{"rendered":"<p><strong>La plus belle musique<\/strong><\/p>\n<p style=\"text-align: justify;\"><strong><a href=\"https:\/\/www.equidia.fr\/courses\/2025-11-21\/R1\/C7\" target=\"_blank\" rel=\"noopener\">R1C7 &#8211; Prix Eurynome &#8211; 21H39 &#8211; 704\u00a0Nespera<\/a><\/strong><\/p>\n<p style=\"text-align: justify;\"><strong>Sa musique : 1a &#8211; 1a<\/strong><\/p>\n<p style=\"text-align: justify;\">Sa musique est parfaite et elle tentera de poursuivre pour ses d\u00e9buts parisiens. Invaincue en deux courses, \u00e0 <strong>Neuill\u00e9-Pont-Pierre<\/strong><strong>\u00a0<\/strong>avec style pour ses d\u00e9buts en ao\u00fbt, puis \u00e0 <strong>Caen<\/strong>, avec brio cette fois. Nespera va effectuer ses premiers pas attendus \u00e0 <strong>Vincennes<\/strong> pour la famille <strong>Duvaldestin<\/strong>, avec Th\u00e9o Duvaldestin au sulky, comme \u00e0 Caen. Thierry Duvaldestin \u00e9tait \u00e0 la commande le jour de sa premi\u00e8re course.<\/p>\n<p><strong>La plus belle statistique<\/strong><\/p>\n<p style=\"text-align: justify;\"><a href=\"https:\/\/www.equidia.fr\/courses\/2025-11-21\/R1\/C1\" target=\"_top\" rel=\"noopener\"><strong>R1C1 &#8211; Prix Triton &#8211; 18H23 &#8211; 106 J\u00e9richo du Rib<\/strong><\/a><\/p>\n<p style=\"text-align: justify;\">Pieds nus, comme annonc\u00e9 ce vendredi, il est tr\u00e8s percutant. D4, il affiche le joli score de 5 courses pour 3 victoires et 1 place (100% de r\u00e9ussite dans les 5). Sa derni\u00e8re course est encourageante car il \u00e9tait cinqui\u00e8me en ayant subi la course.<\/p>\n<p style=\"text-align: justify;\"><img decoding=\"async\" src=\"https:\/\/www.europesays.com\/fr\/wp-content\/uploads\/2025\/11\/scoopdyga_121980_009-jpg\"\/><\/p>\n<p><strong>J\u00e9richo du Rib en action \u00e0 Angers, le 1er octobre<\/strong><strong>L&rsquo;entra\u00eeneur confiant<\/strong><\/p>\n<p style=\"text-align: justify;\"><a href=\"https:\/\/www.equidia.fr\/courses\/2025-11-21\/R1\/C4\" target=\"_blank\" rel=\"noopener\"><strong>R1C4 &#8211; Prix Ostara &#8211; Quint\u00e9+ &#8211; 20H15 &#8211; 401 Kueen\u2019s Pride<\/strong><\/a><\/p>\n<p style=\"text-align: justify;\"><strong>Th\u00e9o Duvaldestin, driver de Kueen&rsquo;s Pride (1)<\/strong><\/p>\n<p style=\"text-align: justify;\">\u00ab\u00a0Kueen&rsquo;s Pride para\u00eet toujours aussi bien \u00e0 l&rsquo;entra\u00eenement le matin. Elle monte de cat\u00e9gorie ce vendredi, mais je lui accorde ma confiance pour jouer les premi\u00e8res places.\u00a0\u00bb<\/p>\n<p><strong>Le rep\u00e9r\u00e9 de la r\u00e9union<\/strong><\/p>\n<p><a href=\"https:\/\/www.equidia.fr\/chevaux\/lambada-turgot\" onclick=\"window.open(this.href, &#039;&#039;, &#039;resizable=no,status=no,location=no,toolbar=no,menubar=no,fullscreen=no,scrollbars=no,dependent=no&#039;); return false;\" target=\"_blank\" rel=\"noopener\"><strong>302 &#8211; Lambada Turgot<\/strong><\/a> (5e), le 8 novembre \u00e0 Vincennes<\/p>\n<p>Rep\u00e9r\u00e9e par Tanguy Bernier : \u00ab\u00a0\u00a0\u00bbRel\u00e9gu\u00e9e sur une troisi\u00e8me ligne, \u00e0 la corde, en plaine, n&rsquo;a jamais pu \u00eatre v\u00e9ritablement lanc\u00e9e en dedans dans la ligne droite, \u00e9chouant de peu face \u00e0 LATINA TOURNIBOIS, tout en \u00e9tant ajust\u00e9e par LOVELY FACE. A gagn\u00e9 un rang apr\u00e8s enqu\u00eate.\u00a0\u00bb<\/p>\n<p>\u00a0<\/p>\n","protected":false},"excerpt":{"rendered":"La plus belle musique R1C7 &#8211; Prix Eurynome &#8211; 21H39 &#8211; 704\u00a0Nespera Sa musique : 1a &#8211; 1a&hellip;\n","protected":false},"author":2,"featured_media":551508,"comment_status":"","ping_status":"","sticky":false,"template":"","format":"standard","meta":{"footnotes":""},"categories":[8],"tags":[7635,58,59,1011,27,66881,7636],"class_list":{"0":"post-551507","1":"post","2":"type-post","3":"status-publish","4":"format-standard","5":"has-post-thumbnail","7":"category-divertissement","8":"tag-attele","9":"tag-divertissement","10":"tag-entertainment","11":"tag-fr","12":"tag-france","13":"tag-meeting-dhiver","14":"tag-monte"},"share_on_mastodon":{"url":"https:\/\/pubeurope.com\/@fr\/115593878433427969","error":""},"_links":{"self":[{"href":"https:\/\/www.europesays.com\/fr\/wp-json\/wp\/v2\/posts\/551507","targetHints":{"allow":["GET"]}}],"collection":[{"href":"https:\/\/www.europesays.com\/fr\/wp-json\/wp\/v2\/posts"}],"about":[{"href":"https:\/\/www.europesays.com\/fr\/wp-json\/wp\/v2\/types\/post"}],"author":[{"embeddable":true,"href":"https:\/\/www.europesays.com\/fr\/wp-json\/wp\/v2\/users\/2"}],"replies":[{"embeddable":true,"href":"https:\/\/www.europesays.com\/fr\/wp-json\/wp\/v2\/comments?post=551507"}],"version-history":[{"count":0,"href":"https:\/\/www.europesays.com\/fr\/wp-json\/wp\/v2\/posts\/551507\/revisions"}],"wp:featuredmedia":[{"embeddable":true,"href":"https:\/\/www.europesays.com\/fr\/wp-json\/wp\/v2\/media\/551508"}],"wp:attachment":[{"href":"https:\/\/www.europesays.com\/fr\/wp-json\/wp\/v2\/media?parent=551507"}],"wp:term":[{"taxonomy":"category","embeddable":true,"href":"https:\/\/www.europesays.com\/fr\/wp-json\/wp\/v2\/categories?post=551507"},{"taxonomy":"post_tag","embeddable":true,"href":"https:\/\/www.europesays.com\/fr\/wp-json\/wp\/v2\/tags?post=551507"}],"curies":[{"name":"wp","href":"https:\/\/api.w.org\/{rel}","templated":true}]}}