{"id":551509,"date":"2025-11-22T14:42:39","date_gmt":"2025-11-22T14:42:39","guid":{"rendered":"https:\/\/www.europesays.com\/fr\/551509\/"},"modified":"2025-11-22T14:42:39","modified_gmt":"2025-11-22T14:42:39","slug":"les-meilleures-offres-sur-les-apple-watch-samsung-galaxy-watch-garmin-fenix","status":"publish","type":"post","link":"https:\/\/www.europesays.com\/fr\/551509\/","title":{"rendered":"les meilleures offres sur les Apple Watch, Samsung Galaxy Watch, Garmin Fenix&#8230;"},"content":{"rendered":"<p>Nous ne sommes que mi-novembre, mais les promotions d\u00e9barquent avant l\u2019heure. Ce pr\u00e9-Black Friday met \u00e0 l\u2019honneur les montres connect\u00e9es et les bracelets, orient\u00e9s sport ou lifestyle. Tour d\u2019horizon des meilleures offres d\u00e9j\u00e0 propos\u00e9es par les e-commer\u00e7ants pour s\u2019offrir une smartwach \u00e0 prix cass\u00e9.<\/p>\n<p><a href=\"https:\/\/images.frandroid.com\/wp-content\/uploads\/2025\/11\/black-friday-week-wearables.jpg\" target=\"_blank\" class=\"article-content__figure\" rel=\"noopener\"><img fetchpriority=\"high\" decoding=\"async\" loading=\"eager\" width=\"1200\" height=\"675\" src=\"https:\/\/www.europesays.com\/fr\/wp-content\/uploads\/2025\/11\/black-friday-week-wearables.jpg\" alt=\"\" class=\"wp-image-2877929 wp-image wp-image\"  \/><\/a><\/p>\n<p>Garmin, Samsung, Suunto, Xiaomi, Apple, Coros\u2026 Quelle montre connect\u00e9e, ou bracelet connect\u00e9, saura vous s\u00e9duire ? La <a href=\"https:\/\/www.frandroid.com\/bons-plans\/2864479_la-periode-du-black-friday-regorge-de-bons-plans-mais-voici-le-top-50-des-meilleures-offres\" target=\"_blank\" rel=\"noopener\">Black Friday Week<\/a> commence officiellement et est l\u2019occasion id\u00e9ale pour se remettre au sport ou simplement remplacer sa montre vieillissante. Cette derni\u00e8re sera votre meilleure alli\u00e9e sant\u00e9e. D\u00e9couvrez ici quelles sont les meilleures offres du moment.<\/p>\n<p>Les 14 meilleures offres de la Black Friday Week sur les montres connect\u00e9es<\/p>\n<ul class=\"wp-block-list\">\n<li><a href=\"https:\/\/shop.frandroid.com\/sar8cdax\" target=\"_blank\" rel=\"noreferrer noopener affiliate nofollow\">Garmin Fenix 8 \u00e0 699 euros au lieu de 949 euros<\/a><\/li>\n<li><a href=\"https:\/\/shop.frandroid.com\/lylhv1ic\" target=\"_blank\" rel=\"noreferrer noopener affiliate nofollow\">Garmin Vivoactive 5 \u00e0 161 euros au lieu de 299 euros<\/a><\/li>\n<li><a href=\"https:\/\/shop.frandroid.com\/z1inlasv\" target=\"_blank\" rel=\"noreferrer noopener affiliate nofollow\">Apple Watch SE 3 \u00e0 239 euros au lieu de 269 euros<\/a><\/li>\n<li><a href=\"https:\/\/shop.frandroid.com\/1oqcetam\" target=\"_blank\" rel=\"noreferrer noopener affiliate nofollow\">Huawei Watch GT 4 \u00e0 112 euros au lieu de 249 euros<\/a><\/li>\n<li><a href=\"https:\/\/shop.frandroid.com\/eufmk2hk\" target=\"_blank\" rel=\"noreferrer noopener affiliate nofollow\" data-gtm=\"{&quot;event&quot;:&quot;afficlic&quot;,&quot;nom_marchand&quot;:&quot;boulanger&quot;,&quot;nom_produit&quot;:&quot;inconnu&quot;,&quot;categorie_produit&quot;:&quot;inconnu&quot;,&quot;module_produit&quot;:&quot;editolink&quot;,&quot;position_marchand&quot;:0,&quot;texte&quot;:&quot;samsung-galaxy-watch-7-44-mm-a-199-euros-au-lieu-de-309-euros&quot;,&quot;offer_url&quot;:&quot;https:\/\/shop.frandroid.com\/eufmk2hk&quot;,&quot;zone&quot;:&quot;contenu-page&quot;}\">Samsung\u00a0Galaxy Watch 7 44 mm \u00e0 199 euros au lieu de 309 euros<\/a><\/li>\n<li><a href=\"https:\/\/shop.frandroid.com\/wgntlgc5\" data-type=\"link\" data-id=\"https:\/\/www.amazon.fr\/Amazfit-Connect\u00e9e-Int\u00e9gr\u00e9e-Autonomie-Smartwatch\/dp\/B0FJMQ9Z9P?th=1\" target=\"_blank\" rel=\"noreferrer noopener affiliate nofollow\" data-gtm=\"{&quot;event&quot;:&quot;afficlic&quot;,&quot;nom_marchand&quot;:&quot;amazon_fr&quot;,&quot;nom_produit&quot;:&quot;inconnu&quot;,&quot;categorie_produit&quot;:&quot;inconnu&quot;,&quot;module_produit&quot;:&quot;editolink&quot;,&quot;position_marchand&quot;:0,&quot;texte&quot;:&quot;amazfit-t-rex-3-pro-a-372-87-euros-au-lieu-de-399-90-euros&quot;,&quot;offer_url&quot;:&quot;https:\/\/shop.frandroid.com\/wgntlgc5&quot;,&quot;zone&quot;:&quot;contenu-page&quot;}\">Amazfit T-Rex 3 Pro (48 mm) \u00e0 372,87 euros au lieu de 399,90 euros<\/a><\/li>\n<li><a href=\"https:\/\/shop.frandroid.com\/y5rwpjtm\" target=\"_blank\" rel=\"noreferrer noopener affiliate nofollow\" data-gtm=\"{&quot;event&quot;:&quot;afficlic&quot;,&quot;nom_marchand&quot;:&quot;amazon_fr&quot;,&quot;nom_produit&quot;:&quot;inconnu&quot;,&quot;categorie_produit&quot;:&quot;inconnu&quot;,&quot;module_produit&quot;:&quot;editolink&quot;,&quot;position_marchand&quot;:0,&quot;texte&quot;:&quot;suunto-9-peak-pro-a-199-euros-au-lieu-de-499-euros&quot;,&quot;offer_url&quot;:&quot;https:\/\/shop.frandroid.com\/y5rwpjtm&quot;,&quot;zone&quot;:&quot;contenu-page&quot;}\">Suunto 9 Peak Pro \u00e0 199 euros au lieu de 499 euros<\/a><\/li>\n<li><a href=\"https:\/\/shop.frandroid.com\/tjtfops2\" target=\"_blank\" rel=\"noreferrer noopener affiliate nofollow\" data-gtm=\"{&quot;event&quot;:&quot;afficlic&quot;,&quot;nom_marchand&quot;:&quot;boulanger&quot;,&quot;nom_produit&quot;:&quot;inconnu&quot;,&quot;categorie_produit&quot;:&quot;inconnu&quot;,&quot;module_produit&quot;:&quot;editolink&quot;,&quot;position_marchand&quot;:0,&quot;texte&quot;:&quot;apple-watch-ultra-2-a-699-euros-au-lieu-de-899-99-euros&quot;,&quot;offer_url&quot;:&quot;https:\/\/shop.frandroid.com\/tjtfops2&quot;,&quot;zone&quot;:&quot;contenu-page&quot;}\">Apple Watch Ultra 2 \u00e0 699 euros au lieu de 899,99 euros<\/a><\/li>\n<li><a href=\"https:\/\/shop.frandroid.com\/80103kke\" target=\"_blank\" rel=\"noreferrer noopener affiliate nofollow\" data-gtm=\"{&quot;event&quot;:&quot;afficlic&quot;,&quot;nom_marchand&quot;:&quot;amazon_fr&quot;,&quot;nom_produit&quot;:&quot;inconnu&quot;,&quot;categorie_produit&quot;:&quot;inconnu&quot;,&quot;module_produit&quot;:&quot;editolink&quot;,&quot;position_marchand&quot;:0,&quot;texte&quot;:&quot;coros-pace-3-a-229-euros-au-lieu-de-250-euros&quot;,&quot;offer_url&quot;:&quot;https:\/\/shop.frandroid.com\/80103kke&quot;,&quot;zone&quot;:&quot;contenu-page&quot;}\">Coros Pace 3 \u00e0 229 euros au lieu de 249 euros<\/a><\/li>\n<li><a href=\"https:\/\/shop.frandroid.com\/anos1xha\" data-type=\"link\" data-id=\"https:\/\/www.decathlon.fr\/p\/montre-gps-fenix-7-pro-solar-multisports\/_\/R-p-378725\" target=\"_blank\" rel=\"noreferrer noopener affiliate nofollow\" data-gtm=\"{&quot;event&quot;:&quot;afficlic&quot;,&quot;nom_marchand&quot;:&quot;decathlon&quot;,&quot;nom_produit&quot;:&quot;inconnu&quot;,&quot;categorie_produit&quot;:&quot;inconnu&quot;,&quot;module_produit&quot;:&quot;editolink&quot;,&quot;position_marchand&quot;:0,&quot;texte&quot;:&quot;garmin-fenix-7-pro-solar-a-449-euros-au-lieu-de-849-euros&quot;,&quot;offer_url&quot;:&quot;https:\/\/shop.frandroid.com\/anos1xha&quot;,&quot;zone&quot;:&quot;contenu-page&quot;}\">Garmin Fenix 7 Pro Solar \u00e0 449,99 euros au lieu de 849 euros<\/a><\/li>\n<li><a href=\"https:\/\/shop.frandroid.com\/2f4wb217\" target=\"_blank\" rel=\"noreferrer noopener affiliate nofollow\">Garmin Fenix E \u00e0 425,06 euros au lieu de 799,99 euros<\/a><\/li>\n<li><a href=\"https:\/\/shop.frandroid.com\/txfdk8ij\" data-type=\"link\" data-id=\"https:\/\/www.intersport.fr\/blanc_et_gris-montre_gps___cardio_forerunner_165_gps-garmin-p-02863216VT\/\" target=\"_blank\" rel=\"noreferrer noopener affiliate nofollow\" data-gtm=\"{&quot;event&quot;:&quot;afficlic&quot;,&quot;nom_marchand&quot;:&quot;intersport&quot;,&quot;nom_produit&quot;:&quot;inconnu&quot;,&quot;categorie_produit&quot;:&quot;inconnu&quot;,&quot;module_produit&quot;:&quot;editolink&quot;,&quot;position_marchand&quot;:0,&quot;texte&quot;:&quot;garmin-forerunner-165-a-209-99-euros-au-lieu-de-279-99-euros&quot;,&quot;offer_url&quot;:&quot;https:\/\/shop.frandroid.com\/txfdk8ij&quot;,&quot;zone&quot;:&quot;contenu-page&quot;}\">Garmin Forerunner 165 \u00e0 209,99 euros au lieu de 279,99 euros<\/a><\/li>\n<li><a href=\"https:\/\/shop.frandroid.com\/xfs5er7r\" target=\"_blank\" rel=\"noreferrer noopener affiliate nofollow\">Xiaomi Watch 2 Pro \u00e0 219,99 euros au lieu de 299 euros<\/a><\/li>\n<li><a href=\"https:\/\/shop.frandroid.com\/pbatfk2w\" data-type=\"link\" data-id=\"https:\/\/www.amazon.fr\/Smartwatch-Batterie-Bluetooth-Sportifs-\u00c9tanch\u00e9it\u00e9\/dp\/B0F58SDZ6X?th=1\" target=\"_blank\" rel=\"noreferrer noopener affiliate nofollow\" data-gtm=\"{&quot;event&quot;:&quot;afficlic&quot;,&quot;nom_marchand&quot;:&quot;amazon_fr&quot;,&quot;nom_produit&quot;:&quot;inconnu&quot;,&quot;categorie_produit&quot;:&quot;inconnu&quot;,&quot;module_produit&quot;:&quot;editolink&quot;,&quot;position_marchand&quot;:0,&quot;texte&quot;:&quot;amazfit-bip-6-a-69-99-euros-au-lieu-de-79-90-euros&quot;,&quot;offer_url&quot;:&quot;https:\/\/shop.frandroid.com\/pbatfk2w&quot;,&quot;zone&quot;:&quot;contenu-page&quot;}\">Amazfit Bip 6 \u00e0 65,99 euros au lieu de 79,90 euros<\/a><\/li>\n<\/ul>\n<p>Pas satisfait par cette s\u00e9lection ? Vous pouvez toujours jeter un \u0153il \u00e0 nos <a href=\"https:\/\/www.frandroid.com\/guide-dachat\/guides-dachat-wearables\" data-type=\"link\" data-id=\"https:\/\/www.frandroid.com\/guide-dachat\/guides-dachat-wearables\" target=\"_blank\" rel=\"noopener\">diff\u00e9rents guides d\u2019achat sur les wearables<\/a>. Peut-\u00eatre qu\u2019un bon plan s\u2019y cache. Pour commencer, notre <a href=\"https:\/\/www.frandroid.com\/guide-dachat\/guides-dachat-wearables\/321259_7-suggestions-de-montres-connectees-en-2018\" data-type=\"link\" data-id=\"https:\/\/www.frandroid.com\/guide-dachat\/guides-dachat-wearables\/321259_7-suggestions-de-montres-connectees-en-2018\" target=\"_blank\" rel=\"noopener\">guide sur les meilleures montres connect\u00e9es<\/a> test\u00e9es par notre r\u00e9daction, nous en avons \u00e9galement un <a href=\"https:\/\/www.frandroid.com\/guide-dachat\/321051_10-trackers-meilleurs-bracelets-connectes-2017\" data-type=\"link\" data-id=\"https:\/\/www.frandroid.com\/guide-dachat\/321051_10-trackers-meilleurs-bracelets-connectes-2017\" target=\"_blank\" rel=\"noopener\">sur les meilleurs bracelets connect\u00e9s pour le sport<\/a>. Enfin, nous avons aussi cette <a href=\"https:\/\/www.frandroid.com\/guide-dachat\/1875593_bagues-connectees-quels-sont-les-modeles-deja-disponibles\" data-type=\"link\" data-id=\"https:\/\/www.frandroid.com\/guide-dachat\/1875593_bagues-connectees-quels-sont-les-modeles-deja-disponibles\" target=\"_blank\" rel=\"noopener\">s\u00e9lection sur les meilleures bagues connect\u00e9es<\/a>.<\/p>\n<p>Garmin Fenix 8<\/p>\n<p>Pr\u00e9cise, tr\u00e8s compl\u00e8te et endurante, la Garmin f\u0113nix 8 est l\u2019une des meilleures montres connect\u00e9es pour le sport du march\u00e9. Si elle est, \u00e0 la base, tr\u00e8s ch\u00e8re, elle b\u00e9n\u00e9ficie d\u2019une tr\u00e8s belle promotion pendant la Black Friday Week. <\/p>\n<p><a target=\"_blank\" href=\"https:\/\/images.frandroid.com\/wp-content\/uploads\/2025\/11\/garmin-fenix-8-black-friday-2025.jpg\" class=\"article-content__figure\" rel=\"noopener\"><img loading=\"lazy\" decoding=\"async\" width=\"1200\" height=\"675\" src=\"https:\/\/www.europesays.com\/fr\/wp-content\/uploads\/2025\/11\/garmin-fenix-8-black-friday-2025-1200x675.jpg\" alt=\"\" class=\"wp-image-2881739 wp-image\"  \/><\/a><\/p>\n<ul class=\"wp-block-list\">\n<li>Une montre solide et r\u00e9sistante<\/li>\n<li>Une dalle Amoled lumineuse de 1,4 pouce<\/li>\n<li>Un suivi GPS pr\u00e9cis<\/li>\n<li>L\u2019ECG enfin disponible<\/li>\n<\/ul>\n<p>Lanc\u00e9e \u00e0 949,99 euros, la Garmin f\u0113nix 8 (47 mm) est aujourd\u2019hui <a href=\"https:\/\/shop.frandroid.com\/sar8cdax\" target=\"_blank\" rel=\"noreferrer noopener affiliate nofollow\" data-gtm=\"{&quot;event&quot;:&quot;afficlic&quot;,&quot;nom_marchand&quot;:&quot;amazon_fr&quot;,&quot;nom_produit&quot;:&quot;inconnu&quot;,&quot;categorie_produit&quot;:&quot;inconnu&quot;,&quot;module_produit&quot;:&quot;editolink&quot;,&quot;position_marchand&quot;:0,&quot;texte&quot;:&quot;disponible-en-promotion-a-699-99-euros-sur-amazon&quot;,&quot;offer_url&quot;:&quot;https:\/\/shop.frandroid.com\/sar8cdax&quot;,&quot;zone&quot;:&quot;contenu-page&quot;}\">disponible en promotion \u00e0 699,99 euros sur Amazon<\/a>.<\/p>\n<p>On trouve aussi la Garmin Vivoactive 5 <a href=\"https:\/\/shop.frandroid.com\/lylhv1ic\" target=\"_blank\" rel=\"noreferrer noopener affiliate nofollow\">\u00e0 161 euros au lieu de 299 euros sur Amazon<\/a>. <\/p>\n<p>Apple Watch SE 3<\/p>\n<p>Apple veut s\u00e9duire ceux qui n\u2019ont pas 400 euros \u00e0 mettre dans une montre connect\u00e9e. Le r\u00e9sultat ? Une Apple Watch SE 3 modernis\u00e9e, boost\u00e9e, avec un Always-On\u2026 <\/p>\n<p><a href=\"https:\/\/images.frandroid.com\/wp-content\/uploads\/2025\/11\/apple-watch-se-3-black-friday-frandroid.jpg\" target=\"_blank\" class=\"article-content__figure\" rel=\"noopener\"><img loading=\"lazy\" decoding=\"async\" width=\"1200\" height=\"675\" src=\"https:\/\/www.europesays.com\/fr\/wp-content\/uploads\/2025\/11\/apple-watch-se-3-black-friday-frandroid-1200x675.jpg\" alt=\"\" class=\"wp-image-2881087 wp-image\"  \/><\/a><\/p>\n<ul class=\"wp-block-list\">\n<li>Un suivi GPS pr\u00e9cis<\/li>\n<li>Le tr\u00e8s attendu mode Always On<\/li>\n<li>Une montre Apple accessible<\/li>\n<\/ul>\n<p>Au lieu de 269 euros, la Apple Watch SE 3 est <a href=\"https:\/\/shop.frandroid.com\/z1inlasv\" data-type=\"link\" data-id=\"https:\/\/www.amazon.fr\/dp\/B0FQG55GFH\" target=\"_blank\" rel=\"noreferrer noopener affiliate nofollow\" data-gtm=\"{&quot;event&quot;:&quot;afficlic&quot;,&quot;nom_marchand&quot;:&quot;amazon_fr&quot;,&quot;nom_produit&quot;:&quot;inconnu&quot;,&quot;categorie_produit&quot;:&quot;inconnu&quot;,&quot;module_produit&quot;:&quot;editolink&quot;,&quot;position_marchand&quot;:0,&quot;texte&quot;:&quot;aujourd-hui-disponible-en-promotion-a-234-euros-sur-amazon&quot;,&quot;offer_url&quot;:&quot;https:\/\/shop.frandroid.com\/z1inlasv&quot;,&quot;zone&quot;:&quot;contenu-page&quot;}\">aujourd\u2019hui disponible en promotion \u00e0 234 euros sur Amazon<\/a> avec une remise au panier automatique de 15 euros.<\/p>\n<p>Huawei Watch GT 4<\/p>\n<p>La Huawei GT 4 n\u2019est certes pas le mod\u00e8le le plus r\u00e9cent de la marque, elle reste encore comp\u00e9titive, surtout quand elle est affich\u00e9e \u00e0 un prix aussi bas. <\/p>\n<p><a target=\"_blank\" href=\"https:\/\/images.frandroid.com\/wp-content\/uploads\/2025\/11\/huawei-watch-gt-4-black-friday-2025.jpg\" class=\"article-content__figure\" rel=\"noopener\"><img loading=\"lazy\" decoding=\"async\" width=\"1200\" height=\"675\" src=\"https:\/\/www.europesays.com\/fr\/wp-content\/uploads\/2025\/11\/huawei-watch-gt-4-black-friday-2025-1200x675.jpg\" alt=\"\" class=\"wp-image-2881911 wp-image\"  \/><\/a><\/p>\n<ul class=\"wp-block-list\">\n<li>Sa dalle Amoled de 1,43 pouce bien \u00e9clair\u00e9e<\/li>\n<li>Un bon suivi des activit\u00e9s sportives<\/li>\n<li>La couronne rotative, pratique et agr\u00e9able \u00e0 l\u2019usage<\/li>\n<\/ul>\n<p>La version de la Huawei Watch GT 4 46 mm avec un bracelet en silicone noir a \u00e9t\u00e9 lanc\u00e9e \u00e0 249,99 euros. Aujourd\u2019hui, vous la retrouvez <a href=\"https:\/\/shop.frandroid.com\/1oqcetam\" data-type=\"link\" data-id=\"https:\/\/www.amazon.fr\/dp\/B0CG9QLYSD?smid=A1X6FK5RDHNB96&amp;tag=egcdealabs2-21&amp;ascsubtag=ppr-fr-1808095874&amp;th=1\" target=\"_blank\" rel=\"noreferrer noopener affiliate nofollow\" data-gtm=\"{&quot;event&quot;:&quot;afficlic&quot;,&quot;nom_marchand&quot;:&quot;amazon_fr&quot;,&quot;nom_produit&quot;:&quot;inconnu&quot;,&quot;categorie_produit&quot;:&quot;inconnu&quot;,&quot;module_produit&quot;:&quot;editolink&quot;,&quot;position_marchand&quot;:0,&quot;texte&quot;:&quot;sur-le-site-d-amazon-pour-seulement-112-euros&quot;,&quot;offer_url&quot;:&quot;https:\/\/shop.frandroid.com\/1oqcetam&quot;,&quot;zone&quot;:&quot;contenu-page&quot;}\">sur le site d\u2019Amazon pour seulement 112 euros<\/a>. <\/p>\n<p>                <img decoding=\"async\" width=\"1200\" height=\"446\" loading=\"lazy\" alt=\"Affiliates_1325x492_Frandroid-Watch\" title=\"Affiliates_1325x492_Frandroid-Watch\" class=\"is-radiusless placeholder-default wp-image\" src=\"https:\/\/www.europesays.com\/fr\/wp-content\/uploads\/2025\/11\/affiliates-1325x492-frandroid-watch-1200x446.jpg\" \/>            <\/p>\n<p>\n                    L\u2019Apple Watch Ultra est \u00e0 prix cass\u00e9                <\/p>\n<p class=\"has-text-weight-medium is-size-6 is-line-height-normal\">\n                    Et si pendant le Black Friday, vous profitiez du reconditionn\u00e9 pour faire encore plus d\u2019\u00e9conomies ? Chez Back Market, l\u2019Apple Watch Ultra co\u00fbte moins de 375 euros avec le code KDO2025, valable sur toutes les montres connect\u00e9es.                <\/p>\n<p>Samsung\u00a0Galaxy Watch 7 44 mm<\/p>\n<p>La Galaxy Watch 7 de Samsung est une montre jolie et polyvalente, capable aussi bien de faciliter votre quotidien en liaison avec votre smartphone, que d\u2019accompagner vos s\u00e9ances de sport ainsi que de vous informer sur vos stats de sant\u00e9.<\/p>\n<p><a href=\"https:\/\/images.frandroid.com\/wp-content\/uploads\/2025\/11\/samsung-galaxy-watch-7-2.jpg\" target=\"_blank\" class=\"article-content__figure\" rel=\"noopener\"><img loading=\"lazy\" decoding=\"async\" width=\"1200\" height=\"675\" src=\"https:\/\/www.europesays.com\/fr\/wp-content\/uploads\/2025\/11\/samsung-galaxy-watch-7-2-1200x675.jpg\" alt=\"\" class=\"wp-image-2877965 wp-image\"  \/><\/a><\/p>\n<p>Les point forts de la Samsung\u00a0Galaxy Watch 7 44 mm<\/p>\n<ul class=\"wp-block-list\">\n<li>Int\u00e9gration de Galaxy AI<\/li>\n<\/ul>\n<ul class=\"wp-block-list\">\n<li>Analyse et suivi du sommeil<\/li>\n<\/ul>\n<ul class=\"wp-block-list\">\n<li>Autonomie jusqu\u2019\u00e0 40 heures<\/li>\n<\/ul>\n<p>Aujourd\u2019hui, la Samsung\u00a0Galaxy Watch 7 44 mm <a href=\"https:\/\/shop.frandroid.com\/eufmk2hk\" target=\"_blank\" rel=\"noreferrer noopener affiliate nofollow\" data-gtm=\"{&quot;event&quot;:&quot;afficlic&quot;,&quot;nom_marchand&quot;:&quot;boulanger&quot;,&quot;nom_produit&quot;:&quot;inconnu&quot;,&quot;categorie_produit&quot;:&quot;inconnu&quot;,&quot;module_produit&quot;:&quot;editolink&quot;,&quot;position_marchand&quot;:0,&quot;texte&quot;:&quot;tombe-a-199-euros&quot;,&quot;offer_url&quot;:&quot;https:\/\/shop.frandroid.com\/eufmk2hk&quot;,&quot;zone&quot;:&quot;contenu-page&quot;}\">tombe \u00e0 199 euros,<\/a> au lieu d\u2019un prix de vente habituel \u00e0 309 euros.<\/p>\n<p>Amazfit T-Rex 3 Pro<\/p>\n<p>L\u2019Amazfit T-Rex 3 Pro vient de d\u00e9barquer sur le march\u00e9 des montres connect\u00e9es et elle s\u2019impose d\u00e9j\u00e0 comme une r\u00e9f\u00e9rence. Elle a en tout cas s\u00e9duit <a href=\"https:\/\/www.frandroid.com\/marques\/amazfit\/2792643_test-de-lamazfit-t-rex-3-pro-une-montre-outdoor-qui-na-pas-grand-chose-a-envier-aux-references-de-garmin\" data-type=\"link\" data-id=\"https:\/\/www.frandroid.com\/marques\/amazfit\/2792643_test-de-lamazfit-t-rex-3-pro-une-montre-outdoor-qui-na-pas-grand-chose-a-envier-aux-references-de-garmin\" target=\"_blank\" rel=\"noopener\">notre testeur qui lui a mis 9\/10<\/a> qui souligne son design r\u00e9sistant, particuli\u00e8rement adapt\u00e9 aux activit\u00e9s outdoor. La pr\u00e9cision de la mesure des donn\u00e9es fait que les plus pointus des sportifs pourront y trouver leur compte, d\u2019autant que l\u2019application Zepp a fait peau neuve et affiche des scores plus parlants que de simples chiffres.<\/p>\n<p><a href=\"https:\/\/images.frandroid.com\/wp-content\/uploads\/2025\/11\/amazfit-t-rex-3-pro-black-friday.jpg\" target=\"_blank\" class=\"article-content__figure\" rel=\"noopener\"><img loading=\"lazy\" decoding=\"async\" width=\"1200\" height=\"675\" src=\"https:\/\/www.europesays.com\/fr\/wp-content\/uploads\/2025\/11\/amazfit-t-rex-3-pro-black-friday-1200x675.jpg\" alt=\"\" class=\"wp-image-2877525 wp-image\"  \/><\/a><\/p>\n<p>Les point forts de l\u2019Amazfit T-Rex 3 Pro<\/p>\n<ul class=\"wp-block-list\">\n<li>La luminosit\u00e9 de l\u2019\u00e9cran AMOLED<\/li>\n<li>Le boitier est certifi\u00e9 \u00e9tanche 10 ATM<\/li>\n<li>L\u2019autonomie qui va jusqu\u2019\u00e0 25 jours selon l\u2019usage<\/li>\n<\/ul>\n<p>Au lieu de 399,90 euros, la toute nouvelle Amazfit T-Rex 3 Pro est aujourd\u2019hui disponible <a href=\"https:\/\/shop.frandroid.com\/wgntlgc5\" data-type=\"link\" data-id=\"https:\/\/www.amazon.fr\/Amazfit-Connect\u00e9e-Int\u00e9gr\u00e9e-Autonomie-Smartwatch\/dp\/B0FJMQ9Z9P?th=1\" target=\"_blank\" rel=\"noreferrer noopener affiliate nofollow\" data-gtm=\"{&quot;event&quot;:&quot;afficlic&quot;,&quot;nom_marchand&quot;:&quot;amazon_fr&quot;,&quot;nom_produit&quot;:&quot;inconnu&quot;,&quot;categorie_produit&quot;:&quot;inconnu&quot;,&quot;module_produit&quot;:&quot;editolink&quot;,&quot;position_marchand&quot;:0,&quot;texte&quot;:&quot;en-promotion-a-372-87-euros&quot;,&quot;offer_url&quot;:&quot;https:\/\/shop.frandroid.com\/wgntlgc5&quot;,&quot;zone&quot;:&quot;contenu-page&quot;}\">en promotion \u00e0 372,87 euros<\/a> sur Amazon.<\/p>\n<p>Suunto 9 Peak Pro<\/p>\n<p>La <a href=\"https:\/\/www.amazon.fr\/dp\/B0B64J7YQC\" target=\"_blank\" rel=\"noreferrer noopener\">Suunto 9 Peak Pro<\/a> est une montre connect\u00e9e qui a d\u00e9j\u00e0 quelques ann\u00e9es mais qui reste quand m\u00eame une belle r\u00e9f\u00e9rence. Elle a quelques manques, notamment une absence de cartographie, une absence de VFC et un suivi de sommeil \u00e0 la ramasse. Mais elle propose en \u00e9change une cr\u00e9ation d\u2019itin\u00e9raire tr\u00e8s pratique, une tr\u00e8s grande pr\u00e9cision GNSS et une autonomie bien s\u00e9duisante.<\/p>\n<p><a href=\"https:\/\/images.frandroid.com\/wp-content\/uploads\/2025\/11\/suunto-9-peak-pro.jpg\" target=\"_blank\" class=\"article-content__figure\" rel=\"noopener\"><img loading=\"lazy\" decoding=\"async\" width=\"1200\" height=\"675\" src=\"https:\/\/www.europesays.com\/fr\/wp-content\/uploads\/2025\/11\/suunto-9-peak-pro-1200x675.jpg\" alt=\"\" class=\"wp-image-2877971 wp-image\"  \/><\/a><\/p>\n<p>Les points forts de la Suunto 9 Peak Pro<\/p>\n<ul class=\"wp-block-list\">\n<li>Une autonomie de 10 jours<\/li>\n<li>Un design discret<\/li>\n<li>Une app bien pens\u00e9e<\/li>\n<\/ul>\n<p>Lanc\u00e9e \u00e0 499 euros en octobre 2022, la Suunto 9 Peak Pro profite du pr\u00e9-Black Friday sur Amazon\u00a0<a href=\"https:\/\/shop.frandroid.com\/l377f8xl\" target=\"_blank\" rel=\"noreferrer noopener affiliate nofollow\">pour passer \u00e0 199 euros<\/a>.<\/p>\n<p>Apple Watch Ultra 2<\/p>\n<p>Massive, solide et puissante, l\u2019<a href=\"https:\/\/www.frandroid.com\/produits\/montres-bracelet-connectes\/apple\/1786655-apple-watch-ultra-2\" target=\"_blank\" rel=\"noopener\">Apple Watch Ultra 2<\/a>\u00a0est une montre connect\u00e9e qui offre notamment des mesures tr\u00e8s pr\u00e9cises. Heureusement, deux ans apr\u00e8s sa sortie et un mois apr\u00e8s l\u2019officialisation de\u00a0<a href=\"https:\/\/www.frandroid.com\/produits\/montres-bracelet-connectes\/apple\/2788703-apple-watch-ultra-3#js-technical-specs-list\" target=\"_blank\" rel=\"noopener\">l\u2019Apple Watch Ultra 3<\/a>, la facture de l\u2019Ultra 2 est moins sal\u00e9e, surtout pendant le pr\u00e9-Black Friday. <\/p>\n<p><a href=\"https:\/\/images.frandroid.com\/wp-content\/uploads\/2025\/11\/apple-watch-ultra-2.jpg\" target=\"_blank\" class=\"article-content__figure\" rel=\"noopener\"><img loading=\"lazy\" decoding=\"async\" width=\"1200\" height=\"675\" src=\"https:\/\/www.europesays.com\/fr\/wp-content\/uploads\/2025\/11\/apple-watch-ultra-2-1200x675.jpg\" alt=\"\" class=\"wp-image-2877973 wp-image\"  \/><\/a><\/p>\n<p>Les points forts de l\u2019Apple Watch Ultra 2<\/p>\n<ul class=\"wp-block-list\">\n<li>Une grosse montre tr\u00e8s robuste<\/li>\n<li>Un \u00e9cran tr\u00e8s lumineux (jusqu\u2019\u00e0 3 000 nits)<\/li>\n<li>Une mesure de la fr\u00e9quence cardiaque tr\u00e8s pr\u00e9cise<\/li>\n<\/ul>\n<p>Au lieu de 899,99 euros \u00e0 son lancement, l\u2019Apple Watch Ultra 2 est aujourd\u2019hui disponible <a href=\"https:\/\/shop.frandroid.com\/tjtfops2\" target=\"_blank\" rel=\"noreferrer noopener affiliate nofollow\" data-gtm=\"{&quot;event&quot;:&quot;afficlic&quot;,&quot;nom_marchand&quot;:&quot;boulanger&quot;,&quot;nom_produit&quot;:&quot;inconnu&quot;,&quot;categorie_produit&quot;:&quot;inconnu&quot;,&quot;module_produit&quot;:&quot;editolink&quot;,&quot;position_marchand&quot;:0,&quot;texte&quot;:&quot;en-promotion-a-699-euros&quot;,&quot;offer_url&quot;:&quot;https:\/\/shop.frandroid.com\/tjtfops2&quot;,&quot;zone&quot;:&quot;contenu-page&quot;}\">en promotion \u00e0 699 euros<\/a> chez Boulanger.<\/p>\n<p>Coros Pace 3<\/p>\n<p>La Pace 3 est une montre avant tout destin\u00e9e au sport, de tout types. \u00a0Gr\u00e2ce \u00e0 son GPS double fr\u00e9quence et \u00e0 ses capteurs r\u00e9cents, elle offre une fiabilit\u00e9 exemplaire en course comme en montagne. Son suivi sant\u00e9 est tr\u00e8s pouss\u00e9.<\/p>\n<p><a href=\"https:\/\/images.frandroid.com\/wp-content\/uploads\/2025\/11\/coros-pace-3.jpg\" target=\"_blank\" class=\"article-content__figure\" rel=\"noopener\"><img loading=\"lazy\" decoding=\"async\" width=\"1200\" height=\"675\" src=\"https:\/\/www.europesays.com\/fr\/wp-content\/uploads\/2025\/11\/coros-pace-3-1200x675.jpg\" alt=\"\" class=\"wp-image-2877977 wp-image\"  \/><\/a><\/p>\n<p>Les point forts de la Coros Pace 3<\/p>\n<ul class=\"wp-block-list\">\n<li>Autonomie record (jusqu\u2019\u00e0 38h en mode GPS standard)<\/li>\n<\/ul>\n<ul class=\"wp-block-list\">\n<li>Suivi cardio, SpO2, sommeil\u2026<\/li>\n<\/ul>\n<p>Cette semaine, la <a href=\"https:\/\/shop.frandroid.com\/80103kke\" data-type=\"link\" data-id=\"https:\/\/www.amazon.fr\/COROS-Confortable-dautonomie-fr%C3%A9quence-Navigation\/dp\/B0CFQQ9FDL\/ref=asc_df_B0CFQQ9FDL?mcid=8b6a4a11784e3114a3f399bd50c4733d&amp;tag=googshopfr-21&amp;linkCode=df0&amp;hvadid=701573725136&amp;hvpos=&amp;hvnetw=g&amp;hvrand=11997000209664124583&amp;hvpone=&amp;hvptwo=&amp;hvqmt=&amp;hvdev=c&amp;hvdvcmdl=&amp;hvlocint=&amp;hvlocphy=9056526&amp;hvtargid=pla-2203326910546&amp;hvocijid=11997000209664124583-B0CFQQ9FDL-&amp;hvexpln=0&amp;th=1\" target=\"_blank\" rel=\"noreferrer noopener affiliate nofollow\" data-gtm=\"{&quot;event&quot;:&quot;afficlic&quot;,&quot;nom_marchand&quot;:&quot;amazon_fr&quot;,&quot;nom_produit&quot;:&quot;inconnu&quot;,&quot;categorie_produit&quot;:&quot;inconnu&quot;,&quot;module_produit&quot;:&quot;editolink&quot;,&quot;position_marchand&quot;:0,&quot;texte&quot;:&quot;coros-pace-3-degringole-a-210-36-euros-au-lieu-de-254-euros&quot;,&quot;offer_url&quot;:&quot;https:\/\/shop.frandroid.com\/80103kke&quot;,&quot;zone&quot;:&quot;contenu-page&quot;}\">Coros Pace 3 d\u00e9gringole \u00e0 229 euros au lieu de 254 euros<\/a> sur Amazon.<\/p>\n<p>Garmin Fenix 7 Pro Solar<\/p>\n<p>Garmin a b\u00e2ti une vraie l\u00e9gende autour de ses montres pens\u00e9es pour les sportifs et les mordus d\u2019outdoor. La f\u0113nix 7 Pro Solar fait clairement partie de celles qu\u2019on emm\u00e8ne en trail, en trek ou sur une ascension o\u00f9 le souffle se fait rare et o\u00f9 le GPS devient un ami pr\u00e9cieux.\u00a0<\/p>\n<p><a href=\"https:\/\/images.frandroid.com\/wp-content\/uploads\/2025\/11\/garmin-fenix-7-pro-solar-black-friday-frandroid.jpg\" target=\"_blank\" class=\"article-content__figure\" rel=\"noopener\"><img loading=\"lazy\" decoding=\"async\" width=\"1200\" height=\"675\" src=\"https:\/\/www.europesays.com\/fr\/wp-content\/uploads\/2025\/11\/garmin-fenix-7-pro-solar-black-friday-frandroid-1200x675.jpg\" alt=\"\" class=\"wp-image-2879933 wp-image\"  \/><\/a><\/p>\n<p>Les points forts de la Garmin Fenix 7 Pro Solar<\/p>\n<ul class=\"wp-block-list\">\n<li>Le GNSS toujours aussi pr\u00e9cis<\/li>\n<li>Une autonomie solide coupl\u00e9e \u00e0 la recharge solaire<\/li>\n<li>Une r\u00e9sistance \u00e0 toute \u00e9preuve<\/li>\n<li>Une lampe LED (plus utile que vous ne le pensez)<\/li>\n<\/ul>\n<p>Au lieu de 849 euros lors de son lancement, la Garmin Fenix 7 Pro Solar est aujourd\u2019hui disponible <a href=\"https:\/\/shop.frandroid.com\/anos1xha\" data-type=\"link\" data-id=\"https:\/\/www.decathlon.fr\/p\/montre-gps-fenix-7-pro-solar-multisports\/_\/R-p-378725\" target=\"_blank\" rel=\"noreferrer noopener affiliate nofollow\" data-gtm=\"{&quot;event&quot;:&quot;afficlic&quot;,&quot;nom_marchand&quot;:&quot;decathlon&quot;,&quot;nom_produit&quot;:&quot;inconnu&quot;,&quot;categorie_produit&quot;:&quot;inconnu&quot;,&quot;module_produit&quot;:&quot;editolink&quot;,&quot;position_marchand&quot;:0,&quot;texte&quot;:&quot;en-promotion-a-449-99-euros&quot;,&quot;offer_url&quot;:&quot;https:\/\/shop.frandroid.com\/anos1xha&quot;,&quot;zone&quot;:&quot;contenu-page&quot;}\">en promotion \u00e0 449,99 euros<\/a> sur Decathlon.<\/p>\n<p>Garmin Fenix E<\/p>\n<p>Les\u00a0<a href=\"https:\/\/www.frandroid.com\/guide-dachat\/1649125_montres-connectees-garmin-quel-modele-de-smartwatch-choisir\" target=\"_blank\" rel=\"noopener\">montres Garmin<\/a>\u00a0comptent parmi les meilleures r\u00e9f\u00e9rences pour les amateurs de sport. Pr\u00e9cision, autonomie et accompagnement sportif\u2026 Tout y est, comme sur cette Fenix E.\u00a0Une montre\u00a0outdoor\u00a0haut de gamme, avec un tarif l\u00e9g\u00e8rement plus abordable\u00a0que\u00a0<a href=\"https:\/\/www.frandroid.com\/produits\/montres-bracelet-connectes\/garmin\/2314930-garmin-fenix-8\" target=\"_blank\" rel=\"noopener\">la Fenix 8<\/a>.<\/p>\n<p><a href=\"https:\/\/images.frandroid.com\/wp-content\/uploads\/2025\/11\/garmin-fenix-e-2.jpg\" target=\"_blank\" class=\"article-content__figure\" rel=\"noopener\"><img loading=\"lazy\" decoding=\"async\" width=\"1200\" height=\"675\" src=\"https:\/\/www.europesays.com\/fr\/wp-content\/uploads\/2025\/11\/garmin-fenix-e-2-1200x675.jpg\" alt=\"\" class=\"wp-image-2877981 wp-image\"  \/><\/a><\/p>\n<p>Les points forts de la Garmin Fenix E<\/p>\n<ul class=\"wp-block-list\">\n<li>Une montre robuste avec un bel \u00e9cran AMOLED<\/li>\n<li>Moults capteurs pour assurer un bon suivi\u00a0<\/li>\n<li>Une montre endurante<\/li>\n<\/ul>\n<p>Au lieu de 799,99 euros \u00e0 son lancement, la Garmin Fenix E est aujourd\u2019hui disponible <a href=\"https:\/\/shop.frandroid.com\/2f4wb217\" data-type=\"link\" data-id=\"https:\/\/www.amazon.fr\/dp\/B0DC6ZHZX2?th=1\" target=\"_blank\" rel=\"noreferrer noopener affiliate nofollow\" data-gtm=\"{&quot;event&quot;:&quot;afficlic&quot;,&quot;nom_marchand&quot;:&quot;amazon_fr&quot;,&quot;nom_produit&quot;:&quot;inconnu&quot;,&quot;categorie_produit&quot;:&quot;inconnu&quot;,&quot;module_produit&quot;:&quot;editolink&quot;,&quot;position_marchand&quot;:0,&quot;texte&quot;:&quot;en-promotion-a-499-euros&quot;,&quot;offer_url&quot;:&quot;https:\/\/shop.frandroid.com\/2f4wb217&quot;,&quot;zone&quot;:&quot;contenu-page&quot;}\">en promotion \u00e0 425,06 euros<\/a> sur Amazon.<\/p>\n<p>Garmin Forerunner 165<\/p>\n<p>La Garmin Forerunner 165 est une montre de sport sp\u00e9cialis\u00e9e sur la course \u00e0 pied, \u00e0 un tout petit prix. Elle parvient \u00e0 se distinguer par son \u00e9cran AMOLED lumineux et une belle autonomie de 11 jours. Toute l\u00e9g\u00e8re, elle accompagnera toutes les sorties sportives sans souci.<\/p>\n<p><a href=\"https:\/\/images.frandroid.com\/wp-content\/uploads\/2025\/11\/garmin-forerunner-165.jpg\" target=\"_blank\" class=\"article-content__figure\" rel=\"noopener\"><img loading=\"lazy\" decoding=\"async\" width=\"1200\" height=\"675\" src=\"https:\/\/www.europesays.com\/fr\/wp-content\/uploads\/2025\/11\/garmin-forerunner-165-1200x675.jpg\" alt=\"\" class=\"wp-image-2877985 wp-image\"  \/><\/a><\/p>\n<p>Les points forts de la Garmin Forerunner 165<\/p>\n<ul class=\"wp-block-list\">\n<li>Ecran Amoled de super qualit\u00e9<\/li>\n<li>Suivi GNSS pr\u00e9cis<\/li>\n<li>Grosse autonomie<\/li>\n<\/ul>\n<p>En ce moment, la Garmin Forerunner 165 <a href=\"https:\/\/shop.frandroid.com\/txfdk8ij\" target=\"_blank\" rel=\"noreferrer noopener affiliate nofollow\" data-gtm=\"{&quot;event&quot;:&quot;afficlic&quot;,&quot;nom_marchand&quot;:&quot;intersport&quot;,&quot;nom_produit&quot;:&quot;inconnu&quot;,&quot;categorie_produit&quot;:&quot;inconnu&quot;,&quot;module_produit&quot;:&quot;editolink&quot;,&quot;position_marchand&quot;:0,&quot;texte&quot;:&quot;est-a-209-99-euros&quot;,&quot;offer_url&quot;:&quot;https:\/\/shop.frandroid.com\/txfdk8ij&quot;,&quot;zone&quot;:&quot;contenu-page&quot;}\">est \u00e0 209,99 euros <\/a>chez Intersport.<\/p>\n<p>Xiaomi Watch 2 Pro <\/p>\n<p>Cette montre connect\u00e9e propose un excellent suivi des activit\u00e9s sportives avec un GPS et un suivi cardiaque pr\u00e9cis. <a href=\"https:\/\/www.frandroid.com\/marques\/xiaomi\/1835723_test-xiaomi-watch-2-pro\" target=\"_blank\" rel=\"noopener\">La Xiaomi Watch 2 Pro<\/a> int\u00e8gre aussi de nombreuses applications Google compatibles pour un usage quotidien assur\u00e9. En bref, une excellente montre pour tous les jours.<\/p>\n<p><a href=\"https:\/\/images.frandroid.com\/wp-content\/uploads\/2025\/11\/xiaomi-watch-2-pro.jpg\" target=\"_blank\" class=\"article-content__figure\" rel=\"noopener\"><img loading=\"lazy\" decoding=\"async\" width=\"1200\" height=\"675\" src=\"https:\/\/www.europesays.com\/fr\/wp-content\/uploads\/2025\/11\/xiaomi-watch-2-pro-1200x675.jpg\" alt=\"\" class=\"wp-image-2878005 wp-image\"  \/><\/a><\/p>\n<p>Les points forts de la Xiaomi Watch 2 Pro<\/p>\n<ul class=\"wp-block-list\">\n<li>Son design tout en sobri\u00e9t\u00e9<\/li>\n<li>L\u2019\u00e9cran de qualit\u00e9<\/li>\n<li>Le suivi cardiaque et GPS pr\u00e9cis<\/li>\n<\/ul>\n<p>La montre connect\u00e9e Xiaomi est en promotion sur le site officiel du constructeur. <a href=\"https:\/\/shop.frandroid.com\/xfs5er7r\" target=\"_blank\" rel=\"noreferrer noopener affiliate nofollow\" data-gtm=\"{&quot;event&quot;:&quot;afficlic&quot;,&quot;nom_marchand&quot;:&quot;xiaomi&quot;,&quot;nom_produit&quot;:&quot;inconnu&quot;,&quot;categorie_produit&quot;:&quot;inconnu&quot;,&quot;module_produit&quot;:&quot;editolink&quot;,&quot;position_marchand&quot;:0,&quot;texte&quot;:&quot;en-effet-la-xiaomi-watch-2-pro-est-a-229-euros-au-lieu-de-299-euros&quot;,&quot;offer_url&quot;:&quot;https:\/\/shop.frandroid.com\/xfs5er7r&quot;,&quot;zone&quot;:&quot;contenu-page&quot;}\">En effet, la Xiaomi Watch 2 Pro est \u00e0 219,99 euros au lieu de 299 euros<\/a>.<\/p>\n<p>Amazfit Bip 6<\/p>\n<p>L\u2019Amazfit Bip 6\u00a0est une r\u00e9f\u00e9rence de montre connect\u00e9e qui ne paie pas de mine au premier abord. En mati\u00e8re de design, celle-ci n\u2019offre aucune \u00e9volution majeure mais conserve un bon niveau de finition, surtout au regard de son prix. Vous avez m\u00eame droit \u00e0 un bel \u00e9cran Amoled pour une belle luminosit\u00e9 quelles que soient les circonstances.<\/p>\n<p><a href=\"https:\/\/images.frandroid.com\/wp-content\/uploads\/2025\/11\/amazfit-bip-6-2.jpg\" target=\"_blank\" class=\"article-content__figure\" rel=\"noopener\"><img loading=\"lazy\" decoding=\"async\" width=\"1200\" height=\"675\" src=\"https:\/\/www.europesays.com\/fr\/wp-content\/uploads\/2025\/11\/amazfit-bip-6-2-1200x675.jpg\" alt=\"\" class=\"wp-image-2878011 wp-image\"  \/><\/a><\/p>\n<p>Les points forts de l\u2019Amazfit Bip 6<\/p>\n<ul class=\"wp-block-list\">\n<li>La pr\u00e9cision des donn\u00e9es<\/li>\n<li>La cartographie en local<\/li>\n<li>Le prix tr\u00e8s attractif<\/li>\n<\/ul>\n<p>Au lieu de 79,90 euros, l\u2019Amazfit Bip 6 est aujourd\u2019hui disponible <a href=\"https:\/\/shop.frandroid.com\/pbatfk2w\" data-type=\"link\" data-id=\"https:\/\/www.amazon.fr\/Smartwatch-Batterie-Bluetooth-Sportifs-\u00c9tanch\u00e9it\u00e9\/dp\/B0F58SDZ6X?th=1\" target=\"_blank\" rel=\"noreferrer noopener affiliate nofollow\" data-gtm=\"{&quot;event&quot;:&quot;afficlic&quot;,&quot;nom_marchand&quot;:&quot;amazon_fr&quot;,&quot;nom_produit&quot;:&quot;inconnu&quot;,&quot;categorie_produit&quot;:&quot;inconnu&quot;,&quot;module_produit&quot;:&quot;editolink&quot;,&quot;position_marchand&quot;:0,&quot;texte&quot;:&quot;en-promotion-a-69-99-euros-sur-amazon&quot;,&quot;offer_url&quot;:&quot;https:\/\/shop.frandroid.com\/pbatfk2w&quot;,&quot;zone&quot;:&quot;contenu-page&quot;}\">en promotion \u00e0 65,99 euros sur Amazon<\/a>.<\/p>\n<p>Black Friday Week : pour ne rien rater des offres<\/p>\n<p>Le v\u00e9ritable Black Friday ne commencera que le 28 novembre prochain, mais les e-commer\u00e7ants ont d\u00e9j\u00e0 partag\u00e9 des offres en avance lors d\u2019une sorte d\u2019avant-premi\u00e8re du vendredi noir. En ce moment, Amazon lance la Black Friday Week, pour faire encore plus de bonnes affaires. Une aubaine si vous voulez anticiper vos achats de fin d\u2019ann\u00e9e.<\/p>\n<p>Si vous n\u2019avez pas trouv\u00e9 votre bonheur dans les s\u00e9lections pr\u00e9c\u00e9demment cit\u00e9es, voici ce qu\u2019il vous reste \u00e0 faire : <\/p>\n<ul class=\"wp-block-list\">\n<li>T\u00e9l\u00e9chargez notre nouvelle extension Chrome Frandroid Check afin de comparer facilement et sans intrusion les prix des produits : <a href=\"https:\/\/www.frandroid.com\/humanoid\/2877567_telechargez-frandroid-check-le-comparateur-de-prix-et-de-tests-integre-a-votre-navigateur\" target=\"_blank\" rel=\"noreferrer noopener\">tout est expliqu\u00e9 ici<\/a>. <\/li>\n<li>Suivez notre compte X\u00a0<a href=\"https:\/\/twitter.com\/FrandroidPromos\" target=\"_blank\" rel=\"noreferrer noopener\">@FrandroidPromos<\/a> uniquement d\u00e9di\u00e9 aux bons plans (pensez \u00e0 activer la cloche pour recevoir les notifications en temps r\u00e9el)<\/li>\n<li><a href=\"https:\/\/whatsapp.com\/channel\/0029VabYxm5LI8YhSlD8xc05\" target=\"_blank\" rel=\"noreferrer noopener\">Rejoignez notre canal WhatsApp<\/a> pour recevoir une fois par jour un condens\u00e9 des meilleures offres<\/li>\n<li>T\u00e9l\u00e9chargez notre <a href=\"https:\/\/www.frandroid.com\/telecharger\/apps\/frandroid\" target=\"_blank\" rel=\"noreferrer noopener\">application Frandroid<\/a> (disponible sur iOS et Android) pour activer les notifications de la cat\u00e9gorie \u00ab Bons Plans \u00bb et ainsi recevoir en temps r\u00e9el les nouveaux articles li\u00e9s au Black Friday 2025<\/li>\n<li>Abonnez-vous \u00e0 notre newsletter pour \u00eatre s\u00fbr de recevoir les offres en avant-premi\u00e8re (pas plus d\u2019un mail par jour, d\u00e9sinscription en 1 clic, aucune diffusion \u00e0 des tiers) :<\/li>\n<\/ul>\n<p class=\"newsletter-form__title is-size-6 is-size-7-mobile is-uppercase has-text-good-deals has-text-weight-semibold mb-4 px-5\">Frandroid Bons plans<\/p>\n<p class=\"has-text-centered-tablet newsletter-form__subtitle is-size-4 has-text-weight-bold has-text-primary column is-9-tablet is-10-mobile\">\n                C\u2019est enregistr\u00e9 ! Surveillez votre bo\u00eete aux lettres, vous allez entendre parler de nous\u00a0!\n            <\/p>\n<p class=\"newsletter-form__subtitle is-size-4 has-text-weight-bold has-text-gradient-pink\">Ne manquez aucun bon plan avec notre newsletter<\/p>\n<p class=\"is-size-7\">\n                Les donn\u00e9es transmises par le biais de ce formulaire sont destin\u00e9es \u00e0 Humanoid,<br \/>\n                soci\u00e9t\u00e9 \u00e9ditrice du site Frandroid en sa qualit\u00e9 de responsable de traitement.<br \/>\n                Elles ne seront en aucun cas c\u00e9d\u00e9es \u00e0 des tiers. Ces donn\u00e9es sont trait\u00e9es sous r\u00e9serve d\u2019obtention de<br \/>\n                votre consentement pour vous envoyer par e-mail des actualit\u00e9s et informations relatives aux contenus<br \/>\n                \u00e9ditoriaux publi\u00e9s sur Frandroid. Vous pouvez vous opposer \u00e0 tout moment \u00e0 ces e-mails<br \/>\n                en cliquant sur les liens de d\u00e9sinscriptions pr\u00e9sents dans chacun d\u2019eux. Pour plus d\u2019informations, vous<br \/>\n                pouvez consulter l\u2019int\u00e9gralit\u00e9 de notre <a href=\"https:\/\/www.frandroid.com\/politique-donnees-personnelles\" target=\"_blank\" rel=\"noopener\"><br \/>\n                politique de traitement de vos donn\u00e9es personnelles<\/a>.<br \/>\n                Vous disposez d\u2019un droit d\u2019acc\u00e8s, de rectification, d\u2019effacement, de limitation, de portabilit\u00e9 et<br \/>\n                d\u2019opposition pour motif l\u00e9gitime aux donn\u00e9es personnelles vous concernant. Pour exercer l\u2019un de ces droits,<br \/>\n                merci d\u2019effectuer votre demande via notre <a href=\"https:\/\/www.frandroid.com\/contact\/#RGPD\" target=\"_blank\" rel=\"noopener\">formulaire<br \/>\n                de demandes d\u2019exercices de droits d\u00e9di\u00e9<\/a>.\n            <\/p>\n<p>            <script async src=\"https:\/\/platform.twitter.com\/widgets.js\" charset=\"utf-8\"><\/script><\/p>\n","protected":false},"excerpt":{"rendered":"Nous ne sommes que mi-novembre, mais les promotions d\u00e9barquent avant l\u2019heure. Ce pr\u00e9-Black Friday met \u00e0 l\u2019honneur les&hellip;\n","protected":false},"author":2,"featured_media":551510,"comment_status":"","ping_status":"","sticky":false,"template":"","format":"standard","meta":{"footnotes":""},"categories":[7],"tags":[17726,66882,48389,62374,678,201,3042,943,1040,13052,907,1011,27,66883,66884,66885,24873,21955,43,40,41,39,64121,42,44,742],"class_list":{"0":"post-551509","1":"post","2":"type-post","3":"status-publish","4":"format-standard","5":"has-post-thumbnail","7":"category-sciences-et-technologies","8":"tag-amazfit-bip-6","9":"tag-amazfit-t-rex-3-pro","10":"tag-apple-watch-ultra-2","11":"tag-black-friday-2025","12":"tag-bons-plans-aliexpress","13":"tag-bons-plans-amazon","14":"tag-bons-plans-boulanger","15":"tag-bons-plans-darty","16":"tag-bons-plans-decathlon","17":"tag-bons-plans-rakuten","18":"tag-bons-plans-xiaomi","19":"tag-fr","20":"tag-france","21":"tag-garmin-fenix-7-pro","22":"tag-garmin-fenix-e","23":"tag-garmin-forerunner-165","24":"tag-huawei-watch-5","25":"tag-huawei-watch-fit-4","26":"tag-science","27":"tag-science-and-technology","28":"tag-sciences","29":"tag-sciences-et-technologies","30":"tag-selections-black-friday","31":"tag-technologies","32":"tag-technology","33":"tag-update"},"share_on_mastodon":{"url":"","error":"Validation failed: Text character limit of 500 exceeded"},"_links":{"self":[{"href":"https:\/\/www.europesays.com\/fr\/wp-json\/wp\/v2\/posts\/551509","targetHints":{"allow":["GET"]}}],"collection":[{"href":"https:\/\/www.europesays.com\/fr\/wp-json\/wp\/v2\/posts"}],"about":[{"href":"https:\/\/www.europesays.com\/fr\/wp-json\/wp\/v2\/types\/post"}],"author":[{"embeddable":true,"href":"https:\/\/www.europesays.com\/fr\/wp-json\/wp\/v2\/users\/2"}],"replies":[{"embeddable":true,"href":"https:\/\/www.europesays.com\/fr\/wp-json\/wp\/v2\/comments?post=551509"}],"version-history":[{"count":0,"href":"https:\/\/www.europesays.com\/fr\/wp-json\/wp\/v2\/posts\/551509\/revisions"}],"wp:featuredmedia":[{"embeddable":true,"href":"https:\/\/www.europesays.com\/fr\/wp-json\/wp\/v2\/media\/551510"}],"wp:attachment":[{"href":"https:\/\/www.europesays.com\/fr\/wp-json\/wp\/v2\/media?parent=551509"}],"wp:term":[{"taxonomy":"category","embeddable":true,"href":"https:\/\/www.europesays.com\/fr\/wp-json\/wp\/v2\/categories?post=551509"},{"taxonomy":"post_tag","embeddable":true,"href":"https:\/\/www.europesays.com\/fr\/wp-json\/wp\/v2\/tags?post=551509"}],"curies":[{"name":"wp","href":"https:\/\/api.w.org\/{rel}","templated":true}]}}