{"id":551515,"date":"2025-11-22T14:45:13","date_gmt":"2025-11-22T14:45:13","guid":{"rendered":"https:\/\/www.europesays.com\/fr\/551515\/"},"modified":"2025-11-22T14:45:13","modified_gmt":"2025-11-22T14:45:13","slug":"en-direct-hommage-a-mehdi-kessaci-assassine-a-marseille-amine-kessaci-et-sa-famille-sont-arrives-au-rond-point-lieu-du-rassemblement-le-monde-fr","status":"publish","type":"post","link":"https:\/\/www.europesays.com\/fr\/551515\/","title":{"rendered":"EN DIRECT, hommage \u00e0 Mehdi Kessaci, assassin\u00e9 \u00e0 Marseille : Amine Kessaci et sa famille sont arriv\u00e9s au rond-point, lieu du rassemblement &#8211; Le Monde.fr"},"content":{"rendered":"<ol>\n<li><a href=\"https:\/\/news.google.com\/rss\/articles\/CBMihAJBVV95cUxOLVNRNTNEam95M0dsTkROaHdBYTB3cERJWVhIbWZoZV9KeWtHZVhiaGhERC1aM3hORmM5MjY4ZEFCWi1Bb2dkZzhyWXhxT2tMM2I1dnc0dXNSNFpnOUx2ODh3dklMMXJWa214OElCNWxSOW1hRzU0VEp1dXdOd1RLVGNnUDBxdjFDdDlxdUxkenR6ZFlpY2M2dDg4OTliSVgxVGpoVW5UdVRKVXBkeWZGNHZqRHNDZHJJY2drUE5KVGMzSXFhNjNrNDRULWxrVjBEa04xVGVpeUFPTE9mckticGM3WkV1eVFNZktMamxLZ0o5X0Z1QVI1aDBoSGNrWHBwd2tsbA?oc=5\" target=\"_blank\" rel=\"nofollow noopener\">EN DIRECT, hommage \u00e0 Mehdi Kessaci, assassin\u00e9 \u00e0 Marseille : Amine Kessaci et sa famille sont arriv\u00e9s au rond-point, lieu du rassemblement<\/a>&nbsp;&nbsp;Le Monde.fr<\/li>\n<li><a href=\"https:\/\/news.google.com\/rss\/articles\/CBMigwJBVV95cUxOT2hBWm9idlV1bEE4X1ZyY1dxUUVRUi1Ia2JtZFY4MXhsVHkwdWV1dUhtQU1rMFY3RHdMRUJxZ2JWbS1ZVDB6OEpxRDBwazlGNFhCd1VRNlVkMDF3SzV4VHJyU01JZnoweFRBTThJTlNhbFRZVzZ4S2xMaXotdFhHMXVwLXl5WndTYlFoWVdyVk8wLVdZMUdkZURjZlFRSkF5YUg3T05DSDU2aWNvR3gtUGd4V1A5c3BDOHpyQWoxU1R1T2ZuOGo3Qk9ZbWRxUUs2Umllb2dQNGhSdmZ1YnNSY3c5ZVpKcEtfRzFycG9xVXo2OHFBZ3NsSGQ2el9sekpzbkZB?oc=5\" target=\"_blank\" rel=\"nofollow noopener\">\u00ab\u00a0La peur ne peut pas nous gagner\u00a0\u00bb: Beno\u00eet Payan, maire de Marseille, appelle la population \u00e0 se dresser contre le narcotrafic<\/a>&nbsp;&nbsp;BFMTV<\/li>\n<li><a href=\"https:\/\/news.google.com\/rss\/articles\/CBMihgJBVV95cUxPQTZrZ0xxN2ZQdmVFT2FuNHprNEpMVGtBMzBBTjBOZW5ZaE10YjhKYmRWcUNsQ0o4YVduZlc0SXNzRElOOHp5XzNuSURhekdaT0pLMU1LUnh6SlVnSUJaRFZGdUJ4dWltcWEtWjNSdkdJV0NZQUt6NGs2RkhRUDAyTUV4SmstQ3Y0cmhtRndaZ2poWkp0Q0o1a1d6TENqMk1CZDF1bWhSRzBQNjJ4akJXYzJ2MXVoZllhVDJuTzVUUVJYc1dXbVNBcHEydXNYMTZpUjdSWXdzV3hBZlp4SEhieXl0d3NWT3RaZWFpTzRMdWpsTmlrdGs5Rmx2eDBZSjhpSmRJSVBR?oc=5\" target=\"_blank\" rel=\"nofollow noopener\">Hommage \u00e0 Mehdi Kessaci : \u00e9lus et citoyens rassembl\u00e9s contre le narcotrafic \u00e0 Marseille&#8230; suivez le direct<\/a>&nbsp;&nbsp;La Provence<\/li>\n<li><a href=\"https:\/\/news.google.com\/rss\/articles\/CBMigwJBVV95cUxPY3B1bXUyNm1qVF9sRFozamlMSEJWd3Z6czduSzMwaUYwbzRid2tWaU83VGdzOVluZHNaV2ZnWUxRRjhJYjg2aHhBdjk2WnZiQ0R3bnJPQzM4VUNQaFJOS2Jnclc1UjBKamx4WWxSTF9IdHJXNnVhN2lZX3p5Q3BqYkd4Sk5SbXd3bm1zZktNdldRa1NxRFVvVTJHejU3V2F4V1V3ZHZObDlzc09tMTF6bnBWZHl5cWt0c1hJZFhzWW9CbFJER3AtTVhDeDlIM3NpS0tZaEhrcVg1eGRtYlRUNWlHX0lVc1kxRG1PbnRqNk1kODdocnBZT0hqOUhuaDdyQTZF?oc=5\" target=\"_blank\" rel=\"nofollow noopener\">DIRECT. Assassinat de Medhi Kessaci : les auteurs du \u00ab\u00a0crime d\u2019avertissement\u00a0\u00bb introuvables, marche blanche \u00e0 Marseille en sa m\u00e9moire<\/a>&nbsp;&nbsp;ladepeche.fr<\/li>\n<li><a href=\"https:\/\/news.google.com\/rss\/articles\/CBMikwJBVV95cUxPM1owMGR3WjdBY0xtTTJjNEVRQVU4TUhFMGQ1S3E0RVM2S1MzSUlkaF8xUlRwa0Q2c2xDMm5OZEpXUm1kNkw5TE4ySWlwQmd2UVVtNHNCdmVpOE83WlR4cVNGMGNQYl9mLWFvQVVMbGtoRzlPdVgtX3pSQWlvclFVdERBb3JFQjlSWk51bGJ2XzBqcXJIOVpFekZDZUNiQ21pVW5JYnJ2RXN4UVB5cUZxQjVNWWRSamtXUlAxclRJLWRTb2hKRjEyVkZQRkh0R0xKeUptSEEwVHBoVG91MEpTZHVPU0ItRkl6S0xCTVFNNHJuZktINU5aeFVJOXM5aG5vS2ttelpTYWJtRno0ZnRQZVVsWQ?oc=5\" target=\"_blank\" rel=\"nofollow noopener\">\u00c0 Marseille, l\u2019appel du p\u00e8re de Medhi Kessaci : \u00ab Il faut la victoire en hommage \u00e0 mon fils, la s\u00e9curit\u00e9 totale<\/a>&nbsp;&nbsp;Le Parisien<\/li>\n<\/ol>\n","protected":false},"excerpt":{"rendered":"EN DIRECT, hommage \u00e0 Mehdi Kessaci, assassin\u00e9 \u00e0 Marseille : Amine Kessaci et sa famille sont arriv\u00e9s au&hellip;\n","protected":false},"author":2,"featured_media":551516,"comment_status":"","ping_status":"","sticky":false,"template":"","format":"standard","meta":{"footnotes":""},"categories":[4],"tags":[11,1011,27,12,25],"class_list":{"0":"post-551515","1":"post","2":"type-post","3":"status-publish","4":"format-standard","5":"has-post-thumbnail","7":"category-france","8":"tag-actualites","9":"tag-fr","10":"tag-france","11":"tag-news","12":"tag-republique-francaise"},"share_on_mastodon":{"url":"","error":""},"_links":{"self":[{"href":"https:\/\/www.europesays.com\/fr\/wp-json\/wp\/v2\/posts\/551515","targetHints":{"allow":["GET"]}}],"collection":[{"href":"https:\/\/www.europesays.com\/fr\/wp-json\/wp\/v2\/posts"}],"about":[{"href":"https:\/\/www.europesays.com\/fr\/wp-json\/wp\/v2\/types\/post"}],"author":[{"embeddable":true,"href":"https:\/\/www.europesays.com\/fr\/wp-json\/wp\/v2\/users\/2"}],"replies":[{"embeddable":true,"href":"https:\/\/www.europesays.com\/fr\/wp-json\/wp\/v2\/comments?post=551515"}],"version-history":[{"count":0,"href":"https:\/\/www.europesays.com\/fr\/wp-json\/wp\/v2\/posts\/551515\/revisions"}],"wp:featuredmedia":[{"embeddable":true,"href":"https:\/\/www.europesays.com\/fr\/wp-json\/wp\/v2\/media\/551516"}],"wp:attachment":[{"href":"https:\/\/www.europesays.com\/fr\/wp-json\/wp\/v2\/media?parent=551515"}],"wp:term":[{"taxonomy":"category","embeddable":true,"href":"https:\/\/www.europesays.com\/fr\/wp-json\/wp\/v2\/categories?post=551515"},{"taxonomy":"post_tag","embeddable":true,"href":"https:\/\/www.europesays.com\/fr\/wp-json\/wp\/v2\/tags?post=551515"}],"curies":[{"name":"wp","href":"https:\/\/api.w.org\/{rel}","templated":true}]}}