{"id":551528,"date":"2025-11-22T14:54:13","date_gmt":"2025-11-22T14:54:13","guid":{"rendered":"https:\/\/www.europesays.com\/fr\/551528\/"},"modified":"2025-11-22T14:54:13","modified_gmt":"2025-11-22T14:54:13","slug":"a50-a57-fermeture-tunnel-de-toulon-lundi-2","status":"publish","type":"post","link":"https:\/\/www.europesays.com\/fr\/551528\/","title":{"rendered":"A50-A57 fermeture tunnel de Toulon Lundi"},"content":{"rendered":"<ol class=\"breadcrumb\" itemscope=\"\" itemtype=\"https:\/\/schema.org\/BreadcrumbList\">\n<li itemprop=\"itemListElement\" itemscope=\"\" itemtype=\"https:\/\/schema.org\/ListItem\">\n                    <a itemprop=\"item\" href=\"https:\/\/radio.vinci-autoroutes.com\/\" target=\"_blank\" rel=\"noopener\"><br \/>\n                        Accueil<br \/>\n                    <\/a><\/p>\n<\/li>\n<li itemprop=\"itemListElement\" itemscope=\"\" itemtype=\"https:\/\/schema.org\/ListItem\">\n                        <a itemprop=\"item\" href=\"https:\/\/radio.vinci-autoroutes.com\/rubrique\/infotrafic\" target=\"_blank\" rel=\"noopener\"><br \/>\n                            Actu trafic<br \/>\n                        <\/a><\/p>\n<\/li>\n<li itemprop=\"itemListElement\" itemscope=\"\" itemtype=\"https:\/\/schema.org\/ListItem\">\n                        <a itemprop=\"item\" href=\"https:\/\/radio.vinci-autoroutes.com\/rubrique\/travaux\" target=\"_blank\" rel=\"noopener\"><br \/>\n                            Travaux<br \/>\n                        <\/a><\/p>\n<\/li>\n<\/ol>\n<p class=\"article-chapeau\" itemprop=\"description\">\u00c0 Toulon, la nuit du lundi 24 au mardi 25 novembre, \u00e0 partir de 21h et au plus tard jusqu&rsquo;\u00e0 6h du matin, l&rsquo;autoroute est ferm\u00e9e, en direction de Nice, entre Toulon le Port N\u00b016 sur l&rsquo;A50 et La Valette Centre N\u00b03 sur l&rsquo;A57,ce qui inclut le tunnel.<br \/>&#13;<br \/>\nDans l&rsquo;autre sens, sur l&rsquo;autoroute A50, le Tunnel est ferm\u00e9, pour effectuer des travaux de maintenance.<\/p>\n<p class=\"article-author\">Auteur : Nadine Mistre<\/p>\n<p class=\"article-modification\">Derni\u00e8re modification : 22\/11\/2025 15:23<\/p>\n<p>                <img decoding=\"async\" src=\"https:\/\/www.europesays.com\/fr\/wp-content\/uploads\/2025\/05\/M-jour-tunnel-toulon-sortie-est-S-LAVOUE.jpg\" alt=\"A50-A57 fermeture tunnel de Toulon Lundi\"\/><\/p>\n<p>                                                    0:20\n                                            <\/p>\n<p class=\"legende\">Sortie est du tunnel de Toulon en journ\u00e9e<\/p>\n<p>                            \u00a9 VINCI Autoroutes &#8211; S LAVOUE                        <\/p>\n<p>            Pour approfondir le sujet<\/p>\n<p>        Partager cet article<\/p>\n","protected":false},"excerpt":{"rendered":"Accueil Actu trafic Travaux \u00c0 Toulon, la nuit du lundi 24 au mardi 25 novembre, \u00e0 partir de&hellip;\n","protected":false},"author":2,"featured_media":70525,"comment_status":"","ping_status":"","sticky":false,"template":"","format":"standard","meta":{"footnotes":""},"categories":[9619],"tags":[34001,1111,11,1777,674,13407,1011,27,9865,9778,12,24649,293,5537,378,882,25,2310,17374],"class_list":{"0":"post-551528","1":"post","2":"type-post","3":"status-publish","4":"format-standard","5":"has-post-thumbnail","7":"category-toulon","8":"tag-a50-a57","9":"tag-actu","10":"tag-actualites","11":"tag-eu","12":"tag-europe","13":"tag-fermeture","14":"tag-fr","15":"tag-france","16":"tag-lundi","17":"tag-mardi","18":"tag-news","19":"tag-novembre","20":"tag-nuit","21":"tag-partir","22":"tag-plus","23":"tag-provence-alpes-cote-dazur","24":"tag-republique-francaise","25":"tag-toulon","26":"tag-tunnel"},"share_on_mastodon":{"url":"https:\/\/pubeurope.com\/@fr\/115593928020462023","error":""},"_links":{"self":[{"href":"https:\/\/www.europesays.com\/fr\/wp-json\/wp\/v2\/posts\/551528","targetHints":{"allow":["GET"]}}],"collection":[{"href":"https:\/\/www.europesays.com\/fr\/wp-json\/wp\/v2\/posts"}],"about":[{"href":"https:\/\/www.europesays.com\/fr\/wp-json\/wp\/v2\/types\/post"}],"author":[{"embeddable":true,"href":"https:\/\/www.europesays.com\/fr\/wp-json\/wp\/v2\/users\/2"}],"replies":[{"embeddable":true,"href":"https:\/\/www.europesays.com\/fr\/wp-json\/wp\/v2\/comments?post=551528"}],"version-history":[{"count":0,"href":"https:\/\/www.europesays.com\/fr\/wp-json\/wp\/v2\/posts\/551528\/revisions"}],"wp:featuredmedia":[{"embeddable":true,"href":"https:\/\/www.europesays.com\/fr\/wp-json\/wp\/v2\/media\/70525"}],"wp:attachment":[{"href":"https:\/\/www.europesays.com\/fr\/wp-json\/wp\/v2\/media?parent=551528"}],"wp:term":[{"taxonomy":"category","embeddable":true,"href":"https:\/\/www.europesays.com\/fr\/wp-json\/wp\/v2\/categories?post=551528"},{"taxonomy":"post_tag","embeddable":true,"href":"https:\/\/www.europesays.com\/fr\/wp-json\/wp\/v2\/tags?post=551528"}],"curies":[{"name":"wp","href":"https:\/\/api.w.org\/{rel}","templated":true}]}}