{"id":551533,"date":"2025-11-22T14:58:14","date_gmt":"2025-11-22T14:58:14","guid":{"rendered":"https:\/\/www.europesays.com\/fr\/551533\/"},"modified":"2025-11-22T14:58:14","modified_gmt":"2025-11-22T14:58:14","slug":"comment-la-metropole-de-rouen-a-demine-un-sujet-sensible","status":"publish","type":"post","link":"https:\/\/www.europesays.com\/fr\/551533\/","title":{"rendered":"comment la m\u00e9tropole de Rouen a d\u00e9min\u00e9 un sujet sensible"},"content":{"rendered":"<p>Dans son bureau \u00e9pur\u00e9 \u00e0 la m\u00e9tropole de Rouen Normandie, offrant une vue plongeante sur la Seine, Nicolas Mayer-Rossignol l\u2019affirme sans ambages\u00a0: \u00ab\u00a0La mani\u00e8re dont nous avons mis en place la zone \u00e0 faibles \u00e9missions (ZFE) dans l\u2019agglom\u00e9ration, qui a contribu\u00e9 \u00e0 diviser par deux le niveau de pollution de l\u2019air, est la plus grande fiert\u00e9 de mon mandat.\u00a0\u00bb Tableau Excel \u00e0 l\u2019appui, le pr\u00e9sident de la m\u00e9tropole et maire de Rouen montre les relev\u00e9s provenant d\u2019Atmo Normandie, un laboratoire ind\u00e9pendant mesurant la qualit\u00e9 de l\u2019air, qu\u2019il affirme regarder \u00ab\u00a0tous les jours\u00a0\u00bb. <\/p>\n<p>Cet article est r\u00e9serv\u00e9 aux abonn\u00e9s<\/p>\n<p>\n                    Vous souhaitez lire la suite\u00a0? Abonnez-vous sans engagement \u00e0 notre offre num\u00e9rique\n                <\/p>\n<p>                <a href=\"https:\/\/www.la-croix.com\/abonnement\" class=\"default-paywall__subscribe-button\" data-tracking=\"cta_click\" data-tracking-action=\"voir la page abonnement\" data-tracking-category=\"abonnement\" rel=\"nofollow noopener\" target=\"_blank\">Je m&rsquo;abonne<\/a><\/p>\n","protected":false},"excerpt":{"rendered":"Dans son bureau \u00e9pur\u00e9 \u00e0 la m\u00e9tropole de Rouen Normandie, offrant une vue plongeante sur la Seine, Nicolas&hellip;\n","protected":false},"author":2,"featured_media":551534,"comment_status":"","ping_status":"","sticky":false,"template":"","format":"standard","meta":{"footnotes":""},"categories":[9587],"tags":[1111,11,1777,674,1011,27,12,5161,25,9590],"class_list":{"0":"post-551533","1":"post","2":"type-post","3":"status-publish","4":"format-standard","5":"has-post-thumbnail","7":"category-rouen","8":"tag-actu","9":"tag-actualites","10":"tag-eu","11":"tag-europe","12":"tag-fr","13":"tag-france","14":"tag-news","15":"tag-normandie","16":"tag-republique-francaise","17":"tag-rouen"},"share_on_mastodon":{"url":"https:\/\/pubeurope.com\/@fr\/115593943683424824","error":""},"_links":{"self":[{"href":"https:\/\/www.europesays.com\/fr\/wp-json\/wp\/v2\/posts\/551533","targetHints":{"allow":["GET"]}}],"collection":[{"href":"https:\/\/www.europesays.com\/fr\/wp-json\/wp\/v2\/posts"}],"about":[{"href":"https:\/\/www.europesays.com\/fr\/wp-json\/wp\/v2\/types\/post"}],"author":[{"embeddable":true,"href":"https:\/\/www.europesays.com\/fr\/wp-json\/wp\/v2\/users\/2"}],"replies":[{"embeddable":true,"href":"https:\/\/www.europesays.com\/fr\/wp-json\/wp\/v2\/comments?post=551533"}],"version-history":[{"count":0,"href":"https:\/\/www.europesays.com\/fr\/wp-json\/wp\/v2\/posts\/551533\/revisions"}],"wp:featuredmedia":[{"embeddable":true,"href":"https:\/\/www.europesays.com\/fr\/wp-json\/wp\/v2\/media\/551534"}],"wp:attachment":[{"href":"https:\/\/www.europesays.com\/fr\/wp-json\/wp\/v2\/media?parent=551533"}],"wp:term":[{"taxonomy":"category","embeddable":true,"href":"https:\/\/www.europesays.com\/fr\/wp-json\/wp\/v2\/categories?post=551533"},{"taxonomy":"post_tag","embeddable":true,"href":"https:\/\/www.europesays.com\/fr\/wp-json\/wp\/v2\/tags?post=551533"}],"curies":[{"name":"wp","href":"https:\/\/api.w.org\/{rel}","templated":true}]}}