{"id":551537,"date":"2025-11-22T15:03:11","date_gmt":"2025-11-22T15:03:11","guid":{"rendered":"https:\/\/www.europesays.com\/fr\/551537\/"},"modified":"2025-11-22T15:03:11","modified_gmt":"2025-11-22T15:03:11","slug":"ordre-du-merite-de-rennes-au-nigeria-le-parcours-de-guillaume-niarfeix-salue-par-richard-ferrand","status":"publish","type":"post","link":"https:\/\/www.europesays.com\/fr\/551537\/","title":{"rendered":"Ordre du M\u00e9rite\u00a0: de Rennes au Nigeria, le parcours de Guillaume Niarfeix salu\u00e9 par Richard Ferrand"},"content":{"rendered":"<p>On pouvait ressentir une l\u00e9g\u00e8re brise venue de Bretagne dans les salons du <a href=\"https:\/\/www.letelegramme.fr\/france\/a-quoi-sert-le-conseil-constitutionnel-6901900.php\" target=\"_blank\" rel=\"noopener\">Conseil constitutionnel<\/a>, rue Montpensier au c\u0153ur de Paris, ce vendredi 21 novembre au soir. Son pr\u00e9sident, le Finist\u00e9rien Richard Ferrand, remettait les insignes de chevalier dans l\u2019Ordre national du M\u00e9rite \u00e0 Guillaume Niarfeix, accompagn\u00e9 pour cette c\u00e9r\u00e9monie de son \u00e9pouse, de ses trois enfants, et de ses parents. L\u2019occasion de croiser plusieurs Rennais ou marcheurs de la premi\u00e8re heure, tels que l\u2019ex-<a href=\"https:\/\/www.letelegramme.fr\/france\/assemblee-nationale-florian-bachelier-le-fulgurant-questeur-115964.php\" target=\"_blank\" rel=\"noopener\">premier questeur<\/a> et <a href=\"https:\/\/www.letelegramme.fr\/ille-et-vilaine\/rennes-35000\/lex-depute-rennais-florian-bachelier-invite-a-se-presenter-aux-legislatives-a-paris-6859929.php\" target=\"_blank\" rel=\"noopener\">d\u00e9put\u00e9 Florian Bachelier<\/a>, la conseill\u00e8re municipale d\u2019opposition \u00e0 Rennes Carole Gandon, le conseiller en communication d\u2019Emmanuel Macron Jonathan Gu\u00e9mas, l\u2019\u00e9ternel visiteur du soir de l\u2019\u00c9lys\u00e9e Pierre Charon, l\u2019ex-conseiller r\u00e9gional de Bretagne Pierre Karleskind, l\u2019ex-conseiller municipal de Rennes Olivier Dulucq\u2026<\/p>\n<p>Ce n\u2019est \u00e9videmment pas un hasard. Directeur g\u00e9n\u00e9ral de Spie en Afrique de l\u2019Ouest, groupe fran\u00e7ais sp\u00e9cialis\u00e9 dans les \u00e9nergies et les infrastructures associ\u00e9es, Guillaume Niarfeix partage sa vie entre la capitale du Nigeria, Lagos, Paris et Rennes, o\u00f9 il poss\u00e8de une maison. C\u2019est au titre de son parcours professionnel sur le continent africain qu\u2019il a ainsi \u00e9t\u00e9 r\u00e9compens\u00e9 par le pr\u00e9sident Ferrand, mais aussi pour son engagement dans le secteur associatif. Il est pr\u00e9sident de la chambre de commerce et d\u2019industrie franco-nig\u00e9riane. Il est aussi pr\u00e9sident du comit\u00e9 de gestion du lyc\u00e9e fran\u00e7ais Louis-Pasteur \u00e0 Lagos.<\/p>\n<p>Un livre en mars<\/p>\n<p>Son r\u00f4le de militant et de \u00ab\u00a0colleur d\u2019affiches\u00a0\u00bb durant <a href=\"https:\/\/www.letelegramme.fr\/bretagne\/florian-bachelier-les-premiers-pas-d-un-depute-breton-63692.php\" target=\"_blank\" rel=\"noopener\">la campagne de La R\u00e9publique en marche, en 2017, dans la VIIIe circonscription d\u2019Ille-et-Vilaine<\/a>, a \u00e9galement pes\u00e9 dans la balance. Guillaume Niarfeix n\u2019a d\u2019ailleurs pas manqu\u00e9 d\u2019adresser ses remerciements \u00e0 Florian Bachelier, \u00ab\u00a0sans qui rien ne serait possible.\u00a0\u00bb<\/p>\n<p>Durant son discours, Richard Ferrand a d\u00e9crit un homme ayant \u00ab\u00a0le sens du service et de l\u2019engagement\u00a0\u00bb, louant son ouverture. \u00ab\u00a0Vous \u00eates celui qui r\u00e8gle des probl\u00e8mes l\u00e0 o\u00f9 d\u2019autres se positionnent. Ce serait bien que vous soyez plus nombreux\u2026\u00a0\u00bb, a soulign\u00e9 le Finist\u00e9rien, dans une allusion \u00e0 la crise politique. \u00ab\u00a0Il y a en France en ce moment un climat d\u00e9l\u00e9t\u00e8re et tr\u00e8s difficile. Ma r\u00e9ponse \u00e0 moi, c\u2019est de m\u2019engager dans la soci\u00e9t\u00e9\u00a0\u00bb, a r\u00e9pondu le r\u00e9cipiendaire qui, \u00e0 46 ans, pr\u00e9voit de sortir, en mars prochain, un livre sur la souverainet\u00e9 \u00e9nerg\u00e9tique de l\u2019Europe.<\/p>\n","protected":false},"excerpt":{"rendered":"On pouvait ressentir une l\u00e9g\u00e8re brise venue de Bretagne dans les salons du Conseil constitutionnel, rue Montpensier au&hellip;\n","protected":false},"author":2,"featured_media":551538,"comment_status":"","ping_status":"","sticky":false,"template":"","format":"standard","meta":{"footnotes":""},"categories":[2821],"tags":[1111,11,829,765,1777,674,1011,27,12,584,25,66886],"class_list":{"0":"post-551537","1":"post","2":"type-post","3":"status-publish","4":"format-standard","5":"has-post-thumbnail","7":"category-rennes","8":"tag-actu","9":"tag-actualites","10":"tag-bretagne","11":"tag-en-continu","12":"tag-eu","13":"tag-europe","14":"tag-fr","15":"tag-france","16":"tag-news","17":"tag-rennes","18":"tag-republique-francaise","19":"tag-richard-ferrand"},"share_on_mastodon":{"url":"https:\/\/pubeurope.com\/@fr\/115593963406033300","error":""},"_links":{"self":[{"href":"https:\/\/www.europesays.com\/fr\/wp-json\/wp\/v2\/posts\/551537","targetHints":{"allow":["GET"]}}],"collection":[{"href":"https:\/\/www.europesays.com\/fr\/wp-json\/wp\/v2\/posts"}],"about":[{"href":"https:\/\/www.europesays.com\/fr\/wp-json\/wp\/v2\/types\/post"}],"author":[{"embeddable":true,"href":"https:\/\/www.europesays.com\/fr\/wp-json\/wp\/v2\/users\/2"}],"replies":[{"embeddable":true,"href":"https:\/\/www.europesays.com\/fr\/wp-json\/wp\/v2\/comments?post=551537"}],"version-history":[{"count":0,"href":"https:\/\/www.europesays.com\/fr\/wp-json\/wp\/v2\/posts\/551537\/revisions"}],"wp:featuredmedia":[{"embeddable":true,"href":"https:\/\/www.europesays.com\/fr\/wp-json\/wp\/v2\/media\/551538"}],"wp:attachment":[{"href":"https:\/\/www.europesays.com\/fr\/wp-json\/wp\/v2\/media?parent=551537"}],"wp:term":[{"taxonomy":"category","embeddable":true,"href":"https:\/\/www.europesays.com\/fr\/wp-json\/wp\/v2\/categories?post=551537"},{"taxonomy":"post_tag","embeddable":true,"href":"https:\/\/www.europesays.com\/fr\/wp-json\/wp\/v2\/tags?post=551537"}],"curies":[{"name":"wp","href":"https:\/\/api.w.org\/{rel}","templated":true}]}}