{"id":551541,"date":"2025-11-22T15:05:36","date_gmt":"2025-11-22T15:05:36","guid":{"rendered":"https:\/\/www.europesays.com\/fr\/551541\/"},"modified":"2025-11-22T15:05:36","modified_gmt":"2025-11-22T15:05:36","slug":"strasbourg-avec-le-restaurant-levanthym-un-parfum-de-liban-flotte-sur-le-quai-des-pecheurs","status":"publish","type":"post","link":"https:\/\/www.europesays.com\/fr\/551541\/","title":{"rendered":"Strasbourg. Avec le restaurant \u201cLevanthym\u201d, un parfum de Liban flotte sur le quai des P\u00eacheurs"},"content":{"rendered":"<p>Quand deux \u00e9picuriennes amoureuses des saveurs libanaises s\u2019associent pour ouvrir un lieu d\u00e9di\u00e9 \u00e0 la street food m\u00e9diterran\u00e9enne, les files d\u2019attente ne sont pas longues \u00e0 se former\u2026 C\u2019est ce qui se passe depuis quelques jours devant le 7, quai des P\u00eacheurs, o\u00f9 Sarah Kanj, Ghina Alame (et leurs mamans Zahia et Fatima) r\u00e9galent les amateurs de cuisine du Levant. Ancienne \u00e9picerie grecque devenue \u201csajerie\u201d libanaise, le nouvel \u00e9crin s\u2019appelle Levanthym et fleure bon le (vrai) zaatar et les mezze revisit\u00e9s.<\/p>\n<p>Sur le Christkindelsm\u00e4rik d\u00e8s mercredi<\/p>\n<p>L\u2019une est ancienne ing\u00e9nieure dans les t\u00e9l\u00e9coms\u00a0; l\u2019autre, \u00ab\u00a0arriv\u00e9e en France il y a 22 ans et Alsacienne depuis 16 ans\u00a0\u00bb, chercheuse en biologie. La premi\u00e8re (Sarah Kanj) a&#8230;<\/p>\n","protected":false},"excerpt":{"rendered":"Quand deux \u00e9picuriennes amoureuses des saveurs libanaises s\u2019associent pour ouvrir un lieu d\u00e9di\u00e9 \u00e0 la street food m\u00e9diterran\u00e9enne,&hellip;\n","protected":false},"author":2,"featured_media":551542,"comment_status":"","ping_status":"","sticky":false,"template":"","format":"standard","meta":{"footnotes":""},"categories":[2820],"tags":[1111,11,4406,130,33,2880,1777,674,107,1011,27,775,6016,12,25,640,2879],"class_list":{"0":"post-551541","1":"post","2":"type-post","3":"status-publish","4":"format-standard","5":"has-post-thumbnail","7":"category-strasbourg","8":"tag-actu","9":"tag-actualites","10":"tag-commerce-et-services","11":"tag-consommation","12":"tag-economie","13":"tag-edition-strasbourg","14":"tag-eu","15":"tag-europe","16":"tag-fil-info","17":"tag-fr","18":"tag-france","19":"tag-grand-est","20":"tag-magazine-cuisine-et-vins","21":"tag-news","22":"tag-republique-francaise","23":"tag-strasbourg","24":"tag-strasbourg-ville"},"share_on_mastodon":{"url":"https:\/\/pubeurope.com\/@fr\/115593971647084796","error":""},"_links":{"self":[{"href":"https:\/\/www.europesays.com\/fr\/wp-json\/wp\/v2\/posts\/551541","targetHints":{"allow":["GET"]}}],"collection":[{"href":"https:\/\/www.europesays.com\/fr\/wp-json\/wp\/v2\/posts"}],"about":[{"href":"https:\/\/www.europesays.com\/fr\/wp-json\/wp\/v2\/types\/post"}],"author":[{"embeddable":true,"href":"https:\/\/www.europesays.com\/fr\/wp-json\/wp\/v2\/users\/2"}],"replies":[{"embeddable":true,"href":"https:\/\/www.europesays.com\/fr\/wp-json\/wp\/v2\/comments?post=551541"}],"version-history":[{"count":0,"href":"https:\/\/www.europesays.com\/fr\/wp-json\/wp\/v2\/posts\/551541\/revisions"}],"wp:featuredmedia":[{"embeddable":true,"href":"https:\/\/www.europesays.com\/fr\/wp-json\/wp\/v2\/media\/551542"}],"wp:attachment":[{"href":"https:\/\/www.europesays.com\/fr\/wp-json\/wp\/v2\/media?parent=551541"}],"wp:term":[{"taxonomy":"category","embeddable":true,"href":"https:\/\/www.europesays.com\/fr\/wp-json\/wp\/v2\/categories?post=551541"},{"taxonomy":"post_tag","embeddable":true,"href":"https:\/\/www.europesays.com\/fr\/wp-json\/wp\/v2\/tags?post=551541"}],"curies":[{"name":"wp","href":"https:\/\/api.w.org\/{rel}","templated":true}]}}