{"id":551543,"date":"2025-11-22T15:06:21","date_gmt":"2025-11-22T15:06:21","guid":{"rendered":"https:\/\/www.europesays.com\/fr\/551543\/"},"modified":"2025-11-22T15:06:21","modified_gmt":"2025-11-22T15:06:21","slug":"lunion-de-la-droite-attendra-battle-de-danielle","status":"publish","type":"post","link":"https:\/\/www.europesays.com\/fr\/551543\/","title":{"rendered":"l\u2019union de la droite attendra, battle de Danielle"},"content":{"rendered":"<p><strong>L\u2019histoire de la semaine.<\/strong> C\u2019est <a href=\"https:\/\/www.dna.fr\/elections\/2025\/11\/19\/jean-philippe-vetter-priorise-l-ordre-republicain-et-appelle-pierre-jakubowicz-a-le-rejoindre\" target=\"_blank\" rel=\"noopener\">la main tendue par Jean-Philippe Vetter<\/a> (LR) \u00e0 <a href=\"https:\/\/www.dna.fr\/p\/pierre-jakubowicz\" target=\"_blank\" rel=\"noopener\">Pierre Jakubowicz<\/a> (Horizons-Renaissance). Main <a href=\"https:\/\/www.dna.fr\/elections\/2025\/11\/21\/jakubowicz-refuse-la-main-tendue-par-vetter-et-accelere-sa-campagne\" target=\"_blank\" rel=\"noopener\">imm\u00e9diatement refus\u00e9e par l\u2019int\u00e9ress\u00e9<\/a> , qui a d\u2019autres projets dans l\u2019imm\u00e9diat\u00a0: faire campagne notamment.<\/p>\n<p>Pour un candidat parti aussi t\u00f4t que Vetter, c\u2019est le moment de parler alliance. Des maires se rallient \u00e0 son panache \u2013 ils \u00e9taient tous l\u00e0 cette semaine \u00e0 l\u2019Aubette pour la pr\u00e9sentation des premi\u00e8res mesures. Tout comme Nicolas Matt, prise de guerre \u00e0 Renaissance. Il y a une dynamique \u2013 et les d\u00e9penses de campagne qui vont avec.<\/p>\n<p>Mais pour Jakubowicz, c\u2019est tout l\u2019inverse. Lui doit montrer que sa candidature vaut mieux que les 6\u00a0% dont le cr\u00e9ditait <a href=\"https:\/\/www.dna.fr\/elections\/2025\/09\/12\/strasbourg-avec-le-sondage-ifop-jean-philippe-vetter-entonne-l-hymne-de-l-union\" target=\"_blank\" rel=\"noopener\">le sondage Ifop<\/a> command\u00e9 cet \u00e9t\u00e9 par Vetter \u2013 arriv\u00e9, lui, en 2 e position avec 24\u00a0% derri\u00e8re Trautmann (PS), 25\u00a0%. Jakubowicz veut aussi montrer qu\u2019il a boss\u00e9 et valoris\u00e9 les nombreuses contributions citoyennes qu\u2019il place au c\u0153ur de son entr\u00e9e en campagne.<\/p>\n<p>Accessoirement, Vetter a organis\u00e9 fin octobre <a href=\"https:\/\/www.dna.fr\/elections\/2025\/10\/24\/contre-l-insecurite-vetter-(lr)-appelle-a-allumer-les-lumieres\" target=\"_blank\" rel=\"noopener\">une r\u00e9union publique sur la s\u00e9curit\u00e9<\/a> avant d\u2019en remettre une louche cette semaine sur \u00ab\u00a0l\u2019ordre r\u00e9publicain\u00a0\u00bb. Certes, le candidat LR doit ass\u00e9cher l\u2019espace politique du RN et de <a href=\"https:\/\/www.dna.fr\/p\/virginie-joron\" target=\"_blank\" rel=\"noopener\">Virginie Joron<\/a> pour rester aussi haut. Mais une campagne aussi droiti\u00e8re complique l\u2019union avec le centre. Est-ce qu\u2019en l\u2019\u00e9tat Jakubowicz n\u2019a pas plus de choses \u00e0 dire \u00e0 Trautmann qu\u2019\u00e0 Vetter\u00a0?<\/p>\n<p>  L\u2019autre histoire de la semaine<\/p>\n<p>Il y a quelques adages qui sont valables en politique comme dans la cour de r\u00e9cr\u00e9. Un des pr\u00e9f\u00e9r\u00e9s de feu mon grand-p\u00e8re paternel\u00a0: \u00ab\u00a0Quand on en donne, on en prend.\u00a0\u00bb \u00ab\u00a0Cheh\u00a0!\u00a0\u00bb mais dans la langue d\u2019Audiard, en quelque sorte.<\/p>\n<p>Et cette semaine, c\u2019est la passe d\u2019armes entre <a href=\"https:\/\/www.dna.fr\/p\/danielle-dambach\" target=\"_blank\" rel=\"noopener\">Danielle Dambach<\/a> et Danielle Dilligent qui illustre \u00e0 merveille l\u2019aphorisme. Somm\u00e9e de mettre \u00e0 l\u2019abri des enfants scolaris\u00e9s dans sa commune mais sans toit, <a href=\"https:\/\/www.dna.fr\/education\/2025\/11\/14\/familles-a-la-rue-un-cri-d-alarme-lance-a-l-ecole-josephine-baker\" target=\"_blank\" rel=\"noopener\">la maire de Schiltigheim avait mis en cause la CEA<\/a> , reprochant \u00e0 la collectivit\u00e9 de ne pas mettre \u00e0 disposition, pour la bonne cause, un logement de fonction rest\u00e9 vacant.<\/p>\n<p>L\u2019autre Danielle, conseill\u00e8re d\u2019Alsace justement, n\u2019a pas go\u00fbt\u00e9 la man\u0153uvre, d\u00e9non\u00e7ant <a href=\"https:\/\/www.dna.fr\/politique\/2025\/11\/19\/enfants-a-la-rue-l-indignation-de-danielle-diligent\" target=\"_blank\" rel=\"noopener\">une \u00ab\u00a0instrumentalisation de la pauvret\u00e9\u00a0\u00bb<\/a>. Et ce d\u2019autant qu\u2019elle avait \u00e9crit \u00e0 la maire pour lui indiquer que les logements vis\u00e9s dans les coll\u00e8ges sont tous \u00ab\u00a0destin\u00e9s aux mineurs non accompagn\u00e9s\u00a0\u00bb \u00e0 la charge de la CEA.<\/p>\n<p>  La citation de la semaine<\/p>\n<p>\u00ab\u00a0Le but est d\u2019occuper l\u2019\u00e9cole sans perturber son fonctionnement\u00a0\u00bb \u2013 un enseignant membre du collectif qui a <a href=\"https:\/\/www.dna.fr\/education\/2025\/11\/20\/grand-froid-sept-enfants-a-la-rue-dorment-au-chaud-a-l-ecole-du-schluthfeld\" target=\"_blank\" rel=\"noopener\">mis \u00e0 l\u2019abri deux familles et leurs sept enfants<\/a> sans toit \u00e0 l\u2019\u00e9cole du Schluthfeld, mercredi soir. M\u00eame sujet qu\u2019\u00e0 Schilik, autre mode d\u2019action. Enseignants et parents d\u2019\u00e9l\u00e8ves ont fait entrer les familles apr\u00e8s la garderie sans rencontrer de r\u00e9sistance des personnels de la Ville. Install\u00e9 dans des salles inoccup\u00e9es, tout ce petit monde avait quitt\u00e9 l\u2019\u00e9cole avant 7\u00a0h\u00a030 le lendemain pour mieux revenir le soir. Ce collectif et les autres demandent l\u2019ouverture des gymnases sans attendre le plan grand froid.<\/p>\n<p>  La nouvelle t\u00eate de la semaine<\/p>\n<p>OK c\u2019est une sortante. Mais jusqu\u2019ici le visage de l\u2019opposition de gauche \u00e0 Bischheim, c\u2019\u00e9tait G\u00e9rard Schann, 64 ans. Pas Sevil Aras. Pourtant c\u2019est <a href=\"https:\/\/www.dna.fr\/elections\/2025\/11\/17\/sevil-aras-cheffe-de-file-de-naturellement-bischheim\" target=\"_blank\" rel=\"noopener\">cette m\u00e8re de trois enfants, experte dans les assurances<\/a> , arriv\u00e9e en politique via le Labo Citoyen de Syamak Agha Babaei, qui m\u00e8nera la liste Naturellement Bischheim.<\/p>\n<p>Apr\u00e8s quatre mandats dans l\u2019opposition, G\u00e9rard Schann finissait par \u00eatre \u00ab\u00a0associ\u00e9\u00a0\u00bb \u00e0 Jean-Louis Hoerl\u00e9. C\u2019est donc une femme de 42 ans issue de l\u2019immigration turque mais \u00ab\u00a0fran\u00e7aise avant tout\u00a0\u00bb qui incarne le renouveau \u00e9colo \u00e0 Bischheim. Schann en sera, mais en appui.<\/p>\n","protected":false},"excerpt":{"rendered":"L\u2019histoire de la semaine. C\u2019est la main tendue par Jean-Philippe Vetter (LR) \u00e0 Pierre Jakubowicz (Horizons-Renaissance). Main imm\u00e9diatement&hellip;\n","protected":false},"author":2,"featured_media":551544,"comment_status":"","ping_status":"","sticky":false,"template":"","format":"standard","meta":{"footnotes":""},"categories":[2820],"tags":[1111,11,1984,2880,1777,674,107,1011,27,775,3540,3539,6319,12,316,1078,25,640,2879],"class_list":{"0":"post-551543","1":"post","2":"type-post","3":"status-publish","4":"format-standard","5":"has-post-thumbnail","7":"category-strasbourg","8":"tag-actu","9":"tag-actualites","10":"tag-conseil-municipal","11":"tag-edition-strasbourg","12":"tag-eu","13":"tag-europe","14":"tag-fil-info","15":"tag-fr","16":"tag-france","17":"tag-grand-est","18":"tag-horizons","19":"tag-les-ecologistes","20":"tag-les-republicains","21":"tag-news","22":"tag-politique","23":"tag-rassemblement-national","24":"tag-republique-francaise","25":"tag-strasbourg","26":"tag-strasbourg-ville"},"share_on_mastodon":{"url":"https:\/\/pubeurope.com\/@fr\/115593975228431257","error":""},"_links":{"self":[{"href":"https:\/\/www.europesays.com\/fr\/wp-json\/wp\/v2\/posts\/551543","targetHints":{"allow":["GET"]}}],"collection":[{"href":"https:\/\/www.europesays.com\/fr\/wp-json\/wp\/v2\/posts"}],"about":[{"href":"https:\/\/www.europesays.com\/fr\/wp-json\/wp\/v2\/types\/post"}],"author":[{"embeddable":true,"href":"https:\/\/www.europesays.com\/fr\/wp-json\/wp\/v2\/users\/2"}],"replies":[{"embeddable":true,"href":"https:\/\/www.europesays.com\/fr\/wp-json\/wp\/v2\/comments?post=551543"}],"version-history":[{"count":0,"href":"https:\/\/www.europesays.com\/fr\/wp-json\/wp\/v2\/posts\/551543\/revisions"}],"wp:featuredmedia":[{"embeddable":true,"href":"https:\/\/www.europesays.com\/fr\/wp-json\/wp\/v2\/media\/551544"}],"wp:attachment":[{"href":"https:\/\/www.europesays.com\/fr\/wp-json\/wp\/v2\/media?parent=551543"}],"wp:term":[{"taxonomy":"category","embeddable":true,"href":"https:\/\/www.europesays.com\/fr\/wp-json\/wp\/v2\/categories?post=551543"},{"taxonomy":"post_tag","embeddable":true,"href":"https:\/\/www.europesays.com\/fr\/wp-json\/wp\/v2\/tags?post=551543"}],"curies":[{"name":"wp","href":"https:\/\/api.w.org\/{rel}","templated":true}]}}