{"id":551545,"date":"2025-11-22T15:07:22","date_gmt":"2025-11-22T15:07:22","guid":{"rendered":"https:\/\/www.europesays.com\/fr\/551545\/"},"modified":"2025-11-22T15:07:22","modified_gmt":"2025-11-22T15:07:22","slug":"lun-des-derniers-pecheurs-du-cros-de-cagnes-alerte-sur-la-disparition-des-poissons-en-baie-des-anges","status":"publish","type":"post","link":"https:\/\/www.europesays.com\/fr\/551545\/","title":{"rendered":"l\u2019un des derniers p\u00eacheurs du Cros-de-Cagnes alerte sur la disparition des poissons en Baie des Anges"},"content":{"rendered":"<p class=\"fs-5 \">Baptis\u00e9e \u00ab Le Terrible \u00bb, comme le sous-marin de la Marine Fran\u00e7aise, la petite barque ne paye pas de mine. De ses flancs, l\u2019on tire moins des ogives nucl\u00e9aires que des filets de p\u00eache.<\/p>\n<p class=\"fs-5 \">Mais qu\u2019importe, le nom en jette et pr\u00eate \u00e0 se moquer.<\/p>\n<p class=\"fs-5 \">Des autres surtout : \u00ab Il fallait bien \u00e7a quand on n\u2019en m\u00e8ne pas large au milieu des yachts \u00bb, se marre son capitaine, Daniel Cozzolino.<\/p>\n<p class=\"fs-5 \">\u00c0 70 ans, \u00ab dont 40 pass\u00e9s en mer \u00bb, son rire emprunte aux go\u00e9lands leurs accents ironiques.<\/p>\n<p class=\"fs-5 \">Arrim\u00e9 sur la jet\u00e9e de la marina de Villeneuve-Loubet, le p\u00eacheur jette un regard us\u00e9 et r\u00e9sign\u00e9 sur la baie : \u00ab Terrible&#8230; \u00c7a dit bien ce qu\u2019est devenu notre m\u00e9tier. Sans d\u00e9tour, sans appel. On est vou\u00e9s \u00e0 dispara\u00eetre, faute de poissons \u00e0 remonter. \u00bb<\/p>\n<p class=\"fs-5 \">Un d\u00e9chirement pour ce descendant des pionniers napolitains ayant fond\u00e9 le Cros-de-Cagnes.<\/p>\n<p class=\"fs-5 \">De l\u2019ancien village de p\u00eacheurs- ils ne sont plus que six- dont il est le premier prud\u2019homme depuis plus d\u2019une d\u00e9cennie, le loup de mer tire un portrait tendre et tragique.<\/p>\n<p class=\"fs-5 \">Il tient une conf\u00e9rence aujourd\u2019hui \u00e0 11h, au port abri, Salle de la Mer, \u00e0 l\u2019occasion des rencontres franco-italiennes.<\/p>\n<p class=\"fs-5 \"><strong>Il y a un si\u00e8cle, le Cros devait \u00e0 l\u2019essor de la sardine son statut de plus grand port de p\u00eache des Alpes-Maritimes. Aujourd\u2019hui, ce poisson a disparu de la baie&#8230;<\/strong><\/p>\n<p class=\"fs-5 \">La baie poissonneuse est devenue un d\u00e9sert. Dans les ann\u00e9es 1960, 80 tonnes de sardines \u00e9taient p\u00each\u00e9es par an. D\u00e9sormais, il n\u2019y a plus aucunes sardines. Celles que l\u2019on mange lors de la sardinade, place Saint-Pierre, le premier week-end de juillet, sont import\u00e9es de Catalogne. Concernant les autres poissons, ce n\u2019est pas glorieux. Ils sont toujours moins nombreux et plus petits.<\/p>\n<p class=\"fs-5 \"><strong>Comment expliquer cette extinction ?<\/strong><\/p>\n<p class=\"fs-5 \">La cha\u00eene alimentaire est bris\u00e9e. Le plancton s\u2019appauvrit sous le coup du d\u00e9r\u00e8glement climatique. L\u2019acidification rend impossible la croissance [de certaines esp\u00e8ces]. Cet \u00e9t\u00e9, la baie a encore atteint les 30 degr\u00e9s. Des eaux plus chaudes en surface cr\u00e9ent une couche qui se m\u00e9lange moins avec les eaux profondes. Moins de brassage, moins de nutriments. Des esp\u00e8ces de plancton migrent aussi vers le nord, r\u00e9duisant la diversit\u00e9 locale. Les poissons n\u2019ont plus de quoi se nourrir. Il faut donc r\u00e9duire les \u00e9missions de CO2 qui sont la principale cause du d\u00e9r\u00e8glement climatique. Et encore&#8230; Si de v\u00e9ritables r\u00e9sultats \u00e9taient obtenus maintenant, les effets ne se feraient ressentir que d\u2019ici des d\u00e9cennies.<\/p>\n<p class=\"fs-5 \"><strong>Prenant une part importante dans ces \u00e9missions de CO\u2082, le trafic a\u00e9rien et maritime local tend \u00e0 cro\u00eetre. Votre voix est-elle audible ?<\/strong><\/p>\n<p class=\"fs-5 \">Yachts, avions, jets priv\u00e9s&#8230; on n\u2019a pas de poids \u00e9conomique ou politique pour les ralentir. Le rapport de force est inexistant. Avant, on \u00e9tait les patrons de la mer. Mais c\u2019est fini [il indique le pointu qui jouxte sa barque]. \u00c7a fait deux ans que ce bateau est \u00e0 l\u2019abandon. Son proprio travaille d\u00e9sormais sur des yachts. \u00c7a paye mieux. La profession a de l\u2019avenir&#8230;<\/p>\n<p class=\"fs-5 \"><strong>Nous rejetons aussi \u00e0 la mer d\u2019innombrables polluants&#8230;<\/strong><\/p>\n<p class=\"fs-5 \">Les rivi\u00e8res drainaient hier le limon. Aujourd\u2019hui c\u2019est la pollution. Elles ont fait la richesse de la Baie des Anges. Elles en causent d\u00e9sormais la perte. D\u00e8s qu\u2019il pleut, toutes les saloperies \u2013 microplastiques, hydrocarbures, m\u00e9gots \u2013 finissent \u00e0 la mer. Sans parler des rejets des stations d\u2019\u00e9puration : r\u00e9sidus m\u00e9dicamenteux, produits m\u00e9nagers, d\u00e9sinfectants ou cosm\u00e9tiques. \u00c7a fait chuter la fertilit\u00e9 des poissons&#8230; qui, \u00e0 la consommation, gardent ces toxines.<\/p>\n<p class=\"fs-5 \"><strong>Sur la C\u00f4te, il y a largement plus de p\u00eacheurs plaisanciers que de professionnels. Vous livrent-ils une concurrence d\u00e9loyale ?<\/strong><\/p>\n<p class=\"fs-5 \">C\u2019est tr\u00e8s bien la p\u00eache pour le plaisir. Mais se partager le g\u00e2teau devient de plus en plus compliqu\u00e9. S\u2019ils p\u00eachent moins que nous, ils sont plus nombreux. Sur les r\u00e9seaux sociaux, ils se partagent les bons secteurs. Si jusqu\u2019\u00e0 pr\u00e9sent aucun quota ne leur \u00e9tait impos\u00e9, \u00e0 partir du 10 janvier ils devront d\u00e9clarer leurs prises sur une application. C\u2019est une grande victoire.<\/p>\n<p class=\"fs-5 \"><strong>Pour r\u00e9g\u00e9n\u00e9rer les viviers, la cr\u00e9ation d\u2019aires marines prot\u00e9g\u00e9es suffit-elle ?<\/strong><\/p>\n<p class=\"fs-5 \">La p\u00eache est interdite dans les estuaires de la Cagne et du Loup. \u00c7a aide \u00e0 la pr\u00e9servation du peu de poissons qui existe encore. Mais le probl\u00e8me est ailleurs. L\u2019herbe ne pousse pas dans le d\u00e9sert.<\/p>\n<p class=\"fs-5 \"><strong>Vous vous sentez aussi comme une esp\u00e8ce en voie de disparition ?<\/strong><\/p>\n<p class=\"fs-5 \">J\u2019ai grandi dans une famille de p\u00eacheurs. C\u2019est dans mon sang. Mais j\u2019ai dissuad\u00e9 mes enfants de reprendre. \u00c0 70 ans, je n\u2019ai pas de quoi partir \u00e0 la retraite. Ce m\u00e9tier artisanal est aussi dur qu\u2019il rapporte peu. Il va progressivement dispara\u00eetre. J\u2019en garderai le souvenir des gestes, des cri\u00e9es, des amiti\u00e9s. Et aussi la foi. Sans elle, je ne jetterai pas mes filets, en solitaire, tous les matins, avant l\u2019aube.<\/p>\n","protected":false},"excerpt":{"rendered":"Baptis\u00e9e \u00ab Le Terrible \u00bb, comme le sous-marin de la Marine Fran\u00e7aise, la petite barque ne paye pas&hellip;\n","protected":false},"author":2,"featured_media":551546,"comment_status":"","ping_status":"","sticky":false,"template":"","format":"standard","meta":{"footnotes":""},"categories":[2819],"tags":[1111,11,1777,674,1011,27,12,2401,882,25],"class_list":{"0":"post-551545","1":"post","2":"type-post","3":"status-publish","4":"format-standard","5":"has-post-thumbnail","7":"category-nice","8":"tag-actu","9":"tag-actualites","10":"tag-eu","11":"tag-europe","12":"tag-fr","13":"tag-france","14":"tag-news","15":"tag-nice","16":"tag-provence-alpes-cote-dazur","17":"tag-republique-francaise"},"share_on_mastodon":{"url":"https:\/\/pubeurope.com\/@fr\/115593979170891595","error":""},"_links":{"self":[{"href":"https:\/\/www.europesays.com\/fr\/wp-json\/wp\/v2\/posts\/551545","targetHints":{"allow":["GET"]}}],"collection":[{"href":"https:\/\/www.europesays.com\/fr\/wp-json\/wp\/v2\/posts"}],"about":[{"href":"https:\/\/www.europesays.com\/fr\/wp-json\/wp\/v2\/types\/post"}],"author":[{"embeddable":true,"href":"https:\/\/www.europesays.com\/fr\/wp-json\/wp\/v2\/users\/2"}],"replies":[{"embeddable":true,"href":"https:\/\/www.europesays.com\/fr\/wp-json\/wp\/v2\/comments?post=551545"}],"version-history":[{"count":0,"href":"https:\/\/www.europesays.com\/fr\/wp-json\/wp\/v2\/posts\/551545\/revisions"}],"wp:featuredmedia":[{"embeddable":true,"href":"https:\/\/www.europesays.com\/fr\/wp-json\/wp\/v2\/media\/551546"}],"wp:attachment":[{"href":"https:\/\/www.europesays.com\/fr\/wp-json\/wp\/v2\/media?parent=551545"}],"wp:term":[{"taxonomy":"category","embeddable":true,"href":"https:\/\/www.europesays.com\/fr\/wp-json\/wp\/v2\/categories?post=551545"},{"taxonomy":"post_tag","embeddable":true,"href":"https:\/\/www.europesays.com\/fr\/wp-json\/wp\/v2\/tags?post=551545"}],"curies":[{"name":"wp","href":"https:\/\/api.w.org\/{rel}","templated":true}]}}