{"id":551547,"date":"2025-11-22T15:08:13","date_gmt":"2025-11-22T15:08:13","guid":{"rendered":"https:\/\/www.europesays.com\/fr\/551547\/"},"modified":"2025-11-22T15:08:13","modified_gmt":"2025-11-22T15:08:13","slug":"om-un-supporter-de-logcn-pris-en-flagrant-delit-de-racisme-apres-un-but-olympien","status":"publish","type":"post","link":"https:\/\/www.europesays.com\/fr\/551547\/","title":{"rendered":"OM : un supporter de l&rsquo;OGCN pris en flagrant d\u00e9lit de racisme apr\u00e8s un but olympien"},"content":{"rendered":"<p>Hier soir,<a href=\"https:\/\/www.laprovence.com\/article\/om\/1807901217256214\/nice-om-1-5-un-feu-dartifice-olympien-pour-reprendre-la-tete-de-la-ligue-1-et-preparer-au-mieux-newcastle\" target=\"_blank\" rel=\"noopener\"> en marge de la victoire de l&rsquo;OM contre l&rsquo;OGC Nice (5-1)<\/a> dans un stade de l&rsquo;Allianz Riviera clairement hostile aux Olympiens, des propos racistes ont \u00e9t\u00e9 captur\u00e9s en vid\u00e9o alors que les joueurs marseillais c\u00e9l\u00e9braient un but au niveau d&rsquo;un poteau de corner. Une phrase qui pourrait couter tr\u00e8s cher \u00e0 son auteur, s&rsquo;il est identifi\u00e9, et au club ni\u00e7ois.<\/p>\n","protected":false},"excerpt":{"rendered":"Hier soir, en marge de la victoire de l&rsquo;OM contre l&rsquo;OGC Nice (5-1) dans un stade de l&rsquo;Allianz&hellip;\n","protected":false},"author":2,"featured_media":551548,"comment_status":"","ping_status":"","sticky":false,"template":"","format":"standard","meta":{"footnotes":""},"categories":[2819],"tags":[17,1111,11,21234,1777,674,21233,1011,27,66887,12,2401,149,17907,882,25,1015],"class_list":{"0":"post-551547","1":"post","2":"type-post","3":"status-publish","4":"format-standard","5":"has-post-thumbnail","7":"category-nice","8":"tag-17","9":"tag-actu","10":"tag-actualites","11":"tag-delit","12":"tag-eu","13":"tag-europe","14":"tag-flagrant","15":"tag-fr","16":"tag-france","17":"tag-logcn","18":"tag-news","19":"tag-nice","20":"tag-om","21":"tag-pris","22":"tag-provence-alpes-cote-dazur","23":"tag-republique-francaise","24":"tag-supporter"},"share_on_mastodon":{"url":"https:\/\/pubeurope.com\/@fr\/115593983076519155","error":""},"_links":{"self":[{"href":"https:\/\/www.europesays.com\/fr\/wp-json\/wp\/v2\/posts\/551547","targetHints":{"allow":["GET"]}}],"collection":[{"href":"https:\/\/www.europesays.com\/fr\/wp-json\/wp\/v2\/posts"}],"about":[{"href":"https:\/\/www.europesays.com\/fr\/wp-json\/wp\/v2\/types\/post"}],"author":[{"embeddable":true,"href":"https:\/\/www.europesays.com\/fr\/wp-json\/wp\/v2\/users\/2"}],"replies":[{"embeddable":true,"href":"https:\/\/www.europesays.com\/fr\/wp-json\/wp\/v2\/comments?post=551547"}],"version-history":[{"count":0,"href":"https:\/\/www.europesays.com\/fr\/wp-json\/wp\/v2\/posts\/551547\/revisions"}],"wp:featuredmedia":[{"embeddable":true,"href":"https:\/\/www.europesays.com\/fr\/wp-json\/wp\/v2\/media\/551548"}],"wp:attachment":[{"href":"https:\/\/www.europesays.com\/fr\/wp-json\/wp\/v2\/media?parent=551547"}],"wp:term":[{"taxonomy":"category","embeddable":true,"href":"https:\/\/www.europesays.com\/fr\/wp-json\/wp\/v2\/categories?post=551547"},{"taxonomy":"post_tag","embeddable":true,"href":"https:\/\/www.europesays.com\/fr\/wp-json\/wp\/v2\/tags?post=551547"}],"curies":[{"name":"wp","href":"https:\/\/api.w.org\/{rel}","templated":true}]}}