{"id":551549,"date":"2025-11-22T15:09:31","date_gmt":"2025-11-22T15:09:31","guid":{"rendered":"https:\/\/www.europesays.com\/fr\/551549\/"},"modified":"2025-11-22T15:09:31","modified_gmt":"2025-11-22T15:09:31","slug":"sainte-luce-sur-loire-les-createurs-locaux-exposent-leur-travail","status":"publish","type":"post","link":"https:\/\/www.europesays.com\/fr\/551549\/","title":{"rendered":"Sainte-Luce-sur-Loire. Les cr\u00e9ateurs locaux exposent leur travail"},"content":{"rendered":"<p>L\u2019association Les Cr\u00e9ateurs luc\u00e9ens organise prochainement une exposition-vente. Vincent Groussin, photographe et cr\u00e9ateur de cartes postales, indique\u00a0: \u00a0Notre objectif est de promouvoir et de mettre en valeur les cr\u00e9ateurs, artisans et artistes luc\u00e9ens. Au fil des ann\u00e9es, plusieurs d\u2019entre eux ont rejoint la structure qui multiplie les initiatives pour faire conna\u00eetre leur savoir-faire. Boutiques \u00e9ph\u00e9m\u00e8res, pr\u00e9sence ponctuelle sur le march\u00e9 du samedi matin, et expositions-ventes ouvertes au public. La prochaine manifestation r\u00e9unira douze\u00a0cr\u00e9ateurs pr\u00e9sentant des r\u00e9alisations vari\u00e9es\u00a0: poterie, raku, dessins, cartes postales et puzzles,\u2026\u00a0.<\/p>\n<p>Vendredi 28\u00a0novembre de 17\u00a0h \u00e0 19\u00a0h, samedi 29\u00a0novembre de 9\u00a0h \u00e0 19\u00a0h et dimanche 30\u00a0novembre de 10\u00a0h \u00e0 18\u00a0h \u00e0 la salle Dagorne au 17, rue Jean-Moulin. Contact\u00a0: lescreateursluceens44@gmail.com.<\/p>\n<p>\u00a0<\/p>\n","protected":false},"excerpt":{"rendered":"L\u2019association Les Cr\u00e9ateurs luc\u00e9ens organise prochainement une exposition-vente. Vincent Groussin, photographe et cr\u00e9ateur de cartes postales, indique\u00a0: \u00a0Notre&hellip;\n","protected":false},"author":2,"featured_media":551550,"comment_status":"","ping_status":"","sticky":false,"template":"","format":"standard","meta":{"footnotes":""},"categories":[2818],"tags":[1111,11,14063,1777,674,11541,1011,27,14917,766,12,2636,25,3272,5974,3847],"class_list":{"0":"post-551549","1":"post","2":"type-post","3":"status-publish","4":"format-standard","5":"has-post-thumbnail","7":"category-nantes","8":"tag-actu","9":"tag-actualites","10":"tag-createurs","11":"tag-eu","12":"tag-europe","13":"tag-exposent","14":"tag-fr","15":"tag-france","16":"tag-locaux","17":"tag-nantes","18":"tag-news","19":"tag-pays-de-la-loire","20":"tag-republique-francaise","21":"tag-saint-nazaire","22":"tag-sainte-luce-sur-loire","23":"tag-travail"},"share_on_mastodon":{"url":"https:\/\/pubeurope.com\/@fr\/115593987078584027","error":""},"_links":{"self":[{"href":"https:\/\/www.europesays.com\/fr\/wp-json\/wp\/v2\/posts\/551549","targetHints":{"allow":["GET"]}}],"collection":[{"href":"https:\/\/www.europesays.com\/fr\/wp-json\/wp\/v2\/posts"}],"about":[{"href":"https:\/\/www.europesays.com\/fr\/wp-json\/wp\/v2\/types\/post"}],"author":[{"embeddable":true,"href":"https:\/\/www.europesays.com\/fr\/wp-json\/wp\/v2\/users\/2"}],"replies":[{"embeddable":true,"href":"https:\/\/www.europesays.com\/fr\/wp-json\/wp\/v2\/comments?post=551549"}],"version-history":[{"count":0,"href":"https:\/\/www.europesays.com\/fr\/wp-json\/wp\/v2\/posts\/551549\/revisions"}],"wp:featuredmedia":[{"embeddable":true,"href":"https:\/\/www.europesays.com\/fr\/wp-json\/wp\/v2\/media\/551550"}],"wp:attachment":[{"href":"https:\/\/www.europesays.com\/fr\/wp-json\/wp\/v2\/media?parent=551549"}],"wp:term":[{"taxonomy":"category","embeddable":true,"href":"https:\/\/www.europesays.com\/fr\/wp-json\/wp\/v2\/categories?post=551549"},{"taxonomy":"post_tag","embeddable":true,"href":"https:\/\/www.europesays.com\/fr\/wp-json\/wp\/v2\/tags?post=551549"}],"curies":[{"name":"wp","href":"https:\/\/api.w.org\/{rel}","templated":true}]}}