{"id":551561,"date":"2025-11-22T15:15:12","date_gmt":"2025-11-22T15:15:12","guid":{"rendered":"https:\/\/www.europesays.com\/fr\/551561\/"},"modified":"2025-11-22T15:15:12","modified_gmt":"2025-11-22T15:15:12","slug":"nouvelle-panne-importante-sur-la-ligne-1-ce-samedi","status":"publish","type":"post","link":"https:\/\/www.europesays.com\/fr\/551561\/","title":{"rendered":"nouvelle panne importante sur la ligne 1 ce samedi"},"content":{"rendered":"<p>                    Par<br \/>\n        <strong><br \/>\n            <a href=\"https:\/\/actu.fr\/auteur\/nicolas-demollien\" title=\"Consulter tous les articles de Nicolas Demollien\" rel=\"nofollow noopener\" target=\"_blank\">Nicolas Demollien<\/a><br \/>\n                    <\/strong><\/p>\n<p>        Publi\u00e9 le<\/p>\n<p>            22 nov. 2025 \u00e0 15h38<br \/>\n        ; mis \u00e0 jour le 22 nov. 2025 \u00e0 16h14    <\/p>\n<p>Voil\u00e0 qui fait t\u00e2che alors qu\u2019<a href=\"https:\/\/actu.fr\/tag\/ilevia\" rel=\"nofollow noopener\" target=\"_blank\">Il\u00e9via<\/a> avait <a href=\"https:\/\/actu.fr\/hauts-de-france\/lille_59350\/metro-bus-tram-ilevia-renforce-son-offre-dans-la-metropole-de-lille-pour-les-fetes-ce-qui-va-changer_63470113.html\" rel=\"nofollow noopener\" target=\"_blank\">annonc\u00e9 le renforcement des transports<\/a> dans la m\u00e9tropole de <a href=\"https:\/\/actu.fr\/hauts-de-france\/lille_59350\" rel=\"nofollow noopener\" target=\"_blank\">Lille<\/a> (Nord) d\u00e8s ce samedi 22 novembre 2025 pour les f\u00eates de fin d\u2019ann\u00e9e. La<b> ligne 1<\/b> a en effet subi une <b>nouvelle interruption<\/b>.<\/p>\n<p>La ligne 1 du m\u00e9tro de Lille interrompue en partie ce samedi<\/p>\n<p class=\" wall-content\">Aux alentours de 15h, l\u2019entreprise a ainsi annonc\u00e9 qu\u2019<b>aucun m\u00e9tro ne circulait entre les stations Fives et 4 cantons \u2013 stade Pierre Mauroy<\/b> en raison \u00ab\u00a0d\u2019un <b>d\u00e9faut sur rame<\/b>\u00ab\u00a0.<\/p>\n<p class=\" wall-content\">\n<p class=\" wall-content\">La reprise a d\u2019abord \u00e9t\u00e9 annonc\u00e9e pour 15h35 puis finalement prolong\u00e9e de quelques minutes, jusque 15h40 environ. Et finalement, c\u2019est ensuite jusque 16h10 que l\u2019interruption \u00e9tait pr\u00e9vue.\u00a0<\/p>\n<p class=\" wall-content\">Et c\u2019est finalement l\u2019horaire de 18h qui a \u00e9t\u00e9 annonc\u00e9 par Il\u00e9via. A l\u2019heure o\u00f9 nous bouclons ces lignes, le moyen de <a href=\"https:\/\/actu.fr\/tag\/transport\" rel=\"nofollow noopener\" target=\"_blank\">transport<\/a> \u00e9tait toujours arr\u00eat\u00e9. Les premiers bus relais ont \u00e9t\u00e9 d\u00e9ploy\u00e9s aux alentours de 16h.<\/p>\n<p class=\" wall-content\">Cette perturbation de la ligne 1 a encore provoqu\u00e9 l\u2019ire des usagers qui ne se sont pas g\u00ean\u00e9s pour le faire savoir sur les r\u00e9seaux sociaux.<\/p>\n<p class=\" wall-content\">Personnalisez votre actualit\u00e9 en ajoutant vos villes et m\u00e9dias en favori avec <a href=\"https:\/\/moncompte.actu.fr\" title=\"D\u00e9couvez Mon Actu\" rel=\"nofollow noopener\" data-trk=\"{&quot;cta&quot;:{&quot;action&quot;:&quot;https:\\\/\\\/moncompte.actu.fr&quot;,&quot;category&quot;:&quot;mon compte&quot;,&quot;from&quot;:&quot;article footer&quot;,&quot;name&quot;:&quot;Mon actu&quot;,&quot;type&quot;:&quot;cta&quot;}}\" target=\"_blank\">Mon Actu<\/a>.<\/p>\n","protected":false},"excerpt":{"rendered":"Par Nicolas Demollien Publi\u00e9 le 22 nov. 2025 \u00e0 15h38 ; mis \u00e0 jour le 22 nov. 2025&hellip;\n","protected":false},"author":2,"featured_media":551562,"comment_status":"","ping_status":"","sticky":false,"template":"","format":"standard","meta":{"footnotes":""},"categories":[2815],"tags":[1111,11,1777,674,1011,27,811,4288,1307,12,25,104,2803],"class_list":{"0":"post-551561","1":"post","2":"type-post","3":"status-publish","4":"format-standard","5":"has-post-thumbnail","7":"category-lille","8":"tag-actu","9":"tag-actualites","10":"tag-eu","11":"tag-europe","12":"tag-fr","13":"tag-france","14":"tag-hauts-de-france","15":"tag-ilevia","16":"tag-lille","17":"tag-news","18":"tag-republique-francaise","19":"tag-societe","20":"tag-transport"},"share_on_mastodon":{"url":"https:\/\/pubeurope.com\/@fr\/115594010725839732","error":""},"_links":{"self":[{"href":"https:\/\/www.europesays.com\/fr\/wp-json\/wp\/v2\/posts\/551561","targetHints":{"allow":["GET"]}}],"collection":[{"href":"https:\/\/www.europesays.com\/fr\/wp-json\/wp\/v2\/posts"}],"about":[{"href":"https:\/\/www.europesays.com\/fr\/wp-json\/wp\/v2\/types\/post"}],"author":[{"embeddable":true,"href":"https:\/\/www.europesays.com\/fr\/wp-json\/wp\/v2\/users\/2"}],"replies":[{"embeddable":true,"href":"https:\/\/www.europesays.com\/fr\/wp-json\/wp\/v2\/comments?post=551561"}],"version-history":[{"count":0,"href":"https:\/\/www.europesays.com\/fr\/wp-json\/wp\/v2\/posts\/551561\/revisions"}],"wp:featuredmedia":[{"embeddable":true,"href":"https:\/\/www.europesays.com\/fr\/wp-json\/wp\/v2\/media\/551562"}],"wp:attachment":[{"href":"https:\/\/www.europesays.com\/fr\/wp-json\/wp\/v2\/media?parent=551561"}],"wp:term":[{"taxonomy":"category","embeddable":true,"href":"https:\/\/www.europesays.com\/fr\/wp-json\/wp\/v2\/categories?post=551561"},{"taxonomy":"post_tag","embeddable":true,"href":"https:\/\/www.europesays.com\/fr\/wp-json\/wp\/v2\/tags?post=551561"}],"curies":[{"name":"wp","href":"https:\/\/api.w.org\/{rel}","templated":true}]}}