{"id":551567,"date":"2025-11-22T15:18:13","date_gmt":"2025-11-22T15:18:13","guid":{"rendered":"https:\/\/www.europesays.com\/fr\/551567\/"},"modified":"2025-11-22T15:18:13","modified_gmt":"2025-11-22T15:18:13","slug":"a-marseille-une-foule-compacte-pour-faire-bloc-face-au-narcobanditisme-malgre-la-peur-actualites","status":"publish","type":"post","link":"https:\/\/www.europesays.com\/fr\/551567\/","title":{"rendered":"A Marseille, une foule compacte pour faire bloc face au narcobanditisme malgr\u00e9 la peur : Actualit\u00e9s"},"content":{"rendered":"<p class=\"lead \">Dans un silence poignant seulement interrompu par les cris des mouettes, une foule compacte de Marseillais, soutenus par une kyrielle de politiques, ont rendu hommage samedi \u00e0 Mehdi Kessaci, mobilis\u00e9s pour \u00ab\u00a0faire bloc\u00a0\u00bb contre le narcobanditisme, malgr\u00e9 la peur.<\/p>\n<p class=\"lead \">Sa famille est arriv\u00e9e peu avant 15H30 sous les applaudissements: son fr\u00e8re Amine Kessaci, militant anti-drogue et \u00e9cologiste, et sa m\u00e8re, portant un tee-shirt \u00e0 l&rsquo;effigie de Mehdi, boulevers\u00e9e par cet hommage populaire, \u00e9taient accompagn\u00e9s par des responsables locaux, dont le maire de Marseille Beno\u00eet Payan, visiblement \u00e9mu, ou encore la pr\u00e9sidente de l&rsquo;Assembl\u00e9e nationale Ya\u00ebl Braun-Pivet.<\/p>\n<p class=\"lead \">\u00ab\u00a0Justice pour Mehdi\u00a0\u00bb ont scand\u00e9 les milliers de manifestants d\u00e9j\u00e0 rassembl\u00e9s, avant une minute de silence.<\/p>\n<p class=\"lead \">\u00ab\u00a0La peur ne peut pas nous gagner\u00a0\u00bb: \u00ab\u00a0n&rsquo;ayez pas peur, relevez la t\u00eate. Nous n&rsquo;avons pas \u00e0 avoir peur, nous devons leur r\u00e9sister et les combattre, mener une guerre face \u00e0 ceux qui tuent pour de l&rsquo;argent\u00a0\u00bb, avait martel\u00e9 Beno\u00eet Payan, juste avant l&rsquo;hommage.<\/p>\n<p class=\"lead \">\u00ab\u00a0On a peur mais on vient il le faut, c&rsquo;est pour nous cette mobilisation\u00a0\u00bb, lance A\u00efcha, 20 ans, qui vit \u00e0 Frais-Vallon, la cit\u00e9 o\u00f9 a grandi la famille Kessaci avec ses six enfants.<\/p>\n<p class=\"lead \">Vers 15H30 d\u00e9j\u00e0 4.000 personnes \u00e9taient pr\u00e9sentes, selon la police mais beaucoup continuaient \u00e0 affluer sous le soleil d&rsquo;hiver, malgr\u00e9 le froid.<\/p>\n<p class=\"lead \">&#8211; \u00ab\u00a0S\u00e9curit\u00e9\u00a0\u00bb pour tous &#8211;<\/p>\n<p class=\"lead \">Une impressionnante foule d&rsquo;\u00e9lus, souvent v\u00eatus de blanc et portant, comme l&rsquo;a demand\u00e9 la famille, leur \u00e9charpe tricolore a fait le d\u00e9placement. Beaucoup se sont recueillis devant les fleurs d\u00e9pos\u00e9es \u00e0 l&rsquo;endroit m\u00eame o\u00f9 ce jeune homme de 20 ans, qui voulait devenir policier, a \u00e9t\u00e9 assassin\u00e9 par deux hommes \u00e0 moto toujours en fuite le 13 novembre.<\/p>\n<p class=\"lead \">Marine Tondelier, cheffe des Ecologistes, le parti d&rsquo;Amine Kessaci, le patron du parti socialiste, Olivier Faure, les d\u00e9put\u00e9s Fran\u00e7ois Ruffin (Debout!), Boris Vallaud (PS), Manuel Bompard (LFI), le s\u00e9nateur Yannick Jadot (Ecologistes) \u00e9taient pr\u00e9sents, comme beaucoup d&rsquo;autres de tous bords politiques.<\/p>\n<p class=\"lead \">La porte-parole du gouvernement Maud Br\u00e9geon, comme d&rsquo;autres repr\u00e9sentants, n&rsquo;a elle pas pu se rendre sur place, apr\u00e8s l&rsquo;annulation de son vol depuis Paris, selon son entourage.<\/p>\n<p class=\"lead \">Alors que souvent les narchomicides s&rsquo;affichent \u00e0 la Une des journaux dans une sorte d&rsquo;indiff\u00e9rence \u00e0 Marseille, cet assassinat a t\u00e9tanis\u00e9 la 2e ville de France tant ici la violence a franchi un nouveau cap.<\/p>\n<p class=\"lead \">Les enqu\u00eateurs travaillent la piste du crime d&rsquo;avertissement pour dissuader son fr\u00e8re Amine qui s&rsquo;est lanc\u00e9 dans le combat contre le trafic de drogue, depuis la mort d&rsquo;un premier fr\u00e8re en 2020 dans un narchomicide.<\/p>\n<p class=\"lead \">\u00ab\u00a0Si quelqu&rsquo;un tue ton fils de 20 ans pour rien, c&rsquo;est un drame\u00a0\u00bb, a confi\u00e9 \u00e0 la presse le p\u00e8re de Mehdi et Amine, Ahmed Kessaci, esp\u00e9rant \u00ab\u00a0la solidarit\u00e9\u00a0\u00bb et \u00ab\u00a0la s\u00e9curit\u00e9 pour tout le monde\u00a0\u00bb.<\/p>\n<p class=\"lead \">Signe du symbole qu&rsquo;il est en train de devenir, l&rsquo;ex-s\u00e9nateur socialiste J\u00e9r\u00f4me Durain, un des initiateurs de la loi contre le narcotrafic, a demand\u00e9 \u00e0 Emmanuel Macron de d\u00e9corer Amine Kessaci de la L\u00e9gion d&rsquo;honneur.<\/p>\n<p class=\"lead \"> &#8211; Marseille \u00ab\u00a0m\u00e9rite mieux\u00a0\u00bb &#8211;<\/p>\n<p class=\"lead \">\u00ab\u00a0Marseille c&rsquo;est pas \u00e7a. C&rsquo;est une ville qui m\u00e9rite mieux\u00a0\u00bb, explique Anis Chelbi, 50 ans.<\/p>\n<p class=\"lead \">\u00ab\u00a0On a des enfants et c&rsquo;est pour eux aussi qu&rsquo;on est l\u00e0\u00a0\u00bb, rench\u00e9rit-il. Il r\u00e9clame \u00ab\u00a0de vraies solutions \u00e0 ce fl\u00e9au\u00a0\u00bb du narcotrafic, exhibant un dessin qu&rsquo;il a pr\u00e9par\u00e9 pour l&rsquo;occasion accompagn\u00e9 d&rsquo;une l\u00e9gende: \u00ab\u00a0consommer tue\u00a0\u00bb.<\/p>\n<p class=\"lead \">Son \u00e9pouse Imane, \u00ab\u00a0comme toutes les mamans de Marseille\u00a0\u00bb, est l\u00e0 pour exprimer son \u00ab\u00a0ras-le-bol.\u00a0\u00bb \u00ab\u00a0Chaque jour il y a un jeune qui se fait tuer\u00a0\u00bb, regrette la femme de 48 ans, qui travaille dans une \u00e9cole. \u00ab\u00a0Il faut que \u00e7a s&rsquo;arr\u00eate, il faut qu&rsquo;on trouve une solution\u00a0\u00bb.<\/p>\n<p class=\"lead \">\u00ab\u00a0La France n&rsquo;a pas d&rsquo;avenir si l&rsquo;on tue nos enfants\u00a0\u00bb, \u00ab\u00a0Justice pour Mehdi\u00a0\u00bb, pouvait-on lire sur certains tee-shirt ou sur une banderole cette inscription: \u00ab\u00a0Pour la vie, pour Mehdi, pour la R\u00e9publique, pour Marseille\u00a0\u00bb. <\/p>\n<p class=\"lead \">D&rsquo;autres initiatives sont annonc\u00e9es dans quelque 25 villes comme \u00e0 Rennes o\u00f9 environ 250 personnes se sont rassembl\u00e9es sous la pluie, \u00e0 Clermont-Ferrand, plusieurs dizaines de personnes seulement.<\/p>\n<p class=\"lead \">\u00ab\u00a0Nous sommes ici en signe de solidarit\u00e9 avec Marseille, pour Medhi Kessaci et contre le narcotrafic\u00a0\u00bb, glisse Maryme Biffaud, 68 ans. \u00ab\u00a0C&rsquo;est important mais je m&rsquo;\u00e9tonne qu&rsquo;il y ait si peu de monde. Il faut montrer qu&rsquo;on n&rsquo;a pas peur, plus on est nombreux plus on est forts\u00a0\u00bb.<\/p>\n","protected":false},"excerpt":{"rendered":"Dans un silence poignant seulement interrompu par les cris des mouettes, une foule compacte de Marseillais, soutenus par&hellip;\n","protected":false},"author":2,"featured_media":551568,"comment_status":"","ping_status":"","sticky":false,"template":"","format":"standard","meta":{"footnotes":""},"categories":[2814],"tags":[1111,11,271,3992,1777,674,1011,27,2683,2088,884,12,882,25,13791],"class_list":{"0":"post-551567","1":"post","2":"type-post","3":"status-publish","4":"format-standard","5":"has-post-thumbnail","7":"category-marseille","8":"tag-actu","9":"tag-actualites","10":"tag-crime","11":"tag-drogues","12":"tag-eu","13":"tag-europe","14":"tag-fr","15":"tag-france","16":"tag-homicide","17":"tag-manifestation","18":"tag-marseille","19":"tag-news","20":"tag-provence-alpes-cote-dazur","21":"tag-republique-francaise","22":"tag-socit"},"share_on_mastodon":{"url":"https:\/\/pubeurope.com\/@fr\/115594022392232561","error":""},"_links":{"self":[{"href":"https:\/\/www.europesays.com\/fr\/wp-json\/wp\/v2\/posts\/551567","targetHints":{"allow":["GET"]}}],"collection":[{"href":"https:\/\/www.europesays.com\/fr\/wp-json\/wp\/v2\/posts"}],"about":[{"href":"https:\/\/www.europesays.com\/fr\/wp-json\/wp\/v2\/types\/post"}],"author":[{"embeddable":true,"href":"https:\/\/www.europesays.com\/fr\/wp-json\/wp\/v2\/users\/2"}],"replies":[{"embeddable":true,"href":"https:\/\/www.europesays.com\/fr\/wp-json\/wp\/v2\/comments?post=551567"}],"version-history":[{"count":0,"href":"https:\/\/www.europesays.com\/fr\/wp-json\/wp\/v2\/posts\/551567\/revisions"}],"wp:featuredmedia":[{"embeddable":true,"href":"https:\/\/www.europesays.com\/fr\/wp-json\/wp\/v2\/media\/551568"}],"wp:attachment":[{"href":"https:\/\/www.europesays.com\/fr\/wp-json\/wp\/v2\/media?parent=551567"}],"wp:term":[{"taxonomy":"category","embeddable":true,"href":"https:\/\/www.europesays.com\/fr\/wp-json\/wp\/v2\/categories?post=551567"},{"taxonomy":"post_tag","embeddable":true,"href":"https:\/\/www.europesays.com\/fr\/wp-json\/wp\/v2\/tags?post=551567"}],"curies":[{"name":"wp","href":"https:\/\/api.w.org\/{rel}","templated":true}]}}