{"id":551569,"date":"2025-11-22T15:19:29","date_gmt":"2025-11-22T15:19:29","guid":{"rendered":"https:\/\/www.europesays.com\/fr\/551569\/"},"modified":"2025-11-22T15:19:29","modified_gmt":"2025-11-22T15:19:29","slug":"pourquoi-des-figures-de-la-gauche-sont-a-lyon-ce-week-end","status":"publish","type":"post","link":"https:\/\/www.europesays.com\/fr\/551569\/","title":{"rendered":"pourquoi des figures de la gauche sont \u00e0 Lyon ce week-end ?"},"content":{"rendered":"<p itemprop=\"description\"><strong>Samedi et dimanche, Lyon accueille la 3e \u00e9dition des Rencontres d&rsquo;Automne.<\/strong><\/p>\n<p>Organis\u00e9 par Debout les socialistes et la maire de Vaulx-en-Velin <a href=\"https:\/\/www.lyonmag.com\/profil-personnalite-lyonnaise\/47\/helene-geoffroy\" target=\"_blank\" rel=\"noopener\">H\u00e9l\u00e8ne Geoffroy<\/a>, l&rsquo;\u00e9v\u00e8nement pr\u00e9voit des d\u00e9bats, conf\u00e9rences et ateliers auxquels participeront les grandes figures de la gauche PS-friendly.<\/p>\n<p>L&rsquo;ancien Pr\u00e9sident de la R\u00e9publique Fran\u00e7ois Hollande sera ainsi pr\u00e9sent \u00e0 l&rsquo;h\u00f4tel Mercure Saxe-Lafayette, tout comme son ex-Premier ministre Bernard Cazeneuve. Le patron du PS Olivier Faure sera \u00e9videmment de la partie, ainsi que le d\u00e9put\u00e9 europ\u00e9en Rapha\u00ebl Glucksmann (Place Publique) et la pr\u00e9sidente de la R\u00e9gion Occitanie Carole Delga.<\/p>\n<p>L&rsquo;objectif est clairement de plancher sur la strat\u00e9gie \u00e0 adopter en vue de la pr\u00e9sidentielle de 2027. Face \u00e0 la France insoumise, l&rsquo;id\u00e9e de proposer une candidature de gauche mod\u00e9r\u00e9e fait son chemin chez les socialistes et leurs alli\u00e9s. Reste \u00e0 savoir qui l&rsquo;incarnera, et avec quel programme. Les Rencontres d&rsquo;Automne de Lyon permettront-elles d&rsquo;avancer sur ces points ?<\/p>\n","protected":false},"excerpt":{"rendered":"Samedi et dimanche, Lyon accueille la 3e \u00e9dition des Rencontres d&rsquo;Automne. Organis\u00e9 par Debout les socialistes et la&hellip;\n","protected":false},"author":2,"featured_media":551570,"comment_status":"","ping_status":"","sticky":false,"template":"","format":"standard","meta":{"footnotes":""},"categories":[1889],"tags":[1111,11,2813,2190,2430,1109,251,1112,2811,1777,674,118,1011,27,1922,1110,1114,2428,2810,12,241,316,25,2812,517,800],"class_list":{"0":"post-551569","1":"post","2":"type-post","3":"status-publish","4":"format-standard","5":"has-post-thumbnail","7":"category-lyon","8":"tag-actu","9":"tag-actualites","10":"tag-article","11":"tag-asvel","12":"tag-auvergne-rhone-alpes","13":"tag-breves","14":"tag-culture","15":"tag-depeches","16":"tag-economique","17":"tag-eu","18":"tag-europe","19":"tag-faits-divers","20":"tag-fr","21":"tag-france","22":"tag-info","23":"tag-informations","24":"tag-infos","25":"tag-lyon","26":"tag-lyonmag","27":"tag-news","28":"tag-ol","29":"tag-politique","30":"tag-republique-francaise","31":"tag-sociale","32":"tag-sport","33":"tag-transports"},"share_on_mastodon":{"url":"https:\/\/pubeurope.com\/@fr\/115594026430966089","error":""},"_links":{"self":[{"href":"https:\/\/www.europesays.com\/fr\/wp-json\/wp\/v2\/posts\/551569","targetHints":{"allow":["GET"]}}],"collection":[{"href":"https:\/\/www.europesays.com\/fr\/wp-json\/wp\/v2\/posts"}],"about":[{"href":"https:\/\/www.europesays.com\/fr\/wp-json\/wp\/v2\/types\/post"}],"author":[{"embeddable":true,"href":"https:\/\/www.europesays.com\/fr\/wp-json\/wp\/v2\/users\/2"}],"replies":[{"embeddable":true,"href":"https:\/\/www.europesays.com\/fr\/wp-json\/wp\/v2\/comments?post=551569"}],"version-history":[{"count":0,"href":"https:\/\/www.europesays.com\/fr\/wp-json\/wp\/v2\/posts\/551569\/revisions"}],"wp:featuredmedia":[{"embeddable":true,"href":"https:\/\/www.europesays.com\/fr\/wp-json\/wp\/v2\/media\/551570"}],"wp:attachment":[{"href":"https:\/\/www.europesays.com\/fr\/wp-json\/wp\/v2\/media?parent=551569"}],"wp:term":[{"taxonomy":"category","embeddable":true,"href":"https:\/\/www.europesays.com\/fr\/wp-json\/wp\/v2\/categories?post=551569"},{"taxonomy":"post_tag","embeddable":true,"href":"https:\/\/www.europesays.com\/fr\/wp-json\/wp\/v2\/tags?post=551569"}],"curies":[{"name":"wp","href":"https:\/\/api.w.org\/{rel}","templated":true}]}}