{"id":551574,"date":"2025-11-22T15:23:16","date_gmt":"2025-11-22T15:23:16","guid":{"rendered":"https:\/\/www.europesays.com\/fr\/551574\/"},"modified":"2025-11-22T15:23:16","modified_gmt":"2025-11-22T15:23:16","slug":"cest-interdit-de-laisser-des-chiens-courir-dans-la-nature-ariane-brodier-alerte-apres-avoir-ete-mordue","status":"publish","type":"post","link":"https:\/\/www.europesays.com\/fr\/551574\/","title":{"rendered":"\u00ab\u00a0C\u2019est interdit de laisser des chiens courir dans la nature\u00a0\u00bb\u00a0: Ariane Brodier alerte apr\u00e8s avoir \u00e9t\u00e9 mordue"},"content":{"rendered":"<p class=\"paragraph text_align_left lp-f-body-02\">Elle s\u2019en prend aux propri\u00e9taires de chien qui ne respectent pas la loi. La chroniqueuse et com\u00e9dienne Ariane Brodier a vivement r\u00e9agi jeudi 20 novembre sur le r\u00e9seau social Instagram <a href=\"https:\/\/www.leparisien.fr\/animaux\/morsures-de-chien-voici-les-bons-reflexes-pour-les-eviter-10-02-2023-YTQKYY6EB5B37MA5QPJH4MURI4.php\" target=\"_blank\" rel=\"noreferrer nofollow noopener\">apr\u00e8s avoir \u00e9t\u00e9 mordue<\/a> par un chien non tenu en laisse. Adepte de la course \u00e0 pied et du trail, <a href=\"https:\/\/www.leparisien.fr\/culture-loisirs\/camping-paradis-ariane-brodier-et-sa-passion-de-la-boxe-thai-12-11-2017-7388880.php\" target=\"_blank\" rel=\"noreferrer nofollow noopener\">l\u2019ancienne membre de l\u2019\u00e9quipe du \u00ab Camping Paradis \u00bb<\/a> explique avoir crois\u00e9 plusieurs chiens en libert\u00e9 au cours d\u2019une sortie effectu\u00e9e non loin de son domicile.<\/p>\n<p class=\"paragraph text_align_left lp-f-body-02\">Elle affirme que soudainement, l\u2019un des canid\u00e9s, un beauceron crois\u00e9 husky, l\u2019a \u00ab charg\u00e9e \u00bb, avant <a href=\"https:\/\/www.leparisien.fr\/faits-divers\/une-dizaine-de-morsures-les-chiens-de-linfluenceur-nasdas-accuses-dattaquer-ceux-de-ses-voisins-03-04-2025-452E6PKLJZBWNDLCB7DSNT7EFU.php\" target=\"_blank\" rel=\"noreferrer nofollow noopener\">de la mordre violemment \u00e0 la main et \u00e0 la jambe<\/a>. L\u2019humoriste qui propose son propre one-woman-show depuis cet \u00e9t\u00e9 explique qu\u2019elle doit depuis recevoir des soins tous les deux jours, avec l\u2019aide d\u2019une infirmi\u00e8re \u00e0 son domicile pour \u00ab faire les pansements et nettoyer parce qu\u2019il y a \u00e9norm\u00e9ment de bact\u00e9ries \u00bb, d\u00e9taille la com\u00e9dienne de 46 ans dans une story.<\/p>\n<p>\u00ab On ne sait pas comment peut r\u00e9agir un chien \u00bb<\/p>\n<p class=\"paragraph text_align_left lp-f-body-02\">\u00ab Si je fais cette story c\u2019est surtout pour que vous preniez conscience de quelque chose. Les chiens doivent toujours \u00eatre en laisse. C\u2019est interdit de laisser des chiens courir dans la nature. Moi, Nuggets, il est tout le temps en laisse. S\u2019il n\u2019est pas en laisse, c\u2019est qu\u2019il est dans le jardin. <a href=\"https:\/\/www.leparisien.fr\/societe\/les-bonnes-attitudes-a-avoir-face-a-un-chien-pour-eviter-les-morsures-08-02-2021-8423768.php\" target=\"_blank\" rel=\"noreferrer nofollow noopener\">On ne sait pas comment peut r\u00e9agir un chien<\/a> : un coureur qui passe, il lui envoie un caillou, il s\u2019\u00e9nerve\u2026 On ne sait pas \u00bb, a-t-elle lourdement insist\u00e9 en \u00e9voquant son propre animal de compagnie.<\/p>\n<p class=\"paragraph text_align_left lp-f-body-02\">Ariane Brodier a notamment soulign\u00e9 que le chien dont elle a \u00e9t\u00e9 victime aurait pu provoquer des blessures bien plus graves chez d\u2019autres : \u00ab Moi, je fais presque 1m80, ce n\u2019est pas \u00e0 la main qu\u2019ils m\u2019auraient chop\u00e9e, mais c\u2019est au visage <a href=\"https:\/\/www.leparisien.fr\/culture-loisirs\/tv\/tf1-grossesse-cachee-sur-camping-paradis-13-11-2017-7388970.php\" target=\"_blank\" rel=\"noreferrer nofollow noopener\">de mes enfants<\/a> \u00bb, a rappel\u00e9 la <a href=\"https:\/\/www.leparisien.fr\/laparisienne\/people\/ariane-brodier-et-fulgence-ouedraogo-sont-parents-22-01-2018-7516677.php\" target=\"_blank\" rel=\"noreferrer nofollow noopener\">m\u00e8re de deux enfants \u00e2g\u00e9s de 7 et 6 ans<\/a>. Selon la propri\u00e9taire de l\u2019animal fautif, celui-ci aurait des probl\u00e8mes de comportement en raison de maltraitances subies par le pass\u00e9.<\/p>\n<p class=\"lp-card-podcast-highlighting__title  lp-f-subtitle-05\">[1\/2] L\u2019affaire Jean Aprin\u00a0: complot criminel dans les vignes<\/p>\n<p class=\"lp-card-podcast-highlighting__description lp-f-ui-05\">Crime story raconte chaque semaine les grandes affaires criminelles.<\/p>\n<p><a class=\"lp-card-podcast-highlighting__call-to-action\" data-page-type=\"HP\" data-block-name=\"podcast-highlight\">\u00c9couter<\/a><\/p>\n<p class=\"paragraph text_align_left lp-f-body-02\">Elle confirme ce vendredi sur le r\u00e9seau social avoir port\u00e9 plainte aupr\u00e8s de la gendarmerie. Cela lui a permis d\u2019apprendre que le chien fautif \u00e9tait bien vaccin\u00e9 et non porteur de maladie, mais elle pr\u00e9cise qu\u2019il y aura bien une \u00e9valuation du comportement du chien prochainement, afin de comprendre pourquoi il a \u00e9t\u00e9 agressif \u00e0 son encontre.<\/p>\n","protected":false},"excerpt":{"rendered":"Elle s\u2019en prend aux propri\u00e9taires de chien qui ne respectent pas la loi. La chroniqueuse et com\u00e9dienne Ariane&hellip;\n","protected":false},"author":2,"featured_media":551575,"comment_status":"","ping_status":"","sticky":false,"template":"","format":"standard","meta":{"footnotes":""},"categories":[1888],"tags":[1111,1928,11,1927,872,1777,674,118,1011,27,12,1926,626,1925,25],"class_list":{"0":"post-551574","1":"post","2":"type-post","3":"status-publish","4":"format-standard","5":"has-post-thumbnail","7":"category-paris","8":"tag-actu","9":"tag-actu-paris","10":"tag-actualites","11":"tag-actualites-paris","12":"tag-culture-et-loisirs","13":"tag-eu","14":"tag-europe","15":"tag-faits-divers","16":"tag-fr","17":"tag-france","18":"tag-news","19":"tag-news-paris","20":"tag-paris","21":"tag-paris-news","22":"tag-republique-francaise"},"share_on_mastodon":{"url":"https:\/\/pubeurope.com\/@fr\/115594045559224666","error":""},"_links":{"self":[{"href":"https:\/\/www.europesays.com\/fr\/wp-json\/wp\/v2\/posts\/551574","targetHints":{"allow":["GET"]}}],"collection":[{"href":"https:\/\/www.europesays.com\/fr\/wp-json\/wp\/v2\/posts"}],"about":[{"href":"https:\/\/www.europesays.com\/fr\/wp-json\/wp\/v2\/types\/post"}],"author":[{"embeddable":true,"href":"https:\/\/www.europesays.com\/fr\/wp-json\/wp\/v2\/users\/2"}],"replies":[{"embeddable":true,"href":"https:\/\/www.europesays.com\/fr\/wp-json\/wp\/v2\/comments?post=551574"}],"version-history":[{"count":0,"href":"https:\/\/www.europesays.com\/fr\/wp-json\/wp\/v2\/posts\/551574\/revisions"}],"wp:featuredmedia":[{"embeddable":true,"href":"https:\/\/www.europesays.com\/fr\/wp-json\/wp\/v2\/media\/551575"}],"wp:attachment":[{"href":"https:\/\/www.europesays.com\/fr\/wp-json\/wp\/v2\/media?parent=551574"}],"wp:term":[{"taxonomy":"category","embeddable":true,"href":"https:\/\/www.europesays.com\/fr\/wp-json\/wp\/v2\/categories?post=551574"},{"taxonomy":"post_tag","embeddable":true,"href":"https:\/\/www.europesays.com\/fr\/wp-json\/wp\/v2\/tags?post=551574"}],"curies":[{"name":"wp","href":"https:\/\/api.w.org\/{rel}","templated":true}]}}