{"id":551576,"date":"2025-11-22T15:24:18","date_gmt":"2025-11-22T15:24:18","guid":{"rendered":"https:\/\/www.europesays.com\/fr\/551576\/"},"modified":"2025-11-22T15:24:18","modified_gmt":"2025-11-22T15:24:18","slug":"neige-et-verglas-les-precautions-a-prendre-en-voiture-a-velo-et-a-pied","status":"publish","type":"post","link":"https:\/\/www.europesays.com\/fr\/551576\/","title":{"rendered":"Neige et verglas\u00a0: les pr\u00e9cautions \u00e0 prendre en voiture, \u00e0 v\u00e9lo et \u00e0 pied"},"content":{"rendered":"<p class=\"paragraph text_align_left lp-f-body-02\">Attention aux risques de glissade sur la route samedi soir. M\u00e9t\u00e9o France pr\u00e9voit <a href=\"https:\/\/www.leparisien.fr\/meteo\/neigeverglas-lile-de-france-placee-en-vigilance-orange-de-la-neige-attendue-dans-la-soiree-22-11-2025-MBPNYVQIONGSZPKZ4JZVBSLUUU.php\" target=\"_self\" rel=\"nofollow noopener\">une d\u00e9pression neigeuse sur le nord du pays<\/a> qui circulera d\u2019ouest en est et concernera l\u2019\u00cele-de-France. Dans son bulletin de ce samedi matin \u00e0 6 heures, l\u2019agence m\u00e9t\u00e9orologique a plac\u00e9 l\u2019ensemble des d\u00e9partements franciliens en vigilance orange neige\/verglas dans la nuit de samedi \u00e0 dimanche. La vigilance orange s\u2019applique \u00e0 partir de 20 heures jusqu\u2019\u00e0 dimanche matin, 8 heures.<\/p>\n<p class=\"paragraph text_align_left lp-f-body-02\">\u00ab Une perturbation pluvieuse rentre par la Bretagne \u00bb explique M\u00e9t\u00e9o France, elle \u00ab va progresser lentement vers l\u2019est et (\u2026) abordera une large bande centrale du pays \u00bb. \u00ab En soir\u00e9e de samedi et cours de nuit de samedi \u00e0 dimanche, la pr\u00e9sence d\u2019air froid favorisera les pr\u00e9cipitations neigeuses \u00bb pr\u00e9cise la m\u00eame source.<\/p>\n<p class=\"paragraph text_align_left lp-f-body-02\">Il est pr\u00e9vu <a href=\"https:\/\/www.leparisien.fr\/meteo\/neige\/\" target=\"_self\" rel=\"nofollow noopener\">5 \u00e0 7 cm de neige<\/a> sur la moiti\u00e9 ouest de la r\u00e9gion parisienne et 2 \u00e0 5 cm sur la moiti\u00e9 est. Pour Paris et la petite couronne, 1 \u00e0 2 cm de neige au sol sont attendus. Outre la neige, des \u00ab pluies vergla\u00e7antes assez \u00e9tendues \u00bb sont attendues dans l\u2019est du pays et en Auvergne.<\/p>\n<p class=\"paragraph text_align_left lp-f-body-02\">L\u2019agence m\u00e9t\u00e9orologique conseille donc de limiter ses d\u00e9placements en voiture. Si vous ne pouvez pas reporter votre d\u00e9placement, voici quelques conseils.<\/p>\n<p>V\u00e9rifier son itin\u00e9raire avant de partir<\/p>\n<p class=\"paragraph text_align_left lp-f-body-02\">Avant de prendre la route, v\u00e9rifiez votre itin\u00e9raire, cela pourrait vous \u00e9viter de rester coinc\u00e9s plusieurs heures dans des embouteillages. N\u2019h\u00e9sitez pas \u00e0 consulter le site Bison fut\u00e9 pour conna\u00eetre l\u2019\u00e9tat du trafic et les routes ferm\u00e9es. M\u00eame chose pour les arr\u00eat\u00e9s pr\u00e9fectoraux locaux. Les pr\u00e9fectures partagent r\u00e9guli\u00e8rement des informations pratiques sur leurs r\u00e9seaux sociaux, notamment les fermetures de route.<\/p>\n<p>Bien \u00e9quiper sa voiture<\/p>\n<p class=\"paragraph text_align_left lp-f-body-02\">\u00ab Une voiture bien pr\u00e9par\u00e9e r\u00e9duit fortement le risque d\u2019immobilisation ou d\u2019accident \u00bb, rappelle le gouvernement. Les pneus hiver sont obligatoires du 1er novembre au 31 mars dans 34 d\u00e9partements traversez par des communes de montagne et des massifs montagneux. Dans les autres d\u00e9partements de l\u2019hexagone, il n\u2019est pas obligatoire de s\u2019en \u00e9quiper, n\u00e9anmoins <a href=\"https:\/\/www.ecologie.gouv.fr\/dossiers\/bons-reflexes-circuler-hiver\/hiver-bons-reflexes-prendre-route\" target=\"_self\" rel=\"nofollow noopener\">le gouvernement conseille<\/a> de les utiliser \u00ab d\u00e8s que la temp\u00e9rature passe sous les 7 \u00b0C \u00bb car \u00ab les pneus hiver am\u00e9liorent nettement la tenue de route \u00bb.<\/p>\n<p class=\"paragraph text_align_left lp-f-body-02\">M\u00e9t\u00e9o France rappelle qu\u2019il est possible de rester bloquer plusieurs heures sur une route enneig\u00e9e, comme \u00e7a a pu \u00eatre le cas sur <a href=\"https:\/\/www.leparisien.fr\/info-paris-ile-de-france-oise\/transports\/jai-passe-pres-de-5-heures-immobilise-la-nuit-difficile-des-automobilistes-coinces-sur-les-routes-dile-de-france-09-01-2024-IYGLUK5LNNEVBEXX4KLX6W3PIA.php\" target=\"_self\" rel=\"nofollow noopener\">l\u2019autoroute A13 et l\u2019autoroute A12 en janvier 2024<\/a>. Alors n\u2019h\u00e9sitez pas \u00e0 pr\u00e9parer \u00ab un kit \u00bb comprenant un<b> <\/b>gilet de haute visibilit\u00e9 et un triangle de signalisation, des cha\u00eenes ou chaussettes \u00e0 neige, une raclette ou un grattoir, un t\u00e9l\u00e9phone charg\u00e9 et son chargeur, vos traitements m\u00e9dicaux, de l\u2019eau, de la nourriture et une couverture.<\/p>\n<p>Adapter sa conduite<\/p>\n<p class=\"paragraph text_align_left lp-f-body-02\">Si vous votre v\u00e9hicule n\u2019est pas \u00e9quip\u00e9 de pneu neige, il est d\u2019autant plus important de r\u00e9duire votre vitesse et d\u2019augmenter les distances de s\u00e9curit\u00e9. \u00ab La vitesse reste l\u2019ennemi n\u00b0 1 dans ce type de conditions extr\u00eame \u00bb, indique <a href=\"https:\/\/www.ecologie.gouv.fr\/dossiers\/bons-reflexes-circuler-hiver\/hiver-bons-reflexes-route\" target=\"_self\" rel=\"nofollow noopener\">Vinci autoroutes<\/a> sur son site Internet. Sur un sol glissant, il est important d\u2019adopter une conduite souple et de ne pas freiner brusquement pour d\u00e9vier de trajectoire. Enfin pour bien \u00eatre vu de tous, allumez vos feux de signalisation.<\/p>\n<p class=\"paragraph text_align_left lp-f-body-02\">Ne d\u00e9passez pas les camions qui sont en train de saler ou de d\u00e9neiger les routes. \u00ab Roulez dans les traces des chasse-neige et saleuses. Le passage de votre voiture participe au brassage du sel. En roulant dans les traces des saleuses, vous roulez sur une route d\u00e9gag\u00e9e et prolongez l\u2019action du sel sur la chauss\u00e9e \u00bb, partage Vinci autoroutes.<\/p>\n<p>Rester inform\u00e9s<\/p>\n<p class=\"paragraph text_align_left lp-f-body-02\">Tout au long de votre trajet, n\u2019h\u00e9sitez pas \u00e0 \u00e9couter radio, comme 107.7 FM sur autoroute ou les points routes des radios g\u00e9n\u00e9ralistes ou r\u00e9gionales, qui donneront certainement plus d\u2019informations sur la situation des routes en temps r\u00e9el.<\/p>\n<p class=\"paragraph text_align_left lp-f-body-02\">Respectez \u00e9galement la signalisation, notamment les panneaux \u00e0 messages variables.<\/p>\n<p>\u00catre visible \u00e0 v\u00e9lo<\/p>\n<p class=\"paragraph text_align_left lp-f-body-02\">Si vous d\u00e9cidez d\u2019enfourcher votre v\u00e9lo, avant de partir, v\u00e9rifiez que tout fonctionne correctement : freins, pneus et \u00e9clairage. Ensuite soyez visible et prot\u00e9ger : portez un casque, des v\u00eatements de couleurs claires et un gilet r\u00e9tror\u00e9fl\u00e9chissant.<\/p>\n<p class=\"paragraph text_align_left lp-f-body-02\">De plus, \u00ab votre v\u00e9lo doit obligatoirement \u00eatre \u00e9quip\u00e9 de catadioptres rouges \u00e0 l\u2019arri\u00e8re, blancs ou jaunes \u00e0 l\u2019avant, et oranges sur les c\u00f4t\u00e9s et sur les p\u00e9dales et de feux de position : un jaune ou blanc \u00e0 l\u2019avant et un rouge \u00e0 l\u2019arri\u00e8re \u00bb, pr\u00e9cise le gouvernement.<\/p>\n<p>Marcher en faisant des petits pas<\/p>\n<p class=\"paragraph text_align_left lp-f-body-02\">Les pi\u00e9tons sont aussi particuli\u00e8rement expos\u00e9s aux chutes et aux glissades sur les sols verglac\u00e9s ou enneig\u00e9s. M\u00eame chose qu\u2019avec les v\u00e9hicules, \u00e9vitez au maximum vos d\u00e9placements si vous \u00eates \u00e0 pied. Si vous n\u2019avez pas le choix, l\u2019id\u00e9al est d\u2019abord d\u2019avoir de bonnes chaussures. Exit les talons et les semelles qui adh\u00e8rent mal au sol. Une fois dans la rue, privil\u00e9giez les petits pas. Il est pr\u00e9f\u00e9rable de marcher lentement et d\u2019arriver en retard \u00e0 destination que de ne jamais y arriver.<\/p>\n<p>\u00ab\u00a0,\u00a0\u00bbtype\u00a0\u00bb:\u00a0\u00bbfacebook-post\u00a0\u00bb,\u00a0\u00bbversion\u00a0\u00bb:\u00a0\u00bb1.0&Prime;,\u00a0\u00bbwidth\u00a0\u00bb:552,\u00a0\u00bb_id\u00a0\u00bb:\u00a0\u00bbhttps:\/\/www.facebook.com\/MeteoFrance\/posts\/pfbid02ZLG4BTHVh81sdSQex4ACLhbqLaQTNEUMzebR5CAg2RoVPM82HeCU9WjBW7WsSLyEl\u00a0\u00bb,\u00a0\u00bblocale\u00a0\u00bb:\u00a0\u00bbfr_FR\u00a0\u00bb},\u00a0\u00bbreferent\u00a0\u00bb:{\u00ab\u00a0id\u00a0\u00bb:\u00a0\u00bbhttps:\/\/www.facebook.com\/MeteoFrance\/posts\/pfbid02ZLG4BTHVh81sdSQex4ACLhbqLaQTNEUMzebR5CAg2RoVPM82HeCU9WjBW7WsSLyEl\u00a0\u00bb,\u00a0\u00bbprovider\u00a0\u00bb:\u00a0\u00bbhttps:\/\/graph.facebook.com\/v8.0\/oembed_post?url=\u00a0\u00bb,\u00a0\u00bbreferent_properties\u00a0\u00bb:{\u00ab\u00a0locale\u00a0\u00bb:\u00a0\u00bbfr_FR\u00a0\u00bb},\u00a0\u00bbservice\u00a0\u00bb:\u00a0\u00bboembed\u00a0\u00bb,\u00a0\u00bbtype\u00a0\u00bb:\u00a0\u00bbfacebook-post\u00a0\u00bb},\u00a0\u00bbcredits\u00a0\u00bb:{\u00ab\u00a0by\u00a0\u00bb:[]}},{\u00ab\u00a0_id\u00a0\u00bb:\u00a0\u00bbQ6NKO2IEORHHJPZ4YWMQZFZL4U\u00a0\u00bb,\u00a0\u00bbadditional_properties\u00a0\u00bb:{},\u00a0\u00bbcontent\u00a0\u00bb:\u00a0\u00bb\u00ab Une perturbation pluvieuse rentre par la Bretagne \u00bb explique M\u00e9t\u00e9o France, elle \u00ab va progresser lentement vers l\u2019est et (\u2026) abordera une large bande centrale du pays \u00bb. \u00ab En soir\u00e9e de samedi et cours de nuit de samedi \u00e0 dimanche, la pr\u00e9sence d\u2019air froid favorisera les pr\u00e9cipitations neigeuses \u00bb pr\u00e9cise la m\u00eame source.\u00a0\u00bb,\u00a0\u00bbtype\u00a0\u00bb:\u00a0\u00bbtext\u00a0\u00bb,\u00a0\u00bbcredits\u00a0\u00bb:{\u00ab\u00a0by\u00a0\u00bb:[]}},{\u00ab\u00a0_id\u00a0\u00bb:\u00a0\u00bb2TXUDPK2S5AAZNTORYAYJ2XAL4&Prime;,\u00a0\u00bbadditional_properties\u00a0\u00bb:{},\u00a0\u00bbcontent\u00a0\u00bb:\u00a0\u00bbIl est pr\u00e9vu <a href=\\\"https:\/\/www.leparisien.fr\/meteo\/neige\/\\\" target=\\\"_self\\\" rel=\\\"\\\" title=\\\"https:\/\/www.leparisien.fr\/meteo\/neige\/\\\">5 \u00e0 7 cm de neige<\/a> sur la moiti\u00e9 ouest de la r\u00e9gion parisienne et 2 \u00e0 5 cm sur la moiti\u00e9 est. Pour Paris et la petite couronne, 1 \u00e0 2 cm de neige au sol sont attendus. Outre la neige, des \u00ab pluies vergla\u00e7antes assez \u00e9tendues \u00bb sont attendues dans l\u2019est du pays et en Auvergne.\u00a0\u00bb,\u00a0\u00bbtype\u00a0\u00bb:\u00a0\u00bbtext\u00a0\u00bb,\u00a0\u00bbcredits\u00a0\u00bb:{\u00ab\u00a0by\u00a0\u00bb:[]}},{\u00ab\u00a0_id\u00a0\u00bb:\u00a0\u00bbWL7L6USUENBF3JOPSOEEMVZMTQ\u00a0\u00bb,\u00a0\u00bbadditional_properties\u00a0\u00bb:{},\u00a0\u00bbcontent\u00a0\u00bb:\u00a0\u00bbL\u2019agence m\u00e9t\u00e9orologique conseille donc de limiter ses d\u00e9placements en voiture. Si vous ne pouvez pas reporter votre d\u00e9placement, voici quelques conseils.\u00a0\u00bb,\u00a0\u00bbtype\u00a0\u00bb:\u00a0\u00bbtext\u00a0\u00bb,\u00a0\u00bbcredits\u00a0\u00bb:{\u00ab\u00a0by\u00a0\u00bb:[]}},{\u00ab\u00a0_id\u00a0\u00bb:\u00a0\u00bbR5VB22QTTZHFXBW572E6NTKQGY\u00a0\u00bb,\u00a0\u00bbadditional_properties\u00a0\u00bb:{},\u00a0\u00bbcontent\u00a0\u00bb:\u00a0\u00bbV\u00e9rifier son itin\u00e9raire avant de partir\u00a0\u00bb,\u00a0\u00bblevel\u00a0\u00bb:1,\u00a0\u00bbtype\u00a0\u00bb:\u00a0\u00bbheader\u00a0\u00bb,\u00a0\u00bbcredits\u00a0\u00bb:{\u00ab\u00a0by\u00a0\u00bb:[]}},{\u00ab\u00a0_id\u00a0\u00bb:\u00a0\u00bbDNXOR5NJIJCGRP5JJ5O4ADEJ4M\u00a0\u00bb,\u00a0\u00bbadditional_properties\u00a0\u00bb:{},\u00a0\u00bbcontent\u00a0\u00bb:\u00a0\u00bbAvant de prendre la route, v\u00e9rifiez votre itin\u00e9raire, cela pourrait vous \u00e9viter de rester coinc\u00e9s plusieurs heures dans des embouteillages. N\u2019h\u00e9sitez pas \u00e0 consulter le site Bison fut\u00e9 pour conna\u00eetre l\u2019\u00e9tat du trafic et les routes ferm\u00e9es. M\u00eame chose pour les arr\u00eat\u00e9s pr\u00e9fectoraux locaux. Les pr\u00e9fectures partagent r\u00e9guli\u00e8rement des informations pratiques sur leurs r\u00e9seaux sociaux, notamment les fermetures de route.\u00a0\u00bb,\u00a0\u00bbtype\u00a0\u00bb:\u00a0\u00bbtext\u00a0\u00bb,\u00a0\u00bbcredits\u00a0\u00bb:{\u00ab\u00a0by\u00a0\u00bb:[]}},{\u00ab\u00a0_id\u00a0\u00bb:\u00a0\u00bbK44AY7LJOJHUXJWB56S4BLUJ7I\u00a0\u00bb,\u00a0\u00bbadditional_properties\u00a0\u00bb:{},\u00a0\u00bbcontent\u00a0\u00bb:\u00a0\u00bbBien \u00e9quiper sa voiture\u00a0\u00bb,\u00a0\u00bblevel\u00a0\u00bb:1,\u00a0\u00bbtype\u00a0\u00bb:\u00a0\u00bbheader\u00a0\u00bb,\u00a0\u00bbcredits\u00a0\u00bb:{\u00ab\u00a0by\u00a0\u00bb:[]}},{\u00ab\u00a0_id\u00a0\u00bb:\u00a0\u00bbPLNPIKHMCJE2VCROW4VZFNMM44&Prime;,\u00a0\u00bbadditional_properties\u00a0\u00bb:{},\u00a0\u00bbcontent\u00a0\u00bb:\u00a0\u00bb\u00ab Une voiture bien pr\u00e9par\u00e9e r\u00e9duit fortement le risque d\u2019immobilisation ou d\u2019accident \u00bb, rappelle le gouvernement. Les pneus hiver sont obligatoires du 1er novembre au 31 mars dans 34 d\u00e9partements traversez par des communes de montagne et des massifs montagneux. Dans les autres d\u00e9partements de l\u2019hexagone, il n\u2019est pas obligatoire de s\u2019en \u00e9quiper, n\u00e9anmoins <a href=\\\"https:\/\/www.ecologie.gouv.fr\/dossiers\/bons-reflexes-circuler-hiver\/hiver-bons-reflexes-prendre-route\\\" target=\\\"_self\\\" rel=\\\"\\\" title=\\\"https:\/\/www.ecologie.gouv.fr\/dossiers\/bons-reflexes-circuler-hiver\/hiver-bons-reflexes-prendre-route\\\">le gouvernement conseille<\/a> de les utiliser \u00ab d\u00e8s que la temp\u00e9rature passe sous les 7 \u00b0C \u00bb car \u00ab les pneus hiver am\u00e9liorent nettement la tenue de route \u00bb.\u00a0\u00bb,\u00a0\u00bbtype\u00a0\u00bb:\u00a0\u00bbtext\u00a0\u00bb,\u00a0\u00bbcredits\u00a0\u00bb:{\u00ab\u00a0by\u00a0\u00bb:[]}},{\u00ab\u00a0_id\u00a0\u00bb:\u00a0\u00bbCGTTJSVXJJFIXJYQHXLVWX4HVI\u00a0\u00bb,\u00a0\u00bbadditional_properties\u00a0\u00bb:{},\u00a0\u00bbcontent\u00a0\u00bb:\u00a0\u00bbM\u00e9t\u00e9o France rappelle qu\u2019il est possible de rester bloquer plusieurs heures sur une route enneig\u00e9e, comme \u00e7a a pu \u00eatre le cas sur <a href=\\\"https:\/\/www.leparisien.fr\/info-paris-ile-de-france-oise\/transports\/jai-passe-pres-de-5-heures-immobilise-la-nuit-difficile-des-automobilistes-coinces-sur-les-routes-dile-de-france-09-01-2024-IYGLUK5LNNEVBEXX4KLX6W3PIA.php\\\" target=\\\"_self\\\" rel=\\\"\\\" title=\\\"https:\/\/www.leparisien.fr\/info-paris-ile-de-france-oise\/transports\/jai-passe-pres-de-5-heures-immobilise-la-nuit-difficile-des-automobilistes-coinces-sur-les-routes-dile-de-france-09-01-2024-IYGLUK5LNNEVBEXX4KLX6W3PIA.php\\\">l\u2019autoroute A13 et l\u2019autoroute A12 en janvier 2024<\/a>. Alors n\u2019h\u00e9sitez pas \u00e0 pr\u00e9parer \u00ab un kit \u00bb comprenant un<b> <\/b>gilet de haute visibilit\u00e9 et un triangle de signalisation, des cha\u00eenes ou chaussettes \u00e0 neige, une raclette ou un grattoir, un t\u00e9l\u00e9phone charg\u00e9 et son chargeur, vos traitements m\u00e9dicaux, de l\u2019eau, de la nourriture et une couverture.\u00a0\u00bb,\u00a0\u00bbtype\u00a0\u00bb:\u00a0\u00bbtext\u00a0\u00bb,\u00a0\u00bbcredits\u00a0\u00bb:{\u00ab\u00a0by\u00a0\u00bb:[]}},{\u00ab\u00a0_id\u00a0\u00bb:\u00a0\u00bbU35P2XYLGFHOFG5J6EYFDBJRXU\u00a0\u00bb,\u00a0\u00bbadditional_properties\u00a0\u00bb:{},\u00a0\u00bbcontent\u00a0\u00bb:\u00a0\u00bbAdapter sa conduite\u00a0\u00bb,\u00a0\u00bblevel\u00a0\u00bb:1,\u00a0\u00bbtype\u00a0\u00bb:\u00a0\u00bbheader\u00a0\u00bb,\u00a0\u00bbcredits\u00a0\u00bb:{\u00ab\u00a0by\u00a0\u00bb:[]}},{\u00ab\u00a0_id\u00a0\u00bb:\u00a0\u00bbCZOGBWVE2BCHDKK7IHP7ZZBAFY\u00a0\u00bb,\u00a0\u00bbadditional_properties\u00a0\u00bb:{},\u00a0\u00bbcontent\u00a0\u00bb:\u00a0\u00bbSi vous votre v\u00e9hicule n\u2019est pas \u00e9quip\u00e9 de pneu neige, il est d\u2019autant plus important de r\u00e9duire votre vitesse et d\u2019augmenter les distances de s\u00e9curit\u00e9. \u00ab La vitesse reste l\u2019ennemi n\u00b0 1 dans ce type de conditions extr\u00eame \u00bb, indique <a href=\\\"https:\/\/www.ecologie.gouv.fr\/dossiers\/bons-reflexes-circuler-hiver\/hiver-bons-reflexes-route\\\" target=\\\"_self\\\" rel=\\\"\\\" title=\\\"https:\/\/www.ecologie.gouv.fr\/dossiers\/bons-reflexes-circuler-hiver\/hiver-bons-reflexes-route\\\">Vinci autoroutes<\/a> sur son site Internet. Sur un sol glissant, il est important d\u2019adopter une conduite souple et de ne pas freiner brusquement pour d\u00e9vier de trajectoire. Enfin pour bien \u00eatre vu de tous, allumez vos feux de signalisation.\u00a0\u00bb,\u00a0\u00bbtype\u00a0\u00bb:\u00a0\u00bbtext\u00a0\u00bb,\u00a0\u00bbcredits\u00a0\u00bb:{\u00ab\u00a0by\u00a0\u00bb:[]}},{\u00ab\u00a0_id\u00a0\u00bb:\u00a0\u00bbCSPLLOZBVFC6FGR2RPLYCJ4AAM\u00a0\u00bb,\u00a0\u00bbadditional_properties\u00a0\u00bb:{},\u00a0\u00bbcontent\u00a0\u00bb:\u00a0\u00bbNe d\u00e9passez pas les camions qui sont en train de saler ou de d\u00e9neiger les routes. \u00ab Roulez dans les traces des chasse-neige et saleuses. Le passage de votre voiture participe au brassage du sel. En roulant dans les traces des saleuses, vous roulez sur une route d\u00e9gag\u00e9e et prolongez l\u2019action du sel sur la chauss\u00e9e \u00bb, partage Vinci autoroutes.\u00a0\u00bb,\u00a0\u00bbtype\u00a0\u00bb:\u00a0\u00bbtext\u00a0\u00bb,\u00a0\u00bbcredits\u00a0\u00bb:{\u00ab\u00a0by\u00a0\u00bb:[]}},{\u00ab\u00a0_id\u00a0\u00bb:\u00a0\u00bbMYKD7HQ5MFFANKHCFKMR2JAJIU\u00a0\u00bb,\u00a0\u00bbadditional_properties\u00a0\u00bb:{},\u00a0\u00bbcontent\u00a0\u00bb:\u00a0\u00bbRester inform\u00e9s\u00a0\u00bb,\u00a0\u00bblevel\u00a0\u00bb:1,\u00a0\u00bbtype\u00a0\u00bb:\u00a0\u00bbheader\u00a0\u00bb,\u00a0\u00bbcredits\u00a0\u00bb:{\u00ab\u00a0by\u00a0\u00bb:[]}},{\u00ab\u00a0_id\u00a0\u00bb:\u00a0\u00bbB34UCD72RJAZXDUER2IWRLISD4&Prime;,\u00a0\u00bbadditional_properties\u00a0\u00bb:{},\u00a0\u00bbcontent\u00a0\u00bb:\u00a0\u00bbTout au long de votre trajet, n\u2019h\u00e9sitez pas \u00e0 \u00e9couter radio, comme 107.7 FM sur autoroute ou les points routes des radios g\u00e9n\u00e9ralistes ou r\u00e9gionales, qui donneront certainement plus d\u2019informations sur la situation des routes en temps r\u00e9el.\u00a0\u00bb,\u00a0\u00bbtype\u00a0\u00bb:\u00a0\u00bbtext\u00a0\u00bb,\u00a0\u00bbcredits\u00a0\u00bb:{\u00ab\u00a0by\u00a0\u00bb:[]}},{\u00ab\u00a0_id\u00a0\u00bb:\u00a0\u00bbXOTDPHO27VFO5FX2MYWHDQ6F6E\u00a0\u00bb,\u00a0\u00bbadditional_properties\u00a0\u00bb:{},\u00a0\u00bbcontent\u00a0\u00bb:\u00a0\u00bbRespectez \u00e9galement la signalisation, notamment les panneaux \u00e0 messages variables.\u00a0\u00bb,\u00a0\u00bbtype\u00a0\u00bb:\u00a0\u00bbtext\u00a0\u00bb,\u00a0\u00bbcredits\u00a0\u00bb:{\u00ab\u00a0by\u00a0\u00bb:[]}},{\u00ab\u00a0_id\u00a0\u00bb:\u00a0\u00bb3JNI2E2GTJEGVAUDU6YSQJDH3E\u00a0\u00bb,\u00a0\u00bbadditional_properties\u00a0\u00bb:{},\u00a0\u00bbcontent\u00a0\u00bb:\u00a0\u00bb\u00catre visible \u00e0 v\u00e9lo\u00a0\u00bb,\u00a0\u00bblevel\u00a0\u00bb:1,\u00a0\u00bbtype\u00a0\u00bb:\u00a0\u00bbheader\u00a0\u00bb,\u00a0\u00bbcredits\u00a0\u00bb:{\u00ab\u00a0by\u00a0\u00bb:[]}},{\u00ab\u00a0_id\u00a0\u00bb:\u00a0\u00bbCNW274OLTRCADMMARNEZPZZ7MQ\u00a0\u00bb,\u00a0\u00bbadditional_properties\u00a0\u00bb:{},\u00a0\u00bbcontent\u00a0\u00bb:\u00a0\u00bbSi vous d\u00e9cidez d\u2019enfourcher votre v\u00e9lo, avant de partir, v\u00e9rifiez que tout fonctionne correctement : freins, pneus et \u00e9clairage. Ensuite soyez visible et prot\u00e9ger : portez un casque, des v\u00eatements de couleurs claires et un gilet r\u00e9tror\u00e9fl\u00e9chissant.\u00a0\u00bb,\u00a0\u00bbtype\u00a0\u00bb:\u00a0\u00bbtext\u00a0\u00bb,\u00a0\u00bbcredits\u00a0\u00bb:{\u00ab\u00a0by\u00a0\u00bb:[]}},{\u00ab\u00a0_id\u00a0\u00bb:\u00a0\u00bbYXPPHLRVAJD4HMF7Z7LHKLYG7A\u00a0\u00bb,\u00a0\u00bbadditional_properties\u00a0\u00bb:{},\u00a0\u00bbcontent\u00a0\u00bb:\u00a0\u00bbDe plus, \u00ab votre v\u00e9lo doit obligatoirement \u00eatre \u00e9quip\u00e9 de catadioptres rouges \u00e0 l\u2019arri\u00e8re, blancs ou jaunes \u00e0 l\u2019avant, et oranges sur les c\u00f4t\u00e9s et sur les p\u00e9dales et de feux de position : un jaune ou blanc \u00e0 l\u2019avant et un rouge \u00e0 l\u2019arri\u00e8re \u00bb, pr\u00e9cise le gouvernement.\u00a0\u00bb,\u00a0\u00bbtype\u00a0\u00bb:\u00a0\u00bbtext\u00a0\u00bb,\u00a0\u00bbcredits\u00a0\u00bb:{\u00ab\u00a0by\u00a0\u00bb:[]}},{\u00ab\u00a0_id\u00a0\u00bb:\u00a0\u00bbYA5HMWDSPBDELGBHGXER62YRS4&Prime;,\u00a0\u00bbadditional_properties\u00a0\u00bb:{},\u00a0\u00bbcontent\u00a0\u00bb:\u00a0\u00bbMarcher en faisant des petits pas\u00a0\u00bb,\u00a0\u00bblevel\u00a0\u00bb:1,\u00a0\u00bbtype\u00a0\u00bb:\u00a0\u00bbheader\u00a0\u00bb,\u00a0\u00bbcredits\u00a0\u00bb:{\u00ab\u00a0by\u00a0\u00bb:[]}},{\u00ab\u00a0_id\u00a0\u00bb:\u00a0\u00bbGDRE34ZNWVA5NM6MVYATTR6MCI\u00a0\u00bb,\u00a0\u00bbadditional_properties\u00a0\u00bb:{},\u00a0\u00bbcontent\u00a0\u00bb:\u00a0\u00bbLes pi\u00e9tons sont aussi particuli\u00e8rement expos\u00e9s aux chutes et aux glissades sur les sols verglac\u00e9s ou enneig\u00e9s. M\u00eame chose qu\u2019avec les v\u00e9hicules, \u00e9vitez au maximum vos d\u00e9placements si vous \u00eates \u00e0 pied. Si vous n\u2019avez pas le choix, l\u2019id\u00e9al est d\u2019abord d\u2019avoir de bonnes chaussures. Exit les talons et les semelles qui adh\u00e8rent mal au sol. Une fois dans la rue, privil\u00e9giez les petits pas. Il est pr\u00e9f\u00e9rable de marcher lentement et d\u2019arriver en retard \u00e0 destination que de ne jamais y arriver.\u00a0\u00bb,\u00a0\u00bbtype\u00a0\u00bb:\u00a0\u00bbtext\u00a0\u00bb,\u00a0\u00bbcredits\u00a0\u00bb:{\u00ab\u00a0by\u00a0\u00bb:[]}}],\u00a0\u00bbcontent_restrictions\u00a0\u00bb:{\u00ab\u00a0content_code\u00a0\u00bb:\u00a0\u00bbmetered\u00a0\u00bb},\u00a0\u00bbcreated_date\u00a0\u00bb:\u00a0\u00bb2025-11-22T10:18:56.269Z\u00a0\u00bb,\u00a0\u00bbcredits\u00a0\u00bb:{\u00ab\u00a0by\u00a0\u00bb:[{\u00ab\u00a0_id\u00a0\u00bb:\u00a0\u00bbLe Parisien\u00a0\u00bb,\u00a0\u00bbtype\u00a0\u00bb:\u00a0\u00bbauthor\u00a0\u00bb,\u00a0\u00bbversion\u00a0\u00bb:\u00a0\u00bb0.5.8&Prime;,\u00a0\u00bbname\u00a0\u00bb:\u00a0\u00bbLe Parisien\u00a0\u00bb,\u00a0\u00bbslug\u00a0\u00bb:\u00a0\u00bb\u00a0\u00bb,\u00a0\u00bbsocial_links\u00a0\u00bb:[{\u00ab\u00a0site\u00a0\u00bb:\u00a0\u00bbemail\u00a0\u00bb,\u00a0\u00bburl\u00a0\u00bb:\u00a0\u00bbredacweb@leparisien.fr\u00a0\u00bb}],\u00a0\u00bbsocialLinks\u00a0\u00bb:[{\u00ab\u00a0site\u00a0\u00bb:\u00a0\u00bbemail\u00a0\u00bb,\u00a0\u00bburl\u00a0\u00bb:\u00a0\u00bbredacweb@leparisien.fr\u00a0\u00bb,\u00a0\u00bbdeprecated\u00a0\u00bb:true,\u00a0\u00bbdeprecation_msg\u00a0\u00bb:\u00a0\u00bbPlease use social_links.\u00a0\u00bb}],\u00a0\u00bbadditional_properties\u00a0\u00bb:{\u00ab\u00a0original\u00a0\u00bb:{\u00ab\u00a0_id\u00a0\u00bb:\u00a0\u00bbLe Parisien\u00a0\u00bb,\u00a0\u00bbbyline\u00a0\u00bb:\u00a0\u00bbLe Parisien\u00a0\u00bb,\u00a0\u00bbfirstName\u00a0\u00bb:\u00a0\u00bbLe\u00a0\u00bb,\u00a0\u00bblastName\u00a0\u00bb:\u00a0\u00bbParisien\u00a0\u00bb,\u00a0\u00bbemail\u00a0\u00bb:\u00a0\u00bbredacweb@leparisien.fr\u00a0\u00bb,\u00a0\u00bbslug\u00a0\u00bb:\u00a0\u00bb\u00a0\u00bb,\u00a0\u00bblongBio\u00a0\u00bb:\u00a0\u00bb\u00a0\u00bb,\u00a0\u00bbbooks\u00a0\u00bb:[],\u00a0\u00bbpodcasts\u00a0\u00bb:[],\u00a0\u00bbeducation\u00a0\u00bb:[],\u00a0\u00bbawards\u00a0\u00bb:[],\u00a0\u00bblast_updated_date\u00a0\u00bb:\u00a0\u00bb2024-12-10T16:24:13.383Z\u00a0\u00bb}},\u00a0\u00bbdisplay_name\u00a0\u00bb:\u00a0\u00bbLe Parisien\u00a0\u00bb}]},\u00a0\u00bbdescription\u00a0\u00bb:{\u00ab\u00a0basic\u00a0\u00bb:\u00a0\u00bb\u00a0\u00bb},\u00a0\u00bbdisplay_date\u00a0\u00bb:\u00a0\u00bb2025-11-22T12:04:24Z\u00a0\u00bb,\u00a0\u00bbdistributor\u00a0\u00bb:{\u00ab\u00a0category\u00a0\u00bb:\u00a0\u00bbstaff\u00a0\u00bb,\u00a0\u00bbmode\u00a0\u00bb:\u00a0\u00bbcustom\u00a0\u00bb,\u00a0\u00bbname\u00a0\u00bb:\u00a0\u00bbleparisien\u00a0\u00bb,\u00a0\u00bbsubcategory\u00a0\u00bb:\u00a0\u00bb\u00a0\u00bb},\u00a0\u00bbfirst_publish_date\u00a0\u00bb:\u00a0\u00bb2025-11-22T12:04:24Z\u00a0\u00bb,\u00a0\u00bbheadlines\u00a0\u00bb:{\u00ab\u00a0basic\u00a0\u00bb:\u00a0\u00bbNeige et verglas\u00a0: les pr\u00e9cautions \u00e0 prendre en voiture, \u00e0 v\u00e9lo et \u00e0 pied\u00a0\u00bb,\u00a0\u00bbmeta_title\u00a0\u00bb:\u00a0\u00bb\u00a0\u00bb,\u00a0\u00bbmobile\u00a0\u00bb:\u00a0\u00bb\u00a0\u00bb,\u00a0\u00bbnative\u00a0\u00bb:\u00a0\u00bb\u00a0\u00bb,\u00a0\u00bbprint\u00a0\u00bb:\u00a0\u00bb\u00a0\u00bb,\u00a0\u00bbtablet\u00a0\u00bb:\u00a0\u00bb\u00a0\u00bb,\u00a0\u00bbweb\u00a0\u00bb:\u00a0\u00bb\u00a0\u00bb},\u00a0\u00bblabel\u00a0\u00bb:{},\u00a0\u00bblast_updated_date\u00a0\u00bb:\u00a0\u00bb2025-11-22T12:04:24.678Z\u00a0\u00bb,\u00a0\u00bbowner\u00a0\u00bb:{\u00ab\u00a0id\u00a0\u00bb:\u00a0\u00bbleparisien\u00a0\u00bb,\u00a0\u00bbsponsored\u00a0\u00bb:false},\u00a0\u00bbpromo_items\u00a0\u00bb:{\u00ab\u00a0basic\u00a0\u00bb:{\u00ab\u00a0_id\u00a0\u00bb:\u00a0\u00bb4BXWHSG63RF57LIJTVBN74WQSQ\u00a0\u00bb,\u00a0\u00bbadditional_properties\u00a0\u00bb:{\u00ab\u00a0countryId\u00a0\u00bb:74,\u00a0\u00bbfullSizeResizeUrl\u00a0\u00bb:\u00a0\u00bb\/resizer\/v2\/4BXWHSG63RF57LIJTVBN74WQSQ.jpg?auth=ccb52640632ff19ceb89c69548c28d921688862ba8ff721c7f8b94785c84a91c\u00a0\u00bb,\u00a0\u00bbgalleries\u00a0\u00bb:[],\u00a0\u00bbiptc_source\u00a0\u00bb:\u00a0\u00bbLeParisien\u00a0\u00bb,\u00a0\u00bbkeywords\u00a0\u00bb:[\u00ab\u00a0neige\u00a0\u00bb],\u00a0\u00bbmime_type\u00a0\u00bb:\u00a0\u00bbimage\/jpeg\u00a0\u00bb,\u00a0\u00bboriginalName\u00a0\u00bb:\u00a0\u00bbepinel_1704820776068.jpg\u00a0\u00bb,\u00a0\u00bboriginalUrl\u00a0\u00bb:\u00a0\u00bbhttps:\/\/cloudfront-eu-central-1.images.arcpublishing.com\/leparisien\/4BXWHSG63RF57LIJTVBN74WQSQ.jpg\u00a0\u00bb,\u00a0\u00bbproxyUrl\u00a0\u00bb:\u00a0\u00bb\/resizer\/v2\/4BXWHSG63RF57LIJTVBN74WQSQ.jpg?auth=ccb52640632ff19ceb89c69548c28d921688862ba8ff721c7f8b94785c84a91c\u00a0\u00bb,\u00a0\u00bbpublished\u00a0\u00bb:true,\u00a0\u00bbresizeUrl\u00a0\u00bb:\u00a0\u00bb\/resizer\/v2\/4BXWHSG63RF57LIJTVBN74WQSQ.jpg?auth=ccb52640632ff19ceb89c69548c28d921688862ba8ff721c7f8b94785c84a91c\u00a0\u00bb,\u00a0\u00bbrestricted\u00a0\u00bb:false,\u00a0\u00bbtakenOn\u00a0\u00bb:\u00a0\u00bb2024-01-09T00:00:00Z\u00a0\u00bb,\u00a0\u00bbthumbnailResizeUrl\u00a0\u00bb:\u00a0\u00bb\/resizer\/v2\/4BXWHSG63RF57LIJTVBN74WQSQ.jpg?auth=ccb52640632ff19ceb89c69548c28d921688862ba8ff721c7f8b94785c84a91c&#038;width=300&Prime;,\u00a0\u00bbusage_instructions\u00a0\u00bb:\u00a0\u00bbPhoto Web &#8211; Print\u00a0\u00bb,\u00a0\u00bbversion\u00a0\u00bb:3},\u00a0\u00bbaddress\u00a0\u00bb:{\u00ab\u00a0country_name\u00a0\u00bb:\u00a0\u00bbFRA\u00a0\u00bb},\u00a0\u00bbauth\u00a0\u00bb:{\u00ab\u00a01&Prime;:\u00a0\u00bbccb52640632ff19ceb89c69548c28d921688862ba8ff721c7f8b94785c84a91c\u00a0\u00bb},\u00a0\u00bbcaption\u00a0\u00bb:\u00a0\u00bbAttention aux risques de glissade sur les routes franciliennes samedi soir en raison de la neige et du verglas (illustration). LP\/Esteban PINEL\u00a0\u00bb,\u00a0\u00bbcreated_date\u00a0\u00bb:\u00a0\u00bb2024-01-09T17:21:46Z\u00a0\u00bb,\u00a0\u00bbcredits\u00a0\u00bb:{\u00ab\u00a0affiliation\u00a0\u00bb:[{\u00ab\u00a0name\u00a0\u00bb:\u00a0\u00bbLP\/Esteban PINEL\u00a0\u00bb,\u00a0\u00bbtype\u00a0\u00bb:\u00a0\u00bbauthor\u00a0\u00bb}],\u00a0\u00bbby\u00a0\u00bb:[]},\u00a0\u00bbdistributor\u00a0\u00bb:{\u00ab\u00a0additional_properties\u00a0\u00bb:{},\u00a0\u00bbcategory\u00a0\u00bb:\u00a0\u00bbfreelance\u00a0\u00bb,\u00a0\u00bbmode\u00a0\u00bb:\u00a0\u00bbcustom\u00a0\u00bb,\u00a0\u00bbname\u00a0\u00bb:\u00a0\u00bbCorrespondants\u00a0\u00bb},\u00a0\u00bbheight\u00a0\u00bb:3333,\u00a0\u00bblast_updated_date\u00a0\u00bb:\u00a0\u00bb2025-04-18T14:18:08Z\u00a0\u00bb,\u00a0\u00bblicensable\u00a0\u00bb:false,\u00a0\u00bbowner\u00a0\u00bb:{\u00ab\u00a0id\u00a0\u00bb:\u00a0\u00bbleparisien\u00a0\u00bb},\u00a0\u00bbslug\u00a0\u00bb:\u00a0\u00bbNeige Calvados\u00a0\u00bb,\u00a0\u00bbsource\u00a0\u00bb:{\u00ab\u00a0name\u00a0\u00bb:\u00a0\u00bbCorrespondants\u00a0\u00bb,\u00a0\u00bbsource_type\u00a0\u00bb:\u00a0\u00bbfreelance\u00a0\u00bb,\u00a0\u00bbadditional_properties\u00a0\u00bb:{\u00ab\u00a0editor\u00a0\u00bb:\u00a0\u00bbphoto center\u00a0\u00bb},\u00a0\u00bbedit_url\u00a0\u00bb:\u00a0\u00bb\u00a0\u00bb,\u00a0\u00bbsystem\u00a0\u00bb:\u00a0\u00bbphoto center\u00a0\u00bb},\u00a0\u00bbtaxonomy\u00a0\u00bb:{},\u00a0\u00bbtype\u00a0\u00bb:\u00a0\u00bbimage\u00a0\u00bb,\u00a0\u00bburl\u00a0\u00bb:\u00a0\u00bbhttps:\/\/cloudfront-eu-central-1.images.arcpublishing.com\/leparisien\/4BXWHSG63RF57LIJTVBN74WQSQ.jpg\u00a0\u00bb,\u00a0\u00bbversion\u00a0\u00bb:\u00a0\u00bb0.10.9&Prime;,\u00a0\u00bbwidth\u00a0\u00bb:5000}},\u00a0\u00bbpublish_date\u00a0\u00bb:\u00a0\u00bb2025-11-22T12:04:24Z\u00a0\u00bb,\u00a0\u00bbrelated_content\u00a0\u00bb:{\u00ab\u00a0basic\u00a0\u00bb:[]},\u00a0\u00bbsource\u00a0\u00bb:{\u00ab\u00a0name\u00a0\u00bb:\u00a0\u00bbleparisien\u00a0\u00bb,\u00a0\u00bbsource_type\u00a0\u00bb:\u00a0\u00bbstaff\u00a0\u00bb,\u00a0\u00bbsystem\u00a0\u00bb:\u00a0\u00bbcomposer\u00a0\u00bb},\u00a0\u00bbsubheadlines\u00a0\u00bb:{\u00ab\u00a0basic\u00a0\u00bb:\u00a0\u00bbLa neige est attendue sur une large partie du pays dans la soir\u00e9e et dans la nuit de samedi \u00e0 dimanche. M\u00e9t\u00e9o France pr\u00e9vient que ces pr\u00e9cipitations neigeuses peuvent \u00eatre suivies de pluies vergla\u00e7antes, de quoi rendre les routes dangereuses.\u00a0\u00bb},\u00a0\u00bbsubtype\u00a0\u00bb:\u00a0\u00bbART:\u00a0\u00bb,\u00a0\u00bbtaxonomy\u00a0\u00bb:{\u00ab\u00a0primary_section\u00a0\u00bb:{\u00ab\u00a0_id\u00a0\u00bb:\u00a0\u00bb\/environnement\/climat\u00a0\u00bb,\u00a0\u00bb_website\u00a0\u00bb:\u00a0\u00bbleparisien\u00a0\u00bb,\u00a0\u00bbtype\u00a0\u00bb:\u00a0\u00bbsection\u00a0\u00bb,\u00a0\u00bbversion\u00a0\u00bb:\u00a0\u00bb0.6.0&Prime;,\u00a0\u00bbname\u00a0\u00bb:\u00a0\u00bbClimat\u00a0\u00bb,\u00a0\u00bbdescription\u00a0\u00bb:\u00a0\u00bbRetrouvez toute l&rsquo;actualit\u00e9 sur le climat avec Le Parisien : enjeux et cons\u00e9quences du r\u00e9chauffement climatique, politiques environnementales, d\u00e9cisions et r\u00e9solutions des COP&#8230;\u00a0\u00bb,\u00a0\u00bbpath\u00a0\u00bb:\u00a0\u00bb\/environnement\/climat\u00a0\u00bb,\u00a0\u00bbparent_id\u00a0\u00bb:\u00a0\u00bb\/environnement\u00a0\u00bb,\u00a0\u00bbparent\u00a0\u00bb:{\u00ab\u00a0default\u00a0\u00bb:\u00a0\u00bb\/environnement\u00a0\u00bb},\u00a0\u00bbadditional_properties\u00a0\u00bb:{\u00ab\u00a0original\u00a0\u00bb:{\u00ab\u00a0_id\u00a0\u00bb:\u00a0\u00bb\/environnement\/climat\u00a0\u00bb,\u00a0\u00bb_website\u00a0\u00bb:\u00a0\u00bbleparisien\u00a0\u00bb,\u00a0\u00bbname\u00a0\u00bb:\u00a0\u00bbClimat\u00a0\u00bb,\u00a0\u00bbinactive\u00a0\u00bb:false,\u00a0\u00bbancestors\u00a0\u00bb:{\u00ab\u00a0default\u00a0\u00bb:[\u00ab\u00a0\/environnement\u00a0\u00bb],\u00a0\u00bbWebsked-plans\u00a0\u00bb:[\u00ab\u00a0https:\/\/www.leparisien.fr\/\u00a0\u00bb,\u00a0\u00bb\/futurs\u00a0\u00bb,\u00a0\u00bb\/environnement\u00a0\u00bb],\u00a0\u00bbsub-nav\u00a0\u00bb:[\u00ab\u00a0https:\/\/www.leparisien.fr\/\u00a0\u00bb,\u00a0\u00bb\/futurs\u00a0\u00bb,\u00a0\u00bb\/environnement\u00a0\u00bb],\u00a0\u00bbmenu\u00a0\u00bb:[\u00ab\u00a0https:\/\/www.leparisien.fr\/\u00a0\u00bb,\u00a0\u00bb\/futurs\u00a0\u00bb],\u00a0\u00bbburger-menu-etudiant\u00a0\u00bb:[],\u00a0\u00bbmobile-menu-sections-list\u00a0\u00bb:[\u00ab\u00a0https:\/\/www.leparisien.fr\/\u00a0\u00bb]},\u00a0\u00bbparent\u00a0\u00bb:{\u00ab\u00a0default\u00a0\u00bb:\u00a0\u00bb\/environnement\u00a0\u00bb,\u00a0\u00bbWebsked-plans\u00a0\u00bb:\u00a0\u00bb\/environnement\u00a0\u00bb,\u00a0\u00bbsub-nav\u00a0\u00bb:\u00a0\u00bb\/environnement\u00a0\u00bb,\u00a0\u00bbmenu\u00a0\u00bb:\u00a0\u00bb\/futurs\u00a0\u00bb,\u00a0\u00bbburger-menu-etudiant\u00a0\u00bb:null,\u00a0\u00bbmobile-menu-sections-list\u00a0\u00bb:\u00a0\u00bbhttps:\/\/www.leparisien.fr\/\u00a0\u00bb},\u00a0\u00bborder\u00a0\u00bb:{\u00ab\u00a0Websked-plans\u00a0\u00bb:3001,\u00a0\u00bbdefault\u00a0\u00bb:3001,\u00a0\u00bbsub-nav\u00a0\u00bb:3001,\u00a0\u00bbmenu\u00a0\u00bb:2002,\u00a0\u00bbmobile-menu-sections-list\u00a0\u00bb:1022},\u00a0\u00bbGoogle Analytics\u00a0\u00bb:{\u00ab\u00a0ga_name_level_1&Prime;:\u00a0\u00bbenvironnement\u00a0\u00bb,\u00a0\u00bbga_name_level_2&Prime;:\u00a0\u00bbclimat\u00a0\u00bb,\u00a0\u00bbga_name_level_3&Prime;:null},\u00a0\u00bbMobile\u00a0\u00bb:{\u00ab\u00a0alternative_title\u00a0\u00bb:null,\u00a0\u00bbbackground_color_section\u00a0\u00bb:\u00a0\u00bb#C0C0C0&Prime;,\u00a0\u00bbbackground_image_section\u00a0\u00bb:null,\u00a0\u00bblabel\u00a0\u00bb:null,\u00a0\u00bbsection_collection_id\u00a0\u00bb:null,\u00a0\u00bbxtpage\u00a0\u00bb:null},\u00a0\u00bbNewsletter\u00a0\u00bb:{\u00ab\u00a0module_message\u00a0\u00bb:null,\u00a0\u00bbnewsletter_color\u00a0\u00bb:\u00a0\u00bb#018354&Prime;,\u00a0\u00bbnewsletter_image\u00a0\u00bb:\u00a0\u00bbnewsletter-environnement-logo.png\u00a0\u00bb,\u00a0\u00bbnewsletter_label\u00a0\u00bb:\u00a0\u00bbMa Terre\u00a0\u00bb,\u00a0\u00bbnewsletter_name\u00a0\u00bb:null,\u00a0\u00bbnewsletter_optin\u00a0\u00bb:\u00a0\u00bboptin_newsletter_thematique_environnement\u00a0\u00bb,\u00a0\u00bbnewsletter_slug\u00a0\u00bb:\u00a0\u00bbenvironnement\u00a0\u00bb,\u00a0\u00bbnewsletter_title\u00a0\u00bb:\u00a0\u00bbL&rsquo;environnement et la conso responsable\u00a0\u00bb},\u00a0\u00bbSponsor\u00a0\u00bb:{\u00ab\u00a0collection_id_for_pinned_content\u00a0\u00bb:\u00a0\u00bbORFEXQ5HDNDHLDU2DBJOXZCNGA\u00a0\u00bb,\u00a0\u00bbsponsor_logo_url\u00a0\u00bb:null,\u00a0\u00bbsponsor_message\u00a0\u00bb:null,\u00a0\u00bbsponsor_name\u00a0\u00bb:null,\u00a0\u00bbsponsor_type\u00a0\u00bb:null},\u00a0\u00bb_admin\u00a0\u00bb:{\u00ab\u00a0alias_ids\u00a0\u00bb:[\u00ab\u00a0\/environnement\/climat\u00a0\u00bb],\u00a0\u00bbcommercial_node\u00a0\u00bb:null,\u00a0\u00bbdefault_content\u00a0\u00bb:null,\u00a0\u00bbdo_not_show_on_site\u00a0\u00bb:null,\u00a0\u00bbtracking_node\u00a0\u00bb:null},\u00a0\u00bbagenda\u00a0\u00bb:{\u00ab\u00a0agenda_header_description\u00a0\u00bb:\u00a0\u00bbHeader description par defaut\u00a0\u00bb,\u00a0\u00bbagenda_header_title_seo\u00a0\u00bb:null,\u00a0\u00bbagenda_middle_block_description\u00a0\u00bb:null,\u00a0\u00bbagenda_middle_block_title\u00a0\u00bb:null},\u00a0\u00bbheader\u00a0\u00bb:{\u00ab\u00a0header_presentation\u00a0\u00bb:null,\u00a0\u00bbtitle_logo_only\u00a0\u00bb:\u00a0\u00bbfalse\u00a0\u00bb,\u00a0\u00bbtitle_logo_size_desktop\u00a0\u00bb:null,\u00a0\u00bbtitle_logo_size_mobile\u00a0\u00bb:null,\u00a0\u00bbtitle_logo_url\u00a0\u00bb:null},\u00a0\u00bbin_the_news\u00a0\u00bb:{\u00ab\u00a0in_the_news_usebasepage\u00a0\u00bb:\u00a0\u00bb\/in-the-news-forsections\/\u00a0\u00bb,\u00a0\u00bbin_the_news_usefeature\u00a0\u00bb:null,\u00a0\u00bbin_the_news_usesectionbar\u00a0\u00bb:\u00a0\u00bbfalse\u00a0\u00bb},\u00a0\u00bbnavigation\u00a0\u00bb:{\u00ab\u00a0display_in_top_strip\u00a0\u00bb:null,\u00a0\u00bbnav_display\u00a0\u00bb:null,\u00a0\u00bbnav_title\u00a0\u00bb:null},\u00a0\u00bbsite\u00a0\u00bb:{\u00ab\u00a0amp_deactivated\u00a0\u00bb:\u00a0\u00bbfalse\u00a0\u00bb,\u00a0\u00bbis_clickable_on_menu\u00a0\u00bb:\u00a0\u00bbtrue\u00a0\u00bb,\u00a0\u00bbnative_app_rendering\u00a0\u00bb:null,\u00a0\u00bbpagebuilder_path_for_native_apps\u00a0\u00bb:null,\u00a0\u00bbpaywall_deactivated\u00a0\u00bb:\u00a0\u00bbfalse\u00a0\u00bb,\u00a0\u00bbpresentation\u00a0\u00bb:null,\u00a0\u00bbsection_show_timestamp\u00a0\u00bb:\u00a0\u00bbtrue\u00a0\u00bb,\u00a0\u00bbsection_show_videos\u00a0\u00bb:\u00a0\u00bbfalse\u00a0\u00bb,\u00a0\u00bbsection_type\u00a0\u00bb:null,\u00a0\u00bbshow_event_subnav\u00a0\u00bb:\u00a0\u00bbfalse\u00a0\u00bb,\u00a0\u00bbsite_about\u00a0\u00bb:null,\u00a0\u00bbsite_description\u00a0\u00bb:\u00a0\u00bbRetrouvez toute l&rsquo;actualit\u00e9 sur le climat avec Le Parisien : enjeux et cons\u00e9quences du r\u00e9chauffement climatique, politiques environnementales, d\u00e9cisions et r\u00e9solutions des COP&#8230;\u00a0\u00bb,\u00a0\u00bbsite_keywords\u00a0\u00bb:null,\u00a0\u00bbsite_tagline\u00a0\u00bb:null,\u00a0\u00bbsite_title\u00a0\u00bb:\u00a0\u00bbClimat : toute l&rsquo;actualit\u00e9, vid\u00e9os, infographies sur le r\u00e9chauffement et les enjeux climatiques &#8211; Le Parisien\u00a0\u00bb,\u00a0\u00bbsite_url\u00a0\u00bb:null},\u00a0\u00bbsocial\u00a0\u00bb:{\u00ab\u00a0archives\u00a0\u00bb:null,\u00a0\u00bbfacebook\u00a0\u00bb:null,\u00a0\u00bbrss\u00a0\u00bb:null,\u00a0\u00bbtwitter\u00a0\u00bb:null},\u00a0\u00bbstory_list\u00a0\u00bb:{\u00ab\u00a0story_list_content\u00a0\u00bb:{}},\u00a0\u00bbnode_type\u00a0\u00bb:\u00a0\u00bbsection\u00a0\u00bb}}},\u00a0\u00bbprimary_site\u00a0\u00bb:{\u00ab\u00a0_id\u00a0\u00bb:\u00a0\u00bb\/environnement\/climat\u00a0\u00bb,\u00a0\u00bbtype\u00a0\u00bb:\u00a0\u00bbsite\u00a0\u00bb,\u00a0\u00bbversion\u00a0\u00bb:\u00a0\u00bb0.5.8&Prime;,\u00a0\u00bbname\u00a0\u00bb:\u00a0\u00bbClimat\u00a0\u00bb,\u00a0\u00bbdescription\u00a0\u00bb:\u00a0\u00bbRetrouvez toute l&rsquo;actualit\u00e9 sur le climat avec Le Parisien : enjeux et cons\u00e9quences du r\u00e9chauffement climatique, politiques environnementales, d\u00e9cisions et r\u00e9solutions des COP&#8230;\u00a0\u00bb,\u00a0\u00bbpath\u00a0\u00bb:\u00a0\u00bb\/environnement\/climat\u00a0\u00bb,\u00a0\u00bbparent_id\u00a0\u00bb:\u00a0\u00bb\/environnement\u00a0\u00bb,\u00a0\u00bbadditional_properties\u00a0\u00bb:{\u00ab\u00a0original\u00a0\u00bb:{\u00ab\u00a0_id\u00a0\u00bb:\u00a0\u00bb\/environnement\/climat\u00a0\u00bb,\u00a0\u00bbname\u00a0\u00bb:\u00a0\u00bbClimat\u00a0\u00bb,\u00a0\u00bbinactive\u00a0\u00bb:false,\u00a0\u00bbancestors\u00a0\u00bb:{\u00ab\u00a0default\u00a0\u00bb:[\u00ab\u00a0\/environnement\u00a0\u00bb],\u00a0\u00bbWebsked-plans\u00a0\u00bb:[\u00ab\u00a0https:\/\/www.leparisien.fr\/\u00a0\u00bb,\u00a0\u00bb\/futurs\u00a0\u00bb,\u00a0\u00bb\/environnement\u00a0\u00bb],\u00a0\u00bbsub-nav\u00a0\u00bb:[\u00ab\u00a0https:\/\/www.leparisien.fr\/\u00a0\u00bb,\u00a0\u00bb\/futurs\u00a0\u00bb,\u00a0\u00bb\/environnement\u00a0\u00bb],\u00a0\u00bbmenu\u00a0\u00bb:[\u00ab\u00a0https:\/\/www.leparisien.fr\/\u00a0\u00bb,\u00a0\u00bb\/futurs\u00a0\u00bb],\u00a0\u00bbburger-menu-etudiant\u00a0\u00bb:[],\u00a0\u00bbmobile-menu-sections-list\u00a0\u00bb:[\u00ab\u00a0https:\/\/www.leparisien.fr\/\u00a0\u00bb]},\u00a0\u00bbparent\u00a0\u00bb:{\u00ab\u00a0default\u00a0\u00bb:\u00a0\u00bb\/environnement\u00a0\u00bb,\u00a0\u00bbWebsked-plans\u00a0\u00bb:\u00a0\u00bb\/environnement\u00a0\u00bb,\u00a0\u00bbsub-nav\u00a0\u00bb:\u00a0\u00bb\/environnement\u00a0\u00bb,\u00a0\u00bbmenu\u00a0\u00bb:\u00a0\u00bb\/futurs\u00a0\u00bb,\u00a0\u00bbburger-menu-etudiant\u00a0\u00bb:null,\u00a0\u00bbmobile-menu-sections-list\u00a0\u00bb:\u00a0\u00bbhttps:\/\/www.leparisien.fr\/\u00a0\u00bb},\u00a0\u00bborder\u00a0\u00bb:{\u00ab\u00a0Websked-plans\u00a0\u00bb:3001,\u00a0\u00bbdefault\u00a0\u00bb:3001,\u00a0\u00bbsub-nav\u00a0\u00bb:3001,\u00a0\u00bbmenu\u00a0\u00bb:2002,\u00a0\u00bbmobile-menu-sections-list\u00a0\u00bb:1022},\u00a0\u00bbGoogle Analytics\u00a0\u00bb:{\u00ab\u00a0ga_name_level_1&Prime;:\u00a0\u00bbenvironnement\u00a0\u00bb,\u00a0\u00bbga_name_level_2&Prime;:\u00a0\u00bbclimat\u00a0\u00bb,\u00a0\u00bbga_name_level_3&Prime;:null},\u00a0\u00bbMobile\u00a0\u00bb:{\u00ab\u00a0alternative_title\u00a0\u00bb:null,\u00a0\u00bbbackground_color_section\u00a0\u00bb:\u00a0\u00bb#C0C0C0&Prime;,\u00a0\u00bbbackground_image_section\u00a0\u00bb:null,\u00a0\u00bblabel\u00a0\u00bb:null,\u00a0\u00bbsection_collection_id\u00a0\u00bb:null,\u00a0\u00bbxtpage\u00a0\u00bb:null},\u00a0\u00bbNewsletter\u00a0\u00bb:{\u00ab\u00a0module_message\u00a0\u00bb:null,\u00a0\u00bbnewsletter_color\u00a0\u00bb:\u00a0\u00bb#018354&Prime;,\u00a0\u00bbnewsletter_image\u00a0\u00bb:\u00a0\u00bbnewsletter-environnement-logo.png\u00a0\u00bb,\u00a0\u00bbnewsletter_label\u00a0\u00bb:\u00a0\u00bbMa Terre\u00a0\u00bb,\u00a0\u00bbnewsletter_name\u00a0\u00bb:null,\u00a0\u00bbnewsletter_optin\u00a0\u00bb:\u00a0\u00bboptin_newsletter_thematique_environnement\u00a0\u00bb,\u00a0\u00bbnewsletter_slug\u00a0\u00bb:\u00a0\u00bbenvironnement\u00a0\u00bb,\u00a0\u00bbnewsletter_title\u00a0\u00bb:\u00a0\u00bbL&rsquo;environnement et la conso responsable\u00a0\u00bb},\u00a0\u00bbSponsor\u00a0\u00bb:{\u00ab\u00a0collection_id_for_pinned_content\u00a0\u00bb:\u00a0\u00bbORFEXQ5HDNDHLDU2DBJOXZCNGA\u00a0\u00bb,\u00a0\u00bbsponsor_logo_url\u00a0\u00bb:null,\u00a0\u00bbsponsor_message\u00a0\u00bb:null,\u00a0\u00bbsponsor_name\u00a0\u00bb:null,\u00a0\u00bbsponsor_type\u00a0\u00bb:null},\u00a0\u00bb_admin\u00a0\u00bb:{\u00ab\u00a0alias_ids\u00a0\u00bb:[\u00ab\u00a0\/environnement\/climat\u00a0\u00bb],\u00a0\u00bbcommercial_node\u00a0\u00bb:null,\u00a0\u00bbdefault_content\u00a0\u00bb:null,\u00a0\u00bbdo_not_show_on_site\u00a0\u00bb:null,\u00a0\u00bbtracking_node\u00a0\u00bb:null},\u00a0\u00bbagenda\u00a0\u00bb:{\u00ab\u00a0agenda_header_description\u00a0\u00bb:\u00a0\u00bbHeader description par defaut\u00a0\u00bb,\u00a0\u00bbagenda_header_title_seo\u00a0\u00bb:null,\u00a0\u00bbagenda_middle_block_description\u00a0\u00bb:null,\u00a0\u00bbagenda_middle_block_title\u00a0\u00bb:null},\u00a0\u00bbheader\u00a0\u00bb:{\u00ab\u00a0header_presentation\u00a0\u00bb:null,\u00a0\u00bbtitle_logo_only\u00a0\u00bb:\u00a0\u00bbfalse\u00a0\u00bb,\u00a0\u00bbtitle_logo_size_desktop\u00a0\u00bb:null,\u00a0\u00bbtitle_logo_size_mobile\u00a0\u00bb:null,\u00a0\u00bbtitle_logo_url\u00a0\u00bb:null},\u00a0\u00bbin_the_news\u00a0\u00bb:{\u00ab\u00a0in_the_news_usebasepage\u00a0\u00bb:\u00a0\u00bb\/in-the-news-forsections\/\u00a0\u00bb,\u00a0\u00bbin_the_news_usefeature\u00a0\u00bb:null,\u00a0\u00bbin_the_news_usesectionbar\u00a0\u00bb:\u00a0\u00bbfalse\u00a0\u00bb},\u00a0\u00bbnavigation\u00a0\u00bb:{\u00ab\u00a0display_in_top_strip\u00a0\u00bb:null,\u00a0\u00bbnav_display\u00a0\u00bb:null,\u00a0\u00bbnav_title\u00a0\u00bb:null},\u00a0\u00bbsite\u00a0\u00bb:{\u00ab\u00a0amp_deactivated\u00a0\u00bb:\u00a0\u00bbfalse\u00a0\u00bb,\u00a0\u00bbis_clickable_on_menu\u00a0\u00bb:\u00a0\u00bbtrue\u00a0\u00bb,\u00a0\u00bbnative_app_rendering\u00a0\u00bb:null,\u00a0\u00bbpagebuilder_path_for_native_apps\u00a0\u00bb:null,\u00a0\u00bbpaywall_deactivated\u00a0\u00bb:\u00a0\u00bbfalse\u00a0\u00bb,\u00a0\u00bbpresentation\u00a0\u00bb:null,\u00a0\u00bbsection_show_timestamp\u00a0\u00bb:\u00a0\u00bbtrue\u00a0\u00bb,\u00a0\u00bbsection_show_videos\u00a0\u00bb:\u00a0\u00bbfalse\u00a0\u00bb,\u00a0\u00bbsection_type\u00a0\u00bb:null,\u00a0\u00bbshow_event_subnav\u00a0\u00bb:\u00a0\u00bbfalse\u00a0\u00bb,\u00a0\u00bbsite_about\u00a0\u00bb:null,\u00a0\u00bbsite_description\u00a0\u00bb:\u00a0\u00bbRetrouvez toute l&rsquo;actualit\u00e9 sur le climat avec Le Parisien : enjeux et cons\u00e9quences du r\u00e9chauffement climatique, politiques environnementales, d\u00e9cisions et r\u00e9solutions des COP&#8230;\u00a0\u00bb,\u00a0\u00bbsite_keywords\u00a0\u00bb:null,\u00a0\u00bbsite_tagline\u00a0\u00bb:null,\u00a0\u00bbsite_title\u00a0\u00bb:\u00a0\u00bbClimat : toute l&rsquo;actualit\u00e9, vid\u00e9os, infographies sur le r\u00e9chauffement et les enjeux climatiques &#8211; Le Parisien\u00a0\u00bb,\u00a0\u00bbsite_url\u00a0\u00bb:null},\u00a0\u00bbsocial\u00a0\u00bb:{\u00ab\u00a0archives\u00a0\u00bb:null,\u00a0\u00bbfacebook\u00a0\u00bb:null,\u00a0\u00bbrss\u00a0\u00bb:null,\u00a0\u00bbtwitter\u00a0\u00bb:null},\u00a0\u00bbstory_list\u00a0\u00bb:{\u00ab\u00a0story_list_content\u00a0\u00bb:{}}}}},\u00a0\u00bbsections\u00a0\u00bb:[{\u00ab\u00a0_id\u00a0\u00bb:\u00a0\u00bb\/environnement\/climat\u00a0\u00bb,\u00a0\u00bb_website\u00a0\u00bb:\u00a0\u00bbleparisien\u00a0\u00bb,\u00a0\u00bbtype\u00a0\u00bb:\u00a0\u00bbsection\u00a0\u00bb,\u00a0\u00bbversion\u00a0\u00bb:\u00a0\u00bb0.6.0&Prime;,\u00a0\u00bbname\u00a0\u00bb:\u00a0\u00bbClimat\u00a0\u00bb,\u00a0\u00bbdescription\u00a0\u00bb:\u00a0\u00bbRetrouvez toute l&rsquo;actualit\u00e9 sur le climat avec Le Parisien : enjeux et cons\u00e9quences du r\u00e9chauffement climatique, politiques environnementales, d\u00e9cisions et r\u00e9solutions des COP&#8230;\u00a0\u00bb,\u00a0\u00bbpath\u00a0\u00bb:\u00a0\u00bb\/environnement\/climat\u00a0\u00bb,\u00a0\u00bbparent_id\u00a0\u00bb:\u00a0\u00bb\/environnement\u00a0\u00bb,\u00a0\u00bbparent\u00a0\u00bb:{\u00ab\u00a0default\u00a0\u00bb:\u00a0\u00bb\/environnement\u00a0\u00bb},\u00a0\u00bbadditional_properties\u00a0\u00bb:{\u00ab\u00a0original\u00a0\u00bb:{\u00ab\u00a0_id\u00a0\u00bb:\u00a0\u00bb\/environnement\/climat\u00a0\u00bb,\u00a0\u00bb_website\u00a0\u00bb:\u00a0\u00bbleparisien\u00a0\u00bb,\u00a0\u00bbname\u00a0\u00bb:\u00a0\u00bbClimat\u00a0\u00bb,\u00a0\u00bbinactive\u00a0\u00bb:false,\u00a0\u00bbancestors\u00a0\u00bb:{\u00ab\u00a0default\u00a0\u00bb:[\u00ab\u00a0\/environnement\u00a0\u00bb],\u00a0\u00bbWebsked-plans\u00a0\u00bb:[\u00ab\u00a0https:\/\/www.leparisien.fr\/\u00a0\u00bb,\u00a0\u00bb\/futurs\u00a0\u00bb,\u00a0\u00bb\/environnement\u00a0\u00bb],\u00a0\u00bbsub-nav\u00a0\u00bb:[\u00ab\u00a0https:\/\/www.leparisien.fr\/\u00a0\u00bb,\u00a0\u00bb\/futurs\u00a0\u00bb,\u00a0\u00bb\/environnement\u00a0\u00bb],\u00a0\u00bbmenu\u00a0\u00bb:[\u00ab\u00a0https:\/\/www.leparisien.fr\/\u00a0\u00bb,\u00a0\u00bb\/futurs\u00a0\u00bb],\u00a0\u00bbburger-menu-etudiant\u00a0\u00bb:[],\u00a0\u00bbmobile-menu-sections-list\u00a0\u00bb:[\u00ab\u00a0https:\/\/www.leparisien.fr\/\u00a0\u00bb]},\u00a0\u00bbparent\u00a0\u00bb:{\u00ab\u00a0default\u00a0\u00bb:\u00a0\u00bb\/environnement\u00a0\u00bb,\u00a0\u00bbWebsked-plans\u00a0\u00bb:\u00a0\u00bb\/environnement\u00a0\u00bb,\u00a0\u00bbsub-nav\u00a0\u00bb:\u00a0\u00bb\/environnement\u00a0\u00bb,\u00a0\u00bbmenu\u00a0\u00bb:\u00a0\u00bb\/futurs\u00a0\u00bb,\u00a0\u00bbburger-menu-etudiant\u00a0\u00bb:null,\u00a0\u00bbmobile-menu-sections-list\u00a0\u00bb:\u00a0\u00bbhttps:\/\/www.leparisien.fr\/\u00a0\u00bb},\u00a0\u00bborder\u00a0\u00bb:{\u00ab\u00a0Websked-plans\u00a0\u00bb:3001,\u00a0\u00bbdefault\u00a0\u00bb:3001,\u00a0\u00bbsub-nav\u00a0\u00bb:3001,\u00a0\u00bbmenu\u00a0\u00bb:2002,\u00a0\u00bbmobile-menu-sections-list\u00a0\u00bb:1022},\u00a0\u00bbGoogle Analytics\u00a0\u00bb:{\u00ab\u00a0ga_name_level_1&Prime;:\u00a0\u00bbenvironnement\u00a0\u00bb,\u00a0\u00bbga_name_level_2&Prime;:\u00a0\u00bbclimat\u00a0\u00bb,\u00a0\u00bbga_name_level_3&Prime;:null},\u00a0\u00bbMobile\u00a0\u00bb:{\u00ab\u00a0alternative_title\u00a0\u00bb:null,\u00a0\u00bbbackground_color_section\u00a0\u00bb:\u00a0\u00bb#C0C0C0&Prime;,\u00a0\u00bbbackground_image_section\u00a0\u00bb:null,\u00a0\u00bblabel\u00a0\u00bb:null,\u00a0\u00bbsection_collection_id\u00a0\u00bb:null,\u00a0\u00bbxtpage\u00a0\u00bb:null},\u00a0\u00bbNewsletter\u00a0\u00bb:{\u00ab\u00a0module_message\u00a0\u00bb:null,\u00a0\u00bbnewsletter_color\u00a0\u00bb:\u00a0\u00bb#018354&Prime;,\u00a0\u00bbnewsletter_image\u00a0\u00bb:\u00a0\u00bbnewsletter-environnement-logo.png\u00a0\u00bb,\u00a0\u00bbnewsletter_label\u00a0\u00bb:\u00a0\u00bbMa Terre\u00a0\u00bb,\u00a0\u00bbnewsletter_name\u00a0\u00bb:null,\u00a0\u00bbnewsletter_optin\u00a0\u00bb:\u00a0\u00bboptin_newsletter_thematique_environnement\u00a0\u00bb,\u00a0\u00bbnewsletter_slug\u00a0\u00bb:\u00a0\u00bbenvironnement\u00a0\u00bb,\u00a0\u00bbnewsletter_title\u00a0\u00bb:\u00a0\u00bbL&rsquo;environnement et la conso responsable\u00a0\u00bb},\u00a0\u00bbSponsor\u00a0\u00bb:{\u00ab\u00a0collection_id_for_pinned_content\u00a0\u00bb:\u00a0\u00bbORFEXQ5HDNDHLDU2DBJOXZCNGA\u00a0\u00bb,\u00a0\u00bbsponsor_logo_url\u00a0\u00bb:null,\u00a0\u00bbsponsor_message\u00a0\u00bb:null,\u00a0\u00bbsponsor_name\u00a0\u00bb:null,\u00a0\u00bbsponsor_type\u00a0\u00bb:null},\u00a0\u00bb_admin\u00a0\u00bb:{\u00ab\u00a0alias_ids\u00a0\u00bb:[\u00ab\u00a0\/environnement\/climat\u00a0\u00bb],\u00a0\u00bbcommercial_node\u00a0\u00bb:null,\u00a0\u00bbdefault_content\u00a0\u00bb:null,\u00a0\u00bbdo_not_show_on_site\u00a0\u00bb:null,\u00a0\u00bbtracking_node\u00a0\u00bb:null},\u00a0\u00bbagenda\u00a0\u00bb:{\u00ab\u00a0agenda_header_description\u00a0\u00bb:\u00a0\u00bbHeader description par defaut\u00a0\u00bb,\u00a0\u00bbagenda_header_title_seo\u00a0\u00bb:null,\u00a0\u00bbagenda_middle_block_description\u00a0\u00bb:null,\u00a0\u00bbagenda_middle_block_title\u00a0\u00bb:null},\u00a0\u00bbheader\u00a0\u00bb:{\u00ab\u00a0header_presentation\u00a0\u00bb:null,\u00a0\u00bbtitle_logo_only\u00a0\u00bb:\u00a0\u00bbfalse\u00a0\u00bb,\u00a0\u00bbtitle_logo_size_desktop\u00a0\u00bb:null,\u00a0\u00bbtitle_logo_size_mobile\u00a0\u00bb:null,\u00a0\u00bbtitle_logo_url\u00a0\u00bb:null},\u00a0\u00bbin_the_news\u00a0\u00bb:{\u00ab\u00a0in_the_news_usebasepage\u00a0\u00bb:\u00a0\u00bb\/in-the-news-forsections\/\u00a0\u00bb,\u00a0\u00bbin_the_news_usefeature\u00a0\u00bb:null,\u00a0\u00bbin_the_news_usesectionbar\u00a0\u00bb:\u00a0\u00bbfalse\u00a0\u00bb},\u00a0\u00bbnavigation\u00a0\u00bb:{\u00ab\u00a0display_in_top_strip\u00a0\u00bb:null,\u00a0\u00bbnav_display\u00a0\u00bb:null,\u00a0\u00bbnav_title\u00a0\u00bb:null},\u00a0\u00bbsite\u00a0\u00bb:{\u00ab\u00a0amp_deactivated\u00a0\u00bb:\u00a0\u00bbfalse\u00a0\u00bb,\u00a0\u00bbis_clickable_on_menu\u00a0\u00bb:\u00a0\u00bbtrue\u00a0\u00bb,\u00a0\u00bbnative_app_rendering\u00a0\u00bb:null,\u00a0\u00bbpagebuilder_path_for_native_apps\u00a0\u00bb:null,\u00a0\u00bbpaywall_deactivated\u00a0\u00bb:\u00a0\u00bbfalse\u00a0\u00bb,\u00a0\u00bbpresentation\u00a0\u00bb:null,\u00a0\u00bbsection_show_timestamp\u00a0\u00bb:\u00a0\u00bbtrue\u00a0\u00bb,\u00a0\u00bbsection_show_videos\u00a0\u00bb:\u00a0\u00bbfalse\u00a0\u00bb,\u00a0\u00bbsection_type\u00a0\u00bb:null,\u00a0\u00bbshow_event_subnav\u00a0\u00bb:\u00a0\u00bbfalse\u00a0\u00bb,\u00a0\u00bbsite_about\u00a0\u00bb:null,\u00a0\u00bbsite_description\u00a0\u00bb:\u00a0\u00bbRetrouvez toute l&rsquo;actualit\u00e9 sur le climat avec Le Parisien : enjeux et cons\u00e9quences du r\u00e9chauffement climatique, politiques environnementales, d\u00e9cisions et r\u00e9solutions des COP&#8230;\u00a0\u00bb,\u00a0\u00bbsite_keywords\u00a0\u00bb:null,\u00a0\u00bbsite_tagline\u00a0\u00bb:null,\u00a0\u00bbsite_title\u00a0\u00bb:\u00a0\u00bbClimat : toute l&rsquo;actualit\u00e9, vid\u00e9os, infographies sur le r\u00e9chauffement et les enjeux climatiques &#8211; Le Parisien\u00a0\u00bb,\u00a0\u00bbsite_url\u00a0\u00bb:null},\u00a0\u00bbsocial\u00a0\u00bb:{\u00ab\u00a0archives\u00a0\u00bb:null,\u00a0\u00bbfacebook\u00a0\u00bb:null,\u00a0\u00bbrss\u00a0\u00bb:null,\u00a0\u00bbtwitter\u00a0\u00bb:null},\u00a0\u00bbstory_list\u00a0\u00bb:{\u00ab\u00a0story_list_content\u00a0\u00bb:{}},\u00a0\u00bbnode_type\u00a0\u00bb:\u00a0\u00bbsection\u00a0\u00bb}},\u00a0\u00bb_website_section_id\u00a0\u00bb:\u00a0\u00bbleparisien.\/environnement\/climat\u00a0\u00bb},{\u00ab\u00a0_id\u00a0\u00bb:\u00a0\u00bb\/environnement\u00a0\u00bb,\u00a0\u00bb_website\u00a0\u00bb:\u00a0\u00bbleparisien\u00a0\u00bb,\u00a0\u00bbtype\u00a0\u00bb:\u00a0\u00bbsection\u00a0\u00bb,\u00a0\u00bbversion\u00a0\u00bb:\u00a0\u00bb0.6.0&Prime;,\u00a0\u00bbname\u00a0\u00bb:\u00a0\u00bbEnvironnement\u00a0\u00bb,\u00a0\u00bbdescription\u00a0\u00bb:\u00a0\u00bbToute l&rsquo;actualit\u00e9 de l&rsquo;environnement, du changement climatique et de la consommation responsable, les conseils pour agir pour notre plan\u00e8te, des solutions z\u00e9ro d\u00e9chet, la protection des \u00e9cosyst\u00e8mes\u00a0\u00bb,\u00a0\u00bbpath\u00a0\u00bb:\u00a0\u00bb\/environnement\u00a0\u00bb,\u00a0\u00bbparent_id\u00a0\u00bb:\u00a0\u00bb\/futurs\u00a0\u00bb,\u00a0\u00bbparent\u00a0\u00bb:{\u00ab\u00a0default\u00a0\u00bb:\u00a0\u00bb\/futurs\u00a0\u00bb},\u00a0\u00bbadditional_properties\u00a0\u00bb:{\u00ab\u00a0original\u00a0\u00bb:{\u00ab\u00a0_id\u00a0\u00bb:\u00a0\u00bb\/environnement\u00a0\u00bb,\u00a0\u00bb_website\u00a0\u00bb:\u00a0\u00bbleparisien\u00a0\u00bb,\u00a0\u00bbname\u00a0\u00bb:\u00a0\u00bbEnvironnement\u00a0\u00bb,\u00a0\u00bbinactive\u00a0\u00bb:false,\u00a0\u00bbancestors\u00a0\u00bb:{\u00ab\u00a0burger-menu\u00a0\u00bb:[\u00ab\u00a0https:\/\/www.leparisien.fr\/\u00a0\u00bb],\u00a0\u00bbfooter\u00a0\u00bb:[\u00ab\u00a0https:\/\/www.leparisien.fr\/\u00a0\u00bb],\u00a0\u00bbsub-nav\u00a0\u00bb:[\u00ab\u00a0https:\/\/www.leparisien.fr\/\u00a0\u00bb,\u00a0\u00bb\/futurs\u00a0\u00bb],\u00a0\u00bbmosaic_app\u00a0\u00bb:[],\u00a0\u00bbWebsked-plans\u00a0\u00bb:[\u00ab\u00a0https:\/\/www.leparisien.fr\/\u00a0\u00bb,\u00a0\u00bb\/futurs\u00a0\u00bb],\u00a0\u00bbburger-menu-etudiant\u00a0\u00bb:[],\u00a0\u00bbmenu\u00a0\u00bb:[\u00ab\u00a0https:\/\/www.leparisien.fr\/\u00a0\u00bb,\u00a0\u00bb\/futurs\u00a0\u00bb],\u00a0\u00bbdefault\u00a0\u00bb:[\u00ab\u00a0\/futurs\u00a0\u00bb],\u00a0\u00bbmobile-menu-sections-list\u00a0\u00bb:[\u00ab\u00a0https:\/\/www.leparisien.fr\/\u00a0\u00bb],\u00a0\u00bbsurfooter\u00a0\u00bb:[\u00ab\u00a0https:\/\/www.leparisien.fr\/\u00a0\u00bb]},\u00a0\u00bbparent\u00a0\u00bb:{\u00ab\u00a0default\u00a0\u00bb:\u00a0\u00bb\/futurs\u00a0\u00bb,\u00a0\u00bbburger-menu\u00a0\u00bb:\u00a0\u00bbhttps:\/\/www.leparisien.fr\/\u00a0\u00bb,\u00a0\u00bbfooter\u00a0\u00bb:\u00a0\u00bbhttps:\/\/www.leparisien.fr\/\u00a0\u00bb,\u00a0\u00bbsub-nav\u00a0\u00bb:\u00a0\u00bb\/futurs\u00a0\u00bb,\u00a0\u00bbmosaic_app\u00a0\u00bb:null,\u00a0\u00bbWebsked-plans\u00a0\u00bb:\u00a0\u00bb\/futurs\u00a0\u00bb,\u00a0\u00bbburger-menu-etudiant\u00a0\u00bb:null,\u00a0\u00bbmenu\u00a0\u00bb:\u00a0\u00bb\/futurs\u00a0\u00bb,\u00a0\u00bbMaillage_SEO_Surfooter\u00a0\u00bb:\u00a0\u00bbhttps:\/\/www.leparisien.fr\/\u00a0\u00bb,\u00a0\u00bbmobile-menu-sections-list\u00a0\u00bb:\u00a0\u00bbhttps:\/\/www.leparisien.fr\/\u00a0\u00bb,\u00a0\u00bbsurfooter\u00a0\u00bb:\u00a0\u00bbhttps:\/\/www.leparisien.fr\/\u00a0\u00bb},\u00a0\u00bborder\u00a0\u00bb:{\u00ab\u00a0default\u00a0\u00bb:2001,\u00a0\u00bbburger-menu\u00a0\u00bb:1009,\u00a0\u00bbWebsked-plans\u00a0\u00bb:2001,\u00a0\u00bbmenu\u00a0\u00bb:2001,\u00a0\u00bbMaillage_SEO_Surfooter\u00a0\u00bb:1093,\u00a0\u00bbsub-nav\u00a0\u00bb:2002,\u00a0\u00bbfooter\u00a0\u00bb:1017,\u00a0\u00bbmobile-menu-sections-list\u00a0\u00bb:1019,\u00a0\u00bbsurfooter\u00a0\u00bb:1017},\u00a0\u00bbGoogle Analytics\u00a0\u00bb:{\u00ab\u00a0ga_name_level_1&Prime;:\u00a0\u00bbenvironnement\u00a0\u00bb,\u00a0\u00bbga_name_level_2&Prime;:null,\u00a0\u00bbga_name_level_3&Prime;:null},\u00a0\u00bbMobile\u00a0\u00bb:{\u00ab\u00a0background_color_section\u00a0\u00bb:\u00a0\u00bb#315544&Prime;,\u00a0\u00bbbackground_image_section\u00a0\u00bb:\u00a0\u00bbhttps:\/\/leparisien-assets-prod.s3-eu-west-1.amazonaws.com\/mobile\/images\/explorer\/environnement.png\u00a0\u00bb},\u00a0\u00bbNewsletter\u00a0\u00bb:{\u00ab\u00a0module_message\u00a0\u00bb:null,\u00a0\u00bbnewsletter_color\u00a0\u00bb:\u00a0\u00bb#018354&Prime;,\u00a0\u00bbnewsletter_image\u00a0\u00bb:\u00a0\u00bbnewsletter-environnement-logo.png\u00a0\u00bb,\u00a0\u00bbnewsletter_label\u00a0\u00bb:\u00a0\u00bbMa Terre\u00a0\u00bb,\u00a0\u00bbnewsletter_name\u00a0\u00bb:null,\u00a0\u00bbnewsletter_optin\u00a0\u00bb:\u00a0\u00bboptin_newsletter_thematique_environnement\u00a0\u00bb,\u00a0\u00bbnewsletter_slug\u00a0\u00bb:\u00a0\u00bbenvironnement\u00a0\u00bb,\u00a0\u00bbnewsletter_title\u00a0\u00bb:\u00a0\u00bbL&rsquo;environnement et la conso responsable\u00a0\u00bb},\u00a0\u00bbSponsor\u00a0\u00bb:{\u00ab\u00a0collection_id_for_pinned_content\u00a0\u00bb:\u00a0\u00bbORFEXQ5HDNDHLDU2DBJOXZCNGA\u00a0\u00bb},\u00a0\u00bb_admin\u00a0\u00bb:{\u00ab\u00a0alias_ids\u00a0\u00bb:[]},\u00a0\u00bbheader\u00a0\u00bb:{\u00ab\u00a0title_logo_only\u00a0\u00bb:\u00a0\u00bbfalse\u00a0\u00bb,\u00a0\u00bbtitle_logo_size_desktop\u00a0\u00bb:null,\u00a0\u00bbtitle_logo_size_mobile\u00a0\u00bb:null,\u00a0\u00bbtitle_logo_url\u00a0\u00bb:null},\u00a0\u00bbsite\u00a0\u00bb:{\u00ab\u00a0site_description\u00a0\u00bb:\u00a0\u00bbToute l&rsquo;actualit\u00e9 de l&rsquo;environnement, du changement climatique et de la consommation responsable, les conseils pour agir pour notre plan\u00e8te, des solutions z\u00e9ro d\u00e9chet, la protection des \u00e9cosyst\u00e8mes\u00a0\u00bb,\u00a0\u00bbsite_title\u00a0\u00bb:\u00a0\u00bbEnvironnement : toute l&rsquo;information sur notre plan\u00e8te, l&rsquo;\u00e9cologie ou la consommation responsable &#8211; Le Parisien\u00a0\u00bb},\u00a0\u00bbsocial\u00a0\u00bb:{\u00ab\u00a0facebook\u00a0\u00bb:\u00a0\u00bbhttps:\/\/www.facebook.com\/leparisienmaterre\/\u00a0\u00bb,\u00a0\u00bbtwitter\u00a0\u00bb:\u00a0\u00bbhttps:\/\/twitter.com\/LP_MaTerre\u00a0\u00bb},\u00a0\u00bbstory_list\u00a0\u00bb:{\u00ab\u00a0story_list_content\u00a0\u00bb:{}},\u00a0\u00bbevent_logo_desktop_height\u00a0\u00bb:\u00a0\u00bb48&Prime;,\u00a0\u00bbevent_logo_desktop_width\u00a0\u00bb:\u00a0\u00bb202&Prime;,\u00a0\u00bbevent_logo_mobile_height\u00a0\u00bb:\u00a0\u00bb32&Prime;,\u00a0\u00bbevent_logo_mobile_width\u00a0\u00bb:\u00a0\u00bb135&Prime;,\u00a0\u00bbevent_logo_tablet_height\u00a0\u00bb:\u00a0\u00bb40&Prime;,\u00a0\u00bbevent_logo_tablet_width\u00a0\u00bb:\u00a0\u00bb168&Prime;,\u00a0\u00bbevent_logo_url\u00a0\u00bb:\u00a0\u00bbhttps:\/\/leparisien-assets-prod.s3.eu-west-1.amazonaws.com\/website\/images\/events_logo\/ma-terre.svg\u00a0\u00bb,\u00a0\u00bbnode_type\u00a0\u00bb:\u00a0\u00bbsection\u00a0\u00bb}},\u00a0\u00bb_website_section_id\u00a0\u00bb:\u00a0\u00bbleparisien.\/environnement\u00a0\u00bb},{\u00ab\u00a0_id\u00a0\u00bb:\u00a0\u00bb\/futurs\u00a0\u00bb,\u00a0\u00bb_website\u00a0\u00bb:\u00a0\u00bbleparisien\u00a0\u00bb,\u00a0\u00bbtype\u00a0\u00bb:\u00a0\u00bbsection\u00a0\u00bb,\u00a0\u00bbversion\u00a0\u00bb:\u00a0\u00bb0.6.0&Prime;,\u00a0\u00bbname\u00a0\u00bb:\u00a0\u00bbFuturs\u00a0\u00bb,\u00a0\u00bbdescription\u00a0\u00bb:\u00a0\u00bbFuturs : suivez l&rsquo;actualit\u00e9 environnement, r\u00e9chauffement climatique, sciences, m\u00e9decine et high-tech.\u00a0\u00bb,\u00a0\u00bbpath\u00a0\u00bb:\u00a0\u00bb\/futurs\u00a0\u00bb,\u00a0\u00bbparent_id\u00a0\u00bb:\u00a0\u00bbhttps:\/\/www.leparisien.fr\/\u00a0\u00bb,\u00a0\u00bbparent\u00a0\u00bb:{\u00ab\u00a0default\u00a0\u00bb:\u00a0\u00bbhttps:\/\/www.leparisien.fr\/\u00a0\u00bb},\u00a0\u00bbadditional_properties\u00a0\u00bb:{\u00ab\u00a0original\u00a0\u00bb:{\u00ab\u00a0_id\u00a0\u00bb:\u00a0\u00bb\/futurs\u00a0\u00bb,\u00a0\u00bb_website\u00a0\u00bb:\u00a0\u00bbleparisien\u00a0\u00bb,\u00a0\u00bbname\u00a0\u00bb:\u00a0\u00bbFuturs\u00a0\u00bb,\u00a0\u00bbinactive\u00a0\u00bb:false,\u00a0\u00bbancestors\u00a0\u00bb:{\u00ab\u00a0default\u00a0\u00bb:[\u00ab\u00a0https:\/\/www.leparisien.fr\/\u00a0\u00bb],\u00a0\u00bbWebsked-plans\u00a0\u00bb:[\u00ab\u00a0https:\/\/www.leparisien.fr\/\u00a0\u00bb],\u00a0\u00bbsub-nav\u00a0\u00bb:[\u00ab\u00a0https:\/\/www.leparisien.fr\/\u00a0\u00bb],\u00a0\u00bbmenu\u00a0\u00bb:[\u00ab\u00a0https:\/\/www.leparisien.fr\/\u00a0\u00bb],\u00a0\u00bbburger-menu-etudiant\u00a0\u00bb:[],\u00a0\u00bbmobile-menu-sections-list\u00a0\u00bb:[]},\u00a0\u00bbparent\u00a0\u00bb:{\u00ab\u00a0default\u00a0\u00bb:\u00a0\u00bbhttps:\/\/www.leparisien.fr\/\u00a0\u00bb,\u00a0\u00bbWebsked-plans\u00a0\u00bb:\u00a0\u00bbhttps:\/\/www.leparisien.fr\/\u00a0\u00bb,\u00a0\u00bbsub-nav\u00a0\u00bb:\u00a0\u00bbhttps:\/\/www.leparisien.fr\/\u00a0\u00bb,\u00a0\u00bbmenu\u00a0\u00bb:\u00a0\u00bbhttps:\/\/www.leparisien.fr\/\u00a0\u00bb,\u00a0\u00bbburger-menu-etudiant\u00a0\u00bb:null,\u00a0\u00bbmobile-menu-sections-list\u00a0\u00bb:null},\u00a0\u00bborder\u00a0\u00bb:{\u00ab\u00a0Websked-plans\u00a0\u00bb:1008,\u00a0\u00bbdefault\u00a0\u00bb:1011,\u00a0\u00bbsub-nav\u00a0\u00bb:1011,\u00a0\u00bbmenu\u00a0\u00bb:1010},\u00a0\u00bbGoogle Analytics\u00a0\u00bb:{\u00ab\u00a0ga_name_level_1&Prime;:\u00a0\u00bbfuturs\u00a0\u00bb,\u00a0\u00bbga_name_level_2&Prime;:null,\u00a0\u00bbga_name_level_3&Prime;:null},\u00a0\u00bbMobile\u00a0\u00bb:{\u00ab\u00a0alternative_title\u00a0\u00bb:null,\u00a0\u00bbbackground_color_section\u00a0\u00bb:\u00a0\u00bb#C0C0C0&Prime;,\u00a0\u00bbbackground_image_section\u00a0\u00bb:null,\u00a0\u00bblabel\u00a0\u00bb:null,\u00a0\u00bbsection_collection_id\u00a0\u00bb:null,\u00a0\u00bbxtpage\u00a0\u00bb:null},\u00a0\u00bbNewsletter\u00a0\u00bb:{\u00ab\u00a0module_message\u00a0\u00bb:null,\u00a0\u00bbnewsletter_color\u00a0\u00bb:null,\u00a0\u00bbnewsletter_image\u00a0\u00bb:null,\u00a0\u00bbnewsletter_label\u00a0\u00bb:null,\u00a0\u00bbnewsletter_name\u00a0\u00bb:null,\u00a0\u00bbnewsletter_optin\u00a0\u00bb:null,\u00a0\u00bbnewsletter_slug\u00a0\u00bb:\u00a0\u00bbenvironnement\u00a0\u00bb,\u00a0\u00bbnewsletter_title\u00a0\u00bb:null},\u00a0\u00bbSponsor\u00a0\u00bb:{\u00ab\u00a0collection_id_for_pinned_content\u00a0\u00bb:\u00a0\u00bbDRQEAZ7ZSNCKVGXUUVL5KZK7XU\u00a0\u00bb,\u00a0\u00bbsponsor_logo_url\u00a0\u00bb:null,\u00a0\u00bbsponsor_message\u00a0\u00bb:null,\u00a0\u00bbsponsor_name\u00a0\u00bb:null,\u00a0\u00bbsponsor_type\u00a0\u00bb:null},\u00a0\u00bb_admin\u00a0\u00bb:{\u00ab\u00a0alias_ids\u00a0\u00bb:[\u00ab\u00a0\/futurs\u00a0\u00bb],\u00a0\u00bbcommercial_node\u00a0\u00bb:null,\u00a0\u00bbdefault_content\u00a0\u00bb:null,\u00a0\u00bbdo_not_show_on_site\u00a0\u00bb:null,\u00a0\u00bbtracking_node\u00a0\u00bb:null},\u00a0\u00bbagenda\u00a0\u00bb:{\u00ab\u00a0agenda_header_description\u00a0\u00bb:\u00a0\u00bbHeader description par defaut\u00a0\u00bb,\u00a0\u00bbagenda_header_title_seo\u00a0\u00bb:null,\u00a0\u00bbagenda_middle_block_description\u00a0\u00bb:null,\u00a0\u00bbagenda_middle_block_title\u00a0\u00bb:null},\u00a0\u00bbheader\u00a0\u00bb:{\u00ab\u00a0header_presentation\u00a0\u00bb:null,\u00a0\u00bbtitle_logo_only\u00a0\u00bb:\u00a0\u00bbfalse\u00a0\u00bb,\u00a0\u00bbtitle_logo_size_desktop\u00a0\u00bb:null,\u00a0\u00bbtitle_logo_size_mobile\u00a0\u00bb:null,\u00a0\u00bbtitle_logo_url\u00a0\u00bb:null},\u00a0\u00bbin_the_news\u00a0\u00bb:{\u00ab\u00a0in_the_news_usebasepage\u00a0\u00bb:\u00a0\u00bb\/in-the-news-forsections\/\u00a0\u00bb,\u00a0\u00bbin_the_news_usefeature\u00a0\u00bb:null,\u00a0\u00bbin_the_news_usesectionbar\u00a0\u00bb:\u00a0\u00bbfalse\u00a0\u00bb},\u00a0\u00bbnavigation\u00a0\u00bb:{\u00ab\u00a0display_in_top_strip\u00a0\u00bb:null,\u00a0\u00bbnav_display\u00a0\u00bb:null,\u00a0\u00bbnav_title\u00a0\u00bb:null},\u00a0\u00bbsite\u00a0\u00bb:{\u00ab\u00a0amp_deactivated\u00a0\u00bb:\u00a0\u00bbfalse\u00a0\u00bb,\u00a0\u00bbis_clickable_on_menu\u00a0\u00bb:\u00a0\u00bbtrue\u00a0\u00bb,\u00a0\u00bbnative_app_rendering\u00a0\u00bb:null,\u00a0\u00bbpagebuilder_path_for_native_apps\u00a0\u00bb:null,\u00a0\u00bbpaywall_deactivated\u00a0\u00bb:\u00a0\u00bbfalse\u00a0\u00bb,\u00a0\u00bbpresentation\u00a0\u00bb:null,\u00a0\u00bbsection_show_timestamp\u00a0\u00bb:\u00a0\u00bbtrue\u00a0\u00bb,\u00a0\u00bbsection_show_videos\u00a0\u00bb:\u00a0\u00bbfalse\u00a0\u00bb,\u00a0\u00bbshow_event_subnav\u00a0\u00bb:\u00a0\u00bbfalse\u00a0\u00bb,\u00a0\u00bbsite_about\u00a0\u00bb:null,\u00a0\u00bbsite_description\u00a0\u00bb:\u00a0\u00bbFuturs : suivez l&rsquo;actualit\u00e9 environnement, r\u00e9chauffement climatique, sciences, m\u00e9decine et high-tech.\u00a0\u00bb,\u00a0\u00bbsite_keywords\u00a0\u00bb:null,\u00a0\u00bbsite_tagline\u00a0\u00bb:null,\u00a0\u00bbsite_title\u00a0\u00bb:\u00a0\u00bbFuturs : environnement, r\u00e9chauffement climatique, sciences, m\u00e9decine et high-tech &#8211; Le Parisien\u00a0\u00bb,\u00a0\u00bbsite_url\u00a0\u00bb:null},\u00a0\u00bbsocial\u00a0\u00bb:{\u00ab\u00a0archives\u00a0\u00bb:null,\u00a0\u00bbfacebook\u00a0\u00bb:null,\u00a0\u00bbrss\u00a0\u00bb:null,\u00a0\u00bbtwitter\u00a0\u00bb:null},\u00a0\u00bbstory_list\u00a0\u00bb:{\u00ab\u00a0story_list_content\u00a0\u00bb:{}},\u00a0\u00bbnode_type\u00a0\u00bb:\u00a0\u00bbsection\u00a0\u00bb}},\u00a0\u00bb_website_section_id\u00a0\u00bb:\u00a0\u00bbleparisien.\/futurs\u00a0\u00bb},{\u00ab\u00a0_id\u00a0\u00bb:\u00a0\u00bb\/societe\u00a0\u00bb,\u00a0\u00bb_website\u00a0\u00bb:\u00a0\u00bbleparisien\u00a0\u00bb,\u00a0\u00bbtype\u00a0\u00bb:\u00a0\u00bbsection\u00a0\u00bb,\u00a0\u00bbversion\u00a0\u00bb:\u00a0\u00bb0.6.0&Prime;,\u00a0\u00bbname\u00a0\u00bb:\u00a0\u00bbSoci\u00e9t\u00e9\u00a0\u00bb,\u00a0\u00bbdescription\u00a0\u00bb:\u00a0\u00bbRetrouvez toute l&rsquo;actualit\u00e9 Soci\u00e9t\u00e9 en France. Tous les articles, les vid\u00e9os et les infographies de la rubrique Soci\u00e9t\u00e9 sur Le Parisien.\u00a0\u00bb,\u00a0\u00bbpath\u00a0\u00bb:\u00a0\u00bb\/societe\u00a0\u00bb,\u00a0\u00bbparent_id\u00a0\u00bb:\u00a0\u00bbhttps:\/\/www.leparisien.fr\/\u00a0\u00bb,\u00a0\u00bbparent\u00a0\u00bb:{\u00ab\u00a0default\u00a0\u00bb:\u00a0\u00bbhttps:\/\/www.leparisien.fr\/\u00a0\u00bb},\u00a0\u00bbadditional_properties\u00a0\u00bb:{\u00ab\u00a0original\u00a0\u00bb:{\u00ab\u00a0_id\u00a0\u00bb:\u00a0\u00bb\/societe\u00a0\u00bb,\u00a0\u00bb_website\u00a0\u00bb:\u00a0\u00bbleparisien\u00a0\u00bb,\u00a0\u00bbname\u00a0\u00bb:\u00a0\u00bbSoci\u00e9t\u00e9\u00a0\u00bb,\u00a0\u00bbinactive\u00a0\u00bb:false,\u00a0\u00bbancestors\u00a0\u00bb:{\u00ab\u00a0burger-menu\u00a0\u00bb:[\u00ab\u00a0https:\/\/www.leparisien.fr\/\u00a0\u00bb],\u00a0\u00bbfooter\u00a0\u00bb:[\u00ab\u00a0https:\/\/www.leparisien.fr\/\u00a0\u00bb],\u00a0\u00bbnavbar\u00a0\u00bb:[\u00ab\u00a0https:\/\/www.leparisien.fr\/\u00a0\u00bb],\u00a0\u00bbAppmobile_burger-menu\u00a0\u00bb:[\u00ab\u00a0https:\/\/www.leparisien.fr\/\u00a0\u00bb,\u00a0\u00bb\/actualit\u00e9s\u00a0\u00bb],\u00a0\u00bbWebsked-plans\u00a0\u00bb:[\u00ab\u00a0https:\/\/www.leparisien.fr\/\u00a0\u00bb],\u00a0\u00bbmosaic_app\u00a0\u00bb:[\u00ab\u00a0https:\/\/www.leparisien.fr\/\u00a0\u00bb],\u00a0\u00bbburger-menu-etudiant\u00a0\u00bb:[],\u00a0\u00bbnav\u00a0\u00bb:[\u00ab\u00a0https:\/\/www.leparisien.fr\/\u00a0\u00bb],\u00a0\u00bbmenu\u00a0\u00bb:[\u00ab\u00a0https:\/\/www.leparisien.fr\/\u00a0\u00bb],\u00a0\u00bbsub-nav\u00a0\u00bb:[\u00ab\u00a0https:\/\/www.leparisien.fr\/\u00a0\u00bb],\u00a0\u00bbmobile-menu-sections-list\u00a0\u00bb:[\u00ab\u00a0https:\/\/www.leparisien.fr\/\u00a0\u00bb],\u00a0\u00bbdefault\u00a0\u00bb:[\u00ab\u00a0https:\/\/www.leparisien.fr\/\u00a0\u00bb],\u00a0\u00bbsurfooter\u00a0\u00bb:[\u00ab\u00a0https:\/\/www.leparisien.fr\/\u00a0\u00bb]},\u00a0\u00bbparent\u00a0\u00bb:{\u00ab\u00a0default\u00a0\u00bb:\u00a0\u00bbhttps:\/\/www.leparisien.fr\/\u00a0\u00bb,\u00a0\u00bbburger-menu\u00a0\u00bb:\u00a0\u00bbhttps:\/\/www.leparisien.fr\/\u00a0\u00bb,\u00a0\u00bbfooter\u00a0\u00bb:\u00a0\u00bbhttps:\/\/www.leparisien.fr\/\u00a0\u00bb,\u00a0\u00bbnavbar\u00a0\u00bb:\u00a0\u00bbhttps:\/\/www.leparisien.fr\/\u00a0\u00bb,\u00a0\u00bbAppmobile_burger-menu\u00a0\u00bb:\u00a0\u00bb\/actualit\u00e9s\u00a0\u00bb,\u00a0\u00bbsub-nav\u00a0\u00bb:\u00a0\u00bbhttps:\/\/www.leparisien.fr\/\u00a0\u00bb,\u00a0\u00bbWebsked-plans\u00a0\u00bb:\u00a0\u00bbhttps:\/\/www.leparisien.fr\/\u00a0\u00bb,\u00a0\u00bbmosaic_app\u00a0\u00bb:\u00a0\u00bbhttps:\/\/www.leparisien.fr\/\u00a0\u00bb,\u00a0\u00bbburger-menu-etudiant\u00a0\u00bb:null,\u00a0\u00bbnav\u00a0\u00bb:\u00a0\u00bbhttps:\/\/www.leparisien.fr\/\u00a0\u00bb,\u00a0\u00bbmenu\u00a0\u00bb:\u00a0\u00bbhttps:\/\/www.leparisien.fr\/\u00a0\u00bb,\u00a0\u00bbMaillage_SEO_Surfooter\u00a0\u00bb:\u00a0\u00bbhttps:\/\/www.leparisien.fr\/\u00a0\u00bb,\u00a0\u00bbmobile-menu-sections-list\u00a0\u00bb:\u00a0\u00bbhttps:\/\/www.leparisien.fr\/\u00a0\u00bb,\u00a0\u00bbsurfooter\u00a0\u00bb:\u00a0\u00bbhttps:\/\/www.leparisien.fr\/\u00a0\u00bb},\u00a0\u00bborder\u00a0\u00bb:{\u00ab\u00a0burger-menu\u00a0\u00bb:1012,\u00a0\u00bbnavbar\u00a0\u00bb:1003,\u00a0\u00bbAppmobile_burger-menu\u00a0\u00bb:2002,\u00a0\u00bbsub-nav\u00a0\u00bb:1019,\u00a0\u00bbWebsked-plans\u00a0\u00bb:1019,\u00a0\u00bbmosaic_app\u00a0\u00bb:1006,\u00a0\u00bbdefault\u00a0\u00bb:1065,\u00a0\u00bbnav\u00a0\u00bb:1008,\u00a0\u00bbmenu\u00a0\u00bb:1011,\u00a0\u00bbMaillage_SEO_Surfooter\u00a0\u00bb:1062,\u00a0\u00bbfooter\u00a0\u00bb:1027,\u00a0\u00bbmobile-menu-sections-list\u00a0\u00bb:1025,\u00a0\u00bbsurfooter\u00a0\u00bb:1027},\u00a0\u00bbGoogle Analytics\u00a0\u00bb:{\u00ab\u00a0ga_name_level_1&Prime;:\u00a0\u00bbsociete\u00a0\u00bb,\u00a0\u00bbga_name_level_2&Prime;:null,\u00a0\u00bbga_name_level_3&Prime;:null},\u00a0\u00bbMobile\u00a0\u00bb:{\u00ab\u00a0background_color_section\u00a0\u00bb:\u00a0\u00bb#522130&Prime;,\u00a0\u00bbbackground_image_section\u00a0\u00bb:\u00a0\u00bbhttps:\/\/assets.leparisien.fr\/mobile\/images\/explorer\/societe.png\u00a0\u00bb},\u00a0\u00bbNewsletter\u00a0\u00bb:{\u00ab\u00a0newsletter_color\u00a0\u00bb:\u00a0\u00bb#1EA0E6&Prime;,\u00a0\u00bbnewsletter_image\u00a0\u00bb:\u00a0\u00bbnewsletter-essentiel-matin-logo.png\u00a0\u00bb,\u00a0\u00bbnewsletter_label\u00a0\u00bb:\u00a0\u00bbL&rsquo;essentiel du matin\u00a0\u00bb,\u00a0\u00bbnewsletter_optin\u00a0\u00bb:\u00a0\u00bboptin_newsletter\u00a0\u00bb,\u00a0\u00bbnewsletter_title\u00a0\u00bb:\u00a0\u00bbUn tour de l&rsquo;actualit\u00e9 pour commencer la journ\u00e9e\u00a0\u00bb},\u00a0\u00bbSponsor\u00a0\u00bb:{\u00ab\u00a0collection_id_for_pinned_content\u00a0\u00bb:\u00a0\u00bb7FXP33PF7BDLLOE4HLBS3WJLVM\u00a0\u00bb},\u00a0\u00bb_admin\u00a0\u00bb:{\u00ab\u00a0alias_ids\u00a0\u00bb:[]},\u00a0\u00bbheader\u00a0\u00bb:{\u00ab\u00a0title_logo_only\u00a0\u00bb:\u00a0\u00bbfalse\u00a0\u00bb},\u00a0\u00bbsite\u00a0\u00bb:{\u00ab\u00a0section_show_videos\u00a0\u00bb:\u00a0\u00bbfalse\u00a0\u00bb,\u00a0\u00bbsite_description\u00a0\u00bb:\u00a0\u00bbRetrouvez toute l&rsquo;actualit\u00e9 Soci\u00e9t\u00e9 en France. Tous les articles, les vid\u00e9os et les infographies de la rubrique Soci\u00e9t\u00e9 sur Le Parisien.\u00a0\u00bb,\u00a0\u00bbsite_title\u00a0\u00bb:\u00a0\u00bbSoci\u00e9t\u00e9 : Toute l&rsquo;actualit\u00e9 Soci\u00e9t\u00e9 &#8211; Le Parisien\u00a0\u00bb},\u00a0\u00bbstory_list\u00a0\u00bb:{\u00ab\u00a0story_list_content\u00a0\u00bb:{}},\u00a0\u00bbnode_type\u00a0\u00bb:\u00a0\u00bbsection\u00a0\u00bb}},\u00a0\u00bb_website_section_id\u00a0\u00bb:\u00a0\u00bbleparisien.\/societe\u00a0\u00bb}],\u00a0\u00bbsites\u00a0\u00bb:[{\u00ab\u00a0_id\u00a0\u00bb:\u00a0\u00bb\/environnement\/climat\u00a0\u00bb,\u00a0\u00bbtype\u00a0\u00bb:\u00a0\u00bbsite\u00a0\u00bb,\u00a0\u00bbversion\u00a0\u00bb:\u00a0\u00bb0.5.8&Prime;,\u00a0\u00bbname\u00a0\u00bb:\u00a0\u00bbClimat\u00a0\u00bb,\u00a0\u00bbdescription\u00a0\u00bb:\u00a0\u00bbRetrouvez toute l&rsquo;actualit\u00e9 sur le climat avec Le Parisien : enjeux et cons\u00e9quences du r\u00e9chauffement climatique, politiques environnementales, d\u00e9cisions et r\u00e9solutions des COP&#8230;\u00a0\u00bb,\u00a0\u00bbpath\u00a0\u00bb:\u00a0\u00bb\/environnement\/climat\u00a0\u00bb,\u00a0\u00bbparent_id\u00a0\u00bb:\u00a0\u00bb\/environnement\u00a0\u00bb,\u00a0\u00bbadditional_properties\u00a0\u00bb:{\u00ab\u00a0original\u00a0\u00bb:{\u00ab\u00a0_id\u00a0\u00bb:\u00a0\u00bb\/environnement\/climat\u00a0\u00bb,\u00a0\u00bbname\u00a0\u00bb:\u00a0\u00bbClimat\u00a0\u00bb,\u00a0\u00bbinactive\u00a0\u00bb:false,\u00a0\u00bbancestors\u00a0\u00bb:{\u00ab\u00a0default\u00a0\u00bb:[\u00ab\u00a0\/environnement\u00a0\u00bb],\u00a0\u00bbWebsked-plans\u00a0\u00bb:[\u00ab\u00a0https:\/\/www.leparisien.fr\/\u00a0\u00bb,\u00a0\u00bb\/futurs\u00a0\u00bb,\u00a0\u00bb\/environnement\u00a0\u00bb],\u00a0\u00bbsub-nav\u00a0\u00bb:[\u00ab\u00a0https:\/\/www.leparisien.fr\/\u00a0\u00bb,\u00a0\u00bb\/futurs\u00a0\u00bb,\u00a0\u00bb\/environnement\u00a0\u00bb],\u00a0\u00bbmenu\u00a0\u00bb:[\u00ab\u00a0https:\/\/www.leparisien.fr\/\u00a0\u00bb,\u00a0\u00bb\/futurs\u00a0\u00bb],\u00a0\u00bbburger-menu-etudiant\u00a0\u00bb:[],\u00a0\u00bbmobile-menu-sections-list\u00a0\u00bb:[\u00ab\u00a0https:\/\/www.leparisien.fr\/\u00a0\u00bb]},\u00a0\u00bbparent\u00a0\u00bb:{\u00ab\u00a0default\u00a0\u00bb:\u00a0\u00bb\/environnement\u00a0\u00bb,\u00a0\u00bbWebsked-plans\u00a0\u00bb:\u00a0\u00bb\/environnement\u00a0\u00bb,\u00a0\u00bbsub-nav\u00a0\u00bb:\u00a0\u00bb\/environnement\u00a0\u00bb,\u00a0\u00bbmenu\u00a0\u00bb:\u00a0\u00bb\/futurs\u00a0\u00bb,\u00a0\u00bbburger-menu-etudiant\u00a0\u00bb:null,\u00a0\u00bbmobile-menu-sections-list\u00a0\u00bb:\u00a0\u00bbhttps:\/\/www.leparisien.fr\/\u00a0\u00bb},\u00a0\u00bborder\u00a0\u00bb:{\u00ab\u00a0Websked-plans\u00a0\u00bb:3001,\u00a0\u00bbdefault\u00a0\u00bb:3001,\u00a0\u00bbsub-nav\u00a0\u00bb:3001,\u00a0\u00bbmenu\u00a0\u00bb:2002,\u00a0\u00bbmobile-menu-sections-list\u00a0\u00bb:1022},\u00a0\u00bbGoogle Analytics\u00a0\u00bb:{\u00ab\u00a0ga_name_level_1&Prime;:\u00a0\u00bbenvironnement\u00a0\u00bb,\u00a0\u00bbga_name_level_2&Prime;:\u00a0\u00bbclimat\u00a0\u00bb,\u00a0\u00bbga_name_level_3&Prime;:null},\u00a0\u00bbMobile\u00a0\u00bb:{\u00ab\u00a0alternative_title\u00a0\u00bb:null,\u00a0\u00bbbackground_color_section\u00a0\u00bb:\u00a0\u00bb#C0C0C0&Prime;,\u00a0\u00bbbackground_image_section\u00a0\u00bb:null,\u00a0\u00bblabel\u00a0\u00bb:null,\u00a0\u00bbsection_collection_id\u00a0\u00bb:null,\u00a0\u00bbxtpage\u00a0\u00bb:null},\u00a0\u00bbNewsletter\u00a0\u00bb:{\u00ab\u00a0module_message\u00a0\u00bb:null,\u00a0\u00bbnewsletter_color\u00a0\u00bb:\u00a0\u00bb#018354&Prime;,\u00a0\u00bbnewsletter_image\u00a0\u00bb:\u00a0\u00bbnewsletter-environnement-logo.png\u00a0\u00bb,\u00a0\u00bbnewsletter_label\u00a0\u00bb:\u00a0\u00bbMa Terre\u00a0\u00bb,\u00a0\u00bbnewsletter_name\u00a0\u00bb:null,\u00a0\u00bbnewsletter_optin\u00a0\u00bb:\u00a0\u00bboptin_newsletter_thematique_environnement\u00a0\u00bb,\u00a0\u00bbnewsletter_slug\u00a0\u00bb:\u00a0\u00bbenvironnement\u00a0\u00bb,\u00a0\u00bbnewsletter_title\u00a0\u00bb:\u00a0\u00bbL&rsquo;environnement et la conso responsable\u00a0\u00bb},\u00a0\u00bbSponsor\u00a0\u00bb:{\u00ab\u00a0collection_id_for_pinned_content\u00a0\u00bb:\u00a0\u00bbORFEXQ5HDNDHLDU2DBJOXZCNGA\u00a0\u00bb,\u00a0\u00bbsponsor_logo_url\u00a0\u00bb:null,\u00a0\u00bbsponsor_message\u00a0\u00bb:null,\u00a0\u00bbsponsor_name\u00a0\u00bb:null,\u00a0\u00bbsponsor_type\u00a0\u00bb:null},\u00a0\u00bb_admin\u00a0\u00bb:{\u00ab\u00a0alias_ids\u00a0\u00bb:[\u00ab\u00a0\/environnement\/climat\u00a0\u00bb],\u00a0\u00bbcommercial_node\u00a0\u00bb:null,\u00a0\u00bbdefault_content\u00a0\u00bb:null,\u00a0\u00bbdo_not_show_on_site\u00a0\u00bb:null,\u00a0\u00bbtracking_node\u00a0\u00bb:null},\u00a0\u00bbagenda\u00a0\u00bb:{\u00ab\u00a0agenda_header_description\u00a0\u00bb:\u00a0\u00bbHeader description par defaut\u00a0\u00bb,\u00a0\u00bbagenda_header_title_seo\u00a0\u00bb:null,\u00a0\u00bbagenda_middle_block_description\u00a0\u00bb:null,\u00a0\u00bbagenda_middle_block_title\u00a0\u00bb:null},\u00a0\u00bbheader\u00a0\u00bb:{\u00ab\u00a0header_presentation\u00a0\u00bb:null,\u00a0\u00bbtitle_logo_only\u00a0\u00bb:\u00a0\u00bbfalse\u00a0\u00bb,\u00a0\u00bbtitle_logo_size_desktop\u00a0\u00bb:null,\u00a0\u00bbtitle_logo_size_mobile\u00a0\u00bb:null,\u00a0\u00bbtitle_logo_url\u00a0\u00bb:null},\u00a0\u00bbin_the_news\u00a0\u00bb:{\u00ab\u00a0in_the_news_usebasepage\u00a0\u00bb:\u00a0\u00bb\/in-the-news-forsections\/\u00a0\u00bb,\u00a0\u00bbin_the_news_usefeature\u00a0\u00bb:null,\u00a0\u00bbin_the_news_usesectionbar\u00a0\u00bb:\u00a0\u00bbfalse\u00a0\u00bb},\u00a0\u00bbnavigation\u00a0\u00bb:{\u00ab\u00a0display_in_top_strip\u00a0\u00bb:null,\u00a0\u00bbnav_display\u00a0\u00bb:null,\u00a0\u00bbnav_title\u00a0\u00bb:null},\u00a0\u00bbsite\u00a0\u00bb:{\u00ab\u00a0amp_deactivated\u00a0\u00bb:\u00a0\u00bbfalse\u00a0\u00bb,\u00a0\u00bbis_clickable_on_menu\u00a0\u00bb:\u00a0\u00bbtrue\u00a0\u00bb,\u00a0\u00bbnative_app_rendering\u00a0\u00bb:null,\u00a0\u00bbpagebuilder_path_for_native_apps\u00a0\u00bb:null,\u00a0\u00bbpaywall_deactivated\u00a0\u00bb:\u00a0\u00bbfalse\u00a0\u00bb,\u00a0\u00bbpresentation\u00a0\u00bb:null,\u00a0\u00bbsection_show_timestamp\u00a0\u00bb:\u00a0\u00bbtrue\u00a0\u00bb,\u00a0\u00bbsection_show_videos\u00a0\u00bb:\u00a0\u00bbfalse\u00a0\u00bb,\u00a0\u00bbsection_type\u00a0\u00bb:null,\u00a0\u00bbshow_event_subnav\u00a0\u00bb:\u00a0\u00bbfalse\u00a0\u00bb,\u00a0\u00bbsite_about\u00a0\u00bb:null,\u00a0\u00bbsite_description\u00a0\u00bb:\u00a0\u00bbRetrouvez toute l&rsquo;actualit\u00e9 sur le climat avec Le Parisien : enjeux et cons\u00e9quences du r\u00e9chauffement climatique, politiques environnementales, d\u00e9cisions et r\u00e9solutions des COP&#8230;\u00a0\u00bb,\u00a0\u00bbsite_keywords\u00a0\u00bb:null,\u00a0\u00bbsite_tagline\u00a0\u00bb:null,\u00a0\u00bbsite_title\u00a0\u00bb:\u00a0\u00bbClimat : toute l&rsquo;actualit\u00e9, vid\u00e9os, infographies sur le r\u00e9chauffement et les enjeux climatiques &#8211; Le Parisien\u00a0\u00bb,\u00a0\u00bbsite_url\u00a0\u00bb:null},\u00a0\u00bbsocial\u00a0\u00bb:{\u00ab\u00a0archives\u00a0\u00bb:null,\u00a0\u00bbfacebook\u00a0\u00bb:null,\u00a0\u00bbrss\u00a0\u00bb:null,\u00a0\u00bbtwitter\u00a0\u00bb:null},\u00a0\u00bbstory_list\u00a0\u00bb:{\u00ab\u00a0story_list_content\u00a0\u00bb:{}}}}},{\u00ab\u00a0_id\u00a0\u00bb:\u00a0\u00bb\/environnement\u00a0\u00bb,\u00a0\u00bbtype\u00a0\u00bb:\u00a0\u00bbsite\u00a0\u00bb,\u00a0\u00bbversion\u00a0\u00bb:\u00a0\u00bb0.5.8&Prime;,\u00a0\u00bbname\u00a0\u00bb:\u00a0\u00bbEnvironnement\u00a0\u00bb,\u00a0\u00bbdescription\u00a0\u00bb:\u00a0\u00bbToute l&rsquo;actualit\u00e9 de l&rsquo;environnement, du changement climatique et de la consommation responsable, les conseils pour agir pour notre plan\u00e8te, des solutions z\u00e9ro d\u00e9chet, la protection des \u00e9cosyst\u00e8mes\u00a0\u00bb,\u00a0\u00bbpath\u00a0\u00bb:\u00a0\u00bb\/environnement\u00a0\u00bb,\u00a0\u00bbparent_id\u00a0\u00bb:\u00a0\u00bb\/futurs\u00a0\u00bb,\u00a0\u00bbadditional_properties\u00a0\u00bb:{\u00ab\u00a0original\u00a0\u00bb:{\u00ab\u00a0_id\u00a0\u00bb:\u00a0\u00bb\/environnement\u00a0\u00bb,\u00a0\u00bbname\u00a0\u00bb:\u00a0\u00bbEnvironnement\u00a0\u00bb,\u00a0\u00bbinactive\u00a0\u00bb:false,\u00a0\u00bbancestors\u00a0\u00bb:{\u00ab\u00a0burger-menu\u00a0\u00bb:[\u00ab\u00a0https:\/\/www.leparisien.fr\/\u00a0\u00bb],\u00a0\u00bbfooter\u00a0\u00bb:[\u00ab\u00a0https:\/\/www.leparisien.fr\/\u00a0\u00bb],\u00a0\u00bbsub-nav\u00a0\u00bb:[\u00ab\u00a0https:\/\/www.leparisien.fr\/\u00a0\u00bb,\u00a0\u00bb\/futurs\u00a0\u00bb],\u00a0\u00bbmosaic_app\u00a0\u00bb:[],\u00a0\u00bbWebsked-plans\u00a0\u00bb:[\u00ab\u00a0https:\/\/www.leparisien.fr\/\u00a0\u00bb,\u00a0\u00bb\/futurs\u00a0\u00bb],\u00a0\u00bbburger-menu-etudiant\u00a0\u00bb:[],\u00a0\u00bbmenu\u00a0\u00bb:[\u00ab\u00a0https:\/\/www.leparisien.fr\/\u00a0\u00bb,\u00a0\u00bb\/futurs\u00a0\u00bb],\u00a0\u00bbdefault\u00a0\u00bb:[\u00ab\u00a0\/futurs\u00a0\u00bb],\u00a0\u00bbmobile-menu-sections-list\u00a0\u00bb:[\u00ab\u00a0https:\/\/www.leparisien.fr\/\u00a0\u00bb],\u00a0\u00bbsurfooter\u00a0\u00bb:[\u00ab\u00a0https:\/\/www.leparisien.fr\/\u00a0\u00bb]},\u00a0\u00bbparent\u00a0\u00bb:{\u00ab\u00a0default\u00a0\u00bb:\u00a0\u00bb\/futurs\u00a0\u00bb,\u00a0\u00bbburger-menu\u00a0\u00bb:\u00a0\u00bbhttps:\/\/www.leparisien.fr\/\u00a0\u00bb,\u00a0\u00bbfooter\u00a0\u00bb:\u00a0\u00bbhttps:\/\/www.leparisien.fr\/\u00a0\u00bb,\u00a0\u00bbsub-nav\u00a0\u00bb:\u00a0\u00bb\/futurs\u00a0\u00bb,\u00a0\u00bbmosaic_app\u00a0\u00bb:null,\u00a0\u00bbWebsked-plans\u00a0\u00bb:\u00a0\u00bb\/futurs\u00a0\u00bb,\u00a0\u00bbburger-menu-etudiant\u00a0\u00bb:null,\u00a0\u00bbmenu\u00a0\u00bb:\u00a0\u00bb\/futurs\u00a0\u00bb,\u00a0\u00bbMaillage_SEO_Surfooter\u00a0\u00bb:\u00a0\u00bbhttps:\/\/www.leparisien.fr\/\u00a0\u00bb,\u00a0\u00bbmobile-menu-sections-list\u00a0\u00bb:\u00a0\u00bbhttps:\/\/www.leparisien.fr\/\u00a0\u00bb,\u00a0\u00bbsurfooter\u00a0\u00bb:\u00a0\u00bbhttps:\/\/www.leparisien.fr\/\u00a0\u00bb},\u00a0\u00bborder\u00a0\u00bb:{\u00ab\u00a0default\u00a0\u00bb:2001,\u00a0\u00bbburger-menu\u00a0\u00bb:1009,\u00a0\u00bbWebsked-plans\u00a0\u00bb:2001,\u00a0\u00bbmenu\u00a0\u00bb:2001,\u00a0\u00bbMaillage_SEO_Surfooter\u00a0\u00bb:1093,\u00a0\u00bbsub-nav\u00a0\u00bb:2002,\u00a0\u00bbfooter\u00a0\u00bb:1017,\u00a0\u00bbmobile-menu-sections-list\u00a0\u00bb:1019,\u00a0\u00bbsurfooter\u00a0\u00bb:1017},\u00a0\u00bbGoogle Analytics\u00a0\u00bb:{\u00ab\u00a0ga_name_level_1&Prime;:\u00a0\u00bbenvironnement\u00a0\u00bb,\u00a0\u00bbga_name_level_2&Prime;:null,\u00a0\u00bbga_name_level_3&Prime;:null},\u00a0\u00bbMobile\u00a0\u00bb:{\u00ab\u00a0background_color_section\u00a0\u00bb:\u00a0\u00bb#315544&Prime;,\u00a0\u00bbbackground_image_section\u00a0\u00bb:\u00a0\u00bbhttps:\/\/leparisien-assets-prod.s3-eu-west-1.amazonaws.com\/mobile\/images\/explorer\/environnement.png\u00a0\u00bb},\u00a0\u00bbNewsletter\u00a0\u00bb:{\u00ab\u00a0module_message\u00a0\u00bb:null,\u00a0\u00bbnewsletter_color\u00a0\u00bb:\u00a0\u00bb#018354&Prime;,\u00a0\u00bbnewsletter_image\u00a0\u00bb:\u00a0\u00bbnewsletter-environnement-logo.png\u00a0\u00bb,\u00a0\u00bbnewsletter_label\u00a0\u00bb:\u00a0\u00bbMa Terre\u00a0\u00bb,\u00a0\u00bbnewsletter_name\u00a0\u00bb:null,\u00a0\u00bbnewsletter_optin\u00a0\u00bb:\u00a0\u00bboptin_newsletter_thematique_environnement\u00a0\u00bb,\u00a0\u00bbnewsletter_slug\u00a0\u00bb:\u00a0\u00bbenvironnement\u00a0\u00bb,\u00a0\u00bbnewsletter_title\u00a0\u00bb:\u00a0\u00bbL&rsquo;environnement et la conso responsable\u00a0\u00bb},\u00a0\u00bbSponsor\u00a0\u00bb:{\u00ab\u00a0collection_id_for_pinned_content\u00a0\u00bb:\u00a0\u00bbORFEXQ5HDNDHLDU2DBJOXZCNGA\u00a0\u00bb},\u00a0\u00bb_admin\u00a0\u00bb:{\u00ab\u00a0alias_ids\u00a0\u00bb:[]},\u00a0\u00bbheader\u00a0\u00bb:{\u00ab\u00a0title_logo_only\u00a0\u00bb:\u00a0\u00bbfalse\u00a0\u00bb,\u00a0\u00bbtitle_logo_size_desktop\u00a0\u00bb:null,\u00a0\u00bbtitle_logo_size_mobile\u00a0\u00bb:null,\u00a0\u00bbtitle_logo_url\u00a0\u00bb:null},\u00a0\u00bbsite\u00a0\u00bb:{\u00ab\u00a0site_description\u00a0\u00bb:\u00a0\u00bbToute l&rsquo;actualit\u00e9 de l&rsquo;environnement, du changement climatique et de la consommation responsable, les conseils pour agir pour notre plan\u00e8te, des solutions z\u00e9ro d\u00e9chet, la protection des \u00e9cosyst\u00e8mes\u00a0\u00bb,\u00a0\u00bbsite_title\u00a0\u00bb:\u00a0\u00bbEnvironnement : toute l&rsquo;information sur notre plan\u00e8te, l&rsquo;\u00e9cologie ou la consommation responsable &#8211; Le Parisien\u00a0\u00bb},\u00a0\u00bbsocial\u00a0\u00bb:{\u00ab\u00a0facebook\u00a0\u00bb:\u00a0\u00bbhttps:\/\/www.facebook.com\/leparisienmaterre\/\u00a0\u00bb,\u00a0\u00bbtwitter\u00a0\u00bb:\u00a0\u00bbhttps:\/\/twitter.com\/LP_MaTerre\u00a0\u00bb},\u00a0\u00bbstory_list\u00a0\u00bb:{\u00ab\u00a0story_list_content\u00a0\u00bb:{}},\u00a0\u00bbevent_logo_desktop_height\u00a0\u00bb:\u00a0\u00bb48&Prime;,\u00a0\u00bbevent_logo_desktop_width\u00a0\u00bb:\u00a0\u00bb202&Prime;,\u00a0\u00bbevent_logo_mobile_height\u00a0\u00bb:\u00a0\u00bb32&Prime;,\u00a0\u00bbevent_logo_mobile_width\u00a0\u00bb:\u00a0\u00bb135&Prime;,\u00a0\u00bbevent_logo_tablet_height\u00a0\u00bb:\u00a0\u00bb40&Prime;,\u00a0\u00bbevent_logo_tablet_width\u00a0\u00bb:\u00a0\u00bb168&Prime;,\u00a0\u00bbevent_logo_url\u00a0\u00bb:\u00a0\u00bbhttps:\/\/leparisien-assets-prod.s3.eu-west-1.amazonaws.com\/website\/images\/events_logo\/ma-terre.svg\u00a0\u00bb}}},{\u00ab\u00a0_id\u00a0\u00bb:\u00a0\u00bb\/futurs\u00a0\u00bb,\u00a0\u00bbtype\u00a0\u00bb:\u00a0\u00bbsite\u00a0\u00bb,\u00a0\u00bbversion\u00a0\u00bb:\u00a0\u00bb0.5.8&Prime;,\u00a0\u00bbname\u00a0\u00bb:\u00a0\u00bbFuturs\u00a0\u00bb,\u00a0\u00bbdescription\u00a0\u00bb:\u00a0\u00bbFuturs : suivez l&rsquo;actualit\u00e9 environnement, r\u00e9chauffement climatique, sciences, m\u00e9decine et high-tech.\u00a0\u00bb,\u00a0\u00bbpath\u00a0\u00bb:\u00a0\u00bb\/futurs\u00a0\u00bb,\u00a0\u00bbparent_id\u00a0\u00bb:\u00a0\u00bbhttps:\/\/www.leparisien.fr\/\u00a0\u00bb,\u00a0\u00bbadditional_properties\u00a0\u00bb:{\u00ab\u00a0original\u00a0\u00bb:{\u00ab\u00a0_id\u00a0\u00bb:\u00a0\u00bb\/futurs\u00a0\u00bb,\u00a0\u00bbname\u00a0\u00bb:\u00a0\u00bbFuturs\u00a0\u00bb,\u00a0\u00bbinactive\u00a0\u00bb:false,\u00a0\u00bbancestors\u00a0\u00bb:{\u00ab\u00a0default\u00a0\u00bb:[\u00ab\u00a0https:\/\/www.leparisien.fr\/\u00a0\u00bb],\u00a0\u00bbWebsked-plans\u00a0\u00bb:[\u00ab\u00a0https:\/\/www.leparisien.fr\/\u00a0\u00bb],\u00a0\u00bbsub-nav\u00a0\u00bb:[\u00ab\u00a0https:\/\/www.leparisien.fr\/\u00a0\u00bb],\u00a0\u00bbmenu\u00a0\u00bb:[\u00ab\u00a0https:\/\/www.leparisien.fr\/\u00a0\u00bb],\u00a0\u00bbburger-menu-etudiant\u00a0\u00bb:[],\u00a0\u00bbmobile-menu-sections-list\u00a0\u00bb:[]},\u00a0\u00bbparent\u00a0\u00bb:{\u00ab\u00a0default\u00a0\u00bb:\u00a0\u00bbhttps:\/\/www.leparisien.fr\/\u00a0\u00bb,\u00a0\u00bbWebsked-plans\u00a0\u00bb:\u00a0\u00bbhttps:\/\/www.leparisien.fr\/\u00a0\u00bb,\u00a0\u00bbsub-nav\u00a0\u00bb:\u00a0\u00bbhttps:\/\/www.leparisien.fr\/\u00a0\u00bb,\u00a0\u00bbmenu\u00a0\u00bb:\u00a0\u00bbhttps:\/\/www.leparisien.fr\/\u00a0\u00bb,\u00a0\u00bbburger-menu-etudiant\u00a0\u00bb:null,\u00a0\u00bbmobile-menu-sections-list\u00a0\u00bb:null},\u00a0\u00bborder\u00a0\u00bb:{\u00ab\u00a0Websked-plans\u00a0\u00bb:1008,\u00a0\u00bbdefault\u00a0\u00bb:1011,\u00a0\u00bbsub-nav\u00a0\u00bb:1011,\u00a0\u00bbmenu\u00a0\u00bb:1010},\u00a0\u00bbGoogle Analytics\u00a0\u00bb:{\u00ab\u00a0ga_name_level_1&Prime;:\u00a0\u00bbfuturs\u00a0\u00bb,\u00a0\u00bbga_name_level_2&Prime;:null,\u00a0\u00bbga_name_level_3&Prime;:null},\u00a0\u00bbMobile\u00a0\u00bb:{\u00ab\u00a0alternative_title\u00a0\u00bb:null,\u00a0\u00bbbackground_color_section\u00a0\u00bb:\u00a0\u00bb#C0C0C0&Prime;,\u00a0\u00bbbackground_image_section\u00a0\u00bb:null,\u00a0\u00bblabel\u00a0\u00bb:null,\u00a0\u00bbsection_collection_id\u00a0\u00bb:null,\u00a0\u00bbxtpage\u00a0\u00bb:null},\u00a0\u00bbNewsletter\u00a0\u00bb:{\u00ab\u00a0module_message\u00a0\u00bb:null,\u00a0\u00bbnewsletter_color\u00a0\u00bb:null,\u00a0\u00bbnewsletter_image\u00a0\u00bb:null,\u00a0\u00bbnewsletter_label\u00a0\u00bb:null,\u00a0\u00bbnewsletter_name\u00a0\u00bb:null,\u00a0\u00bbnewsletter_optin\u00a0\u00bb:null,\u00a0\u00bbnewsletter_slug\u00a0\u00bb:\u00a0\u00bbenvironnement\u00a0\u00bb,\u00a0\u00bbnewsletter_title\u00a0\u00bb:null},\u00a0\u00bbSponsor\u00a0\u00bb:{\u00ab\u00a0collection_id_for_pinned_content\u00a0\u00bb:\u00a0\u00bbDRQEAZ7ZSNCKVGXUUVL5KZK7XU\u00a0\u00bb,\u00a0\u00bbsponsor_logo_url\u00a0\u00bb:null,\u00a0\u00bbsponsor_message\u00a0\u00bb:null,\u00a0\u00bbsponsor_name\u00a0\u00bb:null,\u00a0\u00bbsponsor_type\u00a0\u00bb:null},\u00a0\u00bb_admin\u00a0\u00bb:{\u00ab\u00a0alias_ids\u00a0\u00bb:[\u00ab\u00a0\/futurs\u00a0\u00bb],\u00a0\u00bbcommercial_node\u00a0\u00bb:null,\u00a0\u00bbdefault_content\u00a0\u00bb:null,\u00a0\u00bbdo_not_show_on_site\u00a0\u00bb:null,\u00a0\u00bbtracking_node\u00a0\u00bb:null},\u00a0\u00bbagenda\u00a0\u00bb:{\u00ab\u00a0agenda_header_description\u00a0\u00bb:\u00a0\u00bbHeader description par defaut\u00a0\u00bb,\u00a0\u00bbagenda_header_title_seo\u00a0\u00bb:null,\u00a0\u00bbagenda_middle_block_description\u00a0\u00bb:null,\u00a0\u00bbagenda_middle_block_title\u00a0\u00bb:null},\u00a0\u00bbheader\u00a0\u00bb:{\u00ab\u00a0header_presentation\u00a0\u00bb:null,\u00a0\u00bbtitle_logo_only\u00a0\u00bb:\u00a0\u00bbfalse\u00a0\u00bb,\u00a0\u00bbtitle_logo_size_desktop\u00a0\u00bb:null,\u00a0\u00bbtitle_logo_size_mobile\u00a0\u00bb:null,\u00a0\u00bbtitle_logo_url\u00a0\u00bb:null},\u00a0\u00bbin_the_news\u00a0\u00bb:{\u00ab\u00a0in_the_news_usebasepage\u00a0\u00bb:\u00a0\u00bb\/in-the-news-forsections\/\u00a0\u00bb,\u00a0\u00bbin_the_news_usefeature\u00a0\u00bb:null,\u00a0\u00bbin_the_news_usesectionbar\u00a0\u00bb:\u00a0\u00bbfalse\u00a0\u00bb},\u00a0\u00bbnavigation\u00a0\u00bb:{\u00ab\u00a0display_in_top_strip\u00a0\u00bb:null,\u00a0\u00bbnav_display\u00a0\u00bb:null,\u00a0\u00bbnav_title\u00a0\u00bb:null},\u00a0\u00bbsite\u00a0\u00bb:{\u00ab\u00a0amp_deactivated\u00a0\u00bb:\u00a0\u00bbfalse\u00a0\u00bb,\u00a0\u00bbis_clickable_on_menu\u00a0\u00bb:\u00a0\u00bbtrue\u00a0\u00bb,\u00a0\u00bbnative_app_rendering\u00a0\u00bb:null,\u00a0\u00bbpagebuilder_path_for_native_apps\u00a0\u00bb:null,\u00a0\u00bbpaywall_deactivated\u00a0\u00bb:\u00a0\u00bbfalse\u00a0\u00bb,\u00a0\u00bbpresentation\u00a0\u00bb:null,\u00a0\u00bbsection_show_timestamp\u00a0\u00bb:\u00a0\u00bbtrue\u00a0\u00bb,\u00a0\u00bbsection_show_videos\u00a0\u00bb:\u00a0\u00bbfalse\u00a0\u00bb,\u00a0\u00bbshow_event_subnav\u00a0\u00bb:\u00a0\u00bbfalse\u00a0\u00bb,\u00a0\u00bbsite_about\u00a0\u00bb:null,\u00a0\u00bbsite_description\u00a0\u00bb:\u00a0\u00bbFuturs : suivez l&rsquo;actualit\u00e9 environnement, r\u00e9chauffement climatique, sciences, m\u00e9decine et high-tech.\u00a0\u00bb,\u00a0\u00bbsite_keywords\u00a0\u00bb:null,\u00a0\u00bbsite_tagline\u00a0\u00bb:null,\u00a0\u00bbsite_title\u00a0\u00bb:\u00a0\u00bbFuturs : environnement, r\u00e9chauffement climatique, sciences, m\u00e9decine et high-tech &#8211; Le Parisien\u00a0\u00bb,\u00a0\u00bbsite_url\u00a0\u00bb:null},\u00a0\u00bbsocial\u00a0\u00bb:{\u00ab\u00a0archives\u00a0\u00bb:null,\u00a0\u00bbfacebook\u00a0\u00bb:null,\u00a0\u00bbrss\u00a0\u00bb:null,\u00a0\u00bbtwitter\u00a0\u00bb:null},\u00a0\u00bbstory_list\u00a0\u00bb:{\u00ab\u00a0story_list_content\u00a0\u00bb:{}},\u00a0\u00bbnode_type\u00a0\u00bb:\u00a0\u00bbsection\u00a0\u00bb}}},{\u00ab\u00a0_id\u00a0\u00bb:\u00a0\u00bb\/societe\u00a0\u00bb,\u00a0\u00bbtype\u00a0\u00bb:\u00a0\u00bbsite\u00a0\u00bb,\u00a0\u00bbversion\u00a0\u00bb:\u00a0\u00bb0.5.8&Prime;,\u00a0\u00bbname\u00a0\u00bb:\u00a0\u00bbSoci\u00e9t\u00e9\u00a0\u00bb,\u00a0\u00bbdescription\u00a0\u00bb:\u00a0\u00bbRetrouvez toute l&rsquo;actualit\u00e9 Soci\u00e9t\u00e9 en France. Tous les articles, les vid\u00e9os et les infographies de la rubrique Soci\u00e9t\u00e9 sur Le Parisien.\u00a0\u00bb,\u00a0\u00bbpath\u00a0\u00bb:\u00a0\u00bb\/societe\u00a0\u00bb,\u00a0\u00bbparent_id\u00a0\u00bb:\u00a0\u00bbhttps:\/\/www.leparisien.fr\/\u00a0\u00bb,\u00a0\u00bbadditional_properties\u00a0\u00bb:{\u00ab\u00a0original\u00a0\u00bb:{\u00ab\u00a0_id\u00a0\u00bb:\u00a0\u00bb\/societe\u00a0\u00bb,\u00a0\u00bbname\u00a0\u00bb:\u00a0\u00bbSoci\u00e9t\u00e9\u00a0\u00bb,\u00a0\u00bbinactive\u00a0\u00bb:false,\u00a0\u00bbancestors\u00a0\u00bb:{\u00ab\u00a0burger-menu\u00a0\u00bb:[\u00ab\u00a0https:\/\/www.leparisien.fr\/\u00a0\u00bb],\u00a0\u00bbfooter\u00a0\u00bb:[\u00ab\u00a0https:\/\/www.leparisien.fr\/\u00a0\u00bb],\u00a0\u00bbnavbar\u00a0\u00bb:[\u00ab\u00a0https:\/\/www.leparisien.fr\/\u00a0\u00bb],\u00a0\u00bbAppmobile_burger-menu\u00a0\u00bb:[\u00ab\u00a0https:\/\/www.leparisien.fr\/\u00a0\u00bb,\u00a0\u00bb\/actualit\u00e9s\u00a0\u00bb],\u00a0\u00bbWebsked-plans\u00a0\u00bb:[\u00ab\u00a0https:\/\/www.leparisien.fr\/\u00a0\u00bb],\u00a0\u00bbmosaic_app\u00a0\u00bb:[\u00ab\u00a0https:\/\/www.leparisien.fr\/\u00a0\u00bb],\u00a0\u00bbburger-menu-etudiant\u00a0\u00bb:[],\u00a0\u00bbnav\u00a0\u00bb:[\u00ab\u00a0https:\/\/www.leparisien.fr\/\u00a0\u00bb],\u00a0\u00bbmenu\u00a0\u00bb:[\u00ab\u00a0https:\/\/www.leparisien.fr\/\u00a0\u00bb],\u00a0\u00bbsub-nav\u00a0\u00bb:[\u00ab\u00a0https:\/\/www.leparisien.fr\/\u00a0\u00bb],\u00a0\u00bbmobile-menu-sections-list\u00a0\u00bb:[\u00ab\u00a0https:\/\/www.leparisien.fr\/\u00a0\u00bb],\u00a0\u00bbdefault\u00a0\u00bb:[\u00ab\u00a0https:\/\/www.leparisien.fr\/\u00a0\u00bb],\u00a0\u00bbsurfooter\u00a0\u00bb:[\u00ab\u00a0https:\/\/www.leparisien.fr\/\u00a0\u00bb]},\u00a0\u00bbparent\u00a0\u00bb:{\u00ab\u00a0default\u00a0\u00bb:\u00a0\u00bbhttps:\/\/www.leparisien.fr\/\u00a0\u00bb,\u00a0\u00bbburger-menu\u00a0\u00bb:\u00a0\u00bbhttps:\/\/www.leparisien.fr\/\u00a0\u00bb,\u00a0\u00bbfooter\u00a0\u00bb:\u00a0\u00bbhttps:\/\/www.leparisien.fr\/\u00a0\u00bb,\u00a0\u00bbnavbar\u00a0\u00bb:\u00a0\u00bbhttps:\/\/www.leparisien.fr\/\u00a0\u00bb,\u00a0\u00bbAppmobile_burger-menu\u00a0\u00bb:\u00a0\u00bb\/actualit\u00e9s\u00a0\u00bb,\u00a0\u00bbsub-nav\u00a0\u00bb:\u00a0\u00bbhttps:\/\/www.leparisien.fr\/\u00a0\u00bb,\u00a0\u00bbWebsked-plans\u00a0\u00bb:\u00a0\u00bbhttps:\/\/www.leparisien.fr\/\u00a0\u00bb,\u00a0\u00bbmosaic_app\u00a0\u00bb:\u00a0\u00bbhttps:\/\/www.leparisien.fr\/\u00a0\u00bb,\u00a0\u00bbburger-menu-etudiant\u00a0\u00bb:null,\u00a0\u00bbnav\u00a0\u00bb:\u00a0\u00bbhttps:\/\/www.leparisien.fr\/\u00a0\u00bb,\u00a0\u00bbmenu\u00a0\u00bb:\u00a0\u00bbhttps:\/\/www.leparisien.fr\/\u00a0\u00bb,\u00a0\u00bbMaillage_SEO_Surfooter\u00a0\u00bb:\u00a0\u00bbhttps:\/\/www.leparisien.fr\/\u00a0\u00bb,\u00a0\u00bbmobile-menu-sections-list\u00a0\u00bb:\u00a0\u00bbhttps:\/\/www.leparisien.fr\/\u00a0\u00bb,\u00a0\u00bbsurfooter\u00a0\u00bb:\u00a0\u00bbhttps:\/\/www.leparisien.fr\/\u00a0\u00bb},\u00a0\u00bborder\u00a0\u00bb:{\u00ab\u00a0burger-menu\u00a0\u00bb:1012,\u00a0\u00bbnavbar\u00a0\u00bb:1003,\u00a0\u00bbAppmobile_burger-menu\u00a0\u00bb:2002,\u00a0\u00bbsub-nav\u00a0\u00bb:1019,\u00a0\u00bbWebsked-plans\u00a0\u00bb:1019,\u00a0\u00bbmosaic_app\u00a0\u00bb:1006,\u00a0\u00bbdefault\u00a0\u00bb:1065,\u00a0\u00bbnav\u00a0\u00bb:1008,\u00a0\u00bbmenu\u00a0\u00bb:1011,\u00a0\u00bbMaillage_SEO_Surfooter\u00a0\u00bb:1062,\u00a0\u00bbfooter\u00a0\u00bb:1027,\u00a0\u00bbmobile-menu-sections-list\u00a0\u00bb:1025,\u00a0\u00bbsurfooter\u00a0\u00bb:1027},\u00a0\u00bbGoogle Analytics\u00a0\u00bb:{\u00ab\u00a0ga_name_level_1&Prime;:\u00a0\u00bbsociete\u00a0\u00bb,\u00a0\u00bbga_name_level_2&Prime;:null,\u00a0\u00bbga_name_level_3&Prime;:null},\u00a0\u00bbMobile\u00a0\u00bb:{\u00ab\u00a0background_color_section\u00a0\u00bb:\u00a0\u00bb#522130&Prime;,\u00a0\u00bbbackground_image_section\u00a0\u00bb:\u00a0\u00bbhttps:\/\/assets.leparisien.fr\/mobile\/images\/explorer\/societe.png\u00a0\u00bb},\u00a0\u00bbNewsletter\u00a0\u00bb:{\u00ab\u00a0newsletter_color\u00a0\u00bb:\u00a0\u00bb#1EA0E6&Prime;,\u00a0\u00bbnewsletter_image\u00a0\u00bb:\u00a0\u00bbnewsletter-essentiel-matin-logo.png\u00a0\u00bb,\u00a0\u00bbnewsletter_label\u00a0\u00bb:\u00a0\u00bbL&rsquo;essentiel du matin\u00a0\u00bb,\u00a0\u00bbnewsletter_optin\u00a0\u00bb:\u00a0\u00bboptin_newsletter\u00a0\u00bb,\u00a0\u00bbnewsletter_title\u00a0\u00bb:\u00a0\u00bbUn tour de l&rsquo;actualit\u00e9 pour commencer la journ\u00e9e\u00a0\u00bb},\u00a0\u00bbSponsor\u00a0\u00bb:{\u00ab\u00a0collection_id_for_pinned_content\u00a0\u00bb:\u00a0\u00bb7FXP33PF7BDLLOE4HLBS3WJLVM\u00a0\u00bb},\u00a0\u00bb_admin\u00a0\u00bb:{\u00ab\u00a0alias_ids\u00a0\u00bb:[]},\u00a0\u00bbheader\u00a0\u00bb:{\u00ab\u00a0title_logo_only\u00a0\u00bb:\u00a0\u00bbfalse\u00a0\u00bb},\u00a0\u00bbsite\u00a0\u00bb:{\u00ab\u00a0section_show_videos\u00a0\u00bb:\u00a0\u00bbfalse\u00a0\u00bb,\u00a0\u00bbsite_description\u00a0\u00bb:\u00a0\u00bbRetrouvez toute l&rsquo;actualit\u00e9 Soci\u00e9t\u00e9 en France. Tous les articles, les vid\u00e9os et les infographies de la rubrique Soci\u00e9t\u00e9 sur Le Parisien.\u00a0\u00bb,\u00a0\u00bbsite_title\u00a0\u00bb:\u00a0\u00bbSoci\u00e9t\u00e9 : Toute l&rsquo;actualit\u00e9 Soci\u00e9t\u00e9 &#8211; Le Parisien\u00a0\u00bb},\u00a0\u00bbstory_list\u00a0\u00bb:{\u00ab\u00a0story_list_content\u00a0\u00bb:{}},\u00a0\u00bbnode_type\u00a0\u00bb:\u00a0\u00bbsection\u00a0\u00bb}}}],\u00a0\u00bbtags\u00a0\u00bb:[{\u00ab\u00a0_id\u00a0\u00bb:\u00a0\u00bbLWOSKETJI5ALRCSDAKF2DDFALQ\u00a0\u00bb,\u00a0\u00bbdescription\u00a0\u00bb:\u00a0\u00bbhttps:\/\/www.leparisien.fr\/meteo\/neige\/\u00a0\u00bb,\u00a0\u00bbslug\u00a0\u00bb:\u00a0\u00bbmeteo-neige\u00a0\u00bb,\u00a0\u00bbtext\u00a0\u00bb:\u00a0\u00bbM\u00e9t\u00e9o neige\u00a0\u00bb},{\u00ab\u00a0_id\u00a0\u00bb:\u00a0\u00bbQEPWKQW36JAGDOQWYZI2QT77RA\u00a0\u00bb,\u00a0\u00bbdescription\u00a0\u00bb:\u00a0\u00bb\/meteo\/vague-de-froid\/\u00a0\u00bb,\u00a0\u00bbslug\u00a0\u00bb:\u00a0\u00bbmeteo-froid\u00a0\u00bb,\u00a0\u00bbtext\u00a0\u00bb:\u00a0\u00bbM\u00e9t\u00e9o froid\u00a0\u00bb}],\u00a0\u00bbkeywords\u00a0\u00bb:[]},\u00a0\u00bbtype\u00a0\u00bb:\u00a0\u00bbstory\u00a0\u00bb,\u00a0\u00bbwebsites\u00a0\u00bb:{\u00ab\u00a0leparisien\u00a0\u00bb:{\u00ab\u00a0website_section\u00a0\u00bb:{\u00ab\u00a0_id\u00a0\u00bb:\u00a0\u00bb\/environnement\/climat\u00a0\u00bb,\u00a0\u00bb_website\u00a0\u00bb:\u00a0\u00bbleparisien\u00a0\u00bb,\u00a0\u00bbtype\u00a0\u00bb:\u00a0\u00bbsection\u00a0\u00bb,\u00a0\u00bbversion\u00a0\u00bb:\u00a0\u00bb0.6.0&Prime;,\u00a0\u00bbname\u00a0\u00bb:\u00a0\u00bbClimat\u00a0\u00bb,\u00a0\u00bbdescription\u00a0\u00bb:\u00a0\u00bbRetrouvez toute l&rsquo;actualit\u00e9 sur le climat avec Le Parisien : enjeux et cons\u00e9quences du r\u00e9chauffement climatique, politiques environnementales, d\u00e9cisions et r\u00e9solutions des COP&#8230;\u00a0\u00bb,\u00a0\u00bbpath\u00a0\u00bb:\u00a0\u00bb\/environnement\/climat\u00a0\u00bb,\u00a0\u00bbparent_id\u00a0\u00bb:\u00a0\u00bb\/environnement\u00a0\u00bb,\u00a0\u00bbparent\u00a0\u00bb:{\u00ab\u00a0default\u00a0\u00bb:\u00a0\u00bb\/environnement\u00a0\u00bb},\u00a0\u00bbadditional_properties\u00a0\u00bb:{\u00ab\u00a0original\u00a0\u00bb:{\u00ab\u00a0_id\u00a0\u00bb:\u00a0\u00bb\/environnement\/climat\u00a0\u00bb,\u00a0\u00bb_website\u00a0\u00bb:\u00a0\u00bbleparisien\u00a0\u00bb,\u00a0\u00bbname\u00a0\u00bb:\u00a0\u00bbClimat\u00a0\u00bb,\u00a0\u00bbinactive\u00a0\u00bb:false,\u00a0\u00bbancestors\u00a0\u00bb:{\u00ab\u00a0default\u00a0\u00bb:[\u00ab\u00a0\/environnement\u00a0\u00bb],\u00a0\u00bbWebsked-plans\u00a0\u00bb:[\u00ab\u00a0https:\/\/www.leparisien.fr\/\u00a0\u00bb,\u00a0\u00bb\/futurs\u00a0\u00bb,\u00a0\u00bb\/environnement\u00a0\u00bb],\u00a0\u00bbsub-nav\u00a0\u00bb:[\u00ab\u00a0https:\/\/www.leparisien.fr\/\u00a0\u00bb,\u00a0\u00bb\/futurs\u00a0\u00bb,\u00a0\u00bb\/environnement\u00a0\u00bb],\u00a0\u00bbmenu\u00a0\u00bb:[\u00ab\u00a0https:\/\/www.leparisien.fr\/\u00a0\u00bb,\u00a0\u00bb\/futurs\u00a0\u00bb],\u00a0\u00bbburger-menu-etudiant\u00a0\u00bb:[],\u00a0\u00bbmobile-menu-sections-list\u00a0\u00bb:[\u00ab\u00a0https:\/\/www.leparisien.fr\/\u00a0\u00bb]},\u00a0\u00bbparent\u00a0\u00bb:{\u00ab\u00a0default\u00a0\u00bb:\u00a0\u00bb\/environnement\u00a0\u00bb,\u00a0\u00bbWebsked-plans\u00a0\u00bb:\u00a0\u00bb\/environnement\u00a0\u00bb,\u00a0\u00bbsub-nav\u00a0\u00bb:\u00a0\u00bb\/environnement\u00a0\u00bb,\u00a0\u00bbmenu\u00a0\u00bb:\u00a0\u00bb\/futurs\u00a0\u00bb,\u00a0\u00bbburger-menu-etudiant\u00a0\u00bb:null,\u00a0\u00bbmobile-menu-sections-list\u00a0\u00bb:\u00a0\u00bbhttps:\/\/www.leparisien.fr\/\u00a0\u00bb},\u00a0\u00bborder\u00a0\u00bb:{\u00ab\u00a0Websked-plans\u00a0\u00bb:3001,\u00a0\u00bbdefault\u00a0\u00bb:3001,\u00a0\u00bbsub-nav\u00a0\u00bb:3001,\u00a0\u00bbmenu\u00a0\u00bb:2002,\u00a0\u00bbmobile-menu-sections-list\u00a0\u00bb:1022},\u00a0\u00bbGoogle Analytics\u00a0\u00bb:{\u00ab\u00a0ga_name_level_1&Prime;:\u00a0\u00bbenvironnement\u00a0\u00bb,\u00a0\u00bbga_name_level_2&Prime;:\u00a0\u00bbclimat\u00a0\u00bb,\u00a0\u00bbga_name_level_3&Prime;:null},\u00a0\u00bbMobile\u00a0\u00bb:{\u00ab\u00a0alternative_title\u00a0\u00bb:null,\u00a0\u00bbbackground_color_section\u00a0\u00bb:\u00a0\u00bb#C0C0C0&Prime;,\u00a0\u00bbbackground_image_section\u00a0\u00bb:null,\u00a0\u00bblabel\u00a0\u00bb:null,\u00a0\u00bbsection_collection_id\u00a0\u00bb:null,\u00a0\u00bbxtpage\u00a0\u00bb:null},\u00a0\u00bbNewsletter\u00a0\u00bb:{\u00ab\u00a0module_message\u00a0\u00bb:null,\u00a0\u00bbnewsletter_color\u00a0\u00bb:\u00a0\u00bb#018354&Prime;,\u00a0\u00bbnewsletter_image\u00a0\u00bb:\u00a0\u00bbnewsletter-environnement-logo.png\u00a0\u00bb,\u00a0\u00bbnewsletter_label\u00a0\u00bb:\u00a0\u00bbMa Terre\u00a0\u00bb,\u00a0\u00bbnewsletter_name\u00a0\u00bb:null,\u00a0\u00bbnewsletter_optin\u00a0\u00bb:\u00a0\u00bboptin_newsletter_thematique_environnement\u00a0\u00bb,\u00a0\u00bbnewsletter_slug\u00a0\u00bb:\u00a0\u00bbenvironnement\u00a0\u00bb,\u00a0\u00bbnewsletter_title\u00a0\u00bb:\u00a0\u00bbL&rsquo;environnement et la conso responsable\u00a0\u00bb},\u00a0\u00bbSponsor\u00a0\u00bb:{\u00ab\u00a0collection_id_for_pinned_content\u00a0\u00bb:\u00a0\u00bbORFEXQ5HDNDHLDU2DBJOXZCNGA\u00a0\u00bb,\u00a0\u00bbsponsor_logo_url\u00a0\u00bb:null,\u00a0\u00bbsponsor_message\u00a0\u00bb:null,\u00a0\u00bbsponsor_name\u00a0\u00bb:null,\u00a0\u00bbsponsor_type\u00a0\u00bb:null},\u00a0\u00bb_admin\u00a0\u00bb:{\u00ab\u00a0alias_ids\u00a0\u00bb:[\u00ab\u00a0\/environnement\/climat\u00a0\u00bb],\u00a0\u00bbcommercial_node\u00a0\u00bb:null,\u00a0\u00bbdefault_content\u00a0\u00bb:null,\u00a0\u00bbdo_not_show_on_site\u00a0\u00bb:null,\u00a0\u00bbtracking_node\u00a0\u00bb:null},\u00a0\u00bbagenda\u00a0\u00bb:{\u00ab\u00a0agenda_header_description\u00a0\u00bb:\u00a0\u00bbHeader description par defaut\u00a0\u00bb,\u00a0\u00bbagenda_header_title_seo\u00a0\u00bb:null,\u00a0\u00bbagenda_middle_block_description\u00a0\u00bb:null,\u00a0\u00bbagenda_middle_block_title\u00a0\u00bb:null},\u00a0\u00bbheader\u00a0\u00bb:{\u00ab\u00a0header_presentation\u00a0\u00bb:null,\u00a0\u00bbtitle_logo_only\u00a0\u00bb:\u00a0\u00bbfalse\u00a0\u00bb,\u00a0\u00bbtitle_logo_size_desktop\u00a0\u00bb:null,\u00a0\u00bbtitle_logo_size_mobile\u00a0\u00bb:null,\u00a0\u00bbtitle_logo_url\u00a0\u00bb:null},\u00a0\u00bbin_the_news\u00a0\u00bb:{\u00ab\u00a0in_the_news_usebasepage\u00a0\u00bb:\u00a0\u00bb\/in-the-news-forsections\/\u00a0\u00bb,\u00a0\u00bbin_the_news_usefeature\u00a0\u00bb:null,\u00a0\u00bbin_the_news_usesectionbar\u00a0\u00bb:\u00a0\u00bbfalse\u00a0\u00bb},\u00a0\u00bbnavigation\u00a0\u00bb:{\u00ab\u00a0display_in_top_strip\u00a0\u00bb:null,\u00a0\u00bbnav_display\u00a0\u00bb:null,\u00a0\u00bbnav_title\u00a0\u00bb:null},\u00a0\u00bbsite\u00a0\u00bb:{\u00ab\u00a0amp_deactivated\u00a0\u00bb:\u00a0\u00bbfalse\u00a0\u00bb,\u00a0\u00bbis_clickable_on_menu\u00a0\u00bb:\u00a0\u00bbtrue\u00a0\u00bb,\u00a0\u00bbnative_app_rendering\u00a0\u00bb:null,\u00a0\u00bbpagebuilder_path_for_native_apps\u00a0\u00bb:null,\u00a0\u00bbpaywall_deactivated\u00a0\u00bb:\u00a0\u00bbfalse\u00a0\u00bb,\u00a0\u00bbpresentation\u00a0\u00bb:null,\u00a0\u00bbsection_show_timestamp\u00a0\u00bb:\u00a0\u00bbtrue\u00a0\u00bb,\u00a0\u00bbsection_show_videos\u00a0\u00bb:\u00a0\u00bbfalse\u00a0\u00bb,\u00a0\u00bbsection_type\u00a0\u00bb:null,\u00a0\u00bbshow_event_subnav\u00a0\u00bb:\u00a0\u00bbfalse\u00a0\u00bb,\u00a0\u00bbsite_about\u00a0\u00bb:null,\u00a0\u00bbsite_description\u00a0\u00bb:\u00a0\u00bbRetrouvez toute l&rsquo;actualit\u00e9 sur le climat avec Le Parisien : enjeux et cons\u00e9quences du r\u00e9chauffement climatique, politiques environnementales, d\u00e9cisions et r\u00e9solutions des COP&#8230;\u00a0\u00bb,\u00a0\u00bbsite_keywords\u00a0\u00bb:null,\u00a0\u00bbsite_tagline\u00a0\u00bb:null,\u00a0\u00bbsite_title\u00a0\u00bb:\u00a0\u00bbClimat : toute l&rsquo;actualit\u00e9, vid\u00e9os, infographies sur le r\u00e9chauffement et les enjeux climatiques &#8211; Le Parisien\u00a0\u00bb,\u00a0\u00bbsite_url\u00a0\u00bb:null},\u00a0\u00bbsocial\u00a0\u00bb:{\u00ab\u00a0archives\u00a0\u00bb:null,\u00a0\u00bbfacebook\u00a0\u00bb:null,\u00a0\u00bbrss\u00a0\u00bb:null,\u00a0\u00bbtwitter\u00a0\u00bb:null},\u00a0\u00bbstory_list\u00a0\u00bb:{\u00ab\u00a0story_list_content\u00a0\u00bb:{}},\u00a0\u00bbnode_type\u00a0\u00bb:\u00a0\u00bbsection\u00a0\u00bb}},\u00a0\u00bb_website_section_id\u00a0\u00bb:\u00a0\u00bbleparisien.\/environnement\/climat\u00a0\u00bb},\u00a0\u00bbwebsite_url\u00a0\u00bb:\u00a0\u00bb\/environnement\/climat\/neige-et-verglas-les-precautions-a-prendre-en-voiture-a-velo-et-a-pied-22-11-2025-IYGAJRUMUZGPTP3OE7QF57PS6U.php\u00a0\u00bb}},\u00a0\u00bbcanonical_url\u00a0\u00bb:\u00a0\u00bb\/environnement\/climat\/neige-et-verglas-les-precautions-a-prendre-en-voiture-a-velo-et-a-pied-22-11-2025-IYGAJRUMUZGPTP3OE7QF57PS6U.php\u00a0\u00bb,\u00a0\u00bbwebsite\u00a0\u00bb:\u00a0\u00bbleparisien\u00a0\u00bb,\u00a0\u00bbwebsite_url\u00a0\u00bb:\u00a0\u00bb\/environnement\/climat\/neige-et-verglas-les-precautions-a-prendre-en-voiture-a-velo-et-a-pied-22-11-2025-IYGAJRUMUZGPTP3OE7QF57PS6U.php\u00a0\u00bb,\u00a0\u00bbuserStatus\u00a0\u00bb:\u00a0\u00bbunknown\u00a0\u00bb,\u00a0\u00bbarticleTemplate\u00a0\u00bb:\u00a0\u00bbarticle\u00a0\u00bb,\u00a0\u00bbaudioUrl\u00a0\u00bb:\u00a0\u00bbhttps:\/\/audio.leparisien.fr\/IYGAJRUMUZGPTP3OE7QF57PS6U.mp3&Prime;};Fusion.globalContentConfig={\u00ab\u00a0source\u00a0\u00bb:\u00a0\u00bbstory-card\u00a0\u00bb,\u00a0\u00bbquery\u00a0\u00bb:{\u00ab\u00a0uri\u00a0\u00bb:\u00a0\u00bb\/environnement\/climat\/neige-et-verglas-les-precautions-a-prendre-en-voiture-a-velo-et-a-pied-22-11-2025-IYGAJRUMUZGPTP3OE7QF57PS6U.php\u00a0\u00bb,\u00a0\u00bbwebsite\u00a0\u00bb:\u00a0\u00bbleparisien\u00a0\u00bb,\u00a0\u00bburl\u00a0\u00bb:\u00a0\u00bb\/environnement\/climat\/neige-et-verglas-les-precautions-a-prendre-en-voiture-a-velo-et-a-pied-22-11-2025-IYGAJRUMUZGPTP3OE7QF57PS6U.php\u00a0\u00bb,\u00a0\u00bbvariant\u00a0\u00bb:\u00a0\u00bb0&Prime;,\u00a0\u00bbarc-site\u00a0\u00bb:\u00a0\u00bbleparisien\u00a0\u00bb}};Fusion.lastModified=1763822004142;Fusion.contentCache={\u00ab\u00a0customization\u00a0\u00bb:{\u00ab\u00a0{\\\u00a0\u00bbtype\\\u00a0\u00bb:\\\u00a0\u00bbmea-article\\\u00a0\u00bb}\u00a0\u00bb:{\u00ab\u00a0data\u00a0\u00bb:[{\u00ab\u00a0name\u00a0\u00bb:\u00a0\u00bbPopularit\u00e9 des pr\u00e9noms depuis 1900 &#8211; dataviz\u00a0\u00bb,\u00a0\u00bbtargetedDevices\u00a0\u00bb:\u00a0\u00bbweb-mobile\u00a0\u00bb,\u00a0\u00bbtargetedSections\u00a0\u00bb:[\u00ab\u00a0\/societe\u00a0\u00bb],\u00a0\u00bbtargetedUserStatus\u00a0\u00bb:[\u00ab\u00a0unknown\u00a0\u00bb,\u00a0\u00bblogged\u00a0\u00bb,\u00a0\u00bbsubscribed\u00a0\u00bb],\u00a0\u00bbdisplayOnSectionPages\u00a0\u00bb:true,\u00a0\u00bbisMeaArticleActivated\u00a0\u00bb:true,\u00a0\u00bbendDate\u00a0\u00bb:\u00a0\u00bb2025-07-09T23:00:00.000Z\u00a0\u00bb,\u00a0\u00bbisArticlePremium\u00a0\u00bb:false,\u00a0\u00bbdisplayOnPremiumArticles\u00a0\u00bb:true,\u00a0\u00bbpriority\u00a0\u00bb:1,\u00a0\u00bbtitle\u00a0\u00bb:\u00a0\u00bbD\u00e9couvrez si votre pr\u00e9nom est populaire gr\u00e2ce \u00e0 notre moteur de recherche\u00a0\u00bb,\u00a0\u00bburl\u00a0\u00bb:\u00a0\u00bbhttps:\/\/www.leparisien.fr\/societe\/votre-prenom-est-il-tendance-ou-en-voie-de-disparition-verifiez-le-grace-a-notre-moteur-de-recherche-09-07-2025-2GOIP6MX7BEIZK72P43S6N2USI.php\u00a0\u00bb,\u00a0\u00bbstartDate\u00a0\u00bb:\u00a0\u00bb2025-07-09T15:25:00.000Z\u00a0\u00bb}],\u00a0\u00bbexpires\u00a0\u00bb:1763822262521,\u00a0\u00bblastModified\u00a0\u00bb:1763821962387},\u00a0\u00bb{\\\u00a0\u00bbtype\\\u00a0\u00bb:\\\u00a0\u00bbpopin\\\u00a0\u00bb}\u00a0\u00bb:{\u00ab\u00a0data\u00a0\u00bb:[{\u00ab\u00a0popinCampaign\u00a0\u00bb:\u00a0\u00bbPromo_80-ans\u00a0\u00bb,\u00a0\u00bbtargetedDevices\u00a0\u00bb:\u00a0\u00bbweb-mobile\u00a0\u00bb,\u00a0\u00bbtargetedSections\u00a0\u00bb:[\u00ab\u00a0\/val-de-marne-94&Prime;,\u00a0\u00bb\/val-d-oise-95&Prime;,\u00a0\u00bb\/seine-et-marne-77&Prime;,\u00a0\u00bb\/faits-divers\u00a0\u00bb,\u00a0\u00bb\/voyage\u00a0\u00bb,\u00a0\u00bb\/politique\u00a0\u00bb,\u00a0\u00bb\/podcasts\u00a0\u00bb,\u00a0\u00bb\/environnement\u00a0\u00bb,\u00a0\u00bb\/international\u00a0\u00bb,\u00a0\u00bb\/paris-75&Prime;,\u00a0\u00bb\/yvelines-78&Prime;,\u00a0\u00bb\/essonne-91&Prime;,\u00a0\u00bb\/jo-paris-2024&Prime;,\u00a0\u00bb\/jo-paralympiques-paris-2024&Prime;,\u00a0\u00bb\/seine-saint-denis-93&Prime;,\u00a0\u00bb\/meteo\u00a0\u00bb,\u00a0\u00bb\/oise-60&Prime;,\u00a0\u00bb\/animaux\u00a0\u00bb,\u00a0\u00bb\/automobile\u00a0\u00bb,\u00a0\u00bb\/bien-manger\u00a0\u00bb,\u00a0\u00bb\/societe\u00a0\u00bb,\u00a0\u00bb\/sports\u00a0\u00bb,\u00a0\u00bb\/sports\/hippisme\u00a0\u00bb,\u00a0\u00bb\/elections\u00a0\u00bb,\u00a0\u00bb\/info-paris-ile-de-france-oise\u00a0\u00bb,\u00a0\u00bb\/intime\u00a0\u00bb,\u00a0\u00bb\/culture-loisirs\u00a0\u00bb],\u00a0\u00bbtargetedUserStatus\u00a0\u00bb:[\u00ab\u00a0unknown\u00a0\u00bb,\u00a0\u00bblogged\u00a0\u00bb,\u00a0\u00bbsubscribed\u00a0\u00bb],\u00a0\u00bbcappingFrequencyTime\u00a0\u00bb:86400000,\u00a0\u00bbdisplayOnPremiumArticles\u00a0\u00bb:true,\u00a0\u00bbdisplayOnHomePage\u00a0\u00bb:true,\u00a0\u00bbtitle\u00a0\u00bb:\u00a0\u00bbLe Parisien f\u00eate ses 80 ans !\u00a0\u00bb,\u00a0\u00bbpriority\u00a0\u00bb:1,\u00a0\u00bbctaLabel\u00a0\u00bb:\u00a0\u00bbD\u00e9couvrir\u00a0\u00bb,\u00a0\u00bbtracking\u00a0\u00bb:{\u00ab\u00a0campaign\u00a0\u00bb:\u00a0\u00bbnewsletter\u00a0\u00bb,\u00a0\u00bbcreation\u00a0\u00bb:\u00a0\u00bbalerte-inscription-resultats\u00a0\u00bb},\u00a0\u00bbctaRedirectLink\u00a0\u00bb:\u00a0\u00bbhttps:\/\/www.leparisien.fr\/80-ans-du-parisien\/\u00a0\u00bb,\u00a0\u00bbdisplayOnSectionPages\u00a0\u00bb:true,\u00a0\u00bbcappingDisplaysPerUser\u00a0\u00bb:4,\u00a0\u00bbtext\u00a0\u00bb:\u00a0\u00bbA l&rsquo;occasion du 80e anniversaire du quotidien, sa r\u00e9daction s&rsquo;est plong\u00e9e dans huit d\u00e9cennies d&rsquo;archives, qui racontent notre soci\u00e9t\u00e9 et son \u00e9volution.\u00a0\u00bb,\u00a0\u00bbtag\u00a0\u00bb:\u00a0\u00bb\u00c9v\u00e9nement\u00a0\u00bb,\u00a0\u00bbisPopinActivated\u00a0\u00bb:false,\u00a0\u00bbpicto\u00a0\u00bb:\u00a0\u00bbhttps:\/\/assets.leparisien.fr\/website\/images\/events_logo\/80th-birthday.png\u00a0\u00bb,\u00a0\u00bbpopinType\u00a0\u00bb:\u00a0\u00bbredirection\u00a0\u00bb},{\u00ab\u00a0popinCampaign\u00a0\u00bb:\u00a0\u00bbDL_apps_multicomptes\u00a0\u00bb,\u00a0\u00bbtargetedDevices\u00a0\u00bb:\u00a0\u00bbmobile\u00a0\u00bb,\u00a0\u00bbtargetedSections\u00a0\u00bb:[\u00ab\u00a0\/faits-divers\u00a0\u00bb],\u00a0\u00bbtargetedUserStatus\u00a0\u00bb:[\u00ab\u00a0unknown\u00a0\u00bb,\u00a0\u00bblogged\u00a0\u00bb],\u00a0\u00bbcappingFrequencyTime\u00a0\u00bb:86400000,\u00a0\u00bbdisplayOnPremiumArticles\u00a0\u00bb:false,\u00a0\u00bbdisplayOnHomePage\u00a0\u00bb:false,\u00a0\u00bbtitle\u00a0\u00bb:\u00a0\u00bbLes abonnements Trio et Famille arrivent dans l\u2019app\u00a0\u00bb,\u00a0\u00bbpriority\u00a0\u00bb:1,\u00a0\u00bbctaLabel\u00a0\u00bb:\u00a0\u00bbD\u00e9couvrez les offres dans l\u2019app du Parisien\u00a0\u00bb,\u00a0\u00bbtracking\u00a0\u00bb:{\u00ab\u00a0campaign\u00a0\u00bb:\u00a0\u00bbappli\u00a0\u00bb,\u00a0\u00bbcreation\u00a0\u00bb:\u00a0\u00bbdl-app_multi\u00a0\u00bb},\u00a0\u00bbctaRedirectLink\u00a0\u00bb:\u00a0\u00bbhttps:\/\/app.adjust.com\/ejwg1cd_xew8wjk\u00a0\u00bb,\u00a0\u00bbdisplayOnSectionPages\u00a0\u00bb:true,\u00a0\u00bbcappingDisplaysPerUser\u00a0\u00bb:3,\u00a0\u00bbtext\u00a0\u00bb:\u00a0\u00bbProfitez d\u2019abonnements pens\u00e9s pour plusieurs lecteurs : jusqu\u2019\u00e0 5 comptes dans une m\u00eame formule, chacun avec son profil.\u00a0\u00bb,\u00a0\u00bbisPopinActivated\u00a0\u00bb:false,\u00a0\u00bbpicto\u00a0\u00bb:\u00a0\u00bbhttps:\/\/leparisien-assets-prod.s3.eu-west-1.amazonaws.com\/website\/images\/events_logo\/pop-in-web-multicompte-OK.png\u00a0\u00bb,\u00a0\u00bbpopinType\u00a0\u00bb:\u00a0\u00bbredirection\u00a0\u00bb},{\u00ab\u00a0popinCampaign\u00a0\u00bb:\u00a0\u00bbDL_Apps_CDMDC25&Prime;,\u00a0\u00bbtargetedDevices\u00a0\u00bb:\u00a0\u00bbmobile\u00a0\u00bb,\u00a0\u00bbtargetedSections\u00a0\u00bb:[\u00ab\u00a0\/sports\u00a0\u00bb],\u00a0\u00bbtargetedUserStatus\u00a0\u00bb:[\u00ab\u00a0unknown\u00a0\u00bb,\u00a0\u00bblogged\u00a0\u00bb,\u00a0\u00bbsubscribed\u00a0\u00bb],\u00a0\u00bbcappingFrequencyTime\u00a0\u00bb:86400000,\u00a0\u00bbdisplayOnPremiumArticles\u00a0\u00bb:false,\u00a0\u00bbdisplayOnHomePage\u00a0\u00bb:false,\u00a0\u00bbtitle\u00a0\u00bb:\u00a0\u00bbLe PSG dans la Coupe du monde des clubs\u00a0\u00bb,\u00a0\u00bbpriority\u00a0\u00bb:1,\u00a0\u00bbctaLabel\u00a0\u00bb:\u00a0\u00bbT\u00e9l\u00e9charger l&rsquo;application\u00a0\u00bb,\u00a0\u00bbtracking\u00a0\u00bb:{\u00ab\u00a0campaign\u00a0\u00bb:\u00a0\u00bbappli\u00a0\u00bb,\u00a0\u00bbcreation\u00a0\u00bb:\u00a0\u00bbdl-app_cdmdc25&Prime;},\u00a0\u00bbctaRedirectLink\u00a0\u00bb:\u00a0\u00bbhttps:\/\/app.adjust.com\/ejwg1cd_xew8wjk\u00a0\u00bb,\u00a0\u00bbdisplayOnSectionPages\u00a0\u00bb:true,\u00a0\u00bbcappingDisplaysPerUser\u00a0\u00bb:8,\u00a0\u00bbtext\u00a0\u00bb:\u00a0\u00bbSuivez les matchs, r\u00e9sum\u00e9s et analyses de la comp\u00e9tition en temps r\u00e9el \u00e0 port\u00e9e de main.\u00a0\u00bb,\u00a0\u00bbisPopinActivated\u00a0\u00bb:false,\u00a0\u00bbpicto\u00a0\u00bb:\u00a0\u00bbhttps:\/\/assets.leparisien.fr\/website\/images\/group-2448-1.png\u00a0\u00bb,\u00a0\u00bbpopinType\u00a0\u00bb:\u00a0\u00bbredirection\u00a0\u00bb},{\u00ab\u00a0popinCampaign\u00a0\u00bb:\u00a0\u00bbDL_apps_JO\u00a0\u00bb,\u00a0\u00bbtargetedDevices\u00a0\u00bb:\u00a0\u00bbmobile\u00a0\u00bb,\u00a0\u00bbtargetedSections\u00a0\u00bb:[\u00ab\u00a0\/jo-paris-2024&Prime;,\u00a0\u00bb\/sports\u00a0\u00bb],\u00a0\u00bbtargetedUserStatus\u00a0\u00bb:[\u00ab\u00a0unknown\u00a0\u00bb,\u00a0\u00bblogged\u00a0\u00bb,\u00a0\u00bbsubscribed\u00a0\u00bb],\u00a0\u00bbcappingFrequencyTime\u00a0\u00bb:86400000,\u00a0\u00bbdisplayOnPremiumArticles\u00a0\u00bb:false,\u00a0\u00bbdisplayOnHomePage\u00a0\u00bb:false,\u00a0\u00bbtitle\u00a0\u00bb:\u00a0\u00bbVivez pleinement les JO dans l&rsquo;application\u00a0\u00bb,\u00a0\u00bbpriority\u00a0\u00bb:1,\u00a0\u00bbctaLabel\u00a0\u00bb:\u00a0\u00bbT\u00e9l\u00e9charger l&rsquo;application\u00a0\u00bb,\u00a0\u00bbtracking\u00a0\u00bb:{\u00ab\u00a0campaign\u00a0\u00bb:\u00a0\u00bbnewsletter\u00a0\u00bb,\u00a0\u00bbcreation\u00a0\u00bb:\u00a0\u00bbalerte-inscription-resultats\u00a0\u00bb},\u00a0\u00bbctaRedirectLink\u00a0\u00bb:\u00a0\u00bbhttps:\/\/app.adjust.com\/ejwg1cd_xew8wjk\u00a0\u00bb,\u00a0\u00bbdisplayOnSectionPages\u00a0\u00bb:true,\u00a0\u00bbcappingDisplaysPerUser\u00a0\u00bb:5,\u00a0\u00bbtext\u00a0\u00bb:\u00a0\u00bbSoyez inform\u00e9s en temps r\u00e9el gr\u00e2ce aux notifications et profitez de contenus exclusifs.\u00a0\u00bb,\u00a0\u00bbisPopinActivated\u00a0\u00bb:false,\u00a0\u00bbpicto\u00a0\u00bb:\u00a0\u00bbhttps:\/\/assets.leparisien.fr\/website\/images\/design-system\/illustration\/1.6\/devices-jo.png\u00a0\u00bb,\u00a0\u00bbpopinType\u00a0\u00bb:\u00a0\u00bbredirection\u00a0\u00bb},{\u00ab\u00a0popinCampaign\u00a0\u00bb:\u00a0\u00bbDL_Apps_TDF25&Prime;,\u00a0\u00bbtargetedDevices\u00a0\u00bb:\u00a0\u00bbmobile\u00a0\u00bb,\u00a0\u00bbtargetedSections\u00a0\u00bb:[\u00ab\u00a0\/sports\u00a0\u00bb],\u00a0\u00bbtargetedUserStatus\u00a0\u00bb:[\u00ab\u00a0unknown\u00a0\u00bb,\u00a0\u00bblogged\u00a0\u00bb,\u00a0\u00bbsubscribed\u00a0\u00bb],\u00a0\u00bbcappingFrequencyTime\u00a0\u00bb:86400000,\u00a0\u00bbdisplayOnPremiumArticles\u00a0\u00bb:false,\u00a0\u00bbdisplayOnHomePage\u00a0\u00bb:false,\u00a0\u00bbtitle\u00a0\u00bb:\u00a0\u00bbNe manquez rien du Tour de France !\u00a0\u00bb,\u00a0\u00bbpriority\u00a0\u00bb:1,\u00a0\u00bbctaLabel\u00a0\u00bb:\u00a0\u00bbT\u00e9l\u00e9charger l&rsquo;application\u00a0\u00bb,\u00a0\u00bbtracking\u00a0\u00bb:{\u00ab\u00a0campaign\u00a0\u00bb:\u00a0\u00bbappli\u00a0\u00bb,\u00a0\u00bbcreation\u00a0\u00bb:\u00a0\u00bbdl-app_tdf25&Prime;},\u00a0\u00bbctaRedirectLink\u00a0\u00bb:\u00a0\u00bbhttps:\/\/app.adjust.com\/ejwg1cd_xew8wjk\u00a0\u00bb,\u00a0\u00bbdisplayOnSectionPages\u00a0\u00bb:true,\u00a0\u00bbcappingDisplaysPerUser\u00a0\u00bb:5,\u00a0\u00bbtext\u00a0\u00bb:\u00a0\u00bbSuivez toutes les \u00e9tapes, les r\u00e9sultats et analyses en temps r\u00e9el jusqu&rsquo;\u00e0 l&rsquo;arriv\u00e9e le 27 juillet 2025.\u00a0\u00bb,\u00a0\u00bbisPopinActivated\u00a0\u00bb:false,\u00a0\u00bbpicto\u00a0\u00bb:\u00a0\u00bbhttps:\/\/assets.leparisien.fr\/website\/images\/events_logo\/pop-in-web.png\u00a0\u00bb,\u00a0\u00bbpopinType\u00a0\u00bb:\u00a0\u00bbredirection\u00a0\u00bb},{\u00ab\u00a0popinCampaign\u00a0\u00bb:\u00a0\u00bbDL_apps_standard\u00a0\u00bb,\u00a0\u00bbtargetedDevices\u00a0\u00bb:\u00a0\u00bbmobile\u00a0\u00bb,\u00a0\u00bbtargetedSections\u00a0\u00bb:[\u00ab\u00a0\/jo-paris-2024&Prime;,\u00a0\u00bb\/val-d-oise-95&Prime;,\u00a0\u00bb\/val-de-marne-94&Prime;,\u00a0\u00bb\/seine-saint-denis-93&Prime;,\u00a0\u00bb\/seine-et-marne-77&Prime;,\u00a0\u00bb\/yvelines-78&Prime;,\u00a0\u00bb\/essonne-91&Prime;,\u00a0\u00bb\/hauts-de-seine-92&Prime;,\u00a0\u00bb\/oise-60&Prime;,\u00a0\u00bb\/meteo\u00a0\u00bb,\u00a0\u00bb\/jo-paralympiques-paris-2024&Prime;,\u00a0\u00bb\/paris-75&Prime;,\u00a0\u00bb\/faits-divers\u00a0\u00bb,\u00a0\u00bb\/environnement\u00a0\u00bb,\u00a0\u00bb\/info-paris-ile-de-france-oise\u00a0\u00bb,\u00a0\u00bb\/intime\u00a0\u00bb,\u00a0\u00bb\/animaux\u00a0\u00bb,\u00a0\u00bb\/voyage\u00a0\u00bb,\u00a0\u00bb\/international\u00a0\u00bb,\u00a0\u00bb\/sports\/hippisme\u00a0\u00bb,\u00a0\u00bb\/sports\u00a0\u00bb,\u00a0\u00bb\/bien-manger\u00a0\u00bb,\u00a0\u00bb\/automobile\u00a0\u00bb,\u00a0\u00bb\/societe\u00a0\u00bb],\u00a0\u00bbtargetedUserStatus\u00a0\u00bb:[\u00ab\u00a0logged\u00a0\u00bb,\u00a0\u00bbsubscribed\u00a0\u00bb,\u00a0\u00bbunknown\u00a0\u00bb],\u00a0\u00bbcappingFrequencyTime\u00a0\u00bb:172800000,\u00a0\u00bbdisplayOnPremiumArticles\u00a0\u00bb:false,\u00a0\u00bbdisplayOnHomePage\u00a0\u00bb:false,\u00a0\u00bbtitle\u00a0\u00bb:\u00a0\u00bbL&rsquo;info en direct dans l&rsquo;app\u00a0\u00bb,\u00a0\u00bbpriority\u00a0\u00bb:1,\u00a0\u00bbctaLabel\u00a0\u00bb:\u00a0\u00bbT\u00e9l\u00e9charger l&rsquo;application\u00a0\u00bb,\u00a0\u00bbtracking\u00a0\u00bb:{\u00ab\u00a0campaign\u00a0\u00bb:\u00a0\u00bbappli\u00a0\u00bb,\u00a0\u00bbcreation\u00a0\u00bb:\u00a0\u00bbdl-app_fev25&Prime;},\u00a0\u00bbctaRedirectLink\u00a0\u00bb:\u00a0\u00bbhttps:\/\/app.adjust.com\/ejwg1cd_xew8wjk\u00a0\u00bb,\u00a0\u00bbdisplayOnSectionPages\u00a0\u00bb:true,\u00a0\u00bbcappingDisplaysPerUser\u00a0\u00bb:10,\u00a0\u00bbtext\u00a0\u00bb:\u00a0\u00bbSoyez inform\u00e9 en temps r\u00e9el gr\u00e2ce aux notifications et profitez de contenus exclusifs\u00a0\u00bb,\u00a0\u00bbisPopinActivated\u00a0\u00bb:false,\u00a0\u00bbpicto\u00a0\u00bb:\u00a0\u00bbhttps:\/\/assets.leparisien.fr\/website\/images\/events_logo\/devices.png\u00a0\u00bb,\u00a0\u00bbpopinType\u00a0\u00bb:\u00a0\u00bbredirection\u00a0\u00bb},{\u00ab\u00a0popinCampaign\u00a0\u00bb:\u00a0\u00bbDL_apps_LDC\u00a0\u00bb,\u00a0\u00bbtargetedDevices\u00a0\u00bb:\u00a0\u00bbmobile\u00a0\u00bb,\u00a0\u00bbtargetedSections\u00a0\u00bb:[\u00ab\u00a0\/sports\u00a0\u00bb],\u00a0\u00bbtargetedUserStatus\u00a0\u00bb:[\u00ab\u00a0logged\u00a0\u00bb,\u00a0\u00bbunknown\u00a0\u00bb,\u00a0\u00bbsubscribed\u00a0\u00bb],\u00a0\u00bbcappingFrequencyTime\u00a0\u00bb:86400000,\u00a0\u00bbdisplayOnPremiumArticles\u00a0\u00bb:false,\u00a0\u00bbdisplayOnHomePage\u00a0\u00bb:false,\u00a0\u00bbtitle\u00a0\u00bb:\u00a0\u00bbSuivez la finale PSG &#8211; Inter Milan avec l&rsquo;application du Parisien\u00a0\u00bb,\u00a0\u00bbpriority\u00a0\u00bb:1,\u00a0\u00bbctaLabel\u00a0\u00bb:\u00a0\u00bbT\u00e9l\u00e9charger l&rsquo;application\u00a0\u00bb,\u00a0\u00bbtracking\u00a0\u00bb:{\u00ab\u00a0campaign\u00a0\u00bb:\u00a0\u00bbappli\u00a0\u00bb,\u00a0\u00bbcreation\u00a0\u00bb:\u00a0\u00bbdl-app_mai25&Prime;},\u00a0\u00bbctaRedirectLink\u00a0\u00bb:\u00a0\u00bbhttps:\/\/app.adjust.com\/ejwg1cd_xew8wjk\u00a0\u00bb,\u00a0\u00bbdisplayOnSectionPages\u00a0\u00bb:true,\u00a0\u00bbcappingDisplaysPerUser\u00a0\u00bb:5,\u00a0\u00bbtext\u00a0\u00bb:\u00a0\u00bbNe ratez rien du choc de la Ligue des champions samedi 31 mai et suivez le match en live, minute par minute.\u00a0\u00bb,\u00a0\u00bbisPopinActivated\u00a0\u00bb:false,\u00a0\u00bbpicto\u00a0\u00bb:\u00a0\u00bbhttps:\/\/assets.leparisien.fr\/website\/images\/events_logo\/visuel_popin_ldc.png\u00a0\u00bb,\u00a0\u00bbpopinType\u00a0\u00bb:\u00a0\u00bbredirection\u00a0\u00bb},{\u00ab\u00a0popinCampaign\u00a0\u00bb:\u00a0\u00bbNewsletter_JO\u00a0\u00bb,\u00a0\u00bbtargetedDevices\u00a0\u00bb:\u00a0\u00bbweb-mobile\u00a0\u00bb,\u00a0\u00bbtargetedSections\u00a0\u00bb:[\u00ab\u00a0\/jo-paris-2024&Prime;],\u00a0\u00bbtargetedUserStatus\u00a0\u00bb:[\u00ab\u00a0unknown\u00a0\u00bb,\u00a0\u00bblogged\u00a0\u00bb,\u00a0\u00bbsubscribed\u00a0\u00bb],\u00a0\u00bbcappingFrequencyTime\u00a0\u00bb:432000000,\u00a0\u00bbnewsletterSlug\u00a0\u00bb:\u00a0\u00bbomnisports\u00a0\u00bb,\u00a0\u00bbdisplayOnPremiumArticles\u00a0\u00bb:false,\u00a0\u00bbdisplayOnHomePage\u00a0\u00bb:false,\u00a0\u00bbtitle\u00a0\u00bb:\u00a0\u00bbVous semblez int\u00e9ress\u00e9 par les JO 2024&Prime;,\u00a0\u00bbpriority\u00a0\u00bb:1,\u00a0\u00bbctaLabel\u00a0\u00bb:\u00a0\u00bbS&rsquo;inscrire \u00e0 la newsletter\u00a0\u00bb,\u00a0\u00bbtracking\u00a0\u00bb:{\u00ab\u00a0campaign\u00a0\u00bb:\u00a0\u00bbnewsletter\u00a0\u00bb},\u00a0\u00bbdisplayOnSectionPages\u00a0\u00bb:false,\u00a0\u00bbcappingDisplaysPerUser\u00a0\u00bb:4,\u00a0\u00bbtext\u00a0\u00bb:\u00a0\u00bbRecevez l\u2019essentiel des informations sur les Jeux de Paris 2024, pour vivre cet \u00e9v\u00e9nement historique au coeur de la capitale.\u00a0\u00bb,\u00a0\u00bbtag\u00a0\u00bb:\u00a0\u00bbNouveau\u00a0\u00bb,\u00a0\u00bbisPopinActivated\u00a0\u00bb:false,\u00a0\u00bbpopinType\u00a0\u00bb:\u00a0\u00bbnewsletter\u00a0\u00bb},{\u00ab\u00a0popinCampaign\u00a0\u00bb:\u00a0\u00bbDL_app_Le-Journal\u00a0\u00bb,\u00a0\u00bbtargetedDevices\u00a0\u00bb:\u00a0\u00bbmobile\u00a0\u00bb,\u00a0\u00bbtargetedSections\u00a0\u00bb:[\u00ab\u00a0\/val-d-oise-95&Prime;,\u00a0\u00bb\/jo-paris-2024&Prime;,\u00a0\u00bb\/etudiant\u00a0\u00bb,\u00a0\u00bb\/culture-loisirs\u00a0\u00bb,\u00a0\u00bb\/faits-divers\u00a0\u00bb,\u00a0\u00bb\/val-de-marne-94&Prime;,\u00a0\u00bb\/paris-75&Prime;,\u00a0\u00bb\/seine-saint-denis-93&Prime;,\u00a0\u00bb\/voyage\u00a0\u00bb,\u00a0\u00bb\/intime\u00a0\u00bb,\u00a0\u00bb\/animaux\u00a0\u00bb,\u00a0\u00bb\/hauts-de-seine-92&Prime;,\u00a0\u00bb\/podcasts\u00a0\u00bb,\u00a0\u00bb\/essonne-91&Prime;,\u00a0\u00bb\/politique\u00a0\u00bb,\u00a0\u00bb\/automobile\u00a0\u00bb,\u00a0\u00bb\/bien-manger\u00a0\u00bb,\u00a0\u00bb\/environnement\u00a0\u00bb,\u00a0\u00bb\/yvelines-78&Prime;,\u00a0\u00bb\/seine-et-marne-77&Prime;,\u00a0\u00bb\/international\u00a0\u00bb,\u00a0\u00bb\/societe\u00a0\u00bb,\u00a0\u00bb\/sports\u00a0\u00bb,\u00a0\u00bb\/elections\u00a0\u00bb,\u00a0\u00bb\/week-end\u00a0\u00bb,\u00a0\u00bb\/meteo\u00a0\u00bb,\u00a0\u00bb\/oise-60&Prime;,\u00a0\u00bb\/jo-paralympiques-paris-2024&Prime;,\u00a0\u00bb\/info-paris-ile-de-france-oise\u00a0\u00bb,\u00a0\u00bb\/sports\/hippisme\u00a0\u00bb],\u00a0\u00bbtargetedUserStatus\u00a0\u00bb:[\u00ab\u00a0subscribed\u00a0\u00bb],\u00a0\u00bbcappingFrequencyTime\u00a0\u00bb:172800000,\u00a0\u00bbdisplayOnPremiumArticles\u00a0\u00bb:true,\u00a0\u00bbdisplayOnHomePage\u00a0\u00bb:true,\u00a0\u00bbtitle\u00a0\u00bb:\u00a0\u00bbL\u2019application journal d\u00e9di\u00e9e aux abonn\u00e9s\u00a0\u00bb,\u00a0\u00bbpriority\u00a0\u00bb:1,\u00a0\u00bbctaLabel\u00a0\u00bb:\u00a0\u00bbT\u00e9l\u00e9charger l\u2019application du journal\u00a0\u00bb,\u00a0\u00bbtracking\u00a0\u00bb:{\u00ab\u00a0campaign\u00a0\u00bb:\u00a0\u00bbjournal\u00a0\u00bb},\u00a0\u00bbdisplayOnSectionPages\u00a0\u00bb:true,\u00a0\u00bbcappingDisplaysPerUser\u00a0\u00bb:3,\u00a0\u00bbtext\u00a0\u00bb:\u00a0\u00bbUn confort de lecture in\u00e9gal\u00e9 sur smartphone et tablette gr\u00e2ce \u00e0 une navigation fluide. Acc\u00e9dez au journal du jour d\u00e8s 22h30 ainsi qu\u2019\u00e0 toutes les \u00e9ditions, suppl\u00e9ments et hors-s\u00e9ries.\u00a0\u00bb,\u00a0\u00bbisPopinActivated\u00a0\u00bb:false,\u00a0\u00bbpicto\u00a0\u00bb:\u00a0\u00bbhttps:\/\/assets.leparisien.fr\/website\/images\/ancrages-abo\/pictos\/paper-app.svg\u00a0\u00bb,\u00a0\u00bbpopinType\u00a0\u00bb:\u00a0\u00bbapplication\u00a0\u00bb},{\u00ab\u00a0popinCampaign\u00a0\u00bb:\u00a0\u00bbPromo_Vid\u00e9os-jardin\u00a0\u00bb,\u00a0\u00bbtargetedDevices\u00a0\u00bb:\u00a0\u00bbweb-mobile\u00a0\u00bb,\u00a0\u00bbtargetedSections\u00a0\u00bb:[\u00ab\u00a0\/jo-paris-2024&Prime;,\u00a0\u00bb\/jardin\u00a0\u00bb,\u00a0\u00bb\/sports\/hippisme\u00a0\u00bb,\u00a0\u00bb\/elections\u00a0\u00bb,\u00a0\u00bb\/meteo\u00a0\u00bb,\u00a0\u00bb\/jo-paralympiques-paris-2024&Prime;,\u00a0\u00bb\/environnement\u00a0\u00bb,\u00a0\u00bb\/animaux\u00a0\u00bb,\u00a0\u00bb\/bien-manger\u00a0\u00bb,\u00a0\u00bb\/voyage\u00a0\u00bb],\u00a0\u00bbtargetedUserStatus\u00a0\u00bb:[\u00ab\u00a0unknown\u00a0\u00bb,\u00a0\u00bblogged\u00a0\u00bb],\u00a0\u00bbcappingFrequencyTime\u00a0\u00bb:86400000,\u00a0\u00bbdisplayOnPremiumArticles\u00a0\u00bb:false,\u00a0\u00bbdisplayOnHomePage\u00a0\u00bb:false,\u00a0\u00bbtitle\u00a0\u00bb:\u00a0\u00bbEn mai, apprenez \u00e0 jardiner&#8230; en vid\u00e9o !\u00a0\u00bb,\u00a0\u00bbpriority\u00a0\u00bb:1,\u00a0\u00bbctaLabel\u00a0\u00bb:\u00a0\u00bbD\u00e9couvrir les vid\u00e9os\u00a0\u00bb,\u00a0\u00bbtracking\u00a0\u00bb:{\u00ab\u00a0campaign\u00a0\u00bb:\u00a0\u00bbbizdev\u00a0\u00bb,\u00a0\u00bbcreation\u00a0\u00bb:\u00a0\u00bbamazon\u00a0\u00bb},\u00a0\u00bbctaRedirectLink\u00a0\u00bb:\u00a0\u00bbhttps:\/\/www.leparisien.fr\/jardin\/jardinage-pratique\/potager\/planter-des-fraisiers-de-printemps-en-pot-recoltez-de-savoureuses-fraises-precoces-des-le-mois-de-mai-D7PSIYDURBGDNKGWDQTSY22FZQ.php\u00a0\u00bb,\u00a0\u00bbdisplayOnSectionPages\u00a0\u00bb:true,\u00a0\u00bbcappingDisplaysPerUser\u00a0\u00bb:1,\u00a0\u00bbtext\u00a0\u00bb:\u00a0\u00bbExperts ou passionn\u00e9s, retrouvez tous les conseils pratiques et astuces pour cultiver votre jardin comme un pro !\u00a0\u00bb,\u00a0\u00bbisPopinActivated\u00a0\u00bb:false,\u00a0\u00bbpicto\u00a0\u00bb:\u00a0\u00bbhttps:\/\/assets.leparisien.fr\/website\/images\/events_logo\/popin-jardin.png\u00a0\u00bb,\u00a0\u00bbpopinType\u00a0\u00bb:\u00a0\u00bbredirection\u00a0\u00bb}],\u00a0\u00bbexpires\u00a0\u00bb:1763822039360,\u00a0\u00bblastModified\u00a0\u00bb:1763821739231}},\u00a0\u00bbsite-menu\u00a0\u00bb:{\u00ab\u00a0{\\\u00a0\u00bb_id\\\u00a0\u00bb:\\\u00a0\u00bb\/\\\u00a0\u00bb,\\\u00a0\u00bb_website\\\u00a0\u00bb:\\\u00a0\u00bbleparisien\\\u00a0\u00bb,\\\u00a0\u00bbhierarchy\\\u00a0\u00bb:\\\u00a0\u00bbmenu\\\u00a0\u00bb}\u00a0\u00bb:{\u00ab\u00a0data\u00a0\u00bb:{\u00ab\u00a0children\u00a0\u00bb:[{\u00ab\u00a0_id\u00a0\u00bb:\u00a0\u00bblink-TTDQP4MZR95Z98A67F95Y6AZ20&Prime;,\u00a0\u00bbchildren\u00a0\u00bb:[],\u00a0\u00bbdisplay_name\u00a0\u00bb:\u00a0\u00bb\u00c0 la une\u00a0\u00bb,\u00a0\u00bburl\u00a0\u00bb:\u00a0\u00bbhttps:\/\/www.leparisien.fr\/\u00a0\u00bb},{\u00ab\u00a0_id\u00a0\u00bb:\u00a0\u00bblink-PJZZOUS3L5GK3G2YHKRRI4A72I\u00a0\u00bb,\u00a0\u00bbchildren\u00a0\u00bb:[],\u00a0\u00bbdisplay_name\u00a0\u00bb:\u00a0\u00bbEn continu\u00a0\u00bb,\u00a0\u00bburl\u00a0\u00bb:\u00a0\u00bb\/actualites-en-continu\u00a0\u00bb},{\u00ab\u00a0_id\u00a0\u00bb:\u00a0\u00bb\/info-paris-ile-de-france-oise\u00a0\u00bb,\u00a0\u00bbchildren\u00a0\u00bb:[{\u00ab\u00a0_id\u00a0\u00bb:\u00a0\u00bb\/paris-75&Prime;,\u00a0\u00bbname\u00a0\u00bb:\u00a0\u00bbParis\u00a0\u00bb,\u00a0\u00bbsite\u00a0\u00bb:{}},{\u00ab\u00a0_id\u00a0\u00bb:\u00a0\u00bb\/essonne-91&Prime;,\u00a0\u00bbname\u00a0\u00bb:\u00a0\u00bbEssonne\u00a0\u00bb,\u00a0\u00bbsite\u00a0\u00bb:{}},{\u00ab\u00a0_id\u00a0\u00bb:\u00a0\u00bb\/hauts-de-seine-92&Prime;,\u00a0\u00bbname\u00a0\u00bb:\u00a0\u00bbHauts-de-Seine\u00a0\u00bb,\u00a0\u00bbsite\u00a0\u00bb:{}},{\u00ab\u00a0_id\u00a0\u00bb:\u00a0\u00bb\/seine-saint-denis-93&Prime;,\u00a0\u00bbname\u00a0\u00bb:\u00a0\u00bbSeine-Saint-Denis\u00a0\u00bb,\u00a0\u00bbsite\u00a0\u00bb:{}},{\u00ab\u00a0_id\u00a0\u00bb:\u00a0\u00bb\/val-d-oise-95&Prime;,\u00a0\u00bbname\u00a0\u00bb:\u00a0\u00bbVal-d&rsquo;Oise\u00a0\u00bb,\u00a0\u00bbsite\u00a0\u00bb:{}},{\u00ab\u00a0_id\u00a0\u00bb:\u00a0\u00bb\/val-de-marne-94&Prime;,\u00a0\u00bbname\u00a0\u00bb:\u00a0\u00bbVal-de-Marne\u00a0\u00bb,\u00a0\u00bbsite\u00a0\u00bb:{}},{\u00ab\u00a0_id\u00a0\u00bb:\u00a0\u00bb\/seine-et-marne-77&Prime;,\u00a0\u00bbname\u00a0\u00bb:\u00a0\u00bbSeine-et-Marne\u00a0\u00bb,\u00a0\u00bbsite\u00a0\u00bb:{}},{\u00ab\u00a0_id\u00a0\u00bb:\u00a0\u00bb\/yvelines-78&Prime;,\u00a0\u00bbname\u00a0\u00bb:\u00a0\u00bbYvelines\u00a0\u00bb,\u00a0\u00bbsite\u00a0\u00bb:{}},{\u00ab\u00a0_id\u00a0\u00bb:\u00a0\u00bb\/oise-60&Prime;,\u00a0\u00bbname\u00a0\u00bb:\u00a0\u00bbOise\u00a0\u00bb,\u00a0\u00bbsite\u00a0\u00bb:{}},{\u00ab\u00a0_id\u00a0\u00bb:\u00a0\u00bb\/info-paris-ile-de-france-oise\/transports\u00a0\u00bb,\u00a0\u00bbname\u00a0\u00bb:\u00a0\u00bbTransports IDF\u00a0\u00bb,\u00a0\u00bbsite\u00a0\u00bb:{}}],\u00a0\u00bbname\u00a0\u00bb:\u00a0\u00bbParis &#038; \u00cele-de-France\u00a0\u00bb,\u00a0\u00bbsite\u00a0\u00bb:{}},{\u00ab\u00a0_id\u00a0\u00bb:\u00a0\u00bb\/faits-divers\u00a0\u00bb,\u00a0\u00bbchildren\u00a0\u00bb:[],\u00a0\u00bbname\u00a0\u00bb:\u00a0\u00bbFaits divers\u00a0\u00bb,\u00a0\u00bbsite\u00a0\u00bb:{}},{\u00ab\u00a0_id\u00a0\u00bb:\u00a0\u00bb\/politique\u00a0\u00bb,\u00a0\u00bbchildren\u00a0\u00bb:[{\u00ab\u00a0_id\u00a0\u00bb:\u00a0\u00bb\/politique\/emmanuel-macron\u00a0\u00bb,\u00a0\u00bbname\u00a0\u00bb:\u00a0\u00bbEmmanuel Macron\u00a0\u00bb,\u00a0\u00bbsite\u00a0\u00bb:{}},{\u00ab\u00a0_id\u00a0\u00bb:\u00a0\u00bb\/politique\/sebastien-lecornu\u00a0\u00bb,\u00a0\u00bbname\u00a0\u00bb:\u00a0\u00bbS\u00e9bastien Lecornu\u00a0\u00bb,\u00a0\u00bbsite\u00a0\u00bb:{\u00ab\u00a0is_clickable_on_menu\u00a0\u00bb:\u00a0\u00bbtrue\u00a0\u00bb}},{\u00ab\u00a0_id\u00a0\u00bb:\u00a0\u00bb\/elections\u00a0\u00bb,\u00a0\u00bbname\u00a0\u00bb:\u00a0\u00bb\u00c9lections\u00a0\u00bb,\u00a0\u00bbsite\u00a0\u00bb:{}},{\u00ab\u00a0_id\u00a0\u00bb:\u00a0\u00bb\/elections\/municipales\u00a0\u00bb,\u00a0\u00bbname\u00a0\u00bb:\u00a0\u00bbMunicipales 2026&Prime;,\u00a0\u00bbsite\u00a0\u00bb:{}}],\u00a0\u00bbname\u00a0\u00bb:\u00a0\u00bbPolitique\u00a0\u00bb,\u00a0\u00bbsite\u00a0\u00bb:{}},{\u00ab\u00a0_id\u00a0\u00bb:\u00a0\u00bb\/international\u00a0\u00bb,\u00a0\u00bbchildren\u00a0\u00bb:[{\u00ab\u00a0_id\u00a0\u00bb:\u00a0\u00bb\/international\/etats-unis\u00a0\u00bb,\u00a0\u00bbname\u00a0\u00bb:\u00a0\u00bb\u00c9tats-Unis\u00a0\u00bb,\u00a0\u00bbsite\u00a0\u00bb:{\u00ab\u00a0is_clickable_on_menu\u00a0\u00bb:\u00a0\u00bbtrue\u00a0\u00bb}},{\u00ab\u00a0_id\u00a0\u00bb:\u00a0\u00bb\/international\/israel\u00a0\u00bb,\u00a0\u00bbname\u00a0\u00bb:\u00a0\u00bbGuerre au Proche-Orient\u00a0\u00bb,\u00a0\u00bbsite\u00a0\u00bb:{\u00ab\u00a0is_clickable_on_menu\u00a0\u00bb:\u00a0\u00bbtrue\u00a0\u00bb}},{\u00ab\u00a0_id\u00a0\u00bb:\u00a0\u00bb\/international\/iran\u00a0\u00bb,\u00a0\u00bbname\u00a0\u00bb:\u00a0\u00bbIran\u00a0\u00bb,\u00a0\u00bbsite\u00a0\u00bb:{\u00ab\u00a0is_clickable_on_menu\u00a0\u00bb:\u00a0\u00bbtrue\u00a0\u00bb}},{\u00ab\u00a0_id\u00a0\u00bb:\u00a0\u00bb\/international\/ukraine\u00a0\u00bb,\u00a0\u00bbname\u00a0\u00bb:\u00a0\u00bbGuerre en Ukraine\u00a0\u00bb,\u00a0\u00bbsite\u00a0\u00bb:{\u00ab\u00a0is_clickable_on_menu\u00a0\u00bb:\u00a0\u00bbtrue\u00a0\u00bb}},{\u00ab\u00a0_id\u00a0\u00bb:\u00a0\u00bb\/international\/syrie\u00a0\u00bb,\u00a0\u00bbname\u00a0\u00bb:\u00a0\u00bbSyrie\u00a0\u00bb,\u00a0\u00bbsite\u00a0\u00bb:{\u00ab\u00a0is_clickable_on_menu\u00a0\u00bb:\u00a0\u00bbtrue\u00a0\u00bb}}],\u00a0\u00bbname\u00a0\u00bb:\u00a0\u00bbInternational\u00a0\u00bb,\u00a0\u00bbsite\u00a0\u00bb:{}},{\u00ab\u00a0_id\u00a0\u00bb:\u00a0\u00bb\/sports\u00a0\u00bb,\u00a0\u00bbchildren\u00a0\u00bb:[{\u00ab\u00a0_id\u00a0\u00bb:\u00a0\u00bb\/sports\/football\u00a0\u00bb,\u00a0\u00bbname\u00a0\u00bb:\u00a0\u00bbFootball\u00a0\u00bb,\u00a0\u00bbsite\u00a0\u00bb:{}},{\u00ab\u00a0_id\u00a0\u00bb:\u00a0\u00bb\/sports\/football\/psg\u00a0\u00bb,\u00a0\u00bbname\u00a0\u00bb:\u00a0\u00bbPSG\u00a0\u00bb,\u00a0\u00bbsite\u00a0\u00bb:{}},{\u00ab\u00a0_id\u00a0\u00bb:\u00a0\u00bb\/sports\/football\/ligue-1&Prime;,\u00a0\u00bbname\u00a0\u00bb:\u00a0\u00bbLigue 1&Prime;,\u00a0\u00bbsite\u00a0\u00bb:{\u00ab\u00a0is_clickable_on_menu\u00a0\u00bb:\u00a0\u00bbtrue\u00a0\u00bb}},{\u00ab\u00a0_id\u00a0\u00bb:\u00a0\u00bb\/sports\/football\/ligue-des-champions\u00a0\u00bb,\u00a0\u00bbname\u00a0\u00bb:\u00a0\u00bbLigue des champions\u00a0\u00bb,\u00a0\u00bbsite\u00a0\u00bb:{\u00ab\u00a0is_clickable_on_menu\u00a0\u00bb:\u00a0\u00bbtrue\u00a0\u00bb}},{\u00ab\u00a0_id\u00a0\u00bb:\u00a0\u00bb\/sports\/rugby\u00a0\u00bb,\u00a0\u00bbname\u00a0\u00bb:\u00a0\u00bbRugby\u00a0\u00bb,\u00a0\u00bbsite\u00a0\u00bb:{}},{\u00ab\u00a0_id\u00a0\u00bb:\u00a0\u00bb\/sports\/basket\u00a0\u00bb,\u00a0\u00bbname\u00a0\u00bb:\u00a0\u00bbBasket\u00a0\u00bb,\u00a0\u00bbsite\u00a0\u00bb:{\u00ab\u00a0is_clickable_on_menu\u00a0\u00bb:\u00a0\u00bbtrue\u00a0\u00bb}},{\u00ab\u00a0_id\u00a0\u00bb:\u00a0\u00bb\/sports\/tennis\u00a0\u00bb,\u00a0\u00bbname\u00a0\u00bb:\u00a0\u00bbTennis\u00a0\u00bb,\u00a0\u00bbsite\u00a0\u00bb:{}},{\u00ab\u00a0_id\u00a0\u00bb:\u00a0\u00bb\/sports\/cyclisme\u00a0\u00bb,\u00a0\u00bbname\u00a0\u00bb:\u00a0\u00bbCyclisme\u00a0\u00bb,\u00a0\u00bbsite\u00a0\u00bb:{}},{\u00ab\u00a0_id\u00a0\u00bb:\u00a0\u00bb\/sports\/handball\u00a0\u00bb,\u00a0\u00bbname\u00a0\u00bb:\u00a0\u00bbHandball\u00a0\u00bb,\u00a0\u00bbsite\u00a0\u00bb:{\u00ab\u00a0is_clickable_on_menu\u00a0\u00bb:\u00a0\u00bbtrue\u00a0\u00bb}},{\u00ab\u00a0_id\u00a0\u00bb:\u00a0\u00bb\/sports\/formule-1&Prime;,\u00a0\u00bbname\u00a0\u00bb:\u00a0\u00bbFormule 1&Prime;,\u00a0\u00bbsite\u00a0\u00bb:{}},{\u00ab\u00a0_id\u00a0\u00bb:\u00a0\u00bb\/sports\/hippisme\u00a0\u00bb,\u00a0\u00bbname\u00a0\u00bb:\u00a0\u00bbHippisme\u00a0\u00bb,\u00a0\u00bbsite\u00a0\u00bb:{}},{\u00ab\u00a0_id\u00a0\u00bb:\u00a0\u00bb\/sports\/mma\u00a0\u00bb,\u00a0\u00bbname\u00a0\u00bb:\u00a0\u00bbMMA &#8211; Arts martiaux mixtes\u00a0\u00bb,\u00a0\u00bbsite\u00a0\u00bb:{\u00ab\u00a0is_clickable_on_menu\u00a0\u00bb:\u00a0\u00bbtrue\u00a0\u00bb}},{\u00ab\u00a0_id\u00a0\u00bb:\u00a0\u00bb\/sports\/JO\u00a0\u00bb,\u00a0\u00bbname\u00a0\u00bb:\u00a0\u00bbJeux olympiques\u00a0\u00bb,\u00a0\u00bbsite\u00a0\u00bb:{}}],\u00a0\u00bbname\u00a0\u00bb:\u00a0\u00bbSports\u00a0\u00bb,\u00a0\u00bbsite\u00a0\u00bb:{}},{\u00ab\u00a0_id\u00a0\u00bb:\u00a0\u00bb\/immobilier\u00a0\u00bb,\u00a0\u00bbchildren\u00a0\u00bb:[],\u00a0\u00bbname\u00a0\u00bb:\u00a0\u00bbImmobilier\u00a0\u00bb,\u00a0\u00bbsite\u00a0\u00bb:{}},{\u00ab\u00a0_id\u00a0\u00bb:\u00a0\u00bb\/economie\u00a0\u00bb,\u00a0\u00bbchildren\u00a0\u00bb:[{\u00ab\u00a0_id\u00a0\u00bb:\u00a0\u00bb\/pouvoir-d-achat\u00a0\u00bb,\u00a0\u00bbname\u00a0\u00bb:\u00a0\u00bbPouvoir d&rsquo;achat\u00a0\u00bb,\u00a0\u00bbsite\u00a0\u00bb:{}},{\u00ab\u00a0_id\u00a0\u00bb:\u00a0\u00bb\/economie\/retraites\u00a0\u00bb,\u00a0\u00bbname\u00a0\u00bb:\u00a0\u00bbRetraites\u00a0\u00bb,\u00a0\u00bbsite\u00a0\u00bb:{}},{\u00ab\u00a0_id\u00a0\u00bb:\u00a0\u00bb\/economie\/consommation\u00a0\u00bb,\u00a0\u00bbname\u00a0\u00bb:\u00a0\u00bbConsommation\u00a0\u00bb,\u00a0\u00bbsite\u00a0\u00bb:{}},{\u00ab\u00a0_id\u00a0\u00bb:\u00a0\u00bb\/economie\/emploi\u00a0\u00bb,\u00a0\u00bbname\u00a0\u00bb:\u00a0\u00bbEmploi\u00a0\u00bb,\u00a0\u00bbsite\u00a0\u00bb:{}},{\u00ab\u00a0_id\u00a0\u00bb:\u00a0\u00bb\/economie\/impots\u00a0\u00bb,\u00a0\u00bbname\u00a0\u00bb:\u00a0\u00bbImp\u00f4ts \u00ab\u00a0,\u00a0\u00bbsite\u00a0\u00bb:{}},{\u00ab\u00a0_id\u00a0\u00bb:\u00a0\u00bb\/economie\/business\u00a0\u00bb,\u00a0\u00bbname\u00a0\u00bb:\u00a0\u00bbEntreprises &#038; start-up\u00a0\u00bb,\u00a0\u00bbsite\u00a0\u00bb:{}},{\u00ab\u00a0_id\u00a0\u00bb:\u00a0\u00bb\/vie-de-bureau\u00a0\u00bb,\u00a0\u00bbname\u00a0\u00bb:\u00a0\u00bbVie de bureau\u00a0\u00bb,\u00a0\u00bbsite\u00a0\u00bb:{\u00ab\u00a0is_clickable_on_menu\u00a0\u00bb:\u00a0\u00bbtrue\u00a0\u00bb}},{\u00ab\u00a0_id\u00a0\u00bb:\u00a0\u00bb\/automobile\u00a0\u00bb,\u00a0\u00bbname\u00a0\u00bb:\u00a0\u00bbAutomobile\u00a0\u00bb,\u00a0\u00bbsite\u00a0\u00bb:{}}],\u00a0\u00bbname\u00a0\u00bb:\u00a0\u00bb\u00c9conomie\u00a0\u00bb,\u00a0\u00bbsite\u00a0\u00bb:{}},{\u00ab\u00a0_id\u00a0\u00bb:\u00a0\u00bb\/futurs\u00a0\u00bb,\u00a0\u00bbchildren\u00a0\u00bb:[{\u00ab\u00a0_id\u00a0\u00bb:\u00a0\u00bb\/environnement\u00a0\u00bb,\u00a0\u00bbname\u00a0\u00bb:\u00a0\u00bbEnvironnement\u00a0\u00bb,\u00a0\u00bbsite\u00a0\u00bb:{}},{\u00ab\u00a0_id\u00a0\u00bb:\u00a0\u00bb\/environnement\/climat\u00a0\u00bb,\u00a0\u00bbname\u00a0\u00bb:\u00a0\u00bbClimat\u00a0\u00bb,\u00a0\u00bbsite\u00a0\u00bb:{\u00ab\u00a0is_clickable_on_menu\u00a0\u00bb:\u00a0\u00bbtrue\u00a0\u00bb}},{\u00ab\u00a0_id\u00a0\u00bb:\u00a0\u00bb\/high-tech\u00a0\u00bb,\u00a0\u00bbname\u00a0\u00bb:\u00a0\u00bbHigh-tech\u00a0\u00bb,\u00a0\u00bbsite\u00a0\u00bb:{}},{\u00ab\u00a0_id\u00a0\u00bb:\u00a0\u00bb\/sciences\u00a0\u00bb,\u00a0\u00bbname\u00a0\u00bb:\u00a0\u00bbSciences\u00a0\u00bb,\u00a0\u00bbsite\u00a0\u00bb:{}}],\u00a0\u00bbname\u00a0\u00bb:\u00a0\u00bbFuturs\u00a0\u00bb,\u00a0\u00bbsite\u00a0\u00bb:{\u00ab\u00a0is_clickable_on_menu\u00a0\u00bb:\u00a0\u00bbtrue\u00a0\u00bb}},{\u00ab\u00a0_id\u00a0\u00bb:\u00a0\u00bb\/societe\u00a0\u00bb,\u00a0\u00bbchildren\u00a0\u00bb:[{\u00ab\u00a0_id\u00a0\u00bb:\u00a0\u00bb\/societe\/famille\u00a0\u00bb,\u00a0\u00bbname\u00a0\u00bb:\u00a0\u00bbFamille\u00a0\u00bb,\u00a0\u00bbsite\u00a0\u00bb:{\u00ab\u00a0is_clickable_on_menu\u00a0\u00bb:\u00a0\u00bbtrue\u00a0\u00bb}},{\u00ab\u00a0_id\u00a0\u00bb:\u00a0\u00bb\/societe\/religions\u00a0\u00bb,\u00a0\u00bbname\u00a0\u00bb:\u00a0\u00bbReligions\u00a0\u00bb,\u00a0\u00bbsite\u00a0\u00bb:{\u00ab\u00a0is_clickable_on_menu\u00a0\u00bb:\u00a0\u00bbtrue\u00a0\u00bb}},{\u00ab\u00a0_id\u00a0\u00bb:\u00a0\u00bb\/intime\u00a0\u00bb,\u00a0\u00bbname\u00a0\u00bb:\u00a0\u00bbIntime\u00a0\u00bb,\u00a0\u00bbsite\u00a0\u00bb:{\u00ab\u00a0is_clickable_on_menu\u00a0\u00bb:\u00a0\u00bbtrue\u00a0\u00bb}},{\u00ab\u00a0_id\u00a0\u00bb:\u00a0\u00bblink-E3MRSAZGW5FZ7PZSNWBB3UZ62Q\u00a0\u00bb,\u00a0\u00bbdisplay_name\u00a0\u00bb:\u00a0\u00bbSentinelles\u00a0\u00bb,\u00a0\u00bburl\u00a0\u00bb:\u00a0\u00bbhttps:\/\/www.leparisien.fr\/sentinelles\/\u00a0\u00bb},{\u00ab\u00a0_id\u00a0\u00bb:\u00a0\u00bb\/bien-manger\u00a0\u00bb,\u00a0\u00bbname\u00a0\u00bb:\u00a0\u00bbBien manger\u00a0\u00bb,\u00a0\u00bbsite\u00a0\u00bb:{\u00ab\u00a0is_clickable_on_menu\u00a0\u00bb:\u00a0\u00bbtrue\u00a0\u00bb}}],\u00a0\u00bbname\u00a0\u00bb:\u00a0\u00bbSoci\u00e9t\u00e9\u00a0\u00bb,\u00a0\u00bbsite\u00a0\u00bb:{}},{\u00ab\u00a0_id\u00a0\u00bb:\u00a0\u00bb\/societe\/sante\u00a0\u00bb,\u00a0\u00bbchildren\u00a0\u00bb:[{\u00ab\u00a0_id\u00a0\u00bb:\u00a0\u00bb\/coronavirus\u00a0\u00bb,\u00a0\u00bbname\u00a0\u00bb:\u00a0\u00bbCovid-19&Prime;,\u00a0\u00bbsite\u00a0\u00bb:{}}],\u00a0\u00bbname\u00a0\u00bb:\u00a0\u00bbSant\u00e9\u00a0\u00bb,\u00a0\u00bbsite\u00a0\u00bb:{}},{\u00ab\u00a0_id\u00a0\u00bb:\u00a0\u00bb\/culture-loisirs\u00a0\u00bb,\u00a0\u00bbchildren\u00a0\u00bb:[{\u00ab\u00a0_id\u00a0\u00bb:\u00a0\u00bb\/culture-loisirs\/cinema\u00a0\u00bb,\u00a0\u00bbname\u00a0\u00bb:\u00a0\u00bbCin\u00e9ma\u00a0\u00bb,\u00a0\u00bbsite\u00a0\u00bb:{}},{\u00ab\u00a0_id\u00a0\u00bb:\u00a0\u00bb\/culture-loisirs\/series\u00a0\u00bb,\u00a0\u00bbname\u00a0\u00bb:\u00a0\u00bbS\u00e9ries\u00a0\u00bb,\u00a0\u00bbsite\u00a0\u00bb:{}},{\u00ab\u00a0_id\u00a0\u00bb:\u00a0\u00bb\/culture-loisirs\/tv\u00a0\u00bb,\u00a0\u00bbname\u00a0\u00bb:\u00a0\u00bbT\u00e9l\u00e9vision &#038; m\u00e9dias\u00a0\u00bb,\u00a0\u00bbsite\u00a0\u00bb:{}},{\u00ab\u00a0_id\u00a0\u00bb:\u00a0\u00bb\/culture-loisirs\/miss-france\u00a0\u00bb,\u00a0\u00bbname\u00a0\u00bb:\u00a0\u00bbMiss France 2026&Prime;,\u00a0\u00bbsite\u00a0\u00bb:{\u00ab\u00a0is_clickable_on_menu\u00a0\u00bb:\u00a0\u00bbtrue\u00a0\u00bb}},{\u00ab\u00a0_id\u00a0\u00bb:\u00a0\u00bb\/culture-loisirs\/livres\u00a0\u00bb,\u00a0\u00bbname\u00a0\u00bb:\u00a0\u00bbLivres\u00a0\u00bb,\u00a0\u00bbsite\u00a0\u00bb:{}},{\u00ab\u00a0_id\u00a0\u00bb:\u00a0\u00bb\/culture-loisirs\/musique\u00a0\u00bb,\u00a0\u00bbname\u00a0\u00bb:\u00a0\u00bbMusique\u00a0\u00bb,\u00a0\u00bbsite\u00a0\u00bb:{}},{\u00ab\u00a0_id\u00a0\u00bb:\u00a0\u00bb\/culture-loisirs\/sortir-region-parisienne\u00a0\u00bb,\u00a0\u00bbname\u00a0\u00bb:\u00a0\u00bbSorties IDF &#038; Oise\u00a0\u00bb,\u00a0\u00bbsite\u00a0\u00bb:{}}],\u00a0\u00bbname\u00a0\u00bb:\u00a0\u00bbCulture &#038; loisirs\u00a0\u00bb,\u00a0\u00bbsite\u00a0\u00bb:{}},{\u00ab\u00a0_id\u00a0\u00bb:\u00a0\u00bb\/meteo\u00a0\u00bb,\u00a0\u00bbchildren\u00a0\u00bb:[],\u00a0\u00bbname\u00a0\u00bb:\u00a0\u00bbM\u00e9t\u00e9o\u00a0\u00bb,\u00a0\u00bbsite\u00a0\u00bb:{}},{\u00ab\u00a0_id\u00a0\u00bb:\u00a0\u00bb\/en-region\u00a0\u00bb,\u00a0\u00bbchildren\u00a0\u00bb:[{\u00ab\u00a0_id\u00a0\u00bb:\u00a0\u00bb\/aube-10&Prime;,\u00a0\u00bbname\u00a0\u00bb:\u00a0\u00bbAube\u00a0\u00bb,\u00a0\u00bbsite\u00a0\u00bb:{}},{\u00ab\u00a0_id\u00a0\u00bb:\u00a0\u00bb\/calvados-14&Prime;,\u00a0\u00bbname\u00a0\u00bb:\u00a0\u00bbCalvados\u00a0\u00bb,\u00a0\u00bbsite\u00a0\u00bb:{}},{\u00ab\u00a0_id\u00a0\u00bb:\u00a0\u00bb\/charente-maritime-17&Prime;,\u00a0\u00bbname\u00a0\u00bb:\u00a0\u00bbCharente-Maritime\u00a0\u00bb,\u00a0\u00bbsite\u00a0\u00bb:{}},{\u00ab\u00a0_id\u00a0\u00bb:\u00a0\u00bb\/eure-27&Prime;,\u00a0\u00bbname\u00a0\u00bb:\u00a0\u00bbEure\u00a0\u00bb,\u00a0\u00bbsite\u00a0\u00bb:{}},{\u00ab\u00a0_id\u00a0\u00bb:\u00a0\u00bb\/eure-et-loir-28&Prime;,\u00a0\u00bbname\u00a0\u00bb:\u00a0\u00bbEure-et-Loir\u00a0\u00bb,\u00a0\u00bbsite\u00a0\u00bb:{}},{\u00ab\u00a0_id\u00a0\u00bb:\u00a0\u00bb\/finistere-29&Prime;,\u00a0\u00bbname\u00a0\u00bb:\u00a0\u00bbFinist\u00e8re\u00a0\u00bb,\u00a0\u00bbsite\u00a0\u00bb:{}},{\u00ab\u00a0_id\u00a0\u00bb:\u00a0\u00bb\/haute-garonne-31&Prime;,\u00a0\u00bbname\u00a0\u00bb:\u00a0\u00bbHaute-Garonne\u00a0\u00bb,\u00a0\u00bbsite\u00a0\u00bb:{}},{\u00ab\u00a0_id\u00a0\u00bb:\u00a0\u00bb\/loiret-45&Prime;,\u00a0\u00bbname\u00a0\u00bb:\u00a0\u00bbLoiret\u00a0\u00bb,\u00a0\u00bbsite\u00a0\u00bb:{}},{\u00ab\u00a0_id\u00a0\u00bb:\u00a0\u00bb\/marne-51&Prime;,\u00a0\u00bbname\u00a0\u00bb:\u00a0\u00bbMarne\u00a0\u00bb,\u00a0\u00bbsite\u00a0\u00bb:{}},{\u00ab\u00a0_id\u00a0\u00bb:\u00a0\u00bb\/puy-de-dome-63&Prime;,\u00a0\u00bbname\u00a0\u00bb:\u00a0\u00bbPuy-de-D\u00f4me\u00a0\u00bb,\u00a0\u00bbsite\u00a0\u00bb:{}},{\u00ab\u00a0_id\u00a0\u00bb:\u00a0\u00bb\/pyrenees-orientales-66&Prime;,\u00a0\u00bbname\u00a0\u00bb:\u00a0\u00bbPyr\u00e9n\u00e9es-Orientales\u00a0\u00bb,\u00a0\u00bbsite\u00a0\u00bb:{}},{\u00ab\u00a0_id\u00a0\u00bb:\u00a0\u00bb\/seine-maritime-76&Prime;,\u00a0\u00bbname\u00a0\u00bb:\u00a0\u00bbSeine-Maritime\u00a0\u00bb,\u00a0\u00bbsite\u00a0\u00bb:{}}],\u00a0\u00bbname\u00a0\u00bb:\u00a0\u00bbEn r\u00e9gion\u00a0\u00bb,\u00a0\u00bbsite\u00a0\u00bb:{\u00ab\u00a0is_clickable_on_menu\u00a0\u00bb:\u00a0\u00bbtrue\u00a0\u00bb}},{\u00ab\u00a0_id\u00a0\u00bb:\u00a0\u00bb\/week-end\u00a0\u00bb,\u00a0\u00bbchildren\u00a0\u00bb:[],\u00a0\u00bbname\u00a0\u00bb:\u00a0\u00bbLe Parisien Week-end\u00a0\u00bb,\u00a0\u00bbsite\u00a0\u00bb:{}},{\u00ab\u00a0_id\u00a0\u00bb:\u00a0\u00bb\/etudiant\u00a0\u00bb,\u00a0\u00bbchildren\u00a0\u00bb:[{\u00ab\u00a0_id\u00a0\u00bb:\u00a0\u00bb\/etudiant\/etudes\u00a0\u00bb,\u00a0\u00bbname\u00a0\u00bb:\u00a0\u00bbEnseignement sup\u00e9rieur\u00a0\u00bb,\u00a0\u00bbsite\u00a0\u00bb:{\u00ab\u00a0is_clickable_on_menu\u00a0\u00bb:\u00a0\u00bbtrue\u00a0\u00bb}},{\u00ab\u00a0_id\u00a0\u00bb:\u00a0\u00bb\/etudiant\/lycee\u00a0\u00bb,\u00a0\u00bbname\u00a0\u00bb:\u00a0\u00bbLyc\u00e9e\u00a0\u00bb,\u00a0\u00bbsite\u00a0\u00bb:{\u00ab\u00a0is_clickable_on_menu\u00a0\u00bb:\u00a0\u00bbtrue\u00a0\u00bb}},{\u00ab\u00a0_id\u00a0\u00bb:\u00a0\u00bb\/etudiant\/college\u00a0\u00bb,\u00a0\u00bbname\u00a0\u00bb:\u00a0\u00bbColl\u00e8ge\u00a0\u00bb,\u00a0\u00bbsite\u00a0\u00bb:{\u00ab\u00a0is_clickable_on_menu\u00a0\u00bb:\u00a0\u00bbtrue\u00a0\u00bb}},{\u00ab\u00a0_id\u00a0\u00bb:\u00a0\u00bblink-EDGWJW5SNBGGXH7O2NQ6ZX2C24&Prime;,\u00a0\u00bbdisplay_name\u00a0\u00bb:\u00a0\u00bbGuide des m\u00e9tiers\u00a0\u00bb,\u00a0\u00bburl\u00a0\u00bb:\u00a0\u00bb\/etudiant\/guide-metiers\u00a0\u00bb},{\u00ab\u00a0_id\u00a0\u00bb:\u00a0\u00bb\/etudiant\/vie-etudiante\u00a0\u00bb,\u00a0\u00bbname\u00a0\u00bb:\u00a0\u00bbVie \u00e9tudiante\u00a0\u00bb,\u00a0\u00bbsite\u00a0\u00bb:{\u00ab\u00a0is_clickable_on_menu\u00a0\u00bb:\u00a0\u00bbtrue\u00a0\u00bb}},{\u00ab\u00a0_id\u00a0\u00bb:\u00a0\u00bb\/etudiant\/jobs-stages\u00a0\u00bb,\u00a0\u00bbname\u00a0\u00bb:\u00a0\u00bbJobs Stages\u00a0\u00bb,\u00a0\u00bbsite\u00a0\u00bb:{\u00ab\u00a0is_clickable_on_menu\u00a0\u00bb:\u00a0\u00bbtrue\u00a0\u00bb}},{\u00ab\u00a0_id\u00a0\u00bb:\u00a0\u00bb\/etudiant\/sortir\u00a0\u00bb,\u00a0\u00bbname\u00a0\u00bb:\u00a0\u00bbAgenda sorties\u00a0\u00bb,\u00a0\u00bbsite\u00a0\u00bb:{\u00ab\u00a0is_clickable_on_menu\u00a0\u00bb:\u00a0\u00bbtrue\u00a0\u00bb}},{\u00ab\u00a0_id\u00a0\u00bb:\u00a0\u00bblink-2TBO3QWLMZFYPEDVNSTN3TYGI4&Prime;,\u00a0\u00bbdisplay_name\u00a0\u00bb:\u00a0\u00bbR\u00e9veillon 2026&Prime;,\u00a0\u00bburl\u00a0\u00bb:\u00a0\u00bbhttps:\/\/www.leparisien.fr\/etudiant\/sortir\/paris\/reveillon\/\u00a0\u00bb}],\u00a0\u00bbname\u00a0\u00bb:\u00a0\u00bbLe Parisien \u00c9tudiant\u00a0\u00bb,\u00a0\u00bbsite\u00a0\u00bb:{\u00ab\u00a0is_clickable_on_menu\u00a0\u00bb:\u00a0\u00bbtrue\u00a0\u00bb}},{\u00ab\u00a0_id\u00a0\u00bb:\u00a0\u00bblink-EMKBI7BJXVBWVDRJ44OKJI6UMM\u00a0\u00bb,\u00a0\u00bbchildren\u00a0\u00bb:[],\u00a0\u00bbdisplay_name\u00a0\u00bb:\u00a0\u00bbLe Parisien Jardin\u00a0\u00bb,\u00a0\u00bburl\u00a0\u00bb:\u00a0\u00bb\/jardin\u00a0\u00bb},{\u00ab\u00a0_id\u00a0\u00bb:\u00a0\u00bblink-0C1X4Q949N1H331X6DX63HRF2W\u00a0\u00bb,\u00a0\u00bbchildren\u00a0\u00bb:[],\u00a0\u00bbdisplay_name\u00a0\u00bb:\u00a0\u00bbLe Parisien Jeux\u00a0\u00bb,\u00a0\u00bburl\u00a0\u00bb:\u00a0\u00bb\/jeux\u00a0\u00bb},{\u00ab\u00a0_id\u00a0\u00bb:\u00a0\u00bblink-JBUVMA7XQVHNPMKQ6EPRAHHOAE\u00a0\u00bb,\u00a0\u00bbchildren\u00a0\u00bb:[],\u00a0\u00bbdisplay_name\u00a0\u00bb:\u00a0\u00bbGuide d&rsquo;achat\u00a0\u00bb,\u00a0\u00bburl\u00a0\u00bb:\u00a0\u00bb\/guide-shopping\u00a0\u00bb},{\u00ab\u00a0_id\u00a0\u00bb:\u00a0\u00bb\/video\u00a0\u00bb,\u00a0\u00bbchildren\u00a0\u00bb:[{\u00ab\u00a0_id\u00a0\u00bb:\u00a0\u00bb\/biclou\u00a0\u00bb,\u00a0\u00bbname\u00a0\u00bb:\u00a0\u00bbBiclou\u00a0\u00bb,\u00a0\u00bbsite\u00a0\u00bb:{\u00ab\u00a0is_clickable_on_menu\u00a0\u00bb:\u00a0\u00bbtrue\u00a0\u00bb}},{\u00ab\u00a0_id\u00a0\u00bb:\u00a0\u00bb\/food-checking\u00a0\u00bb,\u00a0\u00bbname\u00a0\u00bb:\u00a0\u00bbFood-checking\u00a0\u00bb,\u00a0\u00bbsite\u00a0\u00bb:{\u00ab\u00a0is_clickable_on_menu\u00a0\u00bb:\u00a0\u00bbtrue\u00a0\u00bb}},{\u00ab\u00a0_id\u00a0\u00bb:\u00a0\u00bb\/video\/le-touriste\u00a0\u00bb,\u00a0\u00bbname\u00a0\u00bb:\u00a0\u00bbLe Touriste\u00a0\u00bb,\u00a0\u00bbsite\u00a0\u00bb:{}}],\u00a0\u00bbname\u00a0\u00bb:\u00a0\u00bbVid\u00e9os\u00a0\u00bb,\u00a0\u00bbsite\u00a0\u00bb:{}},{\u00ab\u00a0_id\u00a0\u00bb:\u00a0\u00bb\/podcasts\u00a0\u00bb,\u00a0\u00bbchildren\u00a0\u00bb:[{\u00ab\u00a0_id\u00a0\u00bb:\u00a0\u00bb\/podcasts\/code-source\u00a0\u00bb,\u00a0\u00bbname\u00a0\u00bb:\u00a0\u00bbCode source\u00a0\u00bb,\u00a0\u00bbsite\u00a0\u00bb:{}},{\u00ab\u00a0_id\u00a0\u00bb:\u00a0\u00bb\/podcasts\/crime-story\u00a0\u00bb,\u00a0\u00bbname\u00a0\u00bb:\u00a0\u00bbCrime story\u00a0\u00bb,\u00a0\u00bbsite\u00a0\u00bb:{\u00ab\u00a0is_clickable_on_menu\u00a0\u00bb:\u00a0\u00bbtrue\u00a0\u00bb}},{\u00ab\u00a0_id\u00a0\u00bb:\u00a0\u00bb\/podcasts\/le-sacre\u00a0\u00bb,\u00a0\u00bbname\u00a0\u00bb:\u00a0\u00bbLe Sacre\u00a0\u00bb,\u00a0\u00bbsite\u00a0\u00bb:{\u00ab\u00a0is_clickable_on_menu\u00a0\u00bb:\u00a0\u00bbtrue\u00a0\u00bb}}],\u00a0\u00bbname\u00a0\u00bb:\u00a0\u00bbPodcasts\u00a0\u00bb,\u00a0\u00bbsite\u00a0\u00bb:{}},{\u00ab\u00a0_id\u00a0\u00bb:\u00a0\u00bblink-QQU4NYD8BN0XZ3CAQ45EVQ2HYM\u00a0\u00bb,\u00a0\u00bbchildren\u00a0\u00bb:[],\u00a0\u00bbdisplay_name\u00a0\u00bb:\u00a0\u00bbNewsletters\u00a0\u00bb,\u00a0\u00bburl\u00a0\u00bb:\u00a0\u00bb\/inscription-newsletters\u00a0\u00bb},{\u00ab\u00a0_id\u00a0\u00bb:\u00a0\u00bblink-NFAA5D34P50ET85EVJRV7AYWAR\u00a0\u00bb,\u00a0\u00bbchildren\u00a0\u00bb:[],\u00a0\u00bbdisplay_name\u00a0\u00bb:\u00a0\u00bbJournal\u00a0\u00bb,\u00a0\u00bburl\u00a0\u00bb:\u00a0\u00bbhttps:\/\/www.kiosque.leparisien.fr\/\u00a0\u00bb},{\u00ab\u00a0_id\u00a0\u00bb:\u00a0\u00bblink-VT3PMSVXKZDW3PKZITTV5ZBDAA\u00a0\u00bb,\u00a0\u00bbchildren\u00a0\u00bb:[],\u00a0\u00bbdisplay_name\u00a0\u00bb:\u00a0\u00bbBoutique\u00a0\u00bb,\u00a0\u00bburl\u00a0\u00bb:\u00a0\u00bbhttps:\/\/abonnement.leparisien.fr\/hors-serie\u00a0\u00bb},{\u00ab\u00a0_id\u00a0\u00bb:\u00a0\u00bb\/annonces\u00a0\u00bb,\u00a0\u00bbchildren\u00a0\u00bb:[{\u00ab\u00a0_id\u00a0\u00bb:\u00a0\u00bblink-DS2YVERH4ZGG5IG4OFN65TGF6M\u00a0\u00bb,\u00a0\u00bbdisplay_name\u00a0\u00bb:\u00a0\u00bbAnnonces immobili\u00e8res\u00a0\u00bb,\u00a0\u00bburl\u00a0\u00bb:\u00a0\u00bbhttps:\/\/www.leparisien.fr\/nos-services\/annonces-immobilieres\/\u00a0\u00bb},{\u00ab\u00a0_id\u00a0\u00bb:\u00a0\u00bblink-96PM3HPAPD2QV8VNJQK51D2KZC\u00a0\u00bb,\u00a0\u00bbdisplay_name\u00a0\u00bb:\u00a0\u00bbAvis de d\u00e9c\u00e8s\u00a0\u00bb,\u00a0\u00bburl\u00a0\u00bb:\u00a0\u00bbhttps:\/\/carnet.leparisien.fr\/\u00a0\u00bb},{\u00ab\u00a0_id\u00a0\u00bb:\u00a0\u00bblink-H0QXF8QEJT2F707TW9FR4HYMQM\u00a0\u00bb,\u00a0\u00bbdisplay_name\u00a0\u00bb:\u00a0\u00bbAnnonces l\u00e9gales\u00a0\u00bb,\u00a0\u00bburl\u00a0\u00bb:\u00a0\u00bbhttps:\/\/annonces-legales.leparisien.fr\/\u00a0\u00bb},{\u00ab\u00a0_id\u00a0\u00bb:\u00a0\u00bblink-PN367P2VG5745792GVQE8X11FG\u00a0\u00bb,\u00a0\u00bbdisplay_name\u00a0\u00bb:\u00a0\u00bbMarch\u00e9s publics\u00a0\u00bb,\u00a0\u00bburl\u00a0\u00bb:\u00a0\u00bbhttps:\/\/avisdemarches.leparisien.fr\/\u00a0\u00bb},{\u00ab\u00a0_id\u00a0\u00bb:\u00a0\u00bblink-JNVWDN635VDLNDWGT4O2N4FDUM\u00a0\u00bb,\u00a0\u00bbdisplay_name\u00a0\u00bb:\u00a0\u00bbEnch\u00e8res publiques\u00a0\u00bb,\u00a0\u00bburl\u00a0\u00bb:\u00a0\u00bbhttps:\/\/ventes-aux-encheres.leparisien.fr\/\u00a0\u00bb}],\u00a0\u00bbname\u00a0\u00bb:\u00a0\u00bbAnnonces\u00a0\u00bb,\u00a0\u00bbsite\u00a0\u00bb:{\u00ab\u00a0is_clickable_on_menu\u00a0\u00bb:\u00a0\u00bbfalse\u00a0\u00bb}},{\u00ab\u00a0_id\u00a0\u00bb:\u00a0\u00bb\/nos-services\u00a0\u00bb,\u00a0\u00bbchildren\u00a0\u00bb:[{\u00ab\u00a0_id\u00a0\u00bb:\u00a0\u00bblink-FJ9WQRGY112Q980R32ZUEB8D50&Prime;,\u00a0\u00bbdisplay_name\u00a0\u00bb:\u00a0\u00bbCours d&rsquo;anglais\u00a0\u00bb,\u00a0\u00bburl\u00a0\u00bb:\u00a0\u00bbhttps:\/\/cours-anglais.leparisien.fr\/\u00a0\u00bb},{\u00ab\u00a0_id\u00a0\u00bb:\u00a0\u00bblink-3WNPNDBUU534N10GTYZU37ZPAC\u00a0\u00bb,\u00a0\u00bbdisplay_name\u00a0\u00bb:\u00a0\u00bbNos applications\u00a0\u00bb,\u00a0\u00bburl\u00a0\u00bb:\u00a0\u00bbhttps:\/\/www.leparisien.fr\/applications\/\u00a0\u00bb},{\u00ab\u00a0_id\u00a0\u00bb:\u00a0\u00bblink-XUFE6J20ZD2Z10RQKZ377J5QK4&Prime;,\u00a0\u00bbdisplay_name\u00a0\u00bb:\u00a0\u00bbComparateurs\u00a0\u00bb,\u00a0\u00bburl\u00a0\u00bb:\u00a0\u00bbhttps:\/\/comparateur.leparisien.fr\/\u00a0\u00bb},{\u00ab\u00a0_id\u00a0\u00bb:\u00a0\u00bblink-HZBZ0TWU9X3KD88989K9JZNF4M\u00a0\u00bb,\u00a0\u00bbdisplay_name\u00a0\u00bb:\u00a0\u00bbJeux Concours\u00a0\u00bb,\u00a0\u00bburl\u00a0\u00bb:\u00a0\u00bb\/jeux\/jeu-concours.php\u00a0\u00bb},{\u00ab\u00a0_id\u00a0\u00bb:\u00a0\u00bblink-PBN1N2E5316XX10RG10Q7H636R\u00a0\u00bb,\u00a0\u00bbdisplay_name\u00a0\u00bb:\u00a0\u00bbBilletterie\u00a0\u00bb,\u00a0\u00bburl\u00a0\u00bb:\u00a0\u00bbhttps:\/\/www.ticketmaster.fr\/fr\/index\/idtier\/43209120&Prime;},{\u00ab\u00a0_id\u00a0\u00bb:\u00a0\u00bblink-K6TDGRUCPFCWFDY6RJS5L5QBWM\u00a0\u00bb,\u00a0\u00bbdisplay_name\u00a0\u00bb:\u00a0\u00bbAnnonces immobili\u00e8res\u00a0\u00bb,\u00a0\u00bburl\u00a0\u00bb:\u00a0\u00bbhttps:\/\/www.leparisien.fr\/nos-services\/annonces-immobilieres\/\u00a0\u00bb}],\u00a0\u00bbname\u00a0\u00bb:\u00a0\u00bbServices\u00a0\u00bb,\u00a0\u00bbsite\u00a0\u00bb:{}},{\u00ab\u00a0_id\u00a0\u00bb:\u00a0\u00bblink-7AWCQT0FRN39199PD9Q658Z8VM\u00a0\u00bb,\u00a0\u00bbchildren\u00a0\u00bb:[],\u00a0\u00bbdisplay_name\u00a0\u00bb:\u00a0\u00bbContacter la r\u00e9daction\u00a0\u00bb,\u00a0\u00bburl\u00a0\u00bb:\u00a0\u00bb\/contact\u00a0\u00bb}],\u00a0\u00bb_id\u00a0\u00bb:\u00a0\u00bbhttps:\/\/www.leparisien.fr\/\u00a0\u00bb},\u00a0\u00bbexpires\u00a0\u00bb:1763822536244,\u00a0\u00bblastModified\u00a0\u00bb:1763821935978},\u00a0\u00bb{\\\u00a0\u00bb_id\\\u00a0\u00bb:\\\u00a0\u00bb\/\\\u00a0\u00bb,\\\u00a0\u00bb_website\\\u00a0\u00bb:\\\u00a0\u00bbleparisien\\\u00a0\u00bb,\\\u00a0\u00bbhierarchy\\\u00a0\u00bb:\\\u00a0\u00bbnav\\\u00a0\u00bb}\u00a0\u00bb:{\u00ab\u00a0data\u00a0\u00bb:{\u00ab\u00a0children\u00a0\u00bb:[{\u00ab\u00a0_id\u00a0\u00bb:\u00a0\u00bblink-2H5K0UW5J93258EYKHNEREX460&Prime;,\u00a0\u00bbchildren\u00a0\u00bb:[],\u00a0\u00bbdisplay_name\u00a0\u00bb:\u00a0\u00bb\u00c0 la une\u00a0\u00bb,\u00a0\u00bburl\u00a0\u00bb:\u00a0\u00bbhttps:\/\/www.leparisien.fr\/\u00a0\u00bb},{\u00ab\u00a0_id\u00a0\u00bb:\u00a0\u00bblink-CARE3IWDTNFIHIGE5CNV3X47YQ\u00a0\u00bb,\u00a0\u00bbchildren\u00a0\u00bb:[],\u00a0\u00bbdisplay_name\u00a0\u00bb:\u00a0\u00bbEn continu\u00a0\u00bb,\u00a0\u00bburl\u00a0\u00bb:\u00a0\u00bb\/actualites-en-continu\u00a0\u00bb},{\u00ab\u00a0_id\u00a0\u00bb:\u00a0\u00bb\/info-paris-ile-de-france-oise\u00a0\u00bb,\u00a0\u00bbchildren\u00a0\u00bb:[{\u00ab\u00a0_id\u00a0\u00bb:\u00a0\u00bb\/paris-75&Prime;,\u00a0\u00bbname\u00a0\u00bb:\u00a0\u00bbParis\u00a0\u00bb,\u00a0\u00bbsite\u00a0\u00bb:{}},{\u00ab\u00a0_id\u00a0\u00bb:\u00a0\u00bb\/essonne-91&Prime;,\u00a0\u00bbname\u00a0\u00bb:\u00a0\u00bbEssonne\u00a0\u00bb,\u00a0\u00bbsite\u00a0\u00bb:{}},{\u00ab\u00a0_id\u00a0\u00bb:\u00a0\u00bb\/hauts-de-seine-92&Prime;,\u00a0\u00bbname\u00a0\u00bb:\u00a0\u00bbHauts-de-Seine\u00a0\u00bb,\u00a0\u00bbsite\u00a0\u00bb:{}},{\u00ab\u00a0_id\u00a0\u00bb:\u00a0\u00bb\/seine-saint-denis-93&Prime;,\u00a0\u00bbname\u00a0\u00bb:\u00a0\u00bbSeine-Saint-Denis\u00a0\u00bb,\u00a0\u00bbsite\u00a0\u00bb:{}},{\u00ab\u00a0_id\u00a0\u00bb:\u00a0\u00bb\/val-de-marne-94&Prime;,\u00a0\u00bbname\u00a0\u00bb:\u00a0\u00bbVal-de-Marne\u00a0\u00bb,\u00a0\u00bbsite\u00a0\u00bb:{}},{\u00ab\u00a0_id\u00a0\u00bb:\u00a0\u00bb\/val-d-oise-95&Prime;,\u00a0\u00bbname\u00a0\u00bb:\u00a0\u00bbVal-d&rsquo;Oise\u00a0\u00bb,\u00a0\u00bbsite\u00a0\u00bb:{}},{\u00ab\u00a0_id\u00a0\u00bb:\u00a0\u00bb\/seine-et-marne-77&Prime;,\u00a0\u00bbname\u00a0\u00bb:\u00a0\u00bbSeine-et-Marne\u00a0\u00bb,\u00a0\u00bbsite\u00a0\u00bb:{}},{\u00ab\u00a0_id\u00a0\u00bb:\u00a0\u00bb\/yvelines-78&Prime;,\u00a0\u00bbname\u00a0\u00bb:\u00a0\u00bbYvelines\u00a0\u00bb,\u00a0\u00bbsite\u00a0\u00bb:{}},{\u00ab\u00a0_id\u00a0\u00bb:\u00a0\u00bb\/oise-60&Prime;,\u00a0\u00bbname\u00a0\u00bb:\u00a0\u00bbOise\u00a0\u00bb,\u00a0\u00bbsite\u00a0\u00bb:{}},{\u00ab\u00a0_id\u00a0\u00bb:\u00a0\u00bblink-75FLE22TTVCJNGKDBSZGJO3IDE\u00a0\u00bb,\u00a0\u00bbdisplay_name\u00a0\u00bb:\u00a0\u00bbTransports\u00a0\u00bb,\u00a0\u00bburl\u00a0\u00bb:\u00a0\u00bb\/info-paris-ile-de-france-oise\/transports\u00a0\u00bb}],\u00a0\u00bbname\u00a0\u00bb:\u00a0\u00bbParis &#038; \u00cele-de-France\u00a0\u00bb,\u00a0\u00bbsite\u00a0\u00bb:{}},{\u00ab\u00a0_id\u00a0\u00bb:\u00a0\u00bb\/faits-divers\u00a0\u00bb,\u00a0\u00bbchildren\u00a0\u00bb:[],\u00a0\u00bbname\u00a0\u00bb:\u00a0\u00bbFaits divers\u00a0\u00bb,\u00a0\u00bbsite\u00a0\u00bb:{}},{\u00ab\u00a0_id\u00a0\u00bb:\u00a0\u00bb\/politique\u00a0\u00bb,\u00a0\u00bbchildren\u00a0\u00bb:[],\u00a0\u00bbname\u00a0\u00bb:\u00a0\u00bbPolitique\u00a0\u00bb,\u00a0\u00bbsite\u00a0\u00bb:{}},{\u00ab\u00a0_id\u00a0\u00bb:\u00a0\u00bb\/international\u00a0\u00bb,\u00a0\u00bbchildren\u00a0\u00bb:[],\u00a0\u00bbname\u00a0\u00bb:\u00a0\u00bbInternational\u00a0\u00bb,\u00a0\u00bbsite\u00a0\u00bb:{}},{\u00ab\u00a0_id\u00a0\u00bb:\u00a0\u00bb\/economie\u00a0\u00bb,\u00a0\u00bbchildren\u00a0\u00bb:[],\u00a0\u00bbname\u00a0\u00bb:\u00a0\u00bb\u00c9conomie\u00a0\u00bb,\u00a0\u00bbsite\u00a0\u00bb:{}},{\u00ab\u00a0_id\u00a0\u00bb:\u00a0\u00bb\/societe\u00a0\u00bb,\u00a0\u00bbchildren\u00a0\u00bb:[],\u00a0\u00bbname\u00a0\u00bb:\u00a0\u00bbSoci\u00e9t\u00e9\u00a0\u00bb,\u00a0\u00bbsite\u00a0\u00bb:{}},{\u00ab\u00a0_id\u00a0\u00bb:\u00a0\u00bb\/sports\u00a0\u00bb,\u00a0\u00bbchildren\u00a0\u00bb:[],\u00a0\u00bbname\u00a0\u00bb:\u00a0\u00bbSports\u00a0\u00bb,\u00a0\u00bbsite\u00a0\u00bb:{}},{\u00ab\u00a0_id\u00a0\u00bb:\u00a0\u00bblink-QLQZ57ZTZRDSRDLYKVZN3AOLGE\u00a0\u00bb,\u00a0\u00bbchildren\u00a0\u00bb:[],\u00a0\u00bbdisplay_name\u00a0\u00bb:\u00a0\u00bbCulture\u00a0\u00bb,\u00a0\u00bburl\u00a0\u00bb:\u00a0\u00bb\/culture-loisirs\u00a0\u00bb},{\u00ab\u00a0_id\u00a0\u00bb:\u00a0\u00bblink-XVPDWNMJGN44D3KKNCHA0WJ9C0&Prime;,\u00a0\u00bbchildren\u00a0\u00bb:[],\u00a0\u00bbdisplay_name\u00a0\u00bb:\u00a0\u00bb\u00c9tudiant\u00a0\u00bb,\u00a0\u00bburl\u00a0\u00bb:\u00a0\u00bb\/etudiant\u00a0\u00bb},{\u00ab\u00a0_id\u00a0\u00bb:\u00a0\u00bb\/video\u00a0\u00bb,\u00a0\u00bbchildren\u00a0\u00bb:[],\u00a0\u00bbname\u00a0\u00bb:\u00a0\u00bbVid\u00e9os\u00a0\u00bb,\u00a0\u00bbsite\u00a0\u00bb:{}},{\u00ab\u00a0_id\u00a0\u00bb:\u00a0\u00bb\/guide-shopping\u00a0\u00bb,\u00a0\u00bbchildren\u00a0\u00bb:[],\u00a0\u00bbname\u00a0\u00bb:\u00a0\u00bbGuide d&rsquo;achat\u00a0\u00bb,\u00a0\u00bbsite\u00a0\u00bb:{}},{\u00ab\u00a0_id\u00a0\u00bb:\u00a0\u00bblink-LQXHVOZW6FENBABZ5WUDIF4TWA\u00a0\u00bb,\u00a0\u00bbchildren\u00a0\u00bb:[],\u00a0\u00bbdisplay_name\u00a0\u00bb:\u00a0\u00bbJardin\u00a0\u00bb,\u00a0\u00bburl\u00a0\u00bb:\u00a0\u00bbhttps:\/\/www.leparisien.fr\/jardin\/\u00a0\u00bb}],\u00a0\u00bb_id\u00a0\u00bb:\u00a0\u00bbhttps:\/\/www.leparisien.fr\/\u00a0\u00bb},\u00a0\u00bbexpires\u00a0\u00bb:1763822200840,\u00a0\u00bblastModified\u00a0\u00bb:1763821600660},\u00a0\u00bb{\\\u00a0\u00bb_id\\\u00a0\u00bb:\\\u00a0\u00bb\/\\\u00a0\u00bb,\\\u00a0\u00bb_website\\\u00a0\u00bb:\\\u00a0\u00bbleparisien\\\u00a0\u00bb,\\\u00a0\u00bbhierarchy\\\u00a0\u00bb:\\\u00a0\u00bbentretien-exterieurs\\\u00a0\u00bb}\u00a0\u00bb:{\u00ab\u00a0data\u00a0\u00bb:{\u00ab\u00a0_website\u00a0\u00bb:\u00a0\u00bbleparisien\u00a0\u00bb,\u00a0\u00bb_id\u00a0\u00bb:\u00a0\u00bbhttps:\/\/www.leparisien.fr\/\u00a0\u00bb,\u00a0\u00bbname\u00a0\u00bb:\u00a0\u00bbLe Parisien\u00a0\u00bb,\u00a0\u00bbnode_type\u00a0\u00bb:\u00a0\u00bbsection\u00a0\u00bb,\u00a0\u00bbchildren\u00a0\u00bb:[{\u00ab\u00a0_id\u00a0\u00bb:\u00a0\u00bblink-YI4EOL6FFJA6HAECOJ6X5PNFGQ\u00a0\u00bb,\u00a0\u00bb_website\u00a0\u00bb:\u00a0\u00bbleparisien\u00a0\u00bb,\u00a0\u00bbdisplay_name\u00a0\u00bb:\u00a0\u00bbEntretien pelouse\u00a0\u00bb,\u00a0\u00bburl\u00a0\u00bb:\u00a0\u00bbhttps:\/\/www.leparisien.fr\/jardin\/services\/service-de-tonte-de-pelouse-et-entretien-UXUAFJVETFANPOHQVBCWEY6JRY.php\u00a0\u00bb,\u00a0\u00bbparent\u00a0\u00bb:{\u00ab\u00a0entretien-exterieurs\u00a0\u00bb:\u00a0\u00bbhttps:\/\/www.leparisien.fr\/\u00a0\u00bb},\u00a0\u00bborder\u00a0\u00bb:{\u00ab\u00a0entretien-exterieurs\u00a0\u00bb:1001},\u00a0\u00bbnode_type\u00a0\u00bb:\u00a0\u00bblink\u00a0\u00bb,\u00a0\u00bbchildren\u00a0\u00bb:[]},{\u00ab\u00a0_id\u00a0\u00bb:\u00a0\u00bblink-QHZUEYCPWND5DFFQ3V3WZ42X4Q\u00a0\u00bb,\u00a0\u00bb_website\u00a0\u00bb:\u00a0\u00bbleparisien\u00a0\u00bb,\u00a0\u00bbdisplay_name\u00a0\u00bb:\u00a0\u00bbAbattage d\u2019arbre\u00a0\u00bb,\u00a0\u00bburl\u00a0\u00bb:\u00a0\u00bbhttps:\/\/www.leparisien.fr\/jardin\/services\/service-dabattage-darbre-KEDQ2XNJ5JE65ECP5G6A4OFA6M.php\u00a0\u00bb,\u00a0\u00bbparent\u00a0\u00bb:{\u00ab\u00a0entretien-exterieurs\u00a0\u00bb:\u00a0\u00bbhttps:\/\/www.leparisien.fr\/\u00a0\u00bb},\u00a0\u00bborder\u00a0\u00bb:{\u00ab\u00a0entretien-exterieurs\u00a0\u00bb:1002},\u00a0\u00bbnode_type\u00a0\u00bb:\u00a0\u00bblink\u00a0\u00bb,\u00a0\u00bbchildren\u00a0\u00bb:[]},{\u00ab\u00a0_id\u00a0\u00bb:\u00a0\u00bblink-SHCWNUIWDZGYBJVJT76ATZYOUQ\u00a0\u00bb,\u00a0\u00bb_website\u00a0\u00bb:\u00a0\u00bbleparisien\u00a0\u00bb,\u00a0\u00bbdisplay_name\u00a0\u00bb:\u00a0\u00bbPaysagiste\u00a0\u00bb,\u00a0\u00bburl\u00a0\u00bb:\u00a0\u00bbhttps:\/\/www.leparisien.fr\/jardin\/services\/paysagiste-a-domicile-QUI524ONOZF23ALVTGSD5O4PR4.php\u00a0\u00bb,\u00a0\u00bbparent\u00a0\u00bb:{\u00ab\u00a0entretien-exterieurs\u00a0\u00bb:\u00a0\u00bbhttps:\/\/www.leparisien.fr\/\u00a0\u00bb},\u00a0\u00bborder\u00a0\u00bb:{\u00ab\u00a0entretien-exterieurs\u00a0\u00bb:1003},\u00a0\u00bbnode_type\u00a0\u00bb:\u00a0\u00bblink\u00a0\u00bb,\u00a0\u00bbchildren\u00a0\u00bb:[]},{\u00ab\u00a0_id\u00a0\u00bb:\u00a0\u00bblink-OTRMJ6S5AZCIHKJAQA7LHTM57A\u00a0\u00bb,\u00a0\u00bb_website\u00a0\u00bb:\u00a0\u00bbleparisien\u00a0\u00bb,\u00a0\u00bbdisplay_name\u00a0\u00bb:\u00a0\u00bbEntretien du jardin\u00a0\u00bb,\u00a0\u00bburl\u00a0\u00bb:\u00a0\u00bbhttps:\/\/www.leparisien.fr\/jardin\/services\/jardinage-a-domicile-et-entretien-du-jardin-AQH777DWHBGYRDDQQNY33VDI5A.php\u00a0\u00bb,\u00a0\u00bbparent\u00a0\u00bb:{\u00ab\u00a0entretien-exterieurs\u00a0\u00bb:\u00a0\u00bbhttps:\/\/www.leparisien.fr\/\u00a0\u00bb},\u00a0\u00bborder\u00a0\u00bb:{\u00ab\u00a0entretien-exterieurs\u00a0\u00bb:1004},\u00a0\u00bbnode_type\u00a0\u00bb:\u00a0\u00bblink\u00a0\u00bb,\u00a0\u00bbchildren\u00a0\u00bb:[]},{\u00ab\u00a0_id\u00a0\u00bb:\u00a0\u00bblink-UQYSFQ6RZFC77EOGHBFPVPAJIA\u00a0\u00bb,\u00a0\u00bb_website\u00a0\u00bb:\u00a0\u00bbleparisien\u00a0\u00bb,\u00a0\u00bbdisplay_name\u00a0\u00bb:\u00a0\u00bbAm\u00e9nagement terrasse\u00a0\u00bb,\u00a0\u00bburl\u00a0\u00bb:\u00a0\u00bbhttps:\/\/www.leparisien.fr\/jardin\/service-8-construction-pose-et-amenagement-terrasse-NQ73NXTBLVAANAE26BG36RZVVE.php\u00a0\u00bb,\u00a0\u00bbparent\u00a0\u00bb:{\u00ab\u00a0entretien-exterieurs\u00a0\u00bb:\u00a0\u00bbhttps:\/\/www.leparisien.fr\/\u00a0\u00bb},\u00a0\u00bborder\u00a0\u00bb:{\u00ab\u00a0entretien-exterieurs\u00a0\u00bb:1005},\u00a0\u00bbnode_type\u00a0\u00bb:\u00a0\u00bblink\u00a0\u00bb,\u00a0\u00bbchildren\u00a0\u00bb:[]},{\u00ab\u00a0_id\u00a0\u00bb:\u00a0\u00bblink-3UU5LBEHNJCU5BWIN4T2UMWXSI\u00a0\u00bb,\u00a0\u00bb_website\u00a0\u00bb:\u00a0\u00bbleparisien\u00a0\u00bb,\u00a0\u00bbdisplay_name\u00a0\u00bb:\u00a0\u00bbEntretien arbres\u00a0\u00bb,\u00a0\u00bburl\u00a0\u00bb:\u00a0\u00bbhttps:\/\/www.leparisien.fr\/jardin\/services\/elagage-et-taille-darbre-a-domicile-GGWHSQVRJNCE3D3TIW642IWJVM.php\u00a0\u00bb,\u00a0\u00bbparent\u00a0\u00bb:{\u00ab\u00a0entretien-exterieurs\u00a0\u00bb:\u00a0\u00bbhttps:\/\/www.leparisien.fr\/\u00a0\u00bb},\u00a0\u00bborder\u00a0\u00bb:{\u00ab\u00a0entretien-exterieurs\u00a0\u00bb:1006},\u00a0\u00bbnode_type\u00a0\u00bb:\u00a0\u00bblink\u00a0\u00bb,\u00a0\u00bbchildren\u00a0\u00bb:[]},{\u00ab\u00a0_id\u00a0\u00bb:\u00a0\u00bblink-RVEZGAZJ6FCUNLDQZZ2LL24GEI\u00a0\u00bb,\u00a0\u00bb_website\u00a0\u00bb:\u00a0\u00bbleparisien\u00a0\u00bb,\u00a0\u00bbdisplay_name\u00a0\u00bb:\u00a0\u00bbAm\u00e9nagement all\u00e9e de jardin\u00a0\u00bb,\u00a0\u00bburl\u00a0\u00bb:\u00a0\u00bbhttps:\/\/www.leparisien.fr\/jardin\/services\/amenagement-allee-de-jardin-6P3X3ZM7OJFPTAEM4T463C3AKI.php\u00a0\u00bb,\u00a0\u00bbparent\u00a0\u00bb:{\u00ab\u00a0entretien-exterieurs\u00a0\u00bb:\u00a0\u00bbhttps:\/\/www.leparisien.fr\/\u00a0\u00bb},\u00a0\u00bborder\u00a0\u00bb:{\u00ab\u00a0entretien-exterieurs\u00a0\u00bb:1007},\u00a0\u00bbnode_type\u00a0\u00bb:\u00a0\u00bblink\u00a0\u00bb,\u00a0\u00bbchildren\u00a0\u00bb:[]},{\u00ab\u00a0_id\u00a0\u00bb:\u00a0\u00bblink-M3IOR4HBAZDMLLAWM5ZP62YSGU\u00a0\u00bb,\u00a0\u00bb_website\u00a0\u00bb:\u00a0\u00bbleparisien\u00a0\u00bb,\u00a0\u00bbdisplay_name\u00a0\u00bb:\u00a0\u00bbPose de v\u00e9randa\u00a0\u00bb,\u00a0\u00bburl\u00a0\u00bb:\u00a0\u00bbhttps:\/\/www.leparisien.fr\/jardin\/services\/installation-de-veranda-NFM4CXHW5BASZF3YMM75OLPZGI.php\u00a0\u00bb,\u00a0\u00bbparent\u00a0\u00bb:{\u00ab\u00a0entretien-exterieurs\u00a0\u00bb:\u00a0\u00bbhttps:\/\/www.leparisien.fr\/\u00a0\u00bb},\u00a0\u00bborder\u00a0\u00bb:{\u00ab\u00a0entretien-exterieurs\u00a0\u00bb:1008},\u00a0\u00bbnode_type\u00a0\u00bb:\u00a0\u00bblink\u00a0\u00bb,\u00a0\u00bbchildren\u00a0\u00bb:[]},{\u00ab\u00a0_id\u00a0\u00bb:\u00a0\u00bblink-DWIGRU3PZVHBTCB7D4IY3KLKJQ\u00a0\u00bb,\u00a0\u00bb_website\u00a0\u00bb:\u00a0\u00bbleparisien\u00a0\u00bb,\u00a0\u00bbdisplay_name\u00a0\u00bb:\u00a0\u00bbInstallation de portail\u00a0\u00bb,\u00a0\u00bburl\u00a0\u00bb:\u00a0\u00bbhttps:\/\/www.leparisien.fr\/jardin\/services\/installation-de-portail-ZJQTCSYIDZCDNN4LUCWGSZKCVQ.php\u00a0\u00bb,\u00a0\u00bbparent\u00a0\u00bb:{\u00ab\u00a0entretien-exterieurs\u00a0\u00bb:\u00a0\u00bbhttps:\/\/www.leparisien.fr\/\u00a0\u00bb},\u00a0\u00bborder\u00a0\u00bb:{\u00ab\u00a0entretien-exterieurs\u00a0\u00bb:1009},\u00a0\u00bbnode_type\u00a0\u00bb:\u00a0\u00bblink\u00a0\u00bb,\u00a0\u00bbchildren\u00a0\u00bb:[]},{\u00ab\u00a0_id\u00a0\u00bb:\u00a0\u00bblink-TRYZEMHRZZBYNNEVCQFDCFGDIM\u00a0\u00bb,\u00a0\u00bb_website\u00a0\u00bb:\u00a0\u00bbleparisien\u00a0\u00bb,\u00a0\u00bbdisplay_name\u00a0\u00bb:\u00a0\u00bbPose de pergola\u00a0\u00bb,\u00a0\u00bburl\u00a0\u00bb:\u00a0\u00bbhttps:\/\/www.leparisien.fr\/jardin\/services\/installation-de-pergola-ZRO4E2TKBFHRJKT67BCVDCPNZQ.php\u00a0\u00bb,\u00a0\u00bbparent\u00a0\u00bb:{\u00ab\u00a0entretien-exterieurs\u00a0\u00bb:\u00a0\u00bbhttps:\/\/www.leparisien.fr\/\u00a0\u00bb},\u00a0\u00bborder\u00a0\u00bb:{\u00ab\u00a0entretien-exterieurs\u00a0\u00bb:1010},\u00a0\u00bbnode_type\u00a0\u00bb:\u00a0\u00bblink\u00a0\u00bb,\u00a0\u00bbchildren\u00a0\u00bb:[]},{\u00ab\u00a0_id\u00a0\u00bb:\u00a0\u00bblink-FCJB4JG6VVBFLO5V43KDRZQKWY\u00a0\u00bb,\u00a0\u00bb_website\u00a0\u00bb:\u00a0\u00bbleparisien\u00a0\u00bb,\u00a0\u00bbdisplay_name\u00a0\u00bb:\u00a0\u00bbPose de store banne\u00a0\u00bb,\u00a0\u00bburl\u00a0\u00bb:\u00a0\u00bbhttps:\/\/www.leparisien.fr\/jardin\/services\/pose-et-installation-de-store-banne-65NHO65FZ5BA7OMFGJR76XNCAI.php\u00a0\u00bb,\u00a0\u00bbparent\u00a0\u00bb:{\u00ab\u00a0entretien-exterieurs\u00a0\u00bb:\u00a0\u00bbhttps:\/\/www.leparisien.fr\/\u00a0\u00bb},\u00a0\u00bborder\u00a0\u00bb:{\u00ab\u00a0entretien-exterieurs\u00a0\u00bb:1011},\u00a0\u00bbnode_type\u00a0\u00bb:\u00a0\u00bblink\u00a0\u00bb,\u00a0\u00bbchildren\u00a0\u00bb:[]},{\u00ab\u00a0_id\u00a0\u00bb:\u00a0\u00bblink-GVITD3GYK5EEZD4VYJKLJYKWY4&Prime;,\u00a0\u00bb_website\u00a0\u00bb:\u00a0\u00bbleparisien\u00a0\u00bb,\u00a0\u00bbdisplay_name\u00a0\u00bb:\u00a0\u00bbMontage d\u2019abri de jardin\u00a0\u00bb,\u00a0\u00bburl\u00a0\u00bb:\u00a0\u00bbhttps:\/\/www.leparisien.fr\/jardin\/services\/montage-abri-de-jardin-GD7FELN37RHX3FBK2M3QHUJ3SU.php\u00a0\u00bb,\u00a0\u00bbparent\u00a0\u00bb:{\u00ab\u00a0entretien-exterieurs\u00a0\u00bb:\u00a0\u00bbhttps:\/\/www.leparisien.fr\/\u00a0\u00bb},\u00a0\u00bborder\u00a0\u00bb:{\u00ab\u00a0entretien-exterieurs\u00a0\u00bb:1012},\u00a0\u00bbnode_type\u00a0\u00bb:\u00a0\u00bblink\u00a0\u00bb,\u00a0\u00bbchildren\u00a0\u00bb:[]}]},\u00a0\u00bbexpires\u00a0\u00bb:1763822299402,\u00a0\u00bblastModified\u00a0\u00bb:1763821699040},\u00a0\u00bb{\\\u00a0\u00bb_id\\\u00a0\u00bb:\\\u00a0\u00bb\/\\\u00a0\u00bb,\\\u00a0\u00bb_website\\\u00a0\u00bb:\\\u00a0\u00bbleparisien\\\u00a0\u00bb,\\\u00a0\u00bbhierarchy\\\u00a0\u00bb:\\\u00a0\u00bbservices-guide\\\u00a0\u00bb}\u00a0\u00bb:{\u00ab\u00a0data\u00a0\u00bb:{\u00ab\u00a0_website\u00a0\u00bb:\u00a0\u00bbleparisien\u00a0\u00bb,\u00a0\u00bb_id\u00a0\u00bb:\u00a0\u00bbhttps:\/\/www.leparisien.fr\/\u00a0\u00bb,\u00a0\u00bbname\u00a0\u00bb:\u00a0\u00bbLe Parisien\u00a0\u00bb,\u00a0\u00bbnode_type\u00a0\u00bb:\u00a0\u00bbsection\u00a0\u00bb,\u00a0\u00bbchildren\u00a0\u00bb:[{\u00ab\u00a0_id\u00a0\u00bb:\u00a0\u00bblink-59YEJQQ6Z52BQE6R88DXY0YW34&Prime;,\u00a0\u00bb_website\u00a0\u00bb:\u00a0\u00bbleparisien\u00a0\u00bb,\u00a0\u00bbdisplay_name\u00a0\u00bb:\u00a0\u00bbMots fl\u00e9ch\u00e9s, sudoku\u00a0\u00bb,\u00a0\u00bburl\u00a0\u00bb:\u00a0\u00bbhttps:\/\/www.leparisien.fr\/jeux\/\u00a0\u00bb,\u00a0\u00bbparent\u00a0\u00bb:{\u00ab\u00a0services-guide\u00a0\u00bb:\u00a0\u00bbhttps:\/\/www.leparisien.fr\/\u00a0\u00bb},\u00a0\u00bborder\u00a0\u00bb:{\u00ab\u00a0services-guide\u00a0\u00bb:1002},\u00a0\u00bbnode_type\u00a0\u00bb:\u00a0\u00bblink\u00a0\u00bb,\u00a0\u00bbchildren\u00a0\u00bb:[]},{\u00ab\u00a0_id\u00a0\u00bb:\u00a0\u00bblink-WAYF4CY86X1BFCN83Q28XT4DFR\u00a0\u00bb,\u00a0\u00bb_website\u00a0\u00bb:\u00a0\u00bbleparisien\u00a0\u00bb,\u00a0\u00bbdisplay_name\u00a0\u00bb:\u00a0\u00bbCitations et proverbes\u00a0\u00bb,\u00a0\u00bburl\u00a0\u00bb:\u00a0\u00bbhttps:\/\/citation-celebre.leparisien.fr\/\u00a0\u00bb,\u00a0\u00bbparent\u00a0\u00bb:{\u00ab\u00a0services-guide\u00a0\u00bb:\u00a0\u00bbhttps:\/\/www.leparisien.fr\/\u00a0\u00bb},\u00a0\u00bborder\u00a0\u00bb:{\u00ab\u00a0services-guide\u00a0\u00bb:1004},\u00a0\u00bbnode_type\u00a0\u00bb:\u00a0\u00bblink\u00a0\u00bb,\u00a0\u00bbchildren\u00a0\u00bb:[]},{\u00ab\u00a0_id\u00a0\u00bb:\u00a0\u00bblink-YCD7TVQE112GKA3CJVBMME9CH8&Prime;,\u00a0\u00bb_website\u00a0\u00bb:\u00a0\u00bbleparisien\u00a0\u00bb,\u00a0\u00bbdisplay_name\u00a0\u00bb:\u00a0\u00bbBilletterie\u00a0\u00bb,\u00a0\u00bburl\u00a0\u00bb:\u00a0\u00bbhttps:\/\/www.ticketmaster.fr\/fr\/index\/idtier\/43209120&Prime;,\u00a0\u00bbparent\u00a0\u00bb:{\u00ab\u00a0burger-menu\u00a0\u00bb:\u00a0\u00bb\/nos-services\u00a0\u00bb,\u00a0\u00bbservices-guide\u00a0\u00bb:\u00a0\u00bbhttps:\/\/www.leparisien.fr\/\u00a0\u00bb},\u00a0\u00bborder\u00a0\u00bb:{\u00ab\u00a0burger-menu\u00a0\u00bb:2007,\u00a0\u00bbservices-guide\u00a0\u00bb:1005},\u00a0\u00bbnode_type\u00a0\u00bb:\u00a0\u00bblink\u00a0\u00bb,\u00a0\u00bbchildren\u00a0\u00bb:[]},{\u00ab\u00a0_id\u00a0\u00bb:\u00a0\u00bblink-DS2YVERH4ZGG5IG4OFN65TGF6M\u00a0\u00bb,\u00a0\u00bb_website\u00a0\u00bb:\u00a0\u00bbleparisien\u00a0\u00bb,\u00a0\u00bbdisplay_name\u00a0\u00bb:\u00a0\u00bbAnnonces immobili\u00e8res\u00a0\u00bb,\u00a0\u00bburl\u00a0\u00bb:\u00a0\u00bbhttps:\/\/www.leparisien.fr\/nos-services\/annonces-immobilieres\/\u00a0\u00bb,\u00a0\u00bbparent\u00a0\u00bb:{\u00ab\u00a0menu\u00a0\u00bb:\u00a0\u00bb\/annonces\u00a0\u00bb,\u00a0\u00bbservices-guide\u00a0\u00bb:\u00a0\u00bbhttps:\/\/www.leparisien.fr\/\u00a0\u00bb},\u00a0\u00bborder\u00a0\u00bb:{\u00ab\u00a0menu\u00a0\u00bb:2001,\u00a0\u00bbservices-guide\u00a0\u00bb:1006},\u00a0\u00bbnode_type\u00a0\u00bb:\u00a0\u00bblink\u00a0\u00bb,\u00a0\u00bbchildren\u00a0\u00bb:[]},{\u00ab\u00a0_id\u00a0\u00bb:\u00a0\u00bblink-R1JENZM0WN1DKEXZ8138W77T1R\u00a0\u00bb,\u00a0\u00bb_website\u00a0\u00bb:\u00a0\u00bbleparisien\u00a0\u00bb,\u00a0\u00bbdisplay_name\u00a0\u00bb:\u00a0\u00bbBlog de vin\u00a0\u00bb,\u00a0\u00bburl\u00a0\u00bb:\u00a0\u00bbhttp:\/\/lesgrappes.leparisien.fr\/\u00a0\u00bb,\u00a0\u00bbparent\u00a0\u00bb:{\u00ab\u00a0services-guide\u00a0\u00bb:\u00a0\u00bbhttps:\/\/www.leparisien.fr\/\u00a0\u00bb},\u00a0\u00bborder\u00a0\u00bb:{\u00ab\u00a0services-guide\u00a0\u00bb:1008},\u00a0\u00bbnode_type\u00a0\u00bb:\u00a0\u00bblink\u00a0\u00bb,\u00a0\u00bbchildren\u00a0\u00bb:[]},{\u00ab\u00a0_id\u00a0\u00bb:\u00a0\u00bblink-15VBQMHKHH55ZFTM89WBP6TRHG\u00a0\u00bb,\u00a0\u00bb_website\u00a0\u00bb:\u00a0\u00bbleparisien\u00a0\u00bb,\u00a0\u00bbdisplay_name\u00a0\u00bb:\u00a0\u00bbAvis de d\u00e9c\u00e8s\u00a0\u00bb,\u00a0\u00bburl\u00a0\u00bb:\u00a0\u00bbhttps:\/\/carnet.leparisien.fr\u00a0\u00bb,\u00a0\u00bbparent\u00a0\u00bb:{\u00ab\u00a0services-guide\u00a0\u00bb:\u00a0\u00bbhttps:\/\/www.leparisien.fr\/\u00a0\u00bb},\u00a0\u00bborder\u00a0\u00bb:{\u00ab\u00a0services-guide\u00a0\u00bb:1009},\u00a0\u00bbnode_type\u00a0\u00bb:\u00a0\u00bblink\u00a0\u00bb,\u00a0\u00bbchildren\u00a0\u00bb:[]},{\u00ab\u00a0_id\u00a0\u00bb:\u00a0\u00bblink-KKP5NQR14T4ZXB8AYAJMFAPQBR\u00a0\u00bb,\u00a0\u00bb_website\u00a0\u00bb:\u00a0\u00bbleparisien\u00a0\u00bb,\u00a0\u00bbdisplay_name\u00a0\u00bb:\u00a0\u00bbAnnonces l\u00e9gales\u00a0\u00bb,\u00a0\u00bburl\u00a0\u00bb:\u00a0\u00bbhttps:\/\/www.annonces-legales.fr\/lp\/leparisien\/choisir-votre-journal\u00a0\u00bb,\u00a0\u00bbparent\u00a0\u00bb:{\u00ab\u00a0services-guide\u00a0\u00bb:\u00a0\u00bbhttps:\/\/www.leparisien.fr\/\u00a0\u00bb},\u00a0\u00bborder\u00a0\u00bb:{\u00ab\u00a0services-guide\u00a0\u00bb:1010},\u00a0\u00bbnode_type\u00a0\u00bb:\u00a0\u00bblink\u00a0\u00bb,\u00a0\u00bbchildren\u00a0\u00bb:[]},{\u00ab\u00a0_id\u00a0\u00bb:\u00a0\u00bblink-0HTUYEWW6136F3MYJF4P38B7A8&Prime;,\u00a0\u00bb_website\u00a0\u00bb:\u00a0\u00bbleparisien\u00a0\u00bb,\u00a0\u00bbdisplay_name\u00a0\u00bb:\u00a0\u00bbMarch\u00e9s publics\u00a0\u00bb,\u00a0\u00bburl\u00a0\u00bb:\u00a0\u00bbhttps:\/\/avisdemarches.leparisien.fr\/\u00a0\u00bb,\u00a0\u00bbparent\u00a0\u00bb:{\u00ab\u00a0services-guide\u00a0\u00bb:\u00a0\u00bbhttps:\/\/www.leparisien.fr\/\u00a0\u00bb},\u00a0\u00bborder\u00a0\u00bb:{\u00ab\u00a0services-guide\u00a0\u00bb:1011},\u00a0\u00bbnode_type\u00a0\u00bb:\u00a0\u00bblink\u00a0\u00bb,\u00a0\u00bbchildren\u00a0\u00bb:[]}]},\u00a0\u00bbexpires\u00a0\u00bb:1763822299232,\u00a0\u00bblastModified\u00a0\u00bb:1763821699058},\u00a0\u00bb{\\\u00a0\u00bb_id\\\u00a0\u00bb:\\\u00a0\u00bb\/\\\u00a0\u00bb,\\\u00a0\u00bb_website\\\u00a0\u00bb:\\\u00a0\u00bbleparisien\\\u00a0\u00bb,\\\u00a0\u00bbhierarchy\\\u00a0\u00bb:\\\u00a0\u00bbfooter-last\\\u00a0\u00bb}\u00a0\u00bb:{\u00ab\u00a0data\u00a0\u00bb:{\u00ab\u00a0children\u00a0\u00bb:[{\u00ab\u00a0display_name\u00a0\u00bb:\u00a0\u00bbNous \u00e9crire\u00a0\u00bb,\u00a0\u00bburl\u00a0\u00bb:\u00a0\u00bbhttps:\/\/www.leparisien.fr\/contact\/\u00a0\u00bb},{\u00ab\u00a0display_name\u00a0\u00bb:\u00a0\u00bbQui sommes nous ?\u00a0\u00bb,\u00a0\u00bburl\u00a0\u00bb:\u00a0\u00bbhttps:\/\/www.leparisien.fr\/qui-sommes-nous\/\u00a0\u00bb},{\u00ab\u00a0display_name\u00a0\u00bb:\u00a0\u00bbNos chartes\u00a0\u00bb,\u00a0\u00bburl\u00a0\u00bb:\u00a0\u00bbhttps:\/\/www.leparisien.fr\/charte.php\u00a0\u00bb},{\u00ab\u00a0display_name\u00a0\u00bb:\u00a0\u00bbCGU\u00a0\u00bb,\u00a0\u00bburl\u00a0\u00bb:\u00a0\u00bbhttps:\/\/www.leparisien.fr\/cgu\/\u00a0\u00bb},{\u00ab\u00a0display_name\u00a0\u00bb:\u00a0\u00bbPolitique de confidentialit\u00e9\u00a0\u00bb,\u00a0\u00bburl\u00a0\u00bb:\u00a0\u00bbhttps:\/\/www.leparisien.fr\/politique-confidentialite\/\u00a0\u00bb},{\u00ab\u00a0display_name\u00a0\u00bb:\u00a0\u00bbGestion des cookies\u00a0\u00bb,\u00a0\u00bburl\u00a0\u00bb:\u00a0\u00bbhttps:\/\/www.leparisien.fr\/cookies\/\u00a0\u00bb},{\u00ab\u00a0display_name\u00a0\u00bb:\u00a0\u00bbEspace pro\u00a0\u00bb,\u00a0\u00bburl\u00a0\u00bb:\u00a0\u00bbhttps:\/\/www.leparisien.fr\/espace-professionnel\/\u00a0\u00bb},{\u00ab\u00a0display_name\u00a0\u00bb:\u00a0\u00bbEspace presse\u00a0\u00bb,\u00a0\u00bburl\u00a0\u00bb:\u00a0\u00bbhttp:\/\/pressroom-lesechos-leparisien.com\/\u00a0\u00bb}],\u00a0\u00bb_id\u00a0\u00bb:\u00a0\u00bbhttps:\/\/www.leparisien.fr\/\u00a0\u00bb},\u00a0\u00bbexpires\u00a0\u00bb:1763822200764,\u00a0\u00bblastModified\u00a0\u00bb:1763821600548}},\u00a0\u00bbstory-card-feed-fullquery\u00a0\u00bb:{\u00ab\u00a0{\\\u00a0\u00bbexcludeSubtype\\\u00a0\u00bb:\\\u00a0\u00bbarticle_like, article_sponsored\\\u00a0\u00bb,\\\u00a0\u00bboffset\\\u00a0\u00bb:0,\\\u00a0\u00bbsectionPath\\\u00a0\u00bb:\\\u00a0\u00bb\/podcasts\/crime-story\\\u00a0\u00bb,\\\u00a0\u00bbsize\\\u00a0\u00bb:1,\\\u00a0\u00bbwebsite\\\u00a0\u00bb:\\\u00a0\u00bbleparisien\\\u00a0\u00bb}\u00a0\u00bb:{\u00ab\u00a0data\u00a0\u00bb:{\u00ab\u00a0type\u00a0\u00bb:\u00a0\u00bbresults\u00a0\u00bb,\u00a0\u00bbversion\u00a0\u00bb:\u00a0\u00bb0.6.0&Prime;,\u00a0\u00bbcontent_elements\u00a0\u00bb:[{\u00ab\u00a0content_elements\u00a0\u00bb:[{\u00ab\u00a0_id\u00a0\u00bb:\u00a0\u00bbDK5RXCEDM5C2XARSPCV6HONWFE\u00a0\u00bb,\u00a0\u00bbadditional_properties\u00a0\u00bb:{\u00ab\u00a0_id\u00a0\u00bb:1678702158698},\u00a0\u00bbtype\u00a0\u00bb:\u00a0\u00bbtext\u00a0\u00bb,\u00a0\u00bbcontent\u00a0\u00bb:\u00a0\u00bb<b>\u00c9coutez Crime story, le podcast de faits divers du Parisien<\/b>\u00ab\u00a0,\u00a0\u00bbcredits\u00a0\u00bb:{\u00ab\u00a0by\u00a0\u00bb:[]}},{\u00ab\u00a0_id\u00a0\u00bb:\u00a0\u00bbJ7RFCJKZKRCOBET2FUUP44SXKA\u00a0\u00bb,\u00a0\u00bbadditional_properties\u00a0\u00bb:{\u00ab\u00a0_id\u00a0\u00bb:\u00a0\u00bbW35A7KXWMBDPVN4ZEZMLS6YJEA\u00a0\u00bb},\u00a0\u00bbtype\u00a0\u00bb:\u00a0\u00bbtext\u00a0\u00bb,\u00a0\u00bbcontent\u00a0\u00bb:\u00a0\u00bb<b>Partie 1<\/b>\u00ab\u00a0,\u00a0\u00bbcredits\u00a0\u00bb:{\u00ab\u00a0by\u00a0\u00bb:[]}},{\u00ab\u00a0_id\u00a0\u00bb:\u00a0\u00bbMVHZB7UUQJF4LGIDRL3POD7IBY\u00a0\u00bb,\u00a0\u00bbtype\u00a0\u00bb:\u00a0\u00bbraw_html\u00a0\u00bb,\u00a0\u00bbcontent\u00a0\u00bb:\u00a0\u00bb\u00a0\u00bb,\u00a0\u00bbcredits\u00a0\u00bb:{\u00ab\u00a0by\u00a0\u00bb:[]}},{\u00ab\u00a0_id\u00a0\u00bb:\u00a0\u00bbMXAT37CPXJBUVP24IROVAPAQMM\u00a0\u00bb,\u00a0\u00bbadditional_properties\u00a0\u00bb:{\u00ab\u00a0_id\u00a0\u00bb:\u00a0\u00bbAKTONKL7CBA5DD7KRGQZUTVW3I\u00a0\u00bb},\u00a0\u00bbtype\u00a0\u00bb:\u00a0\u00bbtext\u00a0\u00bb,\u00a0\u00bbcontent\u00a0\u00bb:\u00a0\u00bbSur votre smartphone ou votre tablette, \u00e9coutez Crime story et abonnez-vous sur :\u00a0\u00bb,\u00a0\u00bbcredits\u00a0\u00bb:{\u00ab\u00a0by\u00a0\u00bb:[]}},{\u00ab\u00a0list_type\u00a0\u00bb:\u00a0\u00bbunordered\u00a0\u00bb,\u00a0\u00bb_id\u00a0\u00bb:\u00a0\u00bbD4PZVVK2MZHXBKC32XMHHOUJCM\u00a0\u00bb,\u00a0\u00bbtype\u00a0\u00bb:\u00a0\u00bblist\u00a0\u00bb,\u00a0\u00bbitems\u00a0\u00bb:[{\u00ab\u00a0_id\u00a0\u00bb:\u00a0\u00bb3VVDQKGR7RB5NIFQU73HYVNMHU\u00a0\u00bb,\u00a0\u00bbadditional_properties\u00a0\u00bb:{\u00ab\u00a0indent\u00a0\u00bb:0},\u00a0\u00bbalignment\u00a0\u00bb:\u00a0\u00bbleft\u00a0\u00bb,\u00a0\u00bbtype\u00a0\u00bb:\u00a0\u00bbtext\u00a0\u00bb,\u00a0\u00bbcontent\u00a0\u00bb:\u00a0\u00bb<a href=\\\"https:\/\/podcasts.apple.com\/fr\/podcast\/crime-story\/id1658362786\\\">Apple Podcast<\/a> (iPhone, iPad)\u00a0\u00bb},{\u00ab\u00a0_id\u00a0\u00bb:\u00a0\u00bbHL3YQLWYDJAGNPB5JDHJSHGF3I\u00a0\u00bb,\u00a0\u00bbadditional_properties\u00a0\u00bb:{\u00ab\u00a0indent\u00a0\u00bb:0},\u00a0\u00bbalignment\u00a0\u00bb:\u00a0\u00bbleft\u00a0\u00bb,\u00a0\u00bbtype\u00a0\u00bb:\u00a0\u00bbtext\u00a0\u00bb,\u00a0\u00bbcontent\u00a0\u00bb:\u00a0\u00bb<a href=\\\"https:\/\/podcastaddict.com\/podcast\/4165015\\\">Podcast Addict<\/a> ou <a href=\\\"https:\/\/castbox.fm\/channel\/Crime-story-id5239051?country=fr\\\">Castbox<\/a>\u00ab\u00a0},{\u00ab\u00a0_id\u00a0\u00bb:\u00a0\u00bb6FOLWLKV6RAQDIWMIEY2JYI4CI\u00a0\u00bb,\u00a0\u00bbadditional_properties\u00a0\u00bb:{\u00ab\u00a0indent\u00a0\u00bb:0},\u00a0\u00bbalignment\u00a0\u00bb:\u00a0\u00bbleft\u00a0\u00bb,\u00a0\u00bbtype\u00a0\u00bb:\u00a0\u00bbtext\u00a0\u00bb,\u00a0\u00bbcontent\u00a0\u00bb:\u00a0\u00bb<a href=\\\"https:\/\/www.deezer.com\/en\/show\/5539447\\\">Deezer<\/a>\u00ab\u00a0},{\u00ab\u00a0_id\u00a0\u00bb:\u00a0\u00bb4XOQW2VH4NHGZEBR4OUCSGLFIY\u00a0\u00bb,\u00a0\u00bbadditional_properties\u00a0\u00bb:{\u00ab\u00a0indent\u00a0\u00bb:0},\u00a0\u00bbalignment\u00a0\u00bb:\u00a0\u00bbleft\u00a0\u00bb,\u00a0\u00bbtype\u00a0\u00bb:\u00a0\u00bbtext\u00a0\u00bb,\u00a0\u00bbcontent\u00a0\u00bb:\u00a0\u00bb<a href=\\\"https:\/\/open.spotify.com\/show\/38EKOHm8o9LflZRiqDmrmf\\\">Spotify<\/a>\u00ab\u00a0}],\u00a0\u00bbcredits\u00a0\u00bb:{\u00ab\u00a0by\u00a0\u00bb:[]}},{\u00ab\u00a0_id\u00a0\u00bb:\u00a0\u00bbFCRCFOOLQND45MYKZLVUNZ5RVQ\u00a0\u00bb,\u00a0\u00bbadditional_properties\u00a0\u00bb:{\u00ab\u00a0_id\u00a0\u00bb:\u00a0\u00bbQ2YUGTQOW5B6ZJIN5BU4RKELOQ\u00a0\u00bb},\u00a0\u00bbtype\u00a0\u00bb:\u00a0\u00bbtext\u00a0\u00bb,\u00a0\u00bbcontent\u00a0\u00bb:\u00a0\u00bb<b>R\u00e9sum\u00e9. <\/b>(Premier \u00e9pisode) Le 6 d\u00e9cembre 2012, le corps de Jean Aprin est d\u00e9couvert \u00e0 la Roquebrussanne dans le Var. Ce viticulteur de 48 ans avait pass\u00e9 la nuit pr\u00e9c\u00e9dente dans un hangar au milieu de son exploitation par peur d\u2019un cambriolage.\u00a0\u00bb,\u00a0\u00bbcredits\u00a0\u00bb:{\u00ab\u00a0by\u00a0\u00bb:[]}},{\u00ab\u00a0_id\u00a0\u00bb:\u00a0\u00bbJFGH2MD73RD7HOWW3GF5H5UJ7M\u00a0\u00bb,\u00a0\u00bbadditional_properties\u00a0\u00bb:{},\u00a0\u00bbtype\u00a0\u00bb:\u00a0\u00bbtext\u00a0\u00bb,\u00a0\u00bbcontent\u00a0\u00bb:\u00a0\u00bbSur place, un premier examen du corps ne laisse appara\u00eetre aucune trace de violence. Mais un d\u00e9tail va mettre les enqu\u00eateurs sur la piste d\u2019un meurtre : les chaussettes de la victime.\u00a0\u00bb,\u00a0\u00bbcredits\u00a0\u00bb:{\u00ab\u00a0by\u00a0\u00bb:[]}},{\u00ab\u00a0_id\u00a0\u00bb:\u00a0\u00bbXIX2VYROKZEVXA7EX5RUQQ6TMQ\u00a0\u00bb,\u00a0\u00bbadditional_properties\u00a0\u00bb:{},\u00a0\u00bbtype\u00a0\u00bb:\u00a0\u00bbtext\u00a0\u00bb,\u00a0\u00bbcontent\u00a0\u00bb:\u00a0\u00bbDans Crime story, la journaliste Clawdia Prolongeau raconte cette affaire avec Damien Delseny, chef du service police-justice du Parisien.\u00a0\u00bb,\u00a0\u00bbcredits\u00a0\u00bb:{\u00ab\u00a0by\u00a0\u00bb:[]}},{\u00ab\u00a0_id\u00a0\u00bb:\u00a0\u00bbKGUCD3NYBVDZZFZTOPIRB44XCU\u00a0\u00bb,\u00a0\u00bbadditional_properties\u00a0\u00bb:{},\u00a0\u00bbtype\u00a0\u00bb:\u00a0\u00bbtext\u00a0\u00bb,\u00a0\u00bbcontent\u00a0\u00bb:\u00a0\u00bb<b>Cr\u00e9dits<\/b>. Direction de la r\u00e9daction : Pierre Chausse &#8211; R\u00e9dacteur en chef : Jules Lavie &#8211; \u00c9criture et voix : Clawdia Prolongeau et Damien Delseny &#8211; Production : Thibault Lambert, Ana\u00efs Godard et Clara Garnier-Amouroux &#8211; R\u00e9alisation et mixage : Pierre Chanffanjon &#8211; Musiques : Audio Network &#8211; Archives : INA.\u00a0\u00bb,\u00a0\u00bbcredits\u00a0\u00bb:{\u00ab\u00a0by\u00a0\u00bb:[]}},{\u00ab\u00a0_id\u00a0\u00bb:\u00a0\u00bbUSE2KFTSA5FFVJXOOQMTJ2C6K4&Prime;,\u00a0\u00bbadditional_properties\u00a0\u00bb:{},\u00a0\u00bbtype\u00a0\u00bb:\u00a0\u00bbtext\u00a0\u00bb,\u00a0\u00bbcontent\u00a0\u00bb:\u00a0\u00bb<b>Documentation. <\/b>Cet \u00e9pisode de Crime story a \u00e9t\u00e9 \u00e9crit en puisant dans les archives du Parisien, avec l\u2019aide de nos documentalistes.\u00a0\u00bb,\u00a0\u00bbcredits\u00a0\u00bb:{\u00ab\u00a0by\u00a0\u00bb:[]}},{\u00ab\u00a0_id\u00a0\u00bb:\u00a0\u00bbEKIKDJYIMZD4VALN5UQGKMQDNM\u00a0\u00bb,\u00a0\u00bbadditional_properties\u00a0\u00bb:{\u00ab\u00a0_id\u00a0\u00bb:\u00a0\u00bbZUK5LSL3XJHEJEK5EJJKXKUD4Q\u00a0\u00bb},\u00a0\u00bbtype\u00a0\u00bb:\u00a0\u00bbtext\u00a0\u00bb,\u00a0\u00bbcontent\u00a0\u00bb:\u00a0\u00bb<b>\u00c0 propos de Crime story.<\/b> Le podcast Crime story raconte chaque semaine les grandes affaires criminelles qui ont marqu\u00e9 ces derni\u00e8res d\u00e9cennies. <a href=\\\"https:\/\/www.leparisien.fr\/faits-divers\/cest-samedi-cest-crime-story-10-12-2022-HR3EB53X4FG2NH7CU52JPWR26M.php\\\" title=\\\"\\\">Publi\u00e9 chaque samedi, Crime story <\/a>est pr\u00e9sent\u00e9 par la journaliste Clawdia Prolongeau et son invit\u00e9 permanent, Damien Delseny, le chef du service police justice du Parisien.\u00a0\u00bb,\u00a0\u00bbcredits\u00a0\u00bb:{\u00ab\u00a0by\u00a0\u00bb:[]}}],\u00a0\u00bbsubheadlines\u00a0\u00bb:{\u00ab\u00a0basic\u00a0\u00bb:\u00a0\u00bbPODCAST. Le 6\u00a0d\u00e9cembre 2012, dans le Var, Jean Aprin, viticulteur de 48\u00a0ans, est retrouv\u00e9 mort dans son hangar. Un d\u00e9tail met les enqu\u00eateurs sur la piste du meurtre\u00a0: les chaussettes de la victime. Crime story raconte cette affaire dans un podcast en deux parties.\u00a0\u00bb},\u00a0\u00bbdescription\u00a0\u00bb:{\u00ab\u00a0basic\u00a0\u00bb:\u00a0\u00bb\u00a0\u00bb},\u00a0\u00bbsource\u00a0\u00bb:{\u00ab\u00a0system\u00a0\u00bb:\u00a0\u00bbcomposer\u00a0\u00bb,\u00a0\u00bbname\u00a0\u00bb:\u00a0\u00bbleparisien\u00a0\u00bb,\u00a0\u00bbsource_type\u00a0\u00bb:\u00a0\u00bbstaff\u00a0\u00bb},\u00a0\u00bbtaxonomy\u00a0\u00bb:{\u00ab\u00a0primary_site\u00a0\u00bb:{\u00ab\u00a0path\u00a0\u00bb:\u00a0\u00bb\/podcasts\/crime-story\u00a0\u00bb,\u00a0\u00bbparent_id\u00a0\u00bb:\u00a0\u00bb\/podcasts\u00a0\u00bb,\u00a0\u00bbname\u00a0\u00bb:\u00a0\u00bbCrime story\u00a0\u00bb,\u00a0\u00bbdescription\u00a0\u00bb:\u00a0\u00bbLe podcast faits divers Crime story raconte chaque semaine les grandes affaires criminelles qui ont marqu\u00e9 ces derni\u00e8res d\u00e9cennies. Publi\u00e9 chaque samedi, Crime story est pr\u00e9sent\u00e9 par la journaliste Clawdia Prolongeau et son invit\u00e9 permanent : Damien Delseny, le chef du service police justice du Parisien.\u00a0\u00bb,\u00a0\u00bb_id\u00a0\u00bb:\u00a0\u00bb\/podcasts\/crime-story\u00a0\u00bb,\u00a0\u00bbadditional_properties\u00a0\u00bb:{\u00ab\u00a0original\u00a0\u00bb:{\u00ab\u00a0parent\u00a0\u00bb:{\u00ab\u00a0default\u00a0\u00bb:\u00a0\u00bb\/podcasts\u00a0\u00bb,\u00a0\u00bbMaillage_SEO_Surfooter\u00a0\u00bb:\u00a0\u00bb\/podcasts\u00a0\u00bb,\u00a0\u00bbWebsked-plans\u00a0\u00bb:\u00a0\u00bb\/podcasts\u00a0\u00bb,\u00a0\u00bbsub-nav\u00a0\u00bb:\u00a0\u00bb\/podcasts\u00a0\u00bb,\u00a0\u00bbmenu\u00a0\u00bb:\u00a0\u00bb\/podcasts\u00a0\u00bb},\u00a0\u00bbin_the_news\u00a0\u00bb:{\u00ab\u00a0in_the_news_usefeature\u00a0\u00bb:null,\u00a0\u00bbin_the_news_usebasepage\u00a0\u00bb:\u00a0\u00bb\/in-the-news-forsections\/\u00a0\u00bb,\u00a0\u00bbin_the_news_usesectionbar\u00a0\u00bb:\u00a0\u00bbfalse\u00a0\u00bb},\u00a0\u00bbGoogle Analytics\u00a0\u00bb:{\u00ab\u00a0ga_name_level_2&Prime;:\u00a0\u00bbcrime-story\u00a0\u00bb,\u00a0\u00bbga_name_level_3&Prime;:null,\u00a0\u00bbga_name_level_1&Prime;:\u00a0\u00bbpodcasts\u00a0\u00bb},\u00a0\u00bbsocial\u00a0\u00bb:{\u00ab\u00a0archives\u00a0\u00bb:null,\u00a0\u00bbtwitter\u00a0\u00bb:null,\u00a0\u00bbrss\u00a0\u00bb:null,\u00a0\u00bbfacebook\u00a0\u00bb:null},\u00a0\u00bbSponsor\u00a0\u00bb:{\u00ab\u00a0sponsor_type\u00a0\u00bb:null,\u00a0\u00bbsponsor_message\u00a0\u00bb:null,\u00a0\u00bbcollection_id_for_pinned_content\u00a0\u00bb:null,\u00a0\u00bbsponsor_logo_url\u00a0\u00bb:null,\u00a0\u00bbsponsor_name\u00a0\u00bb:null},\u00a0\u00bbMobile\u00a0\u00bb:{\u00ab\u00a0background_color_section\u00a0\u00bb:\u00a0\u00bb#C0C0C0&Prime;,\u00a0\u00bbalternative_title\u00a0\u00bb:null,\u00a0\u00bbxtpage\u00a0\u00bb:null,\u00a0\u00bbsection_collection_id\u00a0\u00bb:null,\u00a0\u00bblabel\u00a0\u00bb:null,\u00a0\u00bbbackground_image_section\u00a0\u00bb:null},\u00a0\u00bbNewsletter\u00a0\u00bb:{\u00ab\u00a0newsletter_optin\u00a0\u00bb:\u00a0\u00bboptin_thematique_faits_divers\u00a0\u00bb,\u00a0\u00bbnewsletter_color\u00a0\u00bb:\u00a0\u00bb#1EA0E6&Prime;,\u00a0\u00bbnewsletter_title\u00a0\u00bb:\u00a0\u00bbUne plong\u00e9e dans l\u2019actualit\u00e9 des faits divers, pour \u00e9clairer la face sombre de notre \u00e9poque\u00a0\u00bb,\u00a0\u00bbnewsletter_name\u00a0\u00bb:\u00a0\u00bbL&rsquo;Essentiel de l&rsquo;actu\u00a0\u00bb,\u00a0\u00bbnewsletter_image\u00a0\u00bb:\u00a0\u00bbnewsletter-faits-divers-logo.png\u00a0\u00bb,\u00a0\u00bbnewsletter_slug\u00a0\u00bb:\u00a0\u00bbfaits-divers\u00a0\u00bb,\u00a0\u00bbmodule_message\u00a0\u00bb:null,\u00a0\u00bbnewsletter_label\u00a0\u00bb:\u00a0\u00bbEnqu\u00eate en cours\u00a0\u00bb},\u00a0\u00bb_admin\u00a0\u00bb:{\u00ab\u00a0tracking_node\u00a0\u00bb:null,\u00a0\u00bbalias_ids\u00a0\u00bb:[\u00ab\u00a0\/podcasts\/crime-story\u00a0\u00bb],\u00a0\u00bbdo_not_show_on_site\u00a0\u00bb:null,\u00a0\u00bbcommercial_node\u00a0\u00bb:null,\u00a0\u00bbdefault_content\u00a0\u00bb:null},\u00a0\u00bbnavigation\u00a0\u00bb:{\u00ab\u00a0nav_title\u00a0\u00bb:null,\u00a0\u00bbdisplay_in_top_strip\u00a0\u00bb:null,\u00a0\u00bbnav_display\u00a0\u00bb:null},\u00a0\u00bbsite\u00a0\u00bb:{\u00ab\u00a0is_clickable_on_menu\u00a0\u00bb:\u00a0\u00bbtrue\u00a0\u00bb,\u00a0\u00bbpresentation\u00a0\u00bb:\u00a0\u00bbLe podcast faits divers Crime story raconte chaque semaine les grandes affaires criminelles qui ont marqu\u00e9 ces derni\u00e8res d\u00e9cennies. Publi\u00e9 chaque samedi, Crime story est pr\u00e9sent\u00e9 par la journaliste Clawdia Prolongeau et son invit\u00e9 permanent : Damien Delseny, le chef du service police justice du Parisien.\u00a0\u00bb,\u00a0\u00bbpagebuilder_path_for_native_apps\u00a0\u00bb:null,\u00a0\u00bbsite_url\u00a0\u00bb:null,\u00a0\u00bbsite_keywords\u00a0\u00bb:null,\u00a0\u00bbnative_app_rendering\u00a0\u00bb:null,\u00a0\u00bbamp_deactivated\u00a0\u00bb:\u00a0\u00bbfalse\u00a0\u00bb,\u00a0\u00bbsite_about\u00a0\u00bb:null,\u00a0\u00bbpaywall_deactivated\u00a0\u00bb:\u00a0\u00bbfalse\u00a0\u00bb,\u00a0\u00bbsite_description\u00a0\u00bb:\u00a0\u00bbLe podcast faits divers Crime story raconte chaque semaine les grandes affaires criminelles qui ont marqu\u00e9 ces derni\u00e8res d\u00e9cennies. Publi\u00e9 chaque samedi, Crime story est pr\u00e9sent\u00e9 par la journaliste Clawdia Prolongeau et son invit\u00e9 permanent : Damien Delseny, le chef du service police justice du Parisien.\u00a0\u00bb,\u00a0\u00bbsite_title\u00a0\u00bb:\u00a0\u00bbCrime story : le podcast Faits divers du Parisien &#8211; Le Parisien\u00a0\u00bb,\u00a0\u00bbsite_tagline\u00a0\u00bb:null},\u00a0\u00bbinactive\u00a0\u00bb:false,\u00a0\u00bbname\u00a0\u00bb:\u00a0\u00bbCrime story\u00a0\u00bb,\u00a0\u00bbstory_list\u00a0\u00bb:{\u00ab\u00a0story_list_content\u00a0\u00bb:{}},\u00a0\u00bb_id\u00a0\u00bb:\u00a0\u00bb\/podcasts\/crime-story\u00a0\u00bb,\u00a0\u00bbancestors\u00a0\u00bb:{\u00ab\u00a0default\u00a0\u00bb:[\u00ab\u00a0\/podcasts\u00a0\u00bb],\u00a0\u00bbMaillage_SEO_Surfooter\u00a0\u00bb:[\u00ab\u00a0\/podcasts\u00a0\u00bb],\u00a0\u00bbWebsked-plans\u00a0\u00bb:[\u00ab\u00a0https:\/\/www.leparisien.fr\/\u00a0\u00bb,\u00a0\u00bb\/podcasts\u00a0\u00bb],\u00a0\u00bbsub-nav\u00a0\u00bb:[\u00ab\u00a0https:\/\/www.leparisien.fr\/\u00a0\u00bb,\u00a0\u00bb\/podcasts\u00a0\u00bb],\u00a0\u00bbmenu\u00a0\u00bb:[\u00ab\u00a0https:\/\/www.leparisien.fr\/\u00a0\u00bb,\u00a0\u00bb\/podcasts\u00a0\u00bb]},\u00a0\u00bborder\u00a0\u00bb:{\u00ab\u00a0default\u00a0\u00bb:2002,\u00a0\u00bbMaillage_SEO_Surfooter\u00a0\u00bb:2002,\u00a0\u00bbWebsked-plans\u00a0\u00bb:2002,\u00a0\u00bbsub-nav\u00a0\u00bb:2002,\u00a0\u00bbmenu\u00a0\u00bb:2002}}},\u00a0\u00bbtype\u00a0\u00bb:\u00a0\u00bbsite\u00a0\u00bb,\u00a0\u00bbversion\u00a0\u00bb:\u00a0\u00bb0.5.8&Prime;},\u00a0\u00bbsites\u00a0\u00bb:[{\u00ab\u00a0path\u00a0\u00bb:\u00a0\u00bb\/podcasts\/crime-story\u00a0\u00bb,\u00a0\u00bbparent_id\u00a0\u00bb:\u00a0\u00bb\/podcasts\u00a0\u00bb,\u00a0\u00bbname\u00a0\u00bb:\u00a0\u00bbCrime story\u00a0\u00bb,\u00a0\u00bbdescription\u00a0\u00bb:\u00a0\u00bbLe podcast faits divers Crime story raconte chaque semaine les grandes affaires criminelles qui ont marqu\u00e9 ces derni\u00e8res d\u00e9cennies. Publi\u00e9 chaque samedi, Crime story est pr\u00e9sent\u00e9 par la journaliste Clawdia Prolongeau et son invit\u00e9 permanent : Damien Delseny, le chef du service police justice du Parisien.\u00a0\u00bb,\u00a0\u00bb_id\u00a0\u00bb:\u00a0\u00bb\/podcasts\/crime-story\u00a0\u00bb,\u00a0\u00bbadditional_properties\u00a0\u00bb:{\u00ab\u00a0original\u00a0\u00bb:{\u00ab\u00a0parent\u00a0\u00bb:{\u00ab\u00a0default\u00a0\u00bb:\u00a0\u00bb\/podcasts\u00a0\u00bb,\u00a0\u00bbMaillage_SEO_Surfooter\u00a0\u00bb:\u00a0\u00bb\/podcasts\u00a0\u00bb,\u00a0\u00bbWebsked-plans\u00a0\u00bb:\u00a0\u00bb\/podcasts\u00a0\u00bb,\u00a0\u00bbsub-nav\u00a0\u00bb:\u00a0\u00bb\/podcasts\u00a0\u00bb,\u00a0\u00bbmenu\u00a0\u00bb:\u00a0\u00bb\/podcasts\u00a0\u00bb},\u00a0\u00bbin_the_news\u00a0\u00bb:{\u00ab\u00a0in_the_news_usefeature\u00a0\u00bb:null,\u00a0\u00bbin_the_news_usebasepage\u00a0\u00bb:\u00a0\u00bb\/in-the-news-forsections\/\u00a0\u00bb,\u00a0\u00bbin_the_news_usesectionbar\u00a0\u00bb:\u00a0\u00bbfalse\u00a0\u00bb},\u00a0\u00bbGoogle Analytics\u00a0\u00bb:{\u00ab\u00a0ga_name_level_2&Prime;:\u00a0\u00bbcrime-story\u00a0\u00bb,\u00a0\u00bbga_name_level_3&Prime;:null,\u00a0\u00bbga_name_level_1&Prime;:\u00a0\u00bbpodcasts\u00a0\u00bb},\u00a0\u00bbsocial\u00a0\u00bb:{\u00ab\u00a0archives\u00a0\u00bb:null,\u00a0\u00bbtwitter\u00a0\u00bb:null,\u00a0\u00bbrss\u00a0\u00bb:null,\u00a0\u00bbfacebook\u00a0\u00bb:null},\u00a0\u00bbSponsor\u00a0\u00bb:{\u00ab\u00a0sponsor_type\u00a0\u00bb:null,\u00a0\u00bbsponsor_message\u00a0\u00bb:null,\u00a0\u00bbcollection_id_for_pinned_content\u00a0\u00bb:null,\u00a0\u00bbsponsor_logo_url\u00a0\u00bb:null,\u00a0\u00bbsponsor_name\u00a0\u00bb:null},\u00a0\u00bbMobile\u00a0\u00bb:{\u00ab\u00a0background_color_section\u00a0\u00bb:\u00a0\u00bb#C0C0C0&Prime;,\u00a0\u00bbalternative_title\u00a0\u00bb:null,\u00a0\u00bbxtpage\u00a0\u00bb:null,\u00a0\u00bbsection_collection_id\u00a0\u00bb:null,\u00a0\u00bblabel\u00a0\u00bb:null,\u00a0\u00bbbackground_image_section\u00a0\u00bb:null},\u00a0\u00bbNewsletter\u00a0\u00bb:{\u00ab\u00a0newsletter_optin\u00a0\u00bb:\u00a0\u00bboptin_thematique_faits_divers\u00a0\u00bb,\u00a0\u00bbnewsletter_color\u00a0\u00bb:\u00a0\u00bb#1EA0E6&Prime;,\u00a0\u00bbnewsletter_title\u00a0\u00bb:\u00a0\u00bbUne plong\u00e9e dans l\u2019actualit\u00e9 des faits divers, pour \u00e9clairer la face sombre de notre \u00e9poque\u00a0\u00bb,\u00a0\u00bbnewsletter_name\u00a0\u00bb:\u00a0\u00bbL&rsquo;Essentiel de l&rsquo;actu\u00a0\u00bb,\u00a0\u00bbnewsletter_image\u00a0\u00bb:\u00a0\u00bbnewsletter-faits-divers-logo.png\u00a0\u00bb,\u00a0\u00bbnewsletter_slug\u00a0\u00bb:\u00a0\u00bbfaits-divers\u00a0\u00bb,\u00a0\u00bbmodule_message\u00a0\u00bb:null,\u00a0\u00bbnewsletter_label\u00a0\u00bb:\u00a0\u00bbEnqu\u00eate en cours\u00a0\u00bb},\u00a0\u00bb_admin\u00a0\u00bb:{\u00ab\u00a0tracking_node\u00a0\u00bb:null,\u00a0\u00bbalias_ids\u00a0\u00bb:[\u00ab\u00a0\/podcasts\/crime-story\u00a0\u00bb],\u00a0\u00bbdo_not_show_on_site\u00a0\u00bb:null,\u00a0\u00bbcommercial_node\u00a0\u00bb:null,\u00a0\u00bbdefault_content\u00a0\u00bb:null},\u00a0\u00bbnavigation\u00a0\u00bb:{\u00ab\u00a0nav_title\u00a0\u00bb:null,\u00a0\u00bbdisplay_in_top_strip\u00a0\u00bb:null,\u00a0\u00bbnav_display\u00a0\u00bb:null},\u00a0\u00bbsite\u00a0\u00bb:{\u00ab\u00a0is_clickable_on_menu\u00a0\u00bb:\u00a0\u00bbtrue\u00a0\u00bb,\u00a0\u00bbpresentation\u00a0\u00bb:\u00a0\u00bbLe podcast faits divers Crime story raconte chaque semaine les grandes affaires criminelles qui ont marqu\u00e9 ces derni\u00e8res d\u00e9cennies. Publi\u00e9 chaque samedi, Crime story est pr\u00e9sent\u00e9 par la journaliste Clawdia Prolongeau et son invit\u00e9 permanent : Damien Delseny, le chef du service police justice du Parisien.\u00a0\u00bb,\u00a0\u00bbpagebuilder_path_for_native_apps\u00a0\u00bb:null,\u00a0\u00bbsite_url\u00a0\u00bb:null,\u00a0\u00bbsite_keywords\u00a0\u00bb:null,\u00a0\u00bbnative_app_rendering\u00a0\u00bb:null,\u00a0\u00bbamp_deactivated\u00a0\u00bb:\u00a0\u00bbfalse\u00a0\u00bb,\u00a0\u00bbsite_about\u00a0\u00bb:null,\u00a0\u00bbpaywall_deactivated\u00a0\u00bb:\u00a0\u00bbfalse\u00a0\u00bb,\u00a0\u00bbsite_description\u00a0\u00bb:\u00a0\u00bbLe podcast faits divers Crime story raconte chaque semaine les grandes affaires criminelles qui ont marqu\u00e9 ces derni\u00e8res d\u00e9cennies. Publi\u00e9 chaque samedi, Crime story est pr\u00e9sent\u00e9 par la journaliste Clawdia Prolongeau et son invit\u00e9 permanent : Damien Delseny, le chef du service police justice du Parisien.\u00a0\u00bb,\u00a0\u00bbsite_title\u00a0\u00bb:\u00a0\u00bbCrime story : le podcast Faits divers du Parisien &#8211; Le Parisien\u00a0\u00bb,\u00a0\u00bbsite_tagline\u00a0\u00bb:null},\u00a0\u00bbinactive\u00a0\u00bb:false,\u00a0\u00bbname\u00a0\u00bb:\u00a0\u00bbCrime story\u00a0\u00bb,\u00a0\u00bbstory_list\u00a0\u00bb:{\u00ab\u00a0story_list_content\u00a0\u00bb:{}},\u00a0\u00bb_id\u00a0\u00bb:\u00a0\u00bb\/podcasts\/crime-story\u00a0\u00bb,\u00a0\u00bbancestors\u00a0\u00bb:{\u00ab\u00a0default\u00a0\u00bb:[\u00ab\u00a0\/podcasts\u00a0\u00bb],\u00a0\u00bbMaillage_SEO_Surfooter\u00a0\u00bb:[\u00ab\u00a0\/podcasts\u00a0\u00bb],\u00a0\u00bbWebsked-plans\u00a0\u00bb:[\u00ab\u00a0https:\/\/www.leparisien.fr\/\u00a0\u00bb,\u00a0\u00bb\/podcasts\u00a0\u00bb],\u00a0\u00bbsub-nav\u00a0\u00bb:[\u00ab\u00a0https:\/\/www.leparisien.fr\/\u00a0\u00bb,\u00a0\u00bb\/podcasts\u00a0\u00bb],\u00a0\u00bbmenu\u00a0\u00bb:[\u00ab\u00a0https:\/\/www.leparisien.fr\/\u00a0\u00bb,\u00a0\u00bb\/podcasts\u00a0\u00bb]},\u00a0\u00bborder\u00a0\u00bb:{\u00ab\u00a0default\u00a0\u00bb:2002,\u00a0\u00bbMaillage_SEO_Surfooter\u00a0\u00bb:2002,\u00a0\u00bbWebsked-plans\u00a0\u00bb:2002,\u00a0\u00bbsub-nav\u00a0\u00bb:2002,\u00a0\u00bbmenu\u00a0\u00bb:2002}}},\u00a0\u00bbtype\u00a0\u00bb:\u00a0\u00bbsite\u00a0\u00bb,\u00a0\u00bbversion\u00a0\u00bb:\u00a0\u00bb0.5.8&Prime;},{\u00ab\u00a0path\u00a0\u00bb:\u00a0\u00bb\/podcasts\u00a0\u00bb,\u00a0\u00bbparent_id\u00a0\u00bb:\u00a0\u00bbhttps:\/\/www.leparisien.fr\/\u00a0\u00bb,\u00a0\u00bbname\u00a0\u00bb:\u00a0\u00bbPodcasts\u00a0\u00bb,\u00a0\u00bbdescription\u00a0\u00bb:\u00a0\u00bbSuivez toute l&rsquo;actualit\u00e9 en France et en podcast : politique, faits divers, soci\u00e9t\u00e9 et toute l&rsquo;actualit\u00e9 sociale, \u00e9conomique et sportive avec Le Parisien\u00a0\u00bb,\u00a0\u00bb_id\u00a0\u00bb:\u00a0\u00bb\/podcasts\u00a0\u00bb,\u00a0\u00bbadditional_properties\u00a0\u00bb:{\u00ab\u00a0original\u00a0\u00bb:{\u00ab\u00a0parent\u00a0\u00bb:{\u00ab\u00a0default\u00a0\u00bb:\u00a0\u00bbhttps:\/\/www.leparisien.fr\/\u00a0\u00bb,\u00a0\u00bbburger-menu-etudiant\u00a0\u00bb:null,\u00a0\u00bbnavbar\u00a0\u00bb:\u00a0\u00bbhttps:\/\/www.leparisien.fr\/\u00a0\u00bb,\u00a0\u00bbMaillage_SEO_Surfooter\u00a0\u00bb:\u00a0\u00bbhttps:\/\/www.leparisien.fr\/\u00a0\u00bb,\u00a0\u00bbfooter\u00a0\u00bb:\u00a0\u00bbhttps:\/\/www.leparisien.fr\/\u00a0\u00bb,\u00a0\u00bbWebsked-plans\u00a0\u00bb:\u00a0\u00bbhttps:\/\/www.leparisien.fr\/\u00a0\u00bb,\u00a0\u00bbsurfooter\u00a0\u00bb:\u00a0\u00bbhttps:\/\/www.leparisien.fr\/\u00a0\u00bb,\u00a0\u00bbsub-nav\u00a0\u00bb:\u00a0\u00bbhttps:\/\/www.leparisien.fr\/\u00a0\u00bb,\u00a0\u00bbmobile-menu-sections-list\u00a0\u00bb:\u00a0\u00bbhttps:\/\/www.leparisien.fr\/\u00a0\u00bb,\u00a0\u00bbmenu\u00a0\u00bb:\u00a0\u00bbhttps:\/\/www.leparisien.fr\/\u00a0\u00bb,\u00a0\u00bbburger-menu\u00a0\u00bb:\u00a0\u00bbhttps:\/\/www.leparisien.fr\/\u00a0\u00bb,\u00a0\u00bbmosaic_app\u00a0\u00bb:\u00a0\u00bbhttps:\/\/www.leparisien.fr\/\u00a0\u00bb},\u00a0\u00bbGoogle Analytics\u00a0\u00bb:{\u00ab\u00a0ga_name_level_2&Prime;:null,\u00a0\u00bbga_name_level_3&Prime;:null,\u00a0\u00bbga_name_level_1&Prime;:\u00a0\u00bbpodcasts\u00a0\u00bb},\u00a0\u00bbSponsor\u00a0\u00bb:{\u00ab\u00a0collection_id_for_pinned_content\u00a0\u00bb:\u00a0\u00bbEB7A434XEJFU3DQ3VMQL6T2CBE\u00a0\u00bb},\u00a0\u00bbMobile\u00a0\u00bb:{\u00ab\u00a0background_color_section\u00a0\u00bb:\u00a0\u00bb#C89900&Prime;,\u00a0\u00bbsection_left_logo_dark\u00a0\u00bb:\u00a0\u00bbhttps:\/\/assets.leparisien.fr\/mobile\/images\/menu\/dark\/podcast.png\u00a0\u00bb,\u00a0\u00bbbackground_image_section\u00a0\u00bb:\u00a0\u00bbhttps:\/\/assets.leparisien.fr\/mobile\/images\/explorer\/podcasts.png\u00a0\u00bb,\u00a0\u00bbsection_left_logo_light\u00a0\u00bb:\u00a0\u00bbhttps:\/\/assets.leparisien.fr\/mobile\/images\/menu\/podcast.png\u00a0\u00bb},\u00a0\u00bb_admin\u00a0\u00bb:{\u00ab\u00a0alias_ids\u00a0\u00bb:[]},\u00a0\u00bbsite\u00a0\u00bb:{\u00ab\u00a0amp_deactivated\u00a0\u00bb:\u00a0\u00bbtrue\u00a0\u00bb,\u00a0\u00bbpaywall_deactivated\u00a0\u00bb:\u00a0\u00bbtrue\u00a0\u00bb,\u00a0\u00bbsite_description\u00a0\u00bb:\u00a0\u00bbSuivez toute l&rsquo;actualit\u00e9 en France et en podcast : politique, faits divers, soci\u00e9t\u00e9 et toute l&rsquo;actualit\u00e9 sociale, \u00e9conomique et sportive avec Le Parisien\u00a0\u00bb,\u00a0\u00bbsite_title\u00a0\u00bb:\u00a0\u00bbPodcasts d&rsquo;actualit\u00e9 : \u00e9coutez les meilleurs podcasts du Parisien &#8211; Le Parisien\u00a0\u00bb},\u00a0\u00bbinactive\u00a0\u00bb:false,\u00a0\u00bbnode_type\u00a0\u00bb:\u00a0\u00bbsection\u00a0\u00bb,\u00a0\u00bbname\u00a0\u00bb:\u00a0\u00bbPodcasts\u00a0\u00bb,\u00a0\u00bbstory_list\u00a0\u00bb:{\u00ab\u00a0story_list_content\u00a0\u00bb:{}},\u00a0\u00bbheader\u00a0\u00bb:{\u00ab\u00a0title_logo_only\u00a0\u00bb:\u00a0\u00bbfalse\u00a0\u00bb},\u00a0\u00bb_id\u00a0\u00bb:\u00a0\u00bb\/podcasts\u00a0\u00bb,\u00a0\u00bbancestors\u00a0\u00bb:{\u00ab\u00a0burger-menu-etudiant\u00a0\u00bb:[],\u00a0\u00bbdefault\u00a0\u00bb:[\u00ab\u00a0https:\/\/www.leparisien.fr\/\u00a0\u00bb],\u00a0\u00bbnavbar\u00a0\u00bb:[\u00ab\u00a0https:\/\/www.leparisien.fr\/\u00a0\u00bb],\u00a0\u00bbfooter\u00a0\u00bb:[\u00ab\u00a0https:\/\/www.leparisien.fr\/\u00a0\u00bb],\u00a0\u00bbWebsked-plans\u00a0\u00bb:[\u00ab\u00a0https:\/\/www.leparisien.fr\/\u00a0\u00bb],\u00a0\u00bbsurfooter\u00a0\u00bb:[\u00ab\u00a0https:\/\/www.leparisien.fr\/\u00a0\u00bb],\u00a0\u00bbsub-nav\u00a0\u00bb:[\u00ab\u00a0https:\/\/www.leparisien.fr\/\u00a0\u00bb],\u00a0\u00bbmobile-menu-sections-list\u00a0\u00bb:[\u00ab\u00a0https:\/\/www.leparisien.fr\/\u00a0\u00bb],\u00a0\u00bbmenu\u00a0\u00bb:[\u00ab\u00a0https:\/\/www.leparisien.fr\/\u00a0\u00bb],\u00a0\u00bbburger-menu\u00a0\u00bb:[\u00ab\u00a0https:\/\/www.leparisien.fr\/\u00a0\u00bb],\u00a0\u00bbmosaic_app\u00a0\u00bb:[\u00ab\u00a0https:\/\/www.leparisien.fr\/\u00a0\u00bb]},\u00a0\u00bborder\u00a0\u00bb:{\u00ab\u00a0default\u00a0\u00bb:1068,\u00a0\u00bbnavbar\u00a0\u00bb:1010,\u00a0\u00bbMaillage_SEO_Surfooter\u00a0\u00bb:1065,\u00a0\u00bbfooter\u00a0\u00bb:1016,\u00a0\u00bbWebsked-plans\u00a0\u00bb:1017,\u00a0\u00bbsurfooter\u00a0\u00bb:1016,\u00a0\u00bbsub-nav\u00a0\u00bb:1022,\u00a0\u00bbmobile-menu-sections-list\u00a0\u00bb:1004,\u00a0\u00bbmenu\u00a0\u00bb:1022,\u00a0\u00bbburger-menu\u00a0\u00bb:1019,\u00a0\u00bbmosaic_app\u00a0\u00bb:1014}}},\u00a0\u00bbtype\u00a0\u00bb:\u00a0\u00bbsite\u00a0\u00bb,\u00a0\u00bbversion\u00a0\u00bb:\u00a0\u00bb0.5.8&Prime;},{\u00ab\u00a0path\u00a0\u00bb:\u00a0\u00bb\/faits-divers\u00a0\u00bb,\u00a0\u00bbparent_id\u00a0\u00bb:\u00a0\u00bbhttps:\/\/www.leparisien.fr\/\u00a0\u00bb,\u00a0\u00bbname\u00a0\u00bb:\u00a0\u00bbFaits divers\u00a0\u00bb,\u00a0\u00bbdescription\u00a0\u00bb:\u00a0\u00bbSuivez toute l&rsquo;actualit\u00e9 des faits divers \u00e0 Paris et en France en direct avec leParisien.fr : enqu\u00eates, interviews, vid\u00e9os et infos exclusives sur les meutres, vols\u2026\u00a0\u00bb,\u00a0\u00bb_id\u00a0\u00bb:\u00a0\u00bb\/faits-divers\u00a0\u00bb,\u00a0\u00bbadditional_properties\u00a0\u00bb:{\u00ab\u00a0original\u00a0\u00bb:{\u00ab\u00a0parent\u00a0\u00bb:{\u00ab\u00a0nav\u00a0\u00bb:\u00a0\u00bbhttps:\/\/www.leparisien.fr\/\u00a0\u00bb,\u00a0\u00bbMaillage_SEO_Surfooter\u00a0\u00bb:\u00a0\u00bbhttps:\/\/www.leparisien.fr\/\u00a0\u00bb,\u00a0\u00bbfooter\u00a0\u00bb:\u00a0\u00bbhttps:\/\/www.leparisien.fr\/\u00a0\u00bb,\u00a0\u00bbWebsked-plans\u00a0\u00bb:\u00a0\u00bbhttps:\/\/www.leparisien.fr\/\u00a0\u00bb,\u00a0\u00bbsurfooter\u00a0\u00bb:\u00a0\u00bbhttps:\/\/www.leparisien.fr\/\u00a0\u00bb,\u00a0\u00bbmobile-menu-sections-list\u00a0\u00bb:\u00a0\u00bbhttps:\/\/www.leparisien.fr\/\u00a0\u00bb,\u00a0\u00bbmenu\u00a0\u00bb:\u00a0\u00bbhttps:\/\/www.leparisien.fr\/\u00a0\u00bb,\u00a0\u00bbburger-menu\u00a0\u00bb:\u00a0\u00bbhttps:\/\/www.leparisien.fr\/\u00a0\u00bb,\u00a0\u00bbmosaic_app\u00a0\u00bb:\u00a0\u00bbhttps:\/\/www.leparisien.fr\/\u00a0\u00bb,\u00a0\u00bbdefault\u00a0\u00bb:\u00a0\u00bbhttps:\/\/www.leparisien.fr\/\u00a0\u00bb,\u00a0\u00bbburger-menu-etudiant\u00a0\u00bb:null,\u00a0\u00bbnavbar\u00a0\u00bb:\u00a0\u00bbhttps:\/\/www.leparisien.fr\/\u00a0\u00bb,\u00a0\u00bbsub-nav\u00a0\u00bb:\u00a0\u00bbhttps:\/\/www.leparisien.fr\/\u00a0\u00bb},\u00a0\u00bbGoogle Analytics\u00a0\u00bb:{\u00ab\u00a0ga_name_level_2&Prime;:null,\u00a0\u00bbga_name_level_3&Prime;:null,\u00a0\u00bbga_name_level_1&Prime;:\u00a0\u00bbfaits-divers\u00a0\u00bb},\u00a0\u00bbSponsor\u00a0\u00bb:{\u00ab\u00a0collection_id_for_pinned_content\u00a0\u00bb:\u00a0\u00bbZ5HL7A52HBDMPKNIFEGG3Q667I\u00a0\u00bb},\u00a0\u00bbMobile\u00a0\u00bb:{\u00ab\u00a0background_color_section\u00a0\u00bb:\u00a0\u00bb#4F6069&Prime;,\u00a0\u00bbbackground_image_section\u00a0\u00bb:\u00a0\u00bbhttps:\/\/assets.leparisien.fr\/mobile\/images\/explorer\/faits_divers.png\u00a0\u00bb},\u00a0\u00bbNewsletter\u00a0\u00bb:{\u00ab\u00a0newsletter_optin\u00a0\u00bb:\u00a0\u00bboptin_thematique_faits_divers\u00a0\u00bb,\u00a0\u00bbnewsletter_color\u00a0\u00bb:\u00a0\u00bb#7779A6&Prime;,\u00a0\u00bbnewsletter_title\u00a0\u00bb:\u00a0\u00bbUne plong\u00e9e dans l\u2019actualit\u00e9 des faits divers, pour \u00e9clairer la face sombre de notre \u00e9poque\u00a0\u00bb,\u00a0\u00bbnewsletter_name\u00a0\u00bb:\u00a0\u00bbEnqu\u00eate en cours\u00a0\u00bb,\u00a0\u00bbnewsletter_image\u00a0\u00bb:\u00a0\u00bbnewsletter-faits-divers-logo.png\u00a0\u00bb,\u00a0\u00bbnewsletter_slug\u00a0\u00bb:\u00a0\u00bbfaits-divers\u00a0\u00bb,\u00a0\u00bbnewsletter_label\u00a0\u00bb:\u00a0\u00bbEnqu\u00eate en cours\u00a0\u00bb},\u00a0\u00bb_admin\u00a0\u00bb:{\u00ab\u00a0alias_ids\u00a0\u00bb:[]},\u00a0\u00bbsite\u00a0\u00bb:{\u00ab\u00a0section_show_videos\u00a0\u00bb:\u00a0\u00bbtrue\u00a0\u00bb,\u00a0\u00bbsite_description\u00a0\u00bb:\u00a0\u00bbSuivez toute l&rsquo;actualit\u00e9 des faits divers \u00e0 Paris et en France en direct avec leParisien.fr : enqu\u00eates, interviews, vid\u00e9os et infos exclusives sur les meutres, vols\u2026\u00a0\u00bb,\u00a0\u00bbsite_title\u00a0\u00bb:\u00a0\u00bbFaits Divers : Toute l&rsquo;actualit\u00e9 des faits divers &#8211; Le Parisien\u00a0\u00bb},\u00a0\u00bbinactive\u00a0\u00bb:false,\u00a0\u00bbnode_type\u00a0\u00bb:\u00a0\u00bbsection\u00a0\u00bb,\u00a0\u00bbname\u00a0\u00bb:\u00a0\u00bbFaits divers\u00a0\u00bb,\u00a0\u00bbstory_list\u00a0\u00bb:{\u00ab\u00a0story_list_content\u00a0\u00bb:{}},\u00a0\u00bbheader\u00a0\u00bb:{\u00ab\u00a0title_logo_only\u00a0\u00bb:\u00a0\u00bbfalse\u00a0\u00bb},\u00a0\u00bb_id\u00a0\u00bb:\u00a0\u00bb\/faits-divers\u00a0\u00bb,\u00a0\u00bbancestors\u00a0\u00bb:{\u00ab\u00a0burger-menu-etudiant\u00a0\u00bb:[],\u00a0\u00bbnav\u00a0\u00bb:[\u00ab\u00a0https:\/\/www.leparisien.fr\/\u00a0\u00bb],\u00a0\u00bbdefault\u00a0\u00bb:[\u00ab\u00a0https:\/\/www.leparisien.fr\/\u00a0\u00bb],\u00a0\u00bbnavbar\u00a0\u00bb:[\u00ab\u00a0https:\/\/www.leparisien.fr\/\u00a0\u00bb],\u00a0\u00bbfooter\u00a0\u00bb:[\u00ab\u00a0https:\/\/www.leparisien.fr\/\u00a0\u00bb],\u00a0\u00bbWebsked-plans\u00a0\u00bb:[\u00ab\u00a0https:\/\/www.leparisien.fr\/\u00a0\u00bb],\u00a0\u00bbsurfooter\u00a0\u00bb:[\u00ab\u00a0https:\/\/www.leparisien.fr\/\u00a0\u00bb],\u00a0\u00bbsub-nav\u00a0\u00bb:[\u00ab\u00a0https:\/\/www.leparisien.fr\/\u00a0\u00bb],\u00a0\u00bbmobile-menu-sections-list\u00a0\u00bb:[\u00ab\u00a0https:\/\/www.leparisien.fr\/\u00a0\u00bb],\u00a0\u00bbmenu\u00a0\u00bb:[\u00ab\u00a0https:\/\/www.leparisien.fr\/\u00a0\u00bb],\u00a0\u00bbburger-menu\u00a0\u00bb:[\u00ab\u00a0https:\/\/www.leparisien.fr\/\u00a0\u00bb],\u00a0\u00bbmosaic_app\u00a0\u00bb:[\u00ab\u00a0https:\/\/www.leparisien.fr\/\u00a0\u00bb]},\u00a0\u00bborder\u00a0\u00bb:{\u00ab\u00a0default\u00a0\u00bb:1066,\u00a0\u00bbnav\u00a0\u00bb:1004,\u00a0\u00bbnavbar\u00a0\u00bb:1004,\u00a0\u00bbMaillage_SEO_Surfooter\u00a0\u00bb:1063,\u00a0\u00bbfooter\u00a0\u00bb:1013,\u00a0\u00bbWebsked-plans\u00a0\u00bb:1007,\u00a0\u00bbsurfooter\u00a0\u00bb:1013,\u00a0\u00bbsub-nav\u00a0\u00bb:1008,\u00a0\u00bbmobile-menu-sections-list\u00a0\u00bb:1001,\u00a0\u00bbmenu\u00a0\u00bb:1004,\u00a0\u00bbburger-menu\u00a0\u00bb:1002,\u00a0\u00bbmosaic_app\u00a0\u00bb:1001}}},\u00a0\u00bbtype\u00a0\u00bb:\u00a0\u00bbsite\u00a0\u00bb,\u00a0\u00bbversion\u00a0\u00bb:\u00a0\u00bb0.5.8&Prime;},{\u00ab\u00a0path\u00a0\u00bb:\u00a0\u00bb\/var-83&Prime;,\u00a0\u00bbparent_id\u00a0\u00bb:\u00a0\u00bb\/en-region\u00a0\u00bb,\u00a0\u00bbname\u00a0\u00bb:\u00a0\u00bbVar\u00a0\u00bb,\u00a0\u00bbdescription\u00a0\u00bb:\u00a0\u00bbSuivez toute l&rsquo;actualit\u00e9 et les informations locales du Var en direct et en vid\u00e9o sur le Parisien.fr\u00a0\u00bb,\u00a0\u00bb_id\u00a0\u00bb:\u00a0\u00bb\/var-83&Prime;,\u00a0\u00bbadditional_properties\u00a0\u00bb:{\u00ab\u00a0original\u00a0\u00bb:{\u00ab\u00a0parent\u00a0\u00bb:{\u00ab\u00a0default\u00a0\u00bb:\u00a0\u00bb\/en-region\u00a0\u00bb,\u00a0\u00bbMaillage_SEO_Surfooter\u00a0\u00bb:\u00a0\u00bb\/en-region\u00a0\u00bb,\u00a0\u00bbWebsked-plans\u00a0\u00bb:\u00a0\u00bb\/en-region\u00a0\u00bb,\u00a0\u00bbsub-nav\u00a0\u00bb:\u00a0\u00bb\/en-region\u00a0\u00bb},\u00a0\u00bb_admin\u00a0\u00bb:{\u00ab\u00a0alias_ids\u00a0\u00bb:[]},\u00a0\u00bbsite\u00a0\u00bb:{\u00ab\u00a0site_description\u00a0\u00bb:\u00a0\u00bbSuivez toute l&rsquo;actualit\u00e9 et les informations locales du Var en direct et en vid\u00e9o sur le Parisien.fr\u00a0\u00bb,\u00a0\u00bbsite_title\u00a0\u00bb:\u00a0\u00bbActualit\u00e9s du d\u00e9partement du Var (83) &#8211; Infos locales dans le Var &#8211; Le Parisien\u00a0\u00bb},\u00a0\u00bbGoogle Analytics\u00a0\u00bb:{\u00ab\u00a0ga_name_level_2&Prime;:\u00a0\u00bbvar-83&Prime;,\u00a0\u00bbga_name_level_3&Prime;:null,\u00a0\u00bbga_name_level_1&Prime;:\u00a0\u00bbdepartements-horsidfo\u00a0\u00bb},\u00a0\u00bbinactive\u00a0\u00bb:false,\u00a0\u00bbnode_type\u00a0\u00bb:\u00a0\u00bbsection\u00a0\u00bb,\u00a0\u00bbstory_list\u00a0\u00bb:{\u00ab\u00a0story_list_content\u00a0\u00bb:{}},\u00a0\u00bbname\u00a0\u00bb:\u00a0\u00bbVar\u00a0\u00bb,\u00a0\u00bb_id\u00a0\u00bb:\u00a0\u00bb\/var-83&Prime;,\u00a0\u00bbancestors\u00a0\u00bb:{\u00ab\u00a0default\u00a0\u00bb:[\u00ab\u00a0\/en-region\u00a0\u00bb],\u00a0\u00bbMaillage_SEO_Surfooter\u00a0\u00bb:[\u00ab\u00a0\/en-region\u00a0\u00bb],\u00a0\u00bbWebsked-plans\u00a0\u00bb:[\u00ab\u00a0https:\/\/www.leparisien.fr\/\u00a0\u00bb,\u00a0\u00bb\/en-region\u00a0\u00bb],\u00a0\u00bbsub-nav\u00a0\u00bb:[\u00ab\u00a0\/en-region\u00a0\u00bb,\u00a0\u00bbhttps:\/\/www.leparisien.fr\/\u00a0\u00bb]},\u00a0\u00bborder\u00a0\u00bb:{\u00ab\u00a0default\u00a0\u00bb:2078,\u00a0\u00bbMaillage_SEO_Surfooter\u00a0\u00bb:2078,\u00a0\u00bbWebsked-plans\u00a0\u00bb:2080,\u00a0\u00bbsub-nav\u00a0\u00bb:2080}}},\u00a0\u00bbtype\u00a0\u00bb:\u00a0\u00bbsite\u00a0\u00bb,\u00a0\u00bbversion\u00a0\u00bb:\u00a0\u00bb0.5.8&Prime;},{\u00ab\u00a0path\u00a0\u00bb:\u00a0\u00bb\/en-region\u00a0\u00bb,\u00a0\u00bbparent_id\u00a0\u00bb:\u00a0\u00bbhttps:\/\/www.leparisien.fr\/\u00a0\u00bb,\u00a0\u00bbname\u00a0\u00bb:\u00a0\u00bbEn r\u00e9gion\u00a0\u00bb,\u00a0\u00bbdescription\u00a0\u00bb:\u00a0\u00bbRetrouvez toute l&rsquo;actu de votre r\u00e9gion avec Aujourd&rsquo;hui en France.\u00a0\u00bb,\u00a0\u00bb_id\u00a0\u00bb:\u00a0\u00bb\/en-region\u00a0\u00bb,\u00a0\u00bbadditional_properties\u00a0\u00bb:{\u00ab\u00a0original\u00a0\u00bb:{\u00ab\u00a0parent\u00a0\u00bb:{\u00ab\u00a0default\u00a0\u00bb:\u00a0\u00bbhttps:\/\/www.leparisien.fr\/\u00a0\u00bb,\u00a0\u00bbburger-menu-etudiant\u00a0\u00bb:null,\u00a0\u00bbMaillage_SEO_Surfooter\u00a0\u00bb:\u00a0\u00bbhttps:\/\/www.leparisien.fr\/\u00a0\u00bb,\u00a0\u00bbWebsked-plans\u00a0\u00bb:\u00a0\u00bbhttps:\/\/www.leparisien.fr\/\u00a0\u00bb,\u00a0\u00bbsub-nav\u00a0\u00bb:\u00a0\u00bbhttps:\/\/www.leparisien.fr\/\u00a0\u00bb,\u00a0\u00bbmenu\u00a0\u00bb:\u00a0\u00bbhttps:\/\/www.leparisien.fr\/\u00a0\u00bb,\u00a0\u00bbburger-menu\u00a0\u00bb:\u00a0\u00bbhttps:\/\/www.leparisien.fr\/\u00a0\u00bb},\u00a0\u00bbin_the_news\u00a0\u00bb:{\u00ab\u00a0in_the_news_usefeature\u00a0\u00bb:null,\u00a0\u00bbin_the_news_usebasepage\u00a0\u00bb:\u00a0\u00bb\/in-the-news-forsections\/\u00a0\u00bb,\u00a0\u00bbin_the_news_usesectionbar\u00a0\u00bb:\u00a0\u00bbfalse\u00a0\u00bb},\u00a0\u00bbGoogle Analytics\u00a0\u00bb:{\u00ab\u00a0ga_name_level_2&Prime;:null,\u00a0\u00bbga_name_level_3&Prime;:null,\u00a0\u00bbga_name_level_1&Prime;:\u00a0\u00bbdepartements-horsidfo\u00a0\u00bb},\u00a0\u00bbsocial\u00a0\u00bb:{\u00ab\u00a0archives\u00a0\u00bb:null,\u00a0\u00bbtwitter\u00a0\u00bb:null,\u00a0\u00bbrss\u00a0\u00bb:null,\u00a0\u00bbfacebook\u00a0\u00bb:null},\u00a0\u00bbevent_logo_mobile_height\u00a0\u00bb:\u00a0\u00bb40&Prime;,\u00a0\u00bbSponsor\u00a0\u00bb:{\u00ab\u00a0sponsor_type\u00a0\u00bb:null,\u00a0\u00bbsponsor_message\u00a0\u00bb:null,\u00a0\u00bbcollection_id_for_pinned_content\u00a0\u00bb:null,\u00a0\u00bbsponsor_logo_url\u00a0\u00bb:null,\u00a0\u00bbsponsor_name\u00a0\u00bb:null},\u00a0\u00bbevent_logo_url\u00a0\u00bb:\u00a0\u00bbhttps:\/\/leparisien-assets-prod.s3.eu-west-1.amazonaws.com\/website\/images\/events_logo\/aujourdhui-en-france.svg\u00a0\u00bb,\u00a0\u00bbevent_logo_mobile_width\u00a0\u00bb:\u00a0\u00bb128&Prime;,\u00a0\u00bbMobile\u00a0\u00bb:{\u00ab\u00a0background_color_section\u00a0\u00bb:\u00a0\u00bb#C0C0C0&Prime;,\u00a0\u00bbxtpage\u00a0\u00bb:null,\u00a0\u00bblabel\u00a0\u00bb:null,\u00a0\u00bbbackground_image_section\u00a0\u00bb:null},\u00a0\u00bbevent_logo_tablet_width\u00a0\u00bb:\u00a0\u00bb153&Prime;,\u00a0\u00bbNewsletter\u00a0\u00bb:{\u00ab\u00a0newsletter_optin\u00a0\u00bb:\u00a0\u00bboptin_newsletter\u00a0\u00bb,\u00a0\u00bbnewsletter_color\u00a0\u00bb:\u00a0\u00bb#1EA0E6&Prime;,\u00a0\u00bbnewsletter_title\u00a0\u00bb:\u00a0\u00bbUn tour de l\u2019actualit\u00e9 pour commencer la journ\u00e9e\u00a0\u00bb,\u00a0\u00bbnewsletter_name\u00a0\u00bb:\u00a0\u00bbL&rsquo;Essentiel de l&rsquo;actu\u00a0\u00bb,\u00a0\u00bbnewsletter_image\u00a0\u00bb:\u00a0\u00bbnewsletter-essentiel-matin-logo.png\u00a0\u00bb,\u00a0\u00bbmodule_message\u00a0\u00bb:null,\u00a0\u00bbnewsletter_label\u00a0\u00bb:\u00a0\u00bbL&rsquo;essentiel du matin\u00a0\u00bb},\u00a0\u00bbevent_logo_desktop_height\u00a0\u00bb:\u00a0\u00bb64&Prime;,\u00a0\u00bbevent_logo_desktop_width\u00a0\u00bb:\u00a0\u00bb204&Prime;,\u00a0\u00bbevent_logo_tablet_height\u00a0\u00bb:\u00a0\u00bb48&Prime;,\u00a0\u00bb_admin\u00a0\u00bb:{\u00ab\u00a0tracking_node\u00a0\u00bb:null,\u00a0\u00bbalias_ids\u00a0\u00bb:[\u00ab\u00a0\/en-region\u00a0\u00bb],\u00a0\u00bbdo_not_show_on_site\u00a0\u00bb:null,\u00a0\u00bbcommercial_node\u00a0\u00bb:null,\u00a0\u00bbdefault_content\u00a0\u00bb:null},\u00a0\u00bbnavigation\u00a0\u00bb:{\u00ab\u00a0nav_title\u00a0\u00bb:null,\u00a0\u00bbdisplay_in_top_strip\u00a0\u00bb:null,\u00a0\u00bbnav_display\u00a0\u00bb:null},\u00a0\u00bbsite\u00a0\u00bb:{\u00ab\u00a0is_clickable_on_menu\u00a0\u00bb:\u00a0\u00bbtrue\u00a0\u00bb,\u00a0\u00bbpresentation\u00a0\u00bb:null,\u00a0\u00bbpagebuilder_path_for_native_apps\u00a0\u00bb:null,\u00a0\u00bbsite_url\u00a0\u00bb:null,\u00a0\u00bbsite_keywords\u00a0\u00bb:null,\u00a0\u00bbnative_app_rendering\u00a0\u00bb:null,\u00a0\u00bbamp_deactivated\u00a0\u00bb:\u00a0\u00bbfalse\u00a0\u00bb,\u00a0\u00bbsite_about\u00a0\u00bb:null,\u00a0\u00bbpaywall_deactivated\u00a0\u00bb:\u00a0\u00bbfalse\u00a0\u00bb,\u00a0\u00bbsite_description\u00a0\u00bb:\u00a0\u00bbRetrouvez toute l&rsquo;actu de votre r\u00e9gion avec Aujourd&rsquo;hui en France.\u00a0\u00bb,\u00a0\u00bbsite_title\u00a0\u00bb:\u00a0\u00bbL&rsquo;info en r\u00e9gion &#8211; Aujourd&rsquo;hui en France &#8211; Le Parisien\u00a0\u00bb,\u00a0\u00bbsite_tagline\u00a0\u00bb:null},\u00a0\u00bbinactive\u00a0\u00bb:false,\u00a0\u00bbnode_type\u00a0\u00bb:\u00a0\u00bbsection\u00a0\u00bb,\u00a0\u00bbname\u00a0\u00bb:\u00a0\u00bbEn r\u00e9gion\u00a0\u00bb,\u00a0\u00bbstory_list\u00a0\u00bb:{\u00ab\u00a0story_list_content\u00a0\u00bb:{}},\u00a0\u00bb_id\u00a0\u00bb:\u00a0\u00bb\/en-region\u00a0\u00bb,\u00a0\u00bbancestors\u00a0\u00bb:{\u00ab\u00a0default\u00a0\u00bb:[\u00ab\u00a0https:\/\/www.leparisien.fr\/\u00a0\u00bb],\u00a0\u00bbburger-menu-etudiant\u00a0\u00bb:[],\u00a0\u00bbMaillage_SEO_Surfooter\u00a0\u00bb:[],\u00a0\u00bbWebsked-plans\u00a0\u00bb:[\u00ab\u00a0https:\/\/www.leparisien.fr\/\u00a0\u00bb],\u00a0\u00bbsub-nav\u00a0\u00bb:[\u00ab\u00a0https:\/\/www.leparisien.fr\/\u00a0\u00bb],\u00a0\u00bbmenu\u00a0\u00bb:[\u00ab\u00a0https:\/\/www.leparisien.fr\/\u00a0\u00bb],\u00a0\u00bbburger-menu\u00a0\u00bb:[\u00ab\u00a0https:\/\/www.leparisien.fr\/\u00a0\u00bb]},\u00a0\u00bborder\u00a0\u00bb:{\u00ab\u00a0default\u00a0\u00bb:1058,\u00a0\u00bbMaillage_SEO_Surfooter\u00a0\u00bb:1052,\u00a0\u00bbWebsked-plans\u00a0\u00bb:1033,\u00a0\u00bbsub-nav\u00a0\u00bb:1009,\u00a0\u00bbmenu\u00a0\u00bb:1015,\u00a0\u00bbburger-menu\u00a0\u00bb:1015}}},\u00a0\u00bbtype\u00a0\u00bb:\u00a0\u00bbsite\u00a0\u00bb,\u00a0\u00bbversion\u00a0\u00bb:\u00a0\u00bb0.5.8&Prime;}],\u00a0\u00bbsections\u00a0\u00bb:[{\u00ab\u00a0path\u00a0\u00bb:\u00a0\u00bb\/podcasts\/crime-story\u00a0\u00bb,\u00a0\u00bbparent\u00a0\u00bb:{\u00ab\u00a0default\u00a0\u00bb:\u00a0\u00bb\/podcasts\u00a0\u00bb},\u00a0\u00bb_website\u00a0\u00bb:\u00a0\u00bbleparisien\u00a0\u00bb,\u00a0\u00bbparent_id\u00a0\u00bb:\u00a0\u00bb\/podcasts\u00a0\u00bb,\u00a0\u00bbname\u00a0\u00bb:\u00a0\u00bbCrime story\u00a0\u00bb,\u00a0\u00bbdescription\u00a0\u00bb:\u00a0\u00bbLe podcast faits divers Crime story raconte chaque semaine les grandes affaires criminelles qui ont marqu\u00e9 ces derni\u00e8res d\u00e9cennies. Publi\u00e9 chaque samedi, Crime story est pr\u00e9sent\u00e9 par la journaliste Clawdia Prolongeau et son invit\u00e9 permanent : Damien Delseny, le chef du service police justice du Parisien.\u00a0\u00bb,\u00a0\u00bb_id\u00a0\u00bb:\u00a0\u00bb\/podcasts\/crime-story\u00a0\u00bb,\u00a0\u00bbadditional_properties\u00a0\u00bb:{\u00ab\u00a0original\u00a0\u00bb:{\u00ab\u00a0parent\u00a0\u00bb:{\u00ab\u00a0default\u00a0\u00bb:\u00a0\u00bb\/podcasts\u00a0\u00bb,\u00a0\u00bbMaillage_SEO_Surfooter\u00a0\u00bb:\u00a0\u00bb\/podcasts\u00a0\u00bb,\u00a0\u00bbWebsked-plans\u00a0\u00bb:\u00a0\u00bb\/podcasts\u00a0\u00bb,\u00a0\u00bbsub-nav\u00a0\u00bb:\u00a0\u00bb\/podcasts\u00a0\u00bb,\u00a0\u00bbmenu\u00a0\u00bb:\u00a0\u00bb\/podcasts\u00a0\u00bb},\u00a0\u00bbin_the_news\u00a0\u00bb:{\u00ab\u00a0in_the_news_usefeature\u00a0\u00bb:null,\u00a0\u00bbin_the_news_usebasepage\u00a0\u00bb:\u00a0\u00bb\/in-the-news-forsections\/\u00a0\u00bb,\u00a0\u00bbin_the_news_usesectionbar\u00a0\u00bb:\u00a0\u00bbfalse\u00a0\u00bb},\u00a0\u00bbGoogle Analytics\u00a0\u00bb:{\u00ab\u00a0ga_name_level_2&Prime;:\u00a0\u00bbcrime-story\u00a0\u00bb,\u00a0\u00bbga_name_level_3&Prime;:null,\u00a0\u00bbga_name_level_1&Prime;:\u00a0\u00bbpodcasts\u00a0\u00bb},\u00a0\u00bbsocial\u00a0\u00bb:{\u00ab\u00a0archives\u00a0\u00bb:null,\u00a0\u00bbtwitter\u00a0\u00bb:null,\u00a0\u00bbrss\u00a0\u00bb:null,\u00a0\u00bbfacebook\u00a0\u00bb:null},\u00a0\u00bbSponsor\u00a0\u00bb:{\u00ab\u00a0sponsor_type\u00a0\u00bb:null,\u00a0\u00bbsponsor_message\u00a0\u00bb:null,\u00a0\u00bbcollection_id_for_pinned_content\u00a0\u00bb:null,\u00a0\u00bbsponsor_logo_url\u00a0\u00bb:null,\u00a0\u00bbsponsor_name\u00a0\u00bb:null},\u00a0\u00bbMobile\u00a0\u00bb:{\u00ab\u00a0background_color_section\u00a0\u00bb:\u00a0\u00bb#C0C0C0&Prime;,\u00a0\u00bbalternative_title\u00a0\u00bb:null,\u00a0\u00bbxtpage\u00a0\u00bb:null,\u00a0\u00bbsection_collection_id\u00a0\u00bb:null,\u00a0\u00bblabel\u00a0\u00bb:null,\u00a0\u00bbbackground_image_section\u00a0\u00bb:null},\u00a0\u00bbNewsletter\u00a0\u00bb:{\u00ab\u00a0newsletter_optin\u00a0\u00bb:\u00a0\u00bboptin_thematique_faits_divers\u00a0\u00bb,\u00a0\u00bbnewsletter_color\u00a0\u00bb:\u00a0\u00bb#1EA0E6&Prime;,\u00a0\u00bbnewsletter_title\u00a0\u00bb:\u00a0\u00bbUne plong\u00e9e dans l\u2019actualit\u00e9 des faits divers, pour \u00e9clairer la face sombre de notre \u00e9poque\u00a0\u00bb,\u00a0\u00bbnewsletter_name\u00a0\u00bb:\u00a0\u00bbL&rsquo;Essentiel de l&rsquo;actu\u00a0\u00bb,\u00a0\u00bbnewsletter_image\u00a0\u00bb:\u00a0\u00bbnewsletter-faits-divers-logo.png\u00a0\u00bb,\u00a0\u00bbnewsletter_slug\u00a0\u00bb:\u00a0\u00bbfaits-divers\u00a0\u00bb,\u00a0\u00bbmodule_message\u00a0\u00bb:null,\u00a0\u00bbnewsletter_label\u00a0\u00bb:\u00a0\u00bbEnqu\u00eate en cours\u00a0\u00bb},\u00a0\u00bb_admin\u00a0\u00bb:{\u00ab\u00a0tracking_node\u00a0\u00bb:null,\u00a0\u00bbalias_ids\u00a0\u00bb:[\u00ab\u00a0\/podcasts\/crime-story\u00a0\u00bb],\u00a0\u00bbdo_not_show_on_site\u00a0\u00bb:null,\u00a0\u00bbcommercial_node\u00a0\u00bb:null,\u00a0\u00bbdefault_content\u00a0\u00bb:null},\u00a0\u00bbnavigation\u00a0\u00bb:{\u00ab\u00a0nav_title\u00a0\u00bb:null,\u00a0\u00bbdisplay_in_top_strip\u00a0\u00bb:null,\u00a0\u00bbnav_display\u00a0\u00bb:null},\u00a0\u00bbsite\u00a0\u00bb:{\u00ab\u00a0is_clickable_on_menu\u00a0\u00bb:\u00a0\u00bbtrue\u00a0\u00bb,\u00a0\u00bbpresentation\u00a0\u00bb:\u00a0\u00bbLe podcast faits divers Crime story raconte chaque semaine les grandes affaires criminelles qui ont marqu\u00e9 ces derni\u00e8res d\u00e9cennies. Publi\u00e9 chaque samedi, Crime story est pr\u00e9sent\u00e9 par la journaliste Clawdia Prolongeau et son invit\u00e9 permanent : Damien Delseny, le chef du service police justice du Parisien.\u00a0\u00bb,\u00a0\u00bbpagebuilder_path_for_native_apps\u00a0\u00bb:null,\u00a0\u00bbsite_url\u00a0\u00bb:null,\u00a0\u00bbsite_keywords\u00a0\u00bb:null,\u00a0\u00bbnative_app_rendering\u00a0\u00bb:null,\u00a0\u00bbamp_deactivated\u00a0\u00bb:\u00a0\u00bbfalse\u00a0\u00bb,\u00a0\u00bbsite_about\u00a0\u00bb:null,\u00a0\u00bbpaywall_deactivated\u00a0\u00bb:\u00a0\u00bbfalse\u00a0\u00bb,\u00a0\u00bbsite_description\u00a0\u00bb:\u00a0\u00bbLe podcast faits divers Crime story raconte chaque semaine les grandes affaires criminelles qui ont marqu\u00e9 ces derni\u00e8res d\u00e9cennies. Publi\u00e9 chaque samedi, Crime story est pr\u00e9sent\u00e9 par la journaliste Clawdia Prolongeau et son invit\u00e9 permanent : Damien Delseny, le chef du service police justice du Parisien.\u00a0\u00bb,\u00a0\u00bbsite_title\u00a0\u00bb:\u00a0\u00bbCrime story : le podcast Faits divers du Parisien &#8211; Le Parisien\u00a0\u00bb,\u00a0\u00bbsite_tagline\u00a0\u00bb:null},\u00a0\u00bbinactive\u00a0\u00bb:false,\u00a0\u00bbnode_type\u00a0\u00bb:\u00a0\u00bbsection\u00a0\u00bb,\u00a0\u00bb_website\u00a0\u00bb:\u00a0\u00bbleparisien\u00a0\u00bb,\u00a0\u00bbname\u00a0\u00bb:\u00a0\u00bbCrime story\u00a0\u00bb,\u00a0\u00bbstory_list\u00a0\u00bb:{\u00ab\u00a0story_list_content\u00a0\u00bb:{}},\u00a0\u00bb_id\u00a0\u00bb:\u00a0\u00bb\/podcasts\/crime-story\u00a0\u00bb,\u00a0\u00bbancestors\u00a0\u00bb:{\u00ab\u00a0default\u00a0\u00bb:[\u00ab\u00a0\/podcasts\u00a0\u00bb],\u00a0\u00bbMaillage_SEO_Surfooter\u00a0\u00bb:[\u00ab\u00a0\/podcasts\u00a0\u00bb],\u00a0\u00bbWebsked-plans\u00a0\u00bb:[\u00ab\u00a0https:\/\/www.leparisien.fr\/\u00a0\u00bb,\u00a0\u00bb\/podcasts\u00a0\u00bb],\u00a0\u00bbsub-nav\u00a0\u00bb:[\u00ab\u00a0https:\/\/www.leparisien.fr\/\u00a0\u00bb,\u00a0\u00bb\/podcasts\u00a0\u00bb],\u00a0\u00bbmenu\u00a0\u00bb:[\u00ab\u00a0https:\/\/www.leparisien.fr\/\u00a0\u00bb,\u00a0\u00bb\/podcasts\u00a0\u00bb]},\u00a0\u00bborder\u00a0\u00bb:{\u00ab\u00a0default\u00a0\u00bb:2002,\u00a0\u00bbMaillage_SEO_Surfooter\u00a0\u00bb:2002,\u00a0\u00bbWebsked-plans\u00a0\u00bb:2002,\u00a0\u00bbsub-nav\u00a0\u00bb:2002,\u00a0\u00bbmenu\u00a0\u00bb:2002}}},\u00a0\u00bb_website_section_id\u00a0\u00bb:\u00a0\u00bbleparisien.\/podcasts\/crime-story\u00a0\u00bb,\u00a0\u00bbtype\u00a0\u00bb:\u00a0\u00bbsection\u00a0\u00bb,\u00a0\u00bbversion\u00a0\u00bb:\u00a0\u00bb0.6.0&Prime;},{\u00ab\u00a0path\u00a0\u00bb:\u00a0\u00bb\/podcasts\u00a0\u00bb,\u00a0\u00bbparent\u00a0\u00bb:{\u00ab\u00a0default\u00a0\u00bb:\u00a0\u00bbhttps:\/\/www.leparisien.fr\/\u00a0\u00bb},\u00a0\u00bb_website\u00a0\u00bb:\u00a0\u00bbleparisien\u00a0\u00bb,\u00a0\u00bbparent_id\u00a0\u00bb:\u00a0\u00bbhttps:\/\/www.leparisien.fr\/\u00a0\u00bb,\u00a0\u00bbname\u00a0\u00bb:\u00a0\u00bbPodcasts\u00a0\u00bb,\u00a0\u00bbdescription\u00a0\u00bb:\u00a0\u00bbSuivez toute l&rsquo;actualit\u00e9 en France et en podcast : politique, faits divers, soci\u00e9t\u00e9 et toute l&rsquo;actualit\u00e9 sociale, \u00e9conomique et sportive avec Le Parisien\u00a0\u00bb,\u00a0\u00bb_id\u00a0\u00bb:\u00a0\u00bb\/podcasts\u00a0\u00bb,\u00a0\u00bbadditional_properties\u00a0\u00bb:{\u00ab\u00a0original\u00a0\u00bb:{\u00ab\u00a0parent\u00a0\u00bb:{\u00ab\u00a0default\u00a0\u00bb:\u00a0\u00bbhttps:\/\/www.leparisien.fr\/\u00a0\u00bb,\u00a0\u00bbburger-menu-etudiant\u00a0\u00bb:null,\u00a0\u00bbnavbar\u00a0\u00bb:\u00a0\u00bbhttps:\/\/www.leparisien.fr\/\u00a0\u00bb,\u00a0\u00bbMaillage_SEO_Surfooter\u00a0\u00bb:\u00a0\u00bbhttps:\/\/www.leparisien.fr\/\u00a0\u00bb,\u00a0\u00bbfooter\u00a0\u00bb:\u00a0\u00bbhttps:\/\/www.leparisien.fr\/\u00a0\u00bb,\u00a0\u00bbWebsked-plans\u00a0\u00bb:\u00a0\u00bbhttps:\/\/www.leparisien.fr\/\u00a0\u00bb,\u00a0\u00bbsurfooter\u00a0\u00bb:\u00a0\u00bbhttps:\/\/www.leparisien.fr\/\u00a0\u00bb,\u00a0\u00bbsub-nav\u00a0\u00bb:\u00a0\u00bbhttps:\/\/www.leparisien.fr\/\u00a0\u00bb,\u00a0\u00bbmobile-menu-sections-list\u00a0\u00bb:\u00a0\u00bbhttps:\/\/www.leparisien.fr\/\u00a0\u00bb,\u00a0\u00bbmenu\u00a0\u00bb:\u00a0\u00bbhttps:\/\/www.leparisien.fr\/\u00a0\u00bb,\u00a0\u00bbburger-menu\u00a0\u00bb:\u00a0\u00bbhttps:\/\/www.leparisien.fr\/\u00a0\u00bb,\u00a0\u00bbmosaic_app\u00a0\u00bb:\u00a0\u00bbhttps:\/\/www.leparisien.fr\/\u00a0\u00bb},\u00a0\u00bbGoogle Analytics\u00a0\u00bb:{\u00ab\u00a0ga_name_level_2&Prime;:null,\u00a0\u00bbga_name_level_3&Prime;:null,\u00a0\u00bbga_name_level_1&Prime;:\u00a0\u00bbpodcasts\u00a0\u00bb},\u00a0\u00bbSponsor\u00a0\u00bb:{\u00ab\u00a0collection_id_for_pinned_content\u00a0\u00bb:\u00a0\u00bbEB7A434XEJFU3DQ3VMQL6T2CBE\u00a0\u00bb},\u00a0\u00bbMobile\u00a0\u00bb:{\u00ab\u00a0background_color_section\u00a0\u00bb:\u00a0\u00bb#C89900&Prime;,\u00a0\u00bbsection_left_logo_dark\u00a0\u00bb:\u00a0\u00bbhttps:\/\/assets.leparisien.fr\/mobile\/images\/menu\/dark\/podcast.png\u00a0\u00bb,\u00a0\u00bbbackground_image_section\u00a0\u00bb:\u00a0\u00bbhttps:\/\/assets.leparisien.fr\/mobile\/images\/explorer\/podcasts.png\u00a0\u00bb,\u00a0\u00bbsection_left_logo_light\u00a0\u00bb:\u00a0\u00bbhttps:\/\/assets.leparisien.fr\/mobile\/images\/menu\/podcast.png\u00a0\u00bb},\u00a0\u00bb_admin\u00a0\u00bb:{\u00ab\u00a0alias_ids\u00a0\u00bb:[]},\u00a0\u00bbsite\u00a0\u00bb:{\u00ab\u00a0amp_deactivated\u00a0\u00bb:\u00a0\u00bbtrue\u00a0\u00bb,\u00a0\u00bbpaywall_deactivated\u00a0\u00bb:\u00a0\u00bbtrue\u00a0\u00bb,\u00a0\u00bbsite_description\u00a0\u00bb:\u00a0\u00bbSuivez toute l&rsquo;actualit\u00e9 en France et en podcast : politique, faits divers, soci\u00e9t\u00e9 et toute l&rsquo;actualit\u00e9 sociale, \u00e9conomique et sportive avec Le Parisien\u00a0\u00bb,\u00a0\u00bbsite_title\u00a0\u00bb:\u00a0\u00bbPodcasts d&rsquo;actualit\u00e9 : \u00e9coutez les meilleurs podcasts du Parisien &#8211; Le Parisien\u00a0\u00bb},\u00a0\u00bbinactive\u00a0\u00bb:false,\u00a0\u00bbnode_type\u00a0\u00bb:\u00a0\u00bbsection\u00a0\u00bb,\u00a0\u00bb_website\u00a0\u00bb:\u00a0\u00bbleparisien\u00a0\u00bb,\u00a0\u00bbname\u00a0\u00bb:\u00a0\u00bbPodcasts\u00a0\u00bb,\u00a0\u00bbstory_list\u00a0\u00bb:{\u00ab\u00a0story_list_content\u00a0\u00bb:{}},\u00a0\u00bbheader\u00a0\u00bb:{\u00ab\u00a0title_logo_only\u00a0\u00bb:\u00a0\u00bbfalse\u00a0\u00bb},\u00a0\u00bb_id\u00a0\u00bb:\u00a0\u00bb\/podcasts\u00a0\u00bb,\u00a0\u00bbancestors\u00a0\u00bb:{\u00ab\u00a0burger-menu-etudiant\u00a0\u00bb:[],\u00a0\u00bbdefault\u00a0\u00bb:[\u00ab\u00a0https:\/\/www.leparisien.fr\/\u00a0\u00bb],\u00a0\u00bbnavbar\u00a0\u00bb:[\u00ab\u00a0https:\/\/www.leparisien.fr\/\u00a0\u00bb],\u00a0\u00bbfooter\u00a0\u00bb:[\u00ab\u00a0https:\/\/www.leparisien.fr\/\u00a0\u00bb],\u00a0\u00bbWebsked-plans\u00a0\u00bb:[\u00ab\u00a0https:\/\/www.leparisien.fr\/\u00a0\u00bb],\u00a0\u00bbsurfooter\u00a0\u00bb:[\u00ab\u00a0https:\/\/www.leparisien.fr\/\u00a0\u00bb],\u00a0\u00bbsub-nav\u00a0\u00bb:[\u00ab\u00a0https:\/\/www.leparisien.fr\/\u00a0\u00bb],\u00a0\u00bbmobile-menu-sections-list\u00a0\u00bb:[\u00ab\u00a0https:\/\/www.leparisien.fr\/\u00a0\u00bb],\u00a0\u00bbmenu\u00a0\u00bb:[\u00ab\u00a0https:\/\/www.leparisien.fr\/\u00a0\u00bb],\u00a0\u00bbburger-menu\u00a0\u00bb:[\u00ab\u00a0https:\/\/www.leparisien.fr\/\u00a0\u00bb],\u00a0\u00bbmosaic_app\u00a0\u00bb:[\u00ab\u00a0https:\/\/www.leparisien.fr\/\u00a0\u00bb]},\u00a0\u00bborder\u00a0\u00bb:{\u00ab\u00a0default\u00a0\u00bb:1068,\u00a0\u00bbnavbar\u00a0\u00bb:1010,\u00a0\u00bbMaillage_SEO_Surfooter\u00a0\u00bb:1065,\u00a0\u00bbfooter\u00a0\u00bb:1016,\u00a0\u00bbWebsked-plans\u00a0\u00bb:1017,\u00a0\u00bbsurfooter\u00a0\u00bb:1016,\u00a0\u00bbsub-nav\u00a0\u00bb:1022,\u00a0\u00bbmobile-menu-sections-list\u00a0\u00bb:1004,\u00a0\u00bbmenu\u00a0\u00bb:1022,\u00a0\u00bbburger-menu\u00a0\u00bb:1019,\u00a0\u00bbmosaic_app\u00a0\u00bb:1014}}},\u00a0\u00bb_website_section_id\u00a0\u00bb:\u00a0\u00bbleparisien.\/podcasts\u00a0\u00bb,\u00a0\u00bbtype\u00a0\u00bb:\u00a0\u00bbsection\u00a0\u00bb,\u00a0\u00bbversion\u00a0\u00bb:\u00a0\u00bb0.6.0&Prime;},{\u00ab\u00a0path\u00a0\u00bb:\u00a0\u00bb\/faits-divers\u00a0\u00bb,\u00a0\u00bbparent\u00a0\u00bb:{\u00ab\u00a0default\u00a0\u00bb:\u00a0\u00bbhttps:\/\/www.leparisien.fr\/\u00a0\u00bb},\u00a0\u00bb_website\u00a0\u00bb:\u00a0\u00bbleparisien\u00a0\u00bb,\u00a0\u00bbparent_id\u00a0\u00bb:\u00a0\u00bbhttps:\/\/www.leparisien.fr\/\u00a0\u00bb,\u00a0\u00bbname\u00a0\u00bb:\u00a0\u00bbFaits divers\u00a0\u00bb,\u00a0\u00bbdescription\u00a0\u00bb:\u00a0\u00bbSuivez toute l&rsquo;actualit\u00e9 des faits divers \u00e0 Paris et en France en direct avec leParisien.fr : enqu\u00eates, interviews, vid\u00e9os et infos exclusives sur les meutres, vols\u2026\u00a0\u00bb,\u00a0\u00bb_id\u00a0\u00bb:\u00a0\u00bb\/faits-divers\u00a0\u00bb,\u00a0\u00bbadditional_properties\u00a0\u00bb:{\u00ab\u00a0original\u00a0\u00bb:{\u00ab\u00a0parent\u00a0\u00bb:{\u00ab\u00a0nav\u00a0\u00bb:\u00a0\u00bbhttps:\/\/www.leparisien.fr\/\u00a0\u00bb,\u00a0\u00bbMaillage_SEO_Surfooter\u00a0\u00bb:\u00a0\u00bbhttps:\/\/www.leparisien.fr\/\u00a0\u00bb,\u00a0\u00bbfooter\u00a0\u00bb:\u00a0\u00bbhttps:\/\/www.leparisien.fr\/\u00a0\u00bb,\u00a0\u00bbWebsked-plans\u00a0\u00bb:\u00a0\u00bbhttps:\/\/www.leparisien.fr\/\u00a0\u00bb,\u00a0\u00bbsurfooter\u00a0\u00bb:\u00a0\u00bbhttps:\/\/www.leparisien.fr\/\u00a0\u00bb,\u00a0\u00bbmobile-menu-sections-list\u00a0\u00bb:\u00a0\u00bbhttps:\/\/www.leparisien.fr\/\u00a0\u00bb,\u00a0\u00bbmenu\u00a0\u00bb:\u00a0\u00bbhttps:\/\/www.leparisien.fr\/\u00a0\u00bb,\u00a0\u00bbburger-menu\u00a0\u00bb:\u00a0\u00bbhttps:\/\/www.leparisien.fr\/\u00a0\u00bb,\u00a0\u00bbmosaic_app\u00a0\u00bb:\u00a0\u00bbhttps:\/\/www.leparisien.fr\/\u00a0\u00bb,\u00a0\u00bbdefault\u00a0\u00bb:\u00a0\u00bbhttps:\/\/www.leparisien.fr\/\u00a0\u00bb,\u00a0\u00bbburger-menu-etudiant\u00a0\u00bb:null,\u00a0\u00bbnavbar\u00a0\u00bb:\u00a0\u00bbhttps:\/\/www.leparisien.fr\/\u00a0\u00bb,\u00a0\u00bbsub-nav\u00a0\u00bb:\u00a0\u00bbhttps:\/\/www.leparisien.fr\/\u00a0\u00bb},\u00a0\u00bbGoogle Analytics\u00a0\u00bb:{\u00ab\u00a0ga_name_level_2&Prime;:null,\u00a0\u00bbga_name_level_3&Prime;:null,\u00a0\u00bbga_name_level_1&Prime;:\u00a0\u00bbfaits-divers\u00a0\u00bb},\u00a0\u00bbSponsor\u00a0\u00bb:{\u00ab\u00a0collection_id_for_pinned_content\u00a0\u00bb:\u00a0\u00bbZ5HL7A52HBDMPKNIFEGG3Q667I\u00a0\u00bb},\u00a0\u00bbMobile\u00a0\u00bb:{\u00ab\u00a0background_color_section\u00a0\u00bb:\u00a0\u00bb#4F6069&Prime;,\u00a0\u00bbbackground_image_section\u00a0\u00bb:\u00a0\u00bbhttps:\/\/assets.leparisien.fr\/mobile\/images\/explorer\/faits_divers.png\u00a0\u00bb},\u00a0\u00bbNewsletter\u00a0\u00bb:{\u00ab\u00a0newsletter_optin\u00a0\u00bb:\u00a0\u00bboptin_thematique_faits_divers\u00a0\u00bb,\u00a0\u00bbnewsletter_color\u00a0\u00bb:\u00a0\u00bb#7779A6&Prime;,\u00a0\u00bbnewsletter_title\u00a0\u00bb:\u00a0\u00bbUne plong\u00e9e dans l\u2019actualit\u00e9 des faits divers, pour \u00e9clairer la face sombre de notre \u00e9poque\u00a0\u00bb,\u00a0\u00bbnewsletter_name\u00a0\u00bb:\u00a0\u00bbEnqu\u00eate en cours\u00a0\u00bb,\u00a0\u00bbnewsletter_image\u00a0\u00bb:\u00a0\u00bbnewsletter-faits-divers-logo.png\u00a0\u00bb,\u00a0\u00bbnewsletter_slug\u00a0\u00bb:\u00a0\u00bbfaits-divers\u00a0\u00bb,\u00a0\u00bbnewsletter_label\u00a0\u00bb:\u00a0\u00bbEnqu\u00eate en cours\u00a0\u00bb},\u00a0\u00bb_admin\u00a0\u00bb:{\u00ab\u00a0alias_ids\u00a0\u00bb:[]},\u00a0\u00bbsite\u00a0\u00bb:{\u00ab\u00a0section_show_videos\u00a0\u00bb:\u00a0\u00bbtrue\u00a0\u00bb,\u00a0\u00bbsite_description\u00a0\u00bb:\u00a0\u00bbSuivez toute l&rsquo;actualit\u00e9 des faits divers \u00e0 Paris et en France en direct avec leParisien.fr : enqu\u00eates, interviews, vid\u00e9os et infos exclusives sur les meutres, vols\u2026\u00a0\u00bb,\u00a0\u00bbsite_title\u00a0\u00bb:\u00a0\u00bbFaits Divers : Toute l&rsquo;actualit\u00e9 des faits divers &#8211; Le Parisien\u00a0\u00bb},\u00a0\u00bbinactive\u00a0\u00bb:false,\u00a0\u00bbnode_type\u00a0\u00bb:\u00a0\u00bbsection\u00a0\u00bb,\u00a0\u00bb_website\u00a0\u00bb:\u00a0\u00bbleparisien\u00a0\u00bb,\u00a0\u00bbname\u00a0\u00bb:\u00a0\u00bbFaits divers\u00a0\u00bb,\u00a0\u00bbstory_list\u00a0\u00bb:{\u00ab\u00a0story_list_content\u00a0\u00bb:{}},\u00a0\u00bbheader\u00a0\u00bb:{\u00ab\u00a0title_logo_only\u00a0\u00bb:\u00a0\u00bbfalse\u00a0\u00bb},\u00a0\u00bb_id\u00a0\u00bb:\u00a0\u00bb\/faits-divers\u00a0\u00bb,\u00a0\u00bbancestors\u00a0\u00bb:{\u00ab\u00a0burger-menu-etudiant\u00a0\u00bb:[],\u00a0\u00bbnav\u00a0\u00bb:[\u00ab\u00a0https:\/\/www.leparisien.fr\/\u00a0\u00bb],\u00a0\u00bbdefault\u00a0\u00bb:[\u00ab\u00a0https:\/\/www.leparisien.fr\/\u00a0\u00bb],\u00a0\u00bbnavbar\u00a0\u00bb:[\u00ab\u00a0https:\/\/www.leparisien.fr\/\u00a0\u00bb],\u00a0\u00bbfooter\u00a0\u00bb:[\u00ab\u00a0https:\/\/www.leparisien.fr\/\u00a0\u00bb],\u00a0\u00bbWebsked-plans\u00a0\u00bb:[\u00ab\u00a0https:\/\/www.leparisien.fr\/\u00a0\u00bb],\u00a0\u00bbsurfooter\u00a0\u00bb:[\u00ab\u00a0https:\/\/www.leparisien.fr\/\u00a0\u00bb],\u00a0\u00bbsub-nav\u00a0\u00bb:[\u00ab\u00a0https:\/\/www.leparisien.fr\/\u00a0\u00bb],\u00a0\u00bbmobile-menu-sections-list\u00a0\u00bb:[\u00ab\u00a0https:\/\/www.leparisien.fr\/\u00a0\u00bb],\u00a0\u00bbmenu\u00a0\u00bb:[\u00ab\u00a0https:\/\/www.leparisien.fr\/\u00a0\u00bb],\u00a0\u00bbburger-menu\u00a0\u00bb:[\u00ab\u00a0https:\/\/www.leparisien.fr\/\u00a0\u00bb],\u00a0\u00bbmosaic_app\u00a0\u00bb:[\u00ab\u00a0https:\/\/www.leparisien.fr\/\u00a0\u00bb]},\u00a0\u00bborder\u00a0\u00bb:{\u00ab\u00a0default\u00a0\u00bb:1066,\u00a0\u00bbnav\u00a0\u00bb:1004,\u00a0\u00bbnavbar\u00a0\u00bb:1004,\u00a0\u00bbMaillage_SEO_Surfooter\u00a0\u00bb:1063,\u00a0\u00bbfooter\u00a0\u00bb:1013,\u00a0\u00bbWebsked-plans\u00a0\u00bb:1007,\u00a0\u00bbsurfooter\u00a0\u00bb:1013,\u00a0\u00bbsub-nav\u00a0\u00bb:1008,\u00a0\u00bbmobile-menu-sections-list\u00a0\u00bb:1001,\u00a0\u00bbmenu\u00a0\u00bb:1004,\u00a0\u00bbburger-menu\u00a0\u00bb:1002,\u00a0\u00bbmosaic_app\u00a0\u00bb:1001}}},\u00a0\u00bb_website_section_id\u00a0\u00bb:\u00a0\u00bbleparisien.\/faits-divers\u00a0\u00bb,\u00a0\u00bbtype\u00a0\u00bb:\u00a0\u00bbsection\u00a0\u00bb,\u00a0\u00bbversion\u00a0\u00bb:\u00a0\u00bb0.6.0&Prime;},{\u00ab\u00a0path\u00a0\u00bb:\u00a0\u00bb\/var-83&Prime;,\u00a0\u00bbparent\u00a0\u00bb:{\u00ab\u00a0default\u00a0\u00bb:\u00a0\u00bb\/en-region\u00a0\u00bb},\u00a0\u00bb_website\u00a0\u00bb:\u00a0\u00bbleparisien\u00a0\u00bb,\u00a0\u00bbparent_id\u00a0\u00bb:\u00a0\u00bb\/en-region\u00a0\u00bb,\u00a0\u00bbname\u00a0\u00bb:\u00a0\u00bbVar\u00a0\u00bb,\u00a0\u00bbdescription\u00a0\u00bb:\u00a0\u00bbSuivez toute l&rsquo;actualit\u00e9 et les informations locales du Var en direct et en vid\u00e9o sur le Parisien.fr\u00a0\u00bb,\u00a0\u00bb_id\u00a0\u00bb:\u00a0\u00bb\/var-83&Prime;,\u00a0\u00bbadditional_properties\u00a0\u00bb:{\u00ab\u00a0original\u00a0\u00bb:{\u00ab\u00a0parent\u00a0\u00bb:{\u00ab\u00a0default\u00a0\u00bb:\u00a0\u00bb\/en-region\u00a0\u00bb,\u00a0\u00bbMaillage_SEO_Surfooter\u00a0\u00bb:\u00a0\u00bb\/en-region\u00a0\u00bb,\u00a0\u00bbWebsked-plans\u00a0\u00bb:\u00a0\u00bb\/en-region\u00a0\u00bb,\u00a0\u00bbsub-nav\u00a0\u00bb:\u00a0\u00bb\/en-region\u00a0\u00bb},\u00a0\u00bb_admin\u00a0\u00bb:{\u00ab\u00a0alias_ids\u00a0\u00bb:[]},\u00a0\u00bbsite\u00a0\u00bb:{\u00ab\u00a0site_description\u00a0\u00bb:\u00a0\u00bbSuivez toute l&rsquo;actualit\u00e9 et les informations locales du Var en direct et en vid\u00e9o sur le Parisien.fr\u00a0\u00bb,\u00a0\u00bbsite_title\u00a0\u00bb:\u00a0\u00bbActualit\u00e9s du d\u00e9partement du Var (83) &#8211; Infos locales dans le Var &#8211; Le Parisien\u00a0\u00bb},\u00a0\u00bbGoogle Analytics\u00a0\u00bb:{\u00ab\u00a0ga_name_level_2&Prime;:\u00a0\u00bbvar-83&Prime;,\u00a0\u00bbga_name_level_3&Prime;:null,\u00a0\u00bbga_name_level_1&Prime;:\u00a0\u00bbdepartements-horsidfo\u00a0\u00bb},\u00a0\u00bbinactive\u00a0\u00bb:false,\u00a0\u00bbnode_type\u00a0\u00bb:\u00a0\u00bbsection\u00a0\u00bb,\u00a0\u00bb_website\u00a0\u00bb:\u00a0\u00bbleparisien\u00a0\u00bb,\u00a0\u00bbstory_list\u00a0\u00bb:{\u00ab\u00a0story_list_content\u00a0\u00bb:{}},\u00a0\u00bbname\u00a0\u00bb:\u00a0\u00bbVar\u00a0\u00bb,\u00a0\u00bb_id\u00a0\u00bb:\u00a0\u00bb\/var-83&Prime;,\u00a0\u00bbancestors\u00a0\u00bb:{\u00ab\u00a0default\u00a0\u00bb:[\u00ab\u00a0\/en-region\u00a0\u00bb],\u00a0\u00bbMaillage_SEO_Surfooter\u00a0\u00bb:[\u00ab\u00a0\/en-region\u00a0\u00bb],\u00a0\u00bbWebsked-plans\u00a0\u00bb:[\u00ab\u00a0https:\/\/www.leparisien.fr\/\u00a0\u00bb,\u00a0\u00bb\/en-region\u00a0\u00bb],\u00a0\u00bbsub-nav\u00a0\u00bb:[\u00ab\u00a0\/en-region\u00a0\u00bb,\u00a0\u00bbhttps:\/\/www.leparisien.fr\/\u00a0\u00bb]},\u00a0\u00bborder\u00a0\u00bb:{\u00ab\u00a0default\u00a0\u00bb:2078,\u00a0\u00bbMaillage_SEO_Surfooter\u00a0\u00bb:2078,\u00a0\u00bbWebsked-plans\u00a0\u00bb:2080,\u00a0\u00bbsub-nav\u00a0\u00bb:2080}}},\u00a0\u00bb_website_section_id\u00a0\u00bb:\u00a0\u00bbleparisien.\/var-83&Prime;,\u00a0\u00bbtype\u00a0\u00bb:\u00a0\u00bbsection\u00a0\u00bb,\u00a0\u00bbversion\u00a0\u00bb:\u00a0\u00bb0.6.0&Prime;},{\u00ab\u00a0path\u00a0\u00bb:\u00a0\u00bb\/en-region\u00a0\u00bb,\u00a0\u00bbparent\u00a0\u00bb:{\u00ab\u00a0default\u00a0\u00bb:\u00a0\u00bbhttps:\/\/www.leparisien.fr\/\u00a0\u00bb},\u00a0\u00bb_website\u00a0\u00bb:\u00a0\u00bbleparisien\u00a0\u00bb,\u00a0\u00bbparent_id\u00a0\u00bb:\u00a0\u00bbhttps:\/\/www.leparisien.fr\/\u00a0\u00bb,\u00a0\u00bbname\u00a0\u00bb:\u00a0\u00bbEn r\u00e9gion\u00a0\u00bb,\u00a0\u00bbdescription\u00a0\u00bb:\u00a0\u00bbRetrouvez toute l&rsquo;actu de votre r\u00e9gion avec Aujourd&rsquo;hui en France.\u00a0\u00bb,\u00a0\u00bb_id\u00a0\u00bb:\u00a0\u00bb\/en-region\u00a0\u00bb,\u00a0\u00bbadditional_properties\u00a0\u00bb:{\u00ab\u00a0original\u00a0\u00bb:{\u00ab\u00a0parent\u00a0\u00bb:{\u00ab\u00a0default\u00a0\u00bb:\u00a0\u00bbhttps:\/\/www.leparisien.fr\/\u00a0\u00bb,\u00a0\u00bbburger-menu-etudiant\u00a0\u00bb:null,\u00a0\u00bbMaillage_SEO_Surfooter\u00a0\u00bb:\u00a0\u00bbhttps:\/\/www.leparisien.fr\/\u00a0\u00bb,\u00a0\u00bbWebsked-plans\u00a0\u00bb:\u00a0\u00bbhttps:\/\/www.leparisien.fr\/\u00a0\u00bb,\u00a0\u00bbsub-nav\u00a0\u00bb:\u00a0\u00bbhttps:\/\/www.leparisien.fr\/\u00a0\u00bb,\u00a0\u00bbmenu\u00a0\u00bb:\u00a0\u00bbhttps:\/\/www.leparisien.fr\/\u00a0\u00bb,\u00a0\u00bbburger-menu\u00a0\u00bb:\u00a0\u00bbhttps:\/\/www.leparisien.fr\/\u00a0\u00bb},\u00a0\u00bbGoogle Analytics\u00a0\u00bb:{\u00ab\u00a0ga_name_level_2&Prime;:null,\u00a0\u00bbga_name_level_3&Prime;:null,\u00a0\u00bbga_name_level_1&Prime;:\u00a0\u00bbdepartements-horsidfo\u00a0\u00bb},\u00a0\u00bbevent_logo_mobile_width\u00a0\u00bb:\u00a0\u00bb128&Prime;,\u00a0\u00bbevent_logo_tablet_width\u00a0\u00bb:\u00a0\u00bb153&Prime;,\u00a0\u00bbNewsletter\u00a0\u00bb:{\u00ab\u00a0newsletter_optin\u00a0\u00bb:\u00a0\u00bboptin_newsletter\u00a0\u00bb,\u00a0\u00bbnewsletter_color\u00a0\u00bb:\u00a0\u00bb#1EA0E6&Prime;,\u00a0\u00bbnewsletter_title\u00a0\u00bb:\u00a0\u00bbUn tour de l\u2019actualit\u00e9 pour commencer la journ\u00e9e\u00a0\u00bb,\u00a0\u00bbnewsletter_name\u00a0\u00bb:\u00a0\u00bbL&rsquo;Essentiel de l&rsquo;actu\u00a0\u00bb,\u00a0\u00bbnewsletter_image\u00a0\u00bb:\u00a0\u00bbnewsletter-essentiel-matin-logo.png\u00a0\u00bb,\u00a0\u00bbmodule_message\u00a0\u00bb:null,\u00a0\u00bbnewsletter_label\u00a0\u00bb:\u00a0\u00bbL&rsquo;essentiel du matin\u00a0\u00bb},\u00a0\u00bbevent_logo_desktop_width\u00a0\u00bb:\u00a0\u00bb204&Prime;,\u00a0\u00bbevent_logo_tablet_height\u00a0\u00bb:\u00a0\u00bb48&Prime;,\u00a0\u00bbnavigation\u00a0\u00bb:{\u00ab\u00a0nav_title\u00a0\u00bb:null,\u00a0\u00bbdisplay_in_top_strip\u00a0\u00bb:null,\u00a0\u00bbnav_display\u00a0\u00bb:null},\u00a0\u00bbinactive\u00a0\u00bb:false,\u00a0\u00bbnode_type\u00a0\u00bb:\u00a0\u00bbsection\u00a0\u00bb,\u00a0\u00bb_website\u00a0\u00bb:\u00a0\u00bbleparisien\u00a0\u00bb,\u00a0\u00bbancestors\u00a0\u00bb:{\u00ab\u00a0default\u00a0\u00bb:[\u00ab\u00a0https:\/\/www.leparisien.fr\/\u00a0\u00bb],\u00a0\u00bbburger-menu-etudiant\u00a0\u00bb:[],\u00a0\u00bbMaillage_SEO_Surfooter\u00a0\u00bb:[],\u00a0\u00bbWebsked-plans\u00a0\u00bb:[\u00ab\u00a0https:\/\/www.leparisien.fr\/\u00a0\u00bb],\u00a0\u00bbsub-nav\u00a0\u00bb:[\u00ab\u00a0https:\/\/www.leparisien.fr\/\u00a0\u00bb],\u00a0\u00bbmenu\u00a0\u00bb:[\u00ab\u00a0https:\/\/www.leparisien.fr\/\u00a0\u00bb],\u00a0\u00bbburger-menu\u00a0\u00bb:[\u00ab\u00a0https:\/\/www.leparisien.fr\/\u00a0\u00bb]},\u00a0\u00bborder\u00a0\u00bb:{\u00ab\u00a0default\u00a0\u00bb:1058,\u00a0\u00bbMaillage_SEO_Surfooter\u00a0\u00bb:1052,\u00a0\u00bbWebsked-plans\u00a0\u00bb:1033,\u00a0\u00bbsub-nav\u00a0\u00bb:1009,\u00a0\u00bbmenu\u00a0\u00bb:1015,\u00a0\u00bbburger-menu\u00a0\u00bb:1015},\u00a0\u00bbin_the_news\u00a0\u00bb:{\u00ab\u00a0in_the_news_usefeature\u00a0\u00bb:null,\u00a0\u00bbin_the_news_usebasepage\u00a0\u00bb:\u00a0\u00bb\/in-the-news-forsections\/\u00a0\u00bb,\u00a0\u00bbin_the_news_usesectionbar\u00a0\u00bb:\u00a0\u00bbfalse\u00a0\u00bb},\u00a0\u00bbsocial\u00a0\u00bb:{\u00ab\u00a0archives\u00a0\u00bb:null,\u00a0\u00bbtwitter\u00a0\u00bb:null,\u00a0\u00bbrss\u00a0\u00bb:null,\u00a0\u00bbfacebook\u00a0\u00bb:null},\u00a0\u00bbevent_logo_mobile_height\u00a0\u00bb:\u00a0\u00bb40&Prime;,\u00a0\u00bbSponsor\u00a0\u00bb:{\u00ab\u00a0sponsor_type\u00a0\u00bb:null,\u00a0\u00bbsponsor_message\u00a0\u00bb:null,\u00a0\u00bbcollection_id_for_pinned_content\u00a0\u00bb:null,\u00a0\u00bbsponsor_logo_url\u00a0\u00bb:null,\u00a0\u00bbsponsor_name\u00a0\u00bb:null},\u00a0\u00bbevent_logo_url\u00a0\u00bb:\u00a0\u00bbhttps:\/\/leparisien-assets-prod.s3.eu-west-1.amazonaws.com\/website\/images\/events_logo\/aujourdhui-en-france.svg\u00a0\u00bb,\u00a0\u00bbMobile\u00a0\u00bb:{\u00ab\u00a0background_color_section\u00a0\u00bb:\u00a0\u00bb#C0C0C0&Prime;,\u00a0\u00bbxtpage\u00a0\u00bb:null,\u00a0\u00bblabel\u00a0\u00bb:null,\u00a0\u00bbbackground_image_section\u00a0\u00bb:null},\u00a0\u00bbevent_logo_desktop_height\u00a0\u00bb:\u00a0\u00bb64&Prime;,\u00a0\u00bb_admin\u00a0\u00bb:{\u00ab\u00a0tracking_node\u00a0\u00bb:null,\u00a0\u00bbalias_ids\u00a0\u00bb:[\u00ab\u00a0\/en-region\u00a0\u00bb],\u00a0\u00bbdo_not_show_on_site\u00a0\u00bb:null,\u00a0\u00bbcommercial_node\u00a0\u00bb:null,\u00a0\u00bbdefault_content\u00a0\u00bb:null},\u00a0\u00bbsite\u00a0\u00bb:{\u00ab\u00a0is_clickable_on_menu\u00a0\u00bb:\u00a0\u00bbtrue\u00a0\u00bb,\u00a0\u00bbpresentation\u00a0\u00bb:null,\u00a0\u00bbpagebuilder_path_for_native_apps\u00a0\u00bb:null,\u00a0\u00bbsite_url\u00a0\u00bb:null,\u00a0\u00bbsite_keywords\u00a0\u00bb:null,\u00a0\u00bbnative_app_rendering\u00a0\u00bb:null,\u00a0\u00bbamp_deactivated\u00a0\u00bb:\u00a0\u00bbfalse\u00a0\u00bb,\u00a0\u00bbsite_about\u00a0\u00bb:null,\u00a0\u00bbpaywall_deactivated\u00a0\u00bb:\u00a0\u00bbfalse\u00a0\u00bb,\u00a0\u00bbsite_description\u00a0\u00bb:\u00a0\u00bbRetrouvez toute l&rsquo;actu de votre r\u00e9gion avec Aujourd&rsquo;hui en France.\u00a0\u00bb,\u00a0\u00bbsite_title\u00a0\u00bb:\u00a0\u00bbL&rsquo;info en r\u00e9gion &#8211; Aujourd&rsquo;hui en France &#8211; Le Parisien\u00a0\u00bb,\u00a0\u00bbsite_tagline\u00a0\u00bb:null},\u00a0\u00bbname\u00a0\u00bb:\u00a0\u00bbEn r\u00e9gion\u00a0\u00bb,\u00a0\u00bbstory_list\u00a0\u00bb:{\u00ab\u00a0story_list_content\u00a0\u00bb:{}},\u00a0\u00bb_id\u00a0\u00bb:\u00a0\u00bb\/en-region\u00a0\u00bb}},\u00a0\u00bb_website_section_id\u00a0\u00bb:\u00a0\u00bbleparisien.\/en-region\u00a0\u00bb,\u00a0\u00bbtype\u00a0\u00bb:\u00a0\u00bbsection\u00a0\u00bb,\u00a0\u00bbversion\u00a0\u00bb:\u00a0\u00bb0.6.0&Prime;}],\u00a0\u00bbprimary_section\u00a0\u00bb:{\u00ab\u00a0path\u00a0\u00bb:\u00a0\u00bb\/podcasts\/crime-story\u00a0\u00bb,\u00a0\u00bbparent\u00a0\u00bb:{\u00ab\u00a0default\u00a0\u00bb:\u00a0\u00bb\/podcasts\u00a0\u00bb},\u00a0\u00bb_website\u00a0\u00bb:\u00a0\u00bbleparisien\u00a0\u00bb,\u00a0\u00bbparent_id\u00a0\u00bb:\u00a0\u00bb\/podcasts\u00a0\u00bb,\u00a0\u00bbname\u00a0\u00bb:\u00a0\u00bbCrime story\u00a0\u00bb,\u00a0\u00bbdescription\u00a0\u00bb:\u00a0\u00bbLe podcast faits divers Crime story raconte chaque semaine les grandes affaires criminelles qui ont marqu\u00e9 ces derni\u00e8res d\u00e9cennies. Publi\u00e9 chaque samedi, Crime story est pr\u00e9sent\u00e9 par la journaliste Clawdia Prolongeau et son invit\u00e9 permanent : Damien Delseny, le chef du service police justice du Parisien.\u00a0\u00bb,\u00a0\u00bb_id\u00a0\u00bb:\u00a0\u00bb\/podcasts\/crime-story\u00a0\u00bb,\u00a0\u00bbadditional_properties\u00a0\u00bb:{\u00ab\u00a0original\u00a0\u00bb:{\u00ab\u00a0parent\u00a0\u00bb:{\u00ab\u00a0default\u00a0\u00bb:\u00a0\u00bb\/podcasts\u00a0\u00bb,\u00a0\u00bbMaillage_SEO_Surfooter\u00a0\u00bb:\u00a0\u00bb\/podcasts\u00a0\u00bb,\u00a0\u00bbWebsked-plans\u00a0\u00bb:\u00a0\u00bb\/podcasts\u00a0\u00bb,\u00a0\u00bbsub-nav\u00a0\u00bb:\u00a0\u00bb\/podcasts\u00a0\u00bb,\u00a0\u00bbmenu\u00a0\u00bb:\u00a0\u00bb\/podcasts\u00a0\u00bb},\u00a0\u00bbin_the_news\u00a0\u00bb:{\u00ab\u00a0in_the_news_usefeature\u00a0\u00bb:null,\u00a0\u00bbin_the_news_usebasepage\u00a0\u00bb:\u00a0\u00bb\/in-the-news-forsections\/\u00a0\u00bb,\u00a0\u00bbin_the_news_usesectionbar\u00a0\u00bb:\u00a0\u00bbfalse\u00a0\u00bb},\u00a0\u00bbGoogle Analytics\u00a0\u00bb:{\u00ab\u00a0ga_name_level_2&Prime;:\u00a0\u00bbcrime-story\u00a0\u00bb,\u00a0\u00bbga_name_level_3&Prime;:null,\u00a0\u00bbga_name_level_1&Prime;:\u00a0\u00bbpodcasts\u00a0\u00bb},\u00a0\u00bbsocial\u00a0\u00bb:{\u00ab\u00a0archives\u00a0\u00bb:null,\u00a0\u00bbtwitter\u00a0\u00bb:null,\u00a0\u00bbrss\u00a0\u00bb:null,\u00a0\u00bbfacebook\u00a0\u00bb:null},\u00a0\u00bbSponsor\u00a0\u00bb:{\u00ab\u00a0sponsor_type\u00a0\u00bb:null,\u00a0\u00bbsponsor_message\u00a0\u00bb:null,\u00a0\u00bbcollection_id_for_pinned_content\u00a0\u00bb:null,\u00a0\u00bbsponsor_logo_url\u00a0\u00bb:null,\u00a0\u00bbsponsor_name\u00a0\u00bb:null},\u00a0\u00bbMobile\u00a0\u00bb:{\u00ab\u00a0background_color_section\u00a0\u00bb:\u00a0\u00bb#C0C0C0&Prime;,\u00a0\u00bbalternative_title\u00a0\u00bb:null,\u00a0\u00bbxtpage\u00a0\u00bb:null,\u00a0\u00bbsection_collection_id\u00a0\u00bb:null,\u00a0\u00bblabel\u00a0\u00bb:null,\u00a0\u00bbbackground_image_section\u00a0\u00bb:null},\u00a0\u00bbNewsletter\u00a0\u00bb:{\u00ab\u00a0newsletter_optin\u00a0\u00bb:\u00a0\u00bboptin_thematique_faits_divers\u00a0\u00bb,\u00a0\u00bbnewsletter_color\u00a0\u00bb:\u00a0\u00bb#1EA0E6&Prime;,\u00a0\u00bbnewsletter_title\u00a0\u00bb:\u00a0\u00bbUne plong\u00e9e dans l\u2019actualit\u00e9 des faits divers, pour \u00e9clairer la face sombre de notre \u00e9poque\u00a0\u00bb,\u00a0\u00bbnewsletter_name\u00a0\u00bb:\u00a0\u00bbL&rsquo;Essentiel de l&rsquo;actu\u00a0\u00bb,\u00a0\u00bbnewsletter_image\u00a0\u00bb:\u00a0\u00bbnewsletter-faits-divers-logo.png\u00a0\u00bb,\u00a0\u00bbnewsletter_slug\u00a0\u00bb:\u00a0\u00bbfaits-divers\u00a0\u00bb,\u00a0\u00bbmodule_message\u00a0\u00bb:null,\u00a0\u00bbnewsletter_label\u00a0\u00bb:\u00a0\u00bbEnqu\u00eate en cours\u00a0\u00bb},\u00a0\u00bb_admin\u00a0\u00bb:{\u00ab\u00a0tracking_node\u00a0\u00bb:null,\u00a0\u00bbalias_ids\u00a0\u00bb:[\u00ab\u00a0\/podcasts\/crime-story\u00a0\u00bb],\u00a0\u00bbdo_not_show_on_site\u00a0\u00bb:null,\u00a0\u00bbcommercial_node\u00a0\u00bb:null,\u00a0\u00bbdefault_content\u00a0\u00bb:null},\u00a0\u00bbnavigation\u00a0\u00bb:{\u00ab\u00a0nav_title\u00a0\u00bb:null,\u00a0\u00bbdisplay_in_top_strip\u00a0\u00bb:null,\u00a0\u00bbnav_display\u00a0\u00bb:null},\u00a0\u00bbsite\u00a0\u00bb:{\u00ab\u00a0is_clickable_on_menu\u00a0\u00bb:\u00a0\u00bbtrue\u00a0\u00bb,\u00a0\u00bbpresentation\u00a0\u00bb:\u00a0\u00bbLe podcast faits divers Crime story raconte chaque semaine les grandes affaires criminelles qui ont marqu\u00e9 ces derni\u00e8res d\u00e9cennies. Publi\u00e9 chaque samedi, Crime story est pr\u00e9sent\u00e9 par la journaliste Clawdia Prolongeau et son invit\u00e9 permanent : Damien Delseny, le chef du service police justice du Parisien.\u00a0\u00bb,\u00a0\u00bbpagebuilder_path_for_native_apps\u00a0\u00bb:null,\u00a0\u00bbsite_url\u00a0\u00bb:null,\u00a0\u00bbsite_keywords\u00a0\u00bb:null,\u00a0\u00bbnative_app_rendering\u00a0\u00bb:null,\u00a0\u00bbamp_deactivated\u00a0\u00bb:\u00a0\u00bbfalse\u00a0\u00bb,\u00a0\u00bbsite_about\u00a0\u00bb:null,\u00a0\u00bbpaywall_deactivated\u00a0\u00bb:\u00a0\u00bbfalse\u00a0\u00bb,\u00a0\u00bbsite_description\u00a0\u00bb:\u00a0\u00bbLe podcast faits divers Crime story raconte chaque semaine les grandes affaires criminelles qui ont marqu\u00e9 ces derni\u00e8res d\u00e9cennies. Publi\u00e9 chaque samedi, Crime story est pr\u00e9sent\u00e9 par la journaliste Clawdia Prolongeau et son invit\u00e9 permanent : Damien Delseny, le chef du service police justice du Parisien.\u00a0\u00bb,\u00a0\u00bbsite_title\u00a0\u00bb:\u00a0\u00bbCrime story : le podcast Faits divers du Parisien &#8211; Le Parisien\u00a0\u00bb,\u00a0\u00bbsite_tagline\u00a0\u00bb:null},\u00a0\u00bbinactive\u00a0\u00bb:false,\u00a0\u00bbnode_type\u00a0\u00bb:\u00a0\u00bbsection\u00a0\u00bb,\u00a0\u00bb_website\u00a0\u00bb:\u00a0\u00bbleparisien\u00a0\u00bb,\u00a0\u00bbname\u00a0\u00bb:\u00a0\u00bbCrime story\u00a0\u00bb,\u00a0\u00bbstory_list\u00a0\u00bb:{\u00ab\u00a0story_list_content\u00a0\u00bb:{}},\u00a0\u00bb_id\u00a0\u00bb:\u00a0\u00bb\/podcasts\/crime-story\u00a0\u00bb,\u00a0\u00bbancestors\u00a0\u00bb:{\u00ab\u00a0default\u00a0\u00bb:[\u00ab\u00a0\/podcasts\u00a0\u00bb],\u00a0\u00bbMaillage_SEO_Surfooter\u00a0\u00bb:[\u00ab\u00a0\/podcasts\u00a0\u00bb],\u00a0\u00bbWebsked-plans\u00a0\u00bb:[\u00ab\u00a0https:\/\/www.leparisien.fr\/\u00a0\u00bb,\u00a0\u00bb\/podcasts\u00a0\u00bb],\u00a0\u00bbsub-nav\u00a0\u00bb:[\u00ab\u00a0https:\/\/www.leparisien.fr\/\u00a0\u00bb,\u00a0\u00bb\/podcasts\u00a0\u00bb],\u00a0\u00bbmenu\u00a0\u00bb:[\u00ab\u00a0https:\/\/www.leparisien.fr\/\u00a0\u00bb,\u00a0\u00bb\/podcasts\u00a0\u00bb]},\u00a0\u00bborder\u00a0\u00bb:{\u00ab\u00a0default\u00a0\u00bb:2002,\u00a0\u00bbMaillage_SEO_Surfooter\u00a0\u00bb:2002,\u00a0\u00bbWebsked-plans\u00a0\u00bb:2002,\u00a0\u00bbsub-nav\u00a0\u00bb:2002,\u00a0\u00bbmenu\u00a0\u00bb:2002}}},\u00a0\u00bbtype\u00a0\u00bb:\u00a0\u00bbsection\u00a0\u00bb,\u00a0\u00bbversion\u00a0\u00bb:\u00a0\u00bb0.6.0&Prime;},\u00a0\u00bbseo_keywords\u00a0\u00bb:[\u00ab\u00a0crime\u00a0\u00bb,\u00a0\u00bbfaits divers\u00a0\u00bb,\u00a0\u00bbaffaires criminelles\u00a0\u00bb,\u00a0\u00bbpodcast\u00a0\u00bb],\u00a0\u00bbkeywords\u00a0\u00bb:[\u00ab\u00a0crime\u00a0\u00bb,\u00a0\u00bbfaits divers\u00a0\u00bb,\u00a0\u00bbaffaires criminelles\u00a0\u00bb,\u00a0\u00bbpodcast\u00a0\u00bb]},\u00a0\u00bbrelated_content\u00a0\u00bb:{\u00ab\u00a0redirect\u00a0\u00bb:[{\u00ab\u00a0canonical_url\u00a0\u00bb:\u00a0\u00bb\/podcasts\/crime-story\/12-laffaire-jean-aprin-complot-criminel-dans-les-vignes-22-11-2025-ITK5OXF2NZFFDPR5NQ4IQ6WUUY.php\u00a0\u00bb,\u00a0\u00bbtype\u00a0\u00bb:\u00a0\u00bbredirect\u00a0\u00bb,\u00a0\u00bbversion\u00a0\u00bb:\u00a0\u00bb0.10.11&Prime;,\u00a0\u00bbredirect_url\u00a0\u00bb:\u00a0\u00bbhttps:\/\/podcasts.leparisien.fr\/le-parisien-crime-story\/202511220700-12-laffaire-jean-aprin-complot-criminel-dans-les-vignes\u00a0\u00bb}],\u00a0\u00bbbasic\u00a0\u00bb:[]},\u00a0\u00bbtype\u00a0\u00bb:\u00a0\u00bbstory\u00a0\u00bb,\u00a0\u00bbcredits\u00a0\u00bb:{\u00ab\u00a0by\u00a0\u00bb:[{\u00ab\u00a0socialLinks\u00a0\u00bb:[{\u00ab\u00a0site\u00a0\u00bb:\u00a0\u00bbemail\u00a0\u00bb,\u00a0\u00bbdeprecated\u00a0\u00bb:true,\u00a0\u00bbdeprecation_msg\u00a0\u00bb:\u00a0\u00bbPlease use social_links.\u00a0\u00bb,\u00a0\u00bburl\u00a0\u00bb:\u00a0\u00bb\u00a0\u00bb},{\u00ab\u00a0site\u00a0\u00bb:\u00a0\u00bbtwitter\u00a0\u00bb,\u00a0\u00bbdeprecated\u00a0\u00bb:true,\u00a0\u00bbdeprecation_msg\u00a0\u00bb:\u00a0\u00bbPlease use social_links.\u00a0\u00bb,\u00a0\u00bburl\u00a0\u00bb:\u00a0\u00bb\u00a0\u00bb}],\u00a0\u00bborg\u00a0\u00bb:\u00a0\u00bbPodcast\u00a0\u00bb,\u00a0\u00bbsocial_links\u00a0\u00bb:[{\u00ab\u00a0site\u00a0\u00bb:\u00a0\u00bbemail\u00a0\u00bb,\u00a0\u00bburl\u00a0\u00bb:\u00a0\u00bb\u00a0\u00bb},{\u00ab\u00a0site\u00a0\u00bb:\u00a0\u00bbtwitter\u00a0\u00bb,\u00a0\u00bburl\u00a0\u00bb:\u00a0\u00bb\u00a0\u00bb}],\u00a0\u00bbname\u00a0\u00bb:\u00a0\u00bbL&rsquo;\u00e9quipe de Crime Story\u00a0\u00bb,\u00a0\u00bb_id\u00a0\u00bb:\u00a0\u00bbEquipeCrimeStory\u00a0\u00bb,\u00a0\u00bbadditional_properties\u00a0\u00bb:{\u00ab\u00a0original\u00a0\u00bb:{\u00ab\u00a0lastName\u00a0\u00bb:\u00a0\u00bbde Crime Story\u00a0\u00bb,\u00a0\u00bbeducation\u00a0\u00bb:[],\u00a0\u00bblongBio\u00a0\u00bb:\u00a0\u00bb\u00a0\u00bb,\u00a0\u00bbfirstName\u00a0\u00bb:\u00a0\u00bbL&rsquo;\u00e9quipe\u00a0\u00bb,\u00a0\u00bbtwitter\u00a0\u00bb:\u00a0\u00bb\u00a0\u00bb,\u00a0\u00bbbooks\u00a0\u00bb:[],\u00a0\u00bbpodcasts\u00a0\u00bb:[],\u00a0\u00bbawards\u00a0\u00bb:[],\u00a0\u00bblocation\u00a0\u00bb:\u00a0\u00bbPodcast\u00a0\u00bb,\u00a0\u00bb_id\u00a0\u00bb:\u00a0\u00bbEquipeCrimeStory\u00a0\u00bb,\u00a0\u00bblast_updated_date\u00a0\u00bb:\u00a0\u00bb2023-12-22T10:31:47.195Z\u00a0\u00bb,\u00a0\u00bbbyline\u00a0\u00bb:\u00a0\u00bbL&rsquo;\u00e9quipe de Crime Story\u00a0\u00bb,\u00a0\u00bbemail\u00a0\u00bb:\u00a0\u00bb\u00a0\u00bb,\u00a0\u00bbslug\u00a0\u00bb:\u00a0\u00bb\u00a0\u00bb}},\u00a0\u00bbtype\u00a0\u00bb:\u00a0\u00bbauthor\u00a0\u00bb,\u00a0\u00bbversion\u00a0\u00bb:\u00a0\u00bb0.5.8&Prime;,\u00a0\u00bbslug\u00a0\u00bb:\u00a0\u00bb\u00a0\u00bb,\u00a0\u00bbdisplay_name\u00a0\u00bb:\u00a0\u00bbL&rsquo;\u00e9quipe de Crime Story\u00a0\u00bb}]},\u00a0\u00bbsubtype\u00a0\u00bb:\u00a0\u00bbART:\u00a0\u00bb,\u00a0\u00bbfirst_publish_date\u00a0\u00bb:\u00a0\u00bb2025-11-22T08:05:27Z\u00a0\u00bb,\u00a0\u00bbadditional_properties\u00a0\u00bb:{\u00ab\u00a0is_published\u00a0\u00bb:true,\u00a0\u00bbpublish_date\u00a0\u00bb:\u00a0\u00bb2025-11-22T08:05:27.929Z\u00a0\u00bb,\u00a0\u00bbhas_published_copy\u00a0\u00bb:true},\u00a0\u00bblast_updated_date\u00a0\u00bb:\u00a0\u00bb2025-11-22T08:05:40.569Z\u00a0\u00bb,\u00a0\u00bbowner\u00a0\u00bb:{\u00ab\u00a0sponsored\u00a0\u00bb:false,\u00a0\u00bbid\u00a0\u00bb:\u00a0\u00bbleparisien\u00a0\u00bb},\u00a0\u00bbaddress\u00a0\u00bb:{},\u00a0\u00bblabel\u00a0\u00bb:{\u00ab\u00a0format\u00a0\u00bb:{\u00ab\u00a0display\u00a0\u00bb:true,\u00a0\u00bbtext\u00a0\u00bb:\u00a0\u00bbPodcast\u00a0\u00bb,\u00a0\u00bburl\u00a0\u00bb:\u00a0\u00bb\/podcast\u00a0\u00bb}},\u00a0\u00bbpromo_items\u00a0\u00bb:{\u00ab\u00a0basic\u00a0\u00bb:{\u00ab\u00a0owner\u00a0\u00bb:{\u00ab\u00a0sponsored\u00a0\u00bb:false,\u00a0\u00bbid\u00a0\u00bb:\u00a0\u00bbleparisien\u00a0\u00bb},\u00a0\u00bbaddress\u00a0\u00bb:{},\u00a0\u00bbsyndication\u00a0\u00bb:{\u00ab\u00a0search\u00a0\u00bb:false,\u00a0\u00bbexternal_distribution\u00a0\u00bb:false},\u00a0\u00bbauth\u00a0\u00bb:{\u00ab\u00a01&Prime;:\u00a0\u00bbb3882e49ad98c331421c7fa8cc9a6420689858aceb3e133fcbebf648c368ab46&Prime;},\u00a0\u00bbcaption\u00a0\u00bb:\u00a0\u00bbLe 6 d\u00e9cembre 2012, le corps de Jean Aprin est d\u00e9couvert \u00e0 la Roquebrussanne dans le Var. LP\/ Jean Nicholas Guillo et PHOTOPQR\/NICE MATIN\/frank muller\u00a0\u00bb,\u00a0\u00bbsource\u00a0\u00bb:{\u00ab\u00a0system\u00a0\u00bb:\u00a0\u00bbphoto center\u00a0\u00bb,\u00a0\u00bbedit_url\u00a0\u00bb:\u00a0\u00bb\u00a0\u00bb,\u00a0\u00bbadditional_properties\u00a0\u00bb:{\u00ab\u00a0editor\u00a0\u00bb:\u00a0\u00bbphoto center\u00a0\u00bb}},\u00a0\u00bbtaxonomy\u00a0\u00bb:{\u00ab\u00a0associated_tasks\u00a0\u00bb:[]},\u00a0\u00bbtype\u00a0\u00bb:\u00a0\u00bbimage\u00a0\u00bb,\u00a0\u00bbversion\u00a0\u00bb:\u00a0\u00bb0.10.9&Prime;,\u00a0\u00bburl\u00a0\u00bb:\u00a0\u00bbhttps:\/\/cloudfront-eu-central-1.images.arcpublishing.com\/leparisien\/HN3JTOG4SZC5BNMQRD32LXTSKU.jpg\u00a0\u00bb,\u00a0\u00bblicensable\u00a0\u00bb:false,\u00a0\u00bbcredits\u00a0\u00bb:{\u00ab\u00a0affiliation\u00a0\u00bb:[],\u00a0\u00bbby\u00a0\u00bb:[]},\u00a0\u00bbsubtitle\u00a0\u00bb:\u00a0\u00bb\u00a0\u00bb,\u00a0\u00bbwidth\u00a0\u00bb:1622,\u00a0\u00bb_id\u00a0\u00bb:\u00a0\u00bbHN3JTOG4SZC5BNMQRD32LXTSKU\u00a0\u00bb,\u00a0\u00bbadditional_properties\u00a0\u00bb:{\u00ab\u00a0fullSizeResizeUrl\u00a0\u00bb:\u00a0\u00bb\/resizer\/v2\/HN3JTOG4SZC5BNMQRD32LXTSKU.jpg?auth=b3882e49ad98c331421c7fa8cc9a6420689858aceb3e133fcbebf648c368ab46&Prime;,\u00a0\u00bbkeywords\u00a0\u00bb:[\u00ab\u00a0crime story\u00a0\u00bb],\u00a0\u00bbproxyUrl\u00a0\u00bb:\u00a0\u00bb\/resizer\/v2\/HN3JTOG4SZC5BNMQRD32LXTSKU.jpg?auth=b3882e49ad98c331421c7fa8cc9a6420689858aceb3e133fcbebf648c368ab46&Prime;,\u00a0\u00bboriginalUrl\u00a0\u00bb:\u00a0\u00bbhttps:\/\/cloudfront-eu-central-1.images.arcpublishing.com\/leparisien\/HN3JTOG4SZC5BNMQRD32LXTSKU.jpg\u00a0\u00bb,\u00a0\u00bbpublished\u00a0\u00bb:true,\u00a0\u00bbresizeUrl\u00a0\u00bb:\u00a0\u00bb\/resizer\/v2\/HN3JTOG4SZC5BNMQRD32LXTSKU.jpg?auth=b3882e49ad98c331421c7fa8cc9a6420689858aceb3e133fcbebf648c368ab46&Prime;,\u00a0\u00bbingestionMethod\u00a0\u00bb:\u00a0\u00bbmanual\u00a0\u00bb,\u00a0\u00bbthumbnailResizeUrl\u00a0\u00bb:\u00a0\u00bb\/resizer\/v2\/HN3JTOG4SZC5BNMQRD32LXTSKU.jpg?auth=b3882e49ad98c331421c7fa8cc9a6420689858aceb3e133fcbebf648c368ab46&#038;width=300&Prime;,\u00a0\u00bbversion\u00a0\u00bb:1,\u00a0\u00bboriginalName\u00a0\u00bb:\u00a0\u00bbcrime-story-1622_1013 (1).jpg\u00a0\u00bb,\u00a0\u00bbmime_type\u00a0\u00bb:\u00a0\u00bbimage\/jpeg\u00a0\u00bb,\u00a0\u00bbrestricted\u00a0\u00bb:false,\u00a0\u00bbtemplate_id\u00a0\u00bb:68,\u00a0\u00bbgalleries\u00a0\u00bb:[]},\u00a0\u00bbcreated_date\u00a0\u00bb:\u00a0\u00bb2025-11-21T10:56:31Z\u00a0\u00bb,\u00a0\u00bblast_updated_date\u00a0\u00bb:\u00a0\u00bb2025-11-22T08:05:28Z\u00a0\u00bb,\u00a0\u00bbheight\u00a0\u00bb:1013,\u00a0\u00bbimage_type\u00a0\u00bb:\u00a0\u00bbphotograph\u00a0\u00bb,\u00a0\u00bbstatus\u00a0\u00bb:\u00a0\u00bb\u00a0\u00bb}},\u00a0\u00bbcanonical_url\u00a0\u00bb:\u00a0\u00bb\/podcasts\/crime-story\/12-laffaire-jean-aprin-complot-criminel-dans-les-vignes-22-11-2025-ITK5OXF2NZFFDPR5NQ4IQ6WUUY.php\u00a0\u00bb,\u00a0\u00bbdistributor\u00a0\u00bb:{\u00ab\u00a0name\u00a0\u00bb:\u00a0\u00bbleparisien\u00a0\u00bb,\u00a0\u00bbcategory\u00a0\u00bb:\u00a0\u00bbstaff\u00a0\u00bb,\u00a0\u00bbsubcategory\u00a0\u00bb:\u00a0\u00bb\u00a0\u00bb},\u00a0\u00bbcanonical_website\u00a0\u00bb:\u00a0\u00bbleparisien\u00a0\u00bb,\u00a0\u00bbcontent_restrictions\u00a0\u00bb:{\u00ab\u00a0content_code\u00a0\u00bb:\u00a0\u00bbmetered\u00a0\u00bb},\u00a0\u00bbdisplay_date\u00a0\u00bb:\u00a0\u00bb2025-11-22T08:05:27Z\u00a0\u00bb,\u00a0\u00bbheadlines\u00a0\u00bb:{\u00ab\u00a0tablet\u00a0\u00bb:\u00a0\u00bb\u00a0\u00bb,\u00a0\u00bbprint\u00a0\u00bb:\u00a0\u00bb\u00a0\u00bb,\u00a0\u00bbmeta_title\u00a0\u00bb:\u00a0\u00bb\u00a0\u00bb,\u00a0\u00bbnative\u00a0\u00bb:\u00a0\u00bb\u00a0\u00bb,\u00a0\u00bbweb\u00a0\u00bb:\u00a0\u00bb\u00a0\u00bb,\u00a0\u00bbmobile\u00a0\u00bb:\u00a0\u00bb\u00a0\u00bb,\u00a0\u00bbbasic\u00a0\u00bb:\u00a0\u00bb[1\/2] L\u2019affaire Jean Aprin\u00a0: complot criminel dans les vignes\u00a0\u00bb,\u00a0\u00bbtable\u00a0\u00bb:\u00a0\u00bb\u00a0\u00bb},\u00a0\u00bbwebsites\u00a0\u00bb:{\u00ab\u00a0leparisien\u00a0\u00bb:{\u00ab\u00a0website_url\u00a0\u00bb:\u00a0\u00bb\/podcasts\/crime-story\/12-laffaire-jean-aprin-complot-criminel-dans-les-vignes-22-11-2025-ITK5OXF2NZFFDPR5NQ4IQ6WUUY.php\u00a0\u00bb,\u00a0\u00bbwebsite_section\u00a0\u00bb:{\u00ab\u00a0path\u00a0\u00bb:\u00a0\u00bb\/podcasts\/crime-story\u00a0\u00bb,\u00a0\u00bbparent\u00a0\u00bb:{\u00ab\u00a0default\u00a0\u00bb:\u00a0\u00bb\/podcasts\u00a0\u00bb},\u00a0\u00bb_website\u00a0\u00bb:\u00a0\u00bbleparisien\u00a0\u00bb,\u00a0\u00bbparent_id\u00a0\u00bb:\u00a0\u00bb\/podcasts\u00a0\u00bb,\u00a0\u00bbname\u00a0\u00bb:\u00a0\u00bbCrime story\u00a0\u00bb,\u00a0\u00bbdescription\u00a0\u00bb:\u00a0\u00bbLe podcast faits divers Crime story raconte chaque semaine les grandes affaires criminelles qui ont marqu\u00e9 ces derni\u00e8res d\u00e9cennies. Publi\u00e9 chaque samedi, Crime story est pr\u00e9sent\u00e9 par la journaliste Clawdia Prolongeau et son invit\u00e9 permanent : Damien Delseny, le chef du service police justice du Parisien.\u00a0\u00bb,\u00a0\u00bb_id\u00a0\u00bb:\u00a0\u00bb\/podcasts\/crime-story\u00a0\u00bb,\u00a0\u00bbadditional_properties\u00a0\u00bb:{\u00ab\u00a0original\u00a0\u00bb:{\u00ab\u00a0parent\u00a0\u00bb:{\u00ab\u00a0default\u00a0\u00bb:\u00a0\u00bb\/podcasts\u00a0\u00bb,\u00a0\u00bbMaillage_SEO_Surfooter\u00a0\u00bb:\u00a0\u00bb\/podcasts\u00a0\u00bb,\u00a0\u00bbWebsked-plans\u00a0\u00bb:\u00a0\u00bb\/podcasts\u00a0\u00bb,\u00a0\u00bbsub-nav\u00a0\u00bb:\u00a0\u00bb\/podcasts\u00a0\u00bb,\u00a0\u00bbmenu\u00a0\u00bb:\u00a0\u00bb\/podcasts\u00a0\u00bb},\u00a0\u00bbin_the_news\u00a0\u00bb:{\u00ab\u00a0in_the_news_usefeature\u00a0\u00bb:null,\u00a0\u00bbin_the_news_usebasepage\u00a0\u00bb:\u00a0\u00bb\/in-the-news-forsections\/\u00a0\u00bb,\u00a0\u00bbin_the_news_usesectionbar\u00a0\u00bb:\u00a0\u00bbfalse\u00a0\u00bb},\u00a0\u00bbGoogle Analytics\u00a0\u00bb:{\u00ab\u00a0ga_name_level_2&Prime;:\u00a0\u00bbcrime-story\u00a0\u00bb,\u00a0\u00bbga_name_level_3&Prime;:null,\u00a0\u00bbga_name_level_1&Prime;:\u00a0\u00bbpodcasts\u00a0\u00bb},\u00a0\u00bbsocial\u00a0\u00bb:{\u00ab\u00a0archives\u00a0\u00bb:null,\u00a0\u00bbtwitter\u00a0\u00bb:null,\u00a0\u00bbrss\u00a0\u00bb:null,\u00a0\u00bbfacebook\u00a0\u00bb:null},\u00a0\u00bbSponsor\u00a0\u00bb:{\u00ab\u00a0sponsor_type\u00a0\u00bb:null,\u00a0\u00bbsponsor_message\u00a0\u00bb:null,\u00a0\u00bbcollection_id_for_pinned_content\u00a0\u00bb:null,\u00a0\u00bbsponsor_logo_url\u00a0\u00bb:null,\u00a0\u00bbsponsor_name\u00a0\u00bb:null},\u00a0\u00bbMobile\u00a0\u00bb:{\u00ab\u00a0background_color_section\u00a0\u00bb:\u00a0\u00bb#C0C0C0&Prime;,\u00a0\u00bbalternative_title\u00a0\u00bb:null,\u00a0\u00bbxtpage\u00a0\u00bb:null,\u00a0\u00bbsection_collection_id\u00a0\u00bb:null,\u00a0\u00bblabel\u00a0\u00bb:null,\u00a0\u00bbbackground_image_section\u00a0\u00bb:null},\u00a0\u00bbNewsletter\u00a0\u00bb:{\u00ab\u00a0newsletter_optin\u00a0\u00bb:\u00a0\u00bboptin_thematique_faits_divers\u00a0\u00bb,\u00a0\u00bbnewsletter_color\u00a0\u00bb:\u00a0\u00bb#1EA0E6&Prime;,\u00a0\u00bbnewsletter_title\u00a0\u00bb:\u00a0\u00bbUne plong\u00e9e dans l\u2019actualit\u00e9 des faits divers, pour \u00e9clairer la face sombre de notre \u00e9poque\u00a0\u00bb,\u00a0\u00bbnewsletter_name\u00a0\u00bb:\u00a0\u00bbL&rsquo;Essentiel de l&rsquo;actu\u00a0\u00bb,\u00a0\u00bbnewsletter_image\u00a0\u00bb:\u00a0\u00bbnewsletter-faits-divers-logo.png\u00a0\u00bb,\u00a0\u00bbnewsletter_slug\u00a0\u00bb:\u00a0\u00bbfaits-divers\u00a0\u00bb,\u00a0\u00bbmodule_message\u00a0\u00bb:null,\u00a0\u00bbnewsletter_label\u00a0\u00bb:\u00a0\u00bbEnqu\u00eate en cours\u00a0\u00bb},\u00a0\u00bb_admin\u00a0\u00bb:{\u00ab\u00a0tracking_node\u00a0\u00bb:null,\u00a0\u00bbalias_ids\u00a0\u00bb:[\u00ab\u00a0\/podcasts\/crime-story\u00a0\u00bb],\u00a0\u00bbdo_not_show_on_site\u00a0\u00bb:null,\u00a0\u00bbcommercial_node\u00a0\u00bb:null,\u00a0\u00bbdefault_content\u00a0\u00bb:null},\u00a0\u00bbnavigation\u00a0\u00bb:{\u00ab\u00a0nav_title\u00a0\u00bb:null,\u00a0\u00bbdisplay_in_top_strip\u00a0\u00bb:null,\u00a0\u00bbnav_display\u00a0\u00bb:null},\u00a0\u00bbsite\u00a0\u00bb:{\u00ab\u00a0is_clickable_on_menu\u00a0\u00bb:\u00a0\u00bbtrue\u00a0\u00bb,\u00a0\u00bbpresentation\u00a0\u00bb:\u00a0\u00bbLe podcast faits divers Crime story raconte chaque semaine les grandes affaires criminelles qui ont marqu\u00e9 ces derni\u00e8res d\u00e9cennies. Publi\u00e9 chaque samedi, Crime story est pr\u00e9sent\u00e9 par la journaliste Clawdia Prolongeau et son invit\u00e9 permanent : Damien Delseny, le chef du service police justice du Parisien.\u00a0\u00bb,\u00a0\u00bbpagebuilder_path_for_native_apps\u00a0\u00bb:null,\u00a0\u00bbsite_url\u00a0\u00bb:null,\u00a0\u00bbsite_keywords\u00a0\u00bb:null,\u00a0\u00bbnative_app_rendering\u00a0\u00bb:null,\u00a0\u00bbamp_deactivated\u00a0\u00bb:\u00a0\u00bbfalse\u00a0\u00bb,\u00a0\u00bbsite_about\u00a0\u00bb:null,\u00a0\u00bbpaywall_deactivated\u00a0\u00bb:\u00a0\u00bbfalse\u00a0\u00bb,\u00a0\u00bbsite_description\u00a0\u00bb:\u00a0\u00bbLe podcast faits divers Crime story raconte chaque semaine les grandes affaires criminelles qui ont marqu\u00e9 ces derni\u00e8res d\u00e9cennies. Publi\u00e9 chaque samedi, Crime story est pr\u00e9sent\u00e9 par la journaliste Clawdia Prolongeau et son invit\u00e9 permanent : Damien Delseny, le chef du service police justice du Parisien.\u00a0\u00bb,\u00a0\u00bbsite_title\u00a0\u00bb:\u00a0\u00bbCrime story : le podcast Faits divers du Parisien &#8211; Le Parisien\u00a0\u00bb,\u00a0\u00bbsite_tagline\u00a0\u00bb:null},\u00a0\u00bbinactive\u00a0\u00bb:false,\u00a0\u00bbnode_type\u00a0\u00bb:\u00a0\u00bbsection\u00a0\u00bb,\u00a0\u00bb_website\u00a0\u00bb:\u00a0\u00bbleparisien\u00a0\u00bb,\u00a0\u00bbname\u00a0\u00bb:\u00a0\u00bbCrime story\u00a0\u00bb,\u00a0\u00bbstory_list\u00a0\u00bb:{\u00ab\u00a0story_list_content\u00a0\u00bb:{}},\u00a0\u00bb_id\u00a0\u00bb:\u00a0\u00bb\/podcasts\/crime-story\u00a0\u00bb,\u00a0\u00bbancestors\u00a0\u00bb:{\u00ab\u00a0default\u00a0\u00bb:[\u00ab\u00a0\/podcasts\u00a0\u00bb],\u00a0\u00bbMaillage_SEO_Surfooter\u00a0\u00bb:[\u00ab\u00a0\/podcasts\u00a0\u00bb],\u00a0\u00bbWebsked-plans\u00a0\u00bb:[\u00ab\u00a0https:\/\/www.leparisien.fr\/\u00a0\u00bb,\u00a0\u00bb\/podcasts\u00a0\u00bb],\u00a0\u00bbsub-nav\u00a0\u00bb:[\u00ab\u00a0https:\/\/www.leparisien.fr\/\u00a0\u00bb,\u00a0\u00bb\/podcasts\u00a0\u00bb],\u00a0\u00bbmenu\u00a0\u00bb:[\u00ab\u00a0https:\/\/www.leparisien.fr\/\u00a0\u00bb,\u00a0\u00bb\/podcasts\u00a0\u00bb]},\u00a0\u00bborder\u00a0\u00bb:{\u00ab\u00a0default\u00a0\u00bb:2002,\u00a0\u00bbMaillage_SEO_Surfooter\u00a0\u00bb:2002,\u00a0\u00bbWebsked-plans\u00a0\u00bb:2002,\u00a0\u00bbsub-nav\u00a0\u00bb:2002,\u00a0\u00bbmenu\u00a0\u00bb:2002}}},\u00a0\u00bb_website_section_id\u00a0\u00bb:\u00a0\u00bbleparisien.\/podcasts\/crime-story\u00a0\u00bb,\u00a0\u00bbtype\u00a0\u00bb:\u00a0\u00bbsection\u00a0\u00bb,\u00a0\u00bbversion\u00a0\u00bb:\u00a0\u00bb0.6.0&Prime;}}},\u00a0\u00bbcreated_date\u00a0\u00bb:\u00a0\u00bb2025-11-21T15:37:00.719Z\u00a0\u00bb,\u00a0\u00bbpublish_date\u00a0\u00bb:\u00a0\u00bb2025-11-22T08:05:40Z\u00a0\u00bb,\u00a0\u00bb_id\u00a0\u00bb:\u00a0\u00bbITK5OXF2NZFFDPR5NQ4IQ6WUUY\u00a0\u00bb,\u00a0\u00bbwebsite\u00a0\u00bb:\u00a0\u00bbleparisien\u00a0\u00bb,\u00a0\u00bbwebsite_url\u00a0\u00bb:\u00a0\u00bb\/podcasts\/crime-story\/12-laffaire-jean-aprin-complot-criminel-dans-les-vignes-22-11-2025-ITK5OXF2NZFFDPR5NQ4IQ6WUUY.php\u00a0\u00bb}],\u00a0\u00bbadditional_properties\u00a0\u00bb:{\u00ab\u00a0took\u00a0\u00bb:36,\u00a0\u00bbtimed_out\u00a0\u00bb:false},\u00a0\u00bbcount\u00a0\u00bb:172,\u00a0\u00bbnext\u00a0\u00bb:1,\u00a0\u00bb_id\u00a0\u00bb:\u00a0\u00bb42996d2ffe4ec046d49593eb8ee76f1f7aba13c93abe66f872e911b318a83420&Prime;},\u00a0\u00bbexpires\u00a0\u00bb:1763822060809,\u00a0\u00bblastModified\u00a0\u00bb:1763821940740},\u00a0\u00bb{\\\u00a0\u00bbexcludeSections\\\u00a0\u00bb:[\\\u00a0\u00bb\/podcasts\/code-source\\\u00a0\u00bb,\\\u00a0\u00bb\/politique\/newsletter\\\u00a0\u00bb,\\\u00a0\u00bb\/newsletters\\\u00a0\u00bb],\\\u00a0\u00bbexcludeSubtype\\\u00a0\u00bb:\\\u00a0\u00bbarticle_sponsored,article_like\\\u00a0\u00bb,\\\u00a0\u00bbfilterContent\\\u00a0\u00bb:[\\\u00a0\u00bb_id\\\u00a0\u00bb,\\\u00a0\u00bbheadlines\\\u00a0\u00bb,\\\u00a0\u00bbwebsite_url\\\u00a0\u00bb,\\\u00a0\u00bblabel\\\u00a0\u00bb],\\\u00a0\u00bboffset\\\u00a0\u00bb:0,\\\u00a0\u00bbsize\\\u00a0\u00bb:20,\\\u00a0\u00bbtags\\\u00a0\u00bb:[{\\\u00a0\u00bb_id\\\u00a0\u00bb:\\\u00a0\u00bbLWOSKETJI5ALRCSDAKF2DDFALQ\\\u00a0\u00bb,\\\u00a0\u00bbdescription\\\u00a0\u00bb:\\\u00a0\u00bb\/meteo\/neige\/\\\u00a0\u00bb,\\\u00a0\u00bbslug\\\u00a0\u00bb:\\\u00a0\u00bbmeteo-neige\\\u00a0\u00bb,\\\u00a0\u00bbtext\\\u00a0\u00bb:\\\u00a0\u00bbM\u00e9t\u00e9o neige\\\u00a0\u00bb},{\\\u00a0\u00bb_id\\\u00a0\u00bb:\\\u00a0\u00bbQEPWKQW36JAGDOQWYZI2QT77RA\\\u00a0\u00bb,\\\u00a0\u00bbdescription\\\u00a0\u00bb:\\\u00a0\u00bb\/meteo\/vague-de-froid\/\\\u00a0\u00bb,\\\u00a0\u00bbslug\\\u00a0\u00bb:\\\u00a0\u00bbmeteo-froid\\\u00a0\u00bb,\\\u00a0\u00bbtext\\\u00a0\u00bb:\\\u00a0\u00bbM\u00e9t\u00e9o froid\\\u00a0\u00bb}],\\\u00a0\u00bbwebsite\\\u00a0\u00bb:\\\u00a0\u00bbleparisien\\\u00a0\u00bb}\u00a0\u00bb:{\u00ab\u00a0data\u00a0\u00bb:{\u00ab\u00a0content_elements\u00a0\u00bb:[{\u00ab\u00a0_id\u00a0\u00bb:\u00a0\u00bbIYGAJRUMUZGPTP3OE7QF57PS6U\u00a0\u00bb,\u00a0\u00bbcontent_restrictions\u00a0\u00bb:{\u00ab\u00a0content_code\u00a0\u00bb:\u00a0\u00bbmetered\u00a0\u00bb},\u00a0\u00bbdistributor\u00a0\u00bb:{\u00ab\u00a0name\u00a0\u00bb:\u00a0\u00bbleparisien\u00a0\u00bb},\u00a0\u00bbheadlines\u00a0\u00bb:{\u00ab\u00a0basic\u00a0\u00bb:\u00a0\u00bbNeige et verglas\u00a0: les pr\u00e9cautions \u00e0 prendre en voiture, \u00e0 v\u00e9lo et \u00e0 pied\u00a0\u00bb},\u00a0\u00bblabel\u00a0\u00bb:{},\u00a0\u00bbpromo_items\u00a0\u00bb:{\u00ab\u00a0basic\u00a0\u00bb:{\u00ab\u00a0additional_properties\u00a0\u00bb:{},\u00a0\u00bbcaption\u00a0\u00bb:\u00a0\u00bbAttention aux risques de glissade sur les routes franciliennes samedi soir en raison de la neige et du verglas (illustration). LP\/Esteban PINEL\u00a0\u00bb,\u00a0\u00bbheight\u00a0\u00bb:3333,\u00a0\u00bbtype\u00a0\u00bb:\u00a0\u00bbimage\u00a0\u00bb,\u00a0\u00bburl\u00a0\u00bb:\u00a0\u00bbhttps:\/\/cloudfront-eu-central-1.images.arcpublishing.com\/leparisien\/4BXWHSG63RF57LIJTVBN74WQSQ.jpg\u00a0\u00bb,\u00a0\u00bbwidth\u00a0\u00bb:5000}},\u00a0\u00bbsubtype\u00a0\u00bb:\u00a0\u00bbART:\u00a0\u00bb,\u00a0\u00bbtaxonomy\u00a0\u00bb:{\u00ab\u00a0primary_section\u00a0\u00bb:{\u00ab\u00a0_id\u00a0\u00bb:\u00a0\u00bb\/environnement\/climat\u00a0\u00bb,\u00a0\u00bbadditional_properties\u00a0\u00bb:{\u00ab\u00a0original\u00a0\u00bb:{\u00ab\u00a0site\u00a0\u00bb:{\u00ab\u00a0paywall_deactivated\u00a0\u00bb:\u00a0\u00bbfalse\u00a0\u00bb}}},\u00a0\u00bbname\u00a0\u00bb:\u00a0\u00bbClimat\u00a0\u00bb},\u00a0\u00bbtags\u00a0\u00bb:[{\u00ab\u00a0text\u00a0\u00bb:\u00a0\u00bbM\u00e9t\u00e9o neige\u00a0\u00bb},{\u00ab\u00a0text\u00a0\u00bb:\u00a0\u00bbM\u00e9t\u00e9o froid\u00a0\u00bb}]},\u00a0\u00bbwebsite_url\u00a0\u00bb:\u00a0\u00bb\/environnement\/climat\/neige-et-verglas-les-precautions-a-prendre-en-voiture-a-velo-et-a-pied-22-11-2025-IYGAJRUMUZGPTP3OE7QF57PS6U.php\u00a0\u00bb},{\u00ab\u00a0_id\u00a0\u00bb:\u00a0\u00bbG7U33OBSFNEJNPGKZP7QDBEUKE\u00a0\u00bb,\u00a0\u00bbcontent_restrictions\u00a0\u00bb:{\u00ab\u00a0content_code\u00a0\u00bb:\u00a0\u00bbhard-paywall\u00a0\u00bb},\u00a0\u00bbdistributor\u00a0\u00bb:{\u00ab\u00a0name\u00a0\u00bb:\u00a0\u00bbleparisien\u00a0\u00bb},\u00a0\u00bbheadlines\u00a0\u00bb:{\u00ab\u00a0basic\u00a0\u00bb:\u00a0\u00bbTemp\u00e9ratures n\u00e9gatives \u00e0 Paris, Lyon, Bordeaux\u2026 D\u00e9couvrez \u00e0 quel point c\u2019est de plus en plus rare\u00a0\u00bb},\u00a0\u00bblabel\u00a0\u00bb:{\u00ab\u00a0format\u00a0\u00bb:{\u00ab\u00a0text\u00a0\u00bb:\u00a0\u00bbD\u00e9cryptage\u00a0\u00bb,\u00a0\u00bburl\u00a0\u00bb:\u00a0\u00bb\/decryptage\u00a0\u00bb},\u00a0\u00bbprofil\u00a0\u00bb:{\u00ab\u00a0text\u00a0\u00bb:\u00a0\u00bbABO\u00a0\u00bb}},\u00a0\u00bbpromo_items\u00a0\u00bb:{\u00ab\u00a0basic\u00a0\u00bb:{\u00ab\u00a0additional_properties\u00a0\u00bb:{},\u00a0\u00bbcaption\u00a0\u00bb:\u00a0\u00bbIl g\u00e8le encore r\u00e9guli\u00e8rement partout en France. Mais de moins en moins souvent. (Illustration) LP\/Yann Foreix\u00a0\u00bb,\u00a0\u00bbheight\u00a0\u00bb:3024,\u00a0\u00bbtype\u00a0\u00bb:\u00a0\u00bbimage\u00a0\u00bb,\u00a0\u00bburl\u00a0\u00bb:\u00a0\u00bbhttps:\/\/cloudfront-eu-central-1.images.arcpublishing.com\/leparisien\/GN42XV6DURB3VA2MDAQIPZADRU.JPG\u00a0\u00bb,\u00a0\u00bbwidth\u00a0\u00bb:4032}},\u00a0\u00bbsubtype\u00a0\u00bb:\u00a0\u00bbART:\u00a0\u00bb,\u00a0\u00bbtaxonomy\u00a0\u00bb:{\u00ab\u00a0primary_section\u00a0\u00bb:{\u00ab\u00a0_id\u00a0\u00bb:\u00a0\u00bb\/meteo\u00a0\u00bb,\u00a0\u00bbadditional_properties\u00a0\u00bb:{\u00ab\u00a0original\u00a0\u00bb:{\u00ab\u00a0site\u00a0\u00bb:{\u00ab\u00a0paywall_deactivated\u00a0\u00bb:\u00a0\u00bbfalse\u00a0\u00bb}}},\u00a0\u00bbname\u00a0\u00bb:\u00a0\u00bbM\u00e9t\u00e9o\u00a0\u00bb},\u00a0\u00bbtags\u00a0\u00bb:[{\u00ab\u00a0text\u00a0\u00bb:\u00a0\u00bbM\u00e9t\u00e9o froid\u00a0\u00bb},{\u00ab\u00a0text\u00a0\u00bb:\u00a0\u00bbM\u00e9t\u00e9o neige\u00a0\u00bb}]},\u00a0\u00bbwebsite_url\u00a0\u00bb:\u00a0\u00bbhttps:\/\/www.leparisien.fr\/meteo\/temperatures-negatives-a-paris-lyon-bordeaux-decouvrez-a-quel-point-cest-de-plus-en-plus-rare-22-11-2025-G7U33OBSFNEJNPGKZP7QDBEUKE.php\u00a0\u00bb},{\u00ab\u00a0_id\u00a0\u00bb:\u00a0\u00bbQ6KJS6RIFRGTBPVFCPCO2CJGTI\u00a0\u00bb,\u00a0\u00bbcontent_restrictions\u00a0\u00bb:{\u00ab\u00a0content_code\u00a0\u00bb:\u00a0\u00bbmetered\u00a0\u00bb},\u00a0\u00bbdistributor\u00a0\u00bb:{\u00ab\u00a0name\u00a0\u00bb:\u00a0\u00bbleparisien\u00a0\u00bb},\u00a0\u00bbheadlines\u00a0\u00bb:{\u00ab\u00a0basic\u00a0\u00bb:\u00a0\u00bbPluie, plusieurs centim\u00e8tres de neige en \u00cele-de-France, puis redoux\u00a0: la m\u00e9t\u00e9o du week-end en France\u00a0\u00bb},\u00a0\u00bblabel\u00a0\u00bb:{},\u00a0\u00bbpromo_items\u00a0\u00bb:{\u00ab\u00a0basic\u00a0\u00bb:{\u00ab\u00a0additional_properties\u00a0\u00bb:{},\u00a0\u00bbcaption\u00a0\u00bb:\u00a0\u00bbUne couche de quelques centim\u00e8tres de neige pourrait se cumuler par endroits entre samedi soir et dimanche matin. LP\/Arnaud Dumontier\u00a0\u00bb,\u00a0\u00bbheight\u00a0\u00bb:3335,\u00a0\u00bbtype\u00a0\u00bb:\u00a0\u00bbimage\u00a0\u00bb,\u00a0\u00bburl\u00a0\u00bb:\u00a0\u00bbhttps:\/\/cloudfront-eu-central-1.images.arcpublishing.com\/leparisien\/63FQTQCZYRF7XPTNUHACINGQ3M.jpg\u00a0\u00bb,\u00a0\u00bbwidth\u00a0\u00bb:5000},\u00a0\u00bblead_art_dailymotion\u00a0\u00bb:{\u00ab\u00a0embed\u00a0\u00bb:{\u00ab\u00a0id\u00a0\u00bb:\u00a0\u00bbx9u7ibq\u00a0\u00bb,\u00a0\u00bburl\u00a0\u00bb:\u00a0\u00bbhttps:\/\/www.dailymotion.com\/video\/x9u7ibq\u00a0\u00bb},\u00a0\u00bbsubtype\u00a0\u00bb:\u00a0\u00bbvideo_dm\u00a0\u00bb,\u00a0\u00bbtype\u00a0\u00bb:\u00a0\u00bbcustom_embed\u00a0\u00bb}},\u00a0\u00bbsubtype\u00a0\u00bb:\u00a0\u00bbART:\u00a0\u00bb,\u00a0\u00bbtaxonomy\u00a0\u00bb:{\u00ab\u00a0primary_section\u00a0\u00bb:{\u00ab\u00a0_id\u00a0\u00bb:\u00a0\u00bb\/meteo\u00a0\u00bb,\u00a0\u00bbadditional_properties\u00a0\u00bb:{\u00ab\u00a0original\u00a0\u00bb:{\u00ab\u00a0site\u00a0\u00bb:{\u00ab\u00a0paywall_deactivated\u00a0\u00bb:\u00a0\u00bbfalse\u00a0\u00bb}}},\u00a0\u00bbname\u00a0\u00bb:\u00a0\u00bbM\u00e9t\u00e9o\u00a0\u00bb},\u00a0\u00bbtags\u00a0\u00bb:[{\u00ab\u00a0text\u00a0\u00bb:\u00a0\u00bbM\u00e9t\u00e9o froid\u00a0\u00bb},{\u00ab\u00a0text\u00a0\u00bb:\u00a0\u00bbM\u00e9t\u00e9o neige\u00a0\u00bb}]},\u00a0\u00bbwebsite_url\u00a0\u00bb:\u00a0\u00bbhttps:\/\/www.leparisien.fr\/meteo\/pluie-plusieurs-centimetres-de-neige-en-ile-de-france-puis-redoux-la-meteo-du-week-end-en-france-21-11-2025-Q6KJS6RIFRGTBPVFCPCO2CJGTI.php\u00a0\u00bb},{\u00ab\u00a0_id\u00a0\u00bb:\u00a0\u00bbDMB52QS3Y5E73F2XFFAS33UIPA\u00a0\u00bb,\u00a0\u00bbcontent_restrictions\u00a0\u00bb:{\u00ab\u00a0content_code\u00a0\u00bb:\u00a0\u00bbmetered\u00a0\u00bb},\u00a0\u00bbdistributor\u00a0\u00bb:{\u00ab\u00a0name\u00a0\u00bb:\u00a0\u00bbleparisien\u00a0\u00bb},\u00a0\u00bbheadlines\u00a0\u00bb:{\u00ab\u00a0basic\u00a0\u00bb:\u00a0\u00bbNeige\u00a0: quelques flocons en \u00cele-de-France ce vendredi matin, prudence sur les routes avec le verglas\u00a0\u00bb},\u00a0\u00bblabel\u00a0\u00bb:{},\u00a0\u00bbpromo_items\u00a0\u00bb:{\u00ab\u00a0basic\u00a0\u00bb:{\u00ab\u00a0additional_properties\u00a0\u00bb:{},\u00a0\u00bbcaption\u00a0\u00bb:\u00a0\u00bbA Meaux en Seine-et-Marne, quelques flocons sont tomb\u00e9s ce vendredi matin, mais n&rsquo;ont pas tenu sur les routes. LP\/Hugues Tailliez\u00a0\u00bb,\u00a0\u00bbheight\u00a0\u00bb:923,\u00a0\u00bbtype\u00a0\u00bb:\u00a0\u00bbimage\u00a0\u00bb,\u00a0\u00bburl\u00a0\u00bb:\u00a0\u00bbhttps:\/\/cloudfront-eu-central-1.images.arcpublishing.com\/leparisien\/WVGRRBOAIJBLLFE4I225WYJWRU.png\u00a0\u00bb,\u00a0\u00bbwidth\u00a0\u00bb:2048}},\u00a0\u00bbsubtype\u00a0\u00bb:\u00a0\u00bbART:\u00a0\u00bb,\u00a0\u00bbtaxonomy\u00a0\u00bb:{\u00ab\u00a0primary_section\u00a0\u00bb:{\u00ab\u00a0_id\u00a0\u00bb:\u00a0\u00bb\/meteo\u00a0\u00bb,\u00a0\u00bbadditional_properties\u00a0\u00bb:{\u00ab\u00a0original\u00a0\u00bb:{\u00ab\u00a0site\u00a0\u00bb:{\u00ab\u00a0paywall_deactivated\u00a0\u00bb:\u00a0\u00bbfalse\u00a0\u00bb}}},\u00a0\u00bbname\u00a0\u00bb:\u00a0\u00bbM\u00e9t\u00e9o\u00a0\u00bb},\u00a0\u00bbtags\u00a0\u00bb:[{\u00ab\u00a0text\u00a0\u00bb:\u00a0\u00bbM\u00e9t\u00e9o neige\u00a0\u00bb},{\u00ab\u00a0text\u00a0\u00bb:\u00a0\u00bbM\u00e9t\u00e9o froid\u00a0\u00bb}]},\u00a0\u00bbwebsite_url\u00a0\u00bb:\u00a0\u00bbhttps:\/\/www.leparisien.fr\/meteo\/neige-quelques-flocons-en-ile-de-france-ce-vendredi-matin-prudence-sur-les-routes-avec-le-verglas-21-11-2025-DMB52QS3Y5E73F2XFFAS33UIPA.php\u00a0\u00bb},{\u00ab\u00a0_id\u00a0\u00bb:\u00a0\u00bbPNZ2QJIML5AKJKKV6EHKTPDLJU\u00a0\u00bb,\u00a0\u00bbcontent_restrictions\u00a0\u00bb:{\u00ab\u00a0content_code\u00a0\u00bb:\u00a0\u00bbmetered\u00a0\u00bb},\u00a0\u00bbdistributor\u00a0\u00bb:{\u00ab\u00a0name\u00a0\u00bb:\u00a0\u00bbleparisien\u00a0\u00bb},\u00a0\u00bbheadlines\u00a0\u00bb:{\u00ab\u00a0basic\u00a0\u00bb:\u00a0\u00bbNeige et verglas\u00a0: prudence samedi soir en \u00cele-de-France et dans plusieurs r\u00e9gions\u00a0\u00bb},\u00a0\u00bblabel\u00a0\u00bb:{},\u00a0\u00bbpromo_items\u00a0\u00bb:{\u00ab\u00a0basic\u00a0\u00bb:{\u00ab\u00a0additional_properties\u00a0\u00bb:{},\u00a0\u00bbcaption\u00a0\u00bb:\u00a0\u00bbDes pr\u00e9cipitations vergla\u00e7antes sont attendues en \u00cele-de-France samedi soir et dans la nuit. (Illustration) LP\/Hugues Tailliez\u00a0\u00bb,\u00a0\u00bbheight\u00a0\u00bb:718,\u00a0\u00bbtype\u00a0\u00bb:\u00a0\u00bbimage\u00a0\u00bb,\u00a0\u00bburl\u00a0\u00bb:\u00a0\u00bbhttps:\/\/cloudfront-eu-central-1.images.arcpublishing.com\/leparisien\/YXO6WOBGURCHNBMZJBSNWPNWZU.png\u00a0\u00bb,\u00a0\u00bbwidth\u00a0\u00bb:1152}},\u00a0\u00bbsubtype\u00a0\u00bb:\u00a0\u00bbART:\u00a0\u00bb,\u00a0\u00bbtaxonomy\u00a0\u00bb:{\u00ab\u00a0primary_section\u00a0\u00bb:{\u00ab\u00a0_id\u00a0\u00bb:\u00a0\u00bb\/meteo\u00a0\u00bb,\u00a0\u00bbadditional_properties\u00a0\u00bb:{\u00ab\u00a0original\u00a0\u00bb:{\u00ab\u00a0site\u00a0\u00bb:{\u00ab\u00a0paywall_deactivated\u00a0\u00bb:\u00a0\u00bbfalse\u00a0\u00bb}}},\u00a0\u00bbname\u00a0\u00bb:\u00a0\u00bbM\u00e9t\u00e9o\u00a0\u00bb},\u00a0\u00bbtags\u00a0\u00bb:[{\u00ab\u00a0text\u00a0\u00bb:\u00a0\u00bbM\u00e9t\u00e9o froid\u00a0\u00bb},{\u00ab\u00a0text\u00a0\u00bb:\u00a0\u00bbM\u00e9t\u00e9o neige\u00a0\u00bb}]},\u00a0\u00bbwebsite_url\u00a0\u00bb:\u00a0\u00bb\/meteo\/neige-et-verglas-prudence-samedi-soir-en-ile-de-france-et-dans-plusieurs-regions-20-11-2025-PNZ2QJIML5AKJKKV6EHKTPDLJU.php\u00a0\u00bb},{\u00ab\u00a0_id\u00a0\u00bb:\u00a0\u00bbELZ6W73VEJB2JAAW3GTMGMKIGQ\u00a0\u00bb,\u00a0\u00bbcontent_restrictions\u00a0\u00bb:{\u00ab\u00a0content_code\u00a0\u00bb:\u00a0\u00bbmetered\u00a0\u00bb},\u00a0\u00bbdistributor\u00a0\u00bb:{\u00ab\u00a0name\u00a0\u00bb:\u00a0\u00bbleparisien\u00a0\u00bb},\u00a0\u00bbheadlines\u00a0\u00bb:{\u00ab\u00a0basic\u00a0\u00bb:\u00a0\u00bbNeige, chute des temp\u00e9ratures, gel\u2026 Peut-on parler de \u00ab\u00a0vague de froid\u00a0\u00bb en France cette semaine\u00a0?\u00a0\u00bb},\u00a0\u00bblabel\u00a0\u00bb:{},\u00a0\u00bbpromo_items\u00a0\u00bb:{\u00ab\u00a0basic\u00a0\u00bb:{\u00ab\u00a0additional_properties\u00a0\u00bb:{},\u00a0\u00bbcaption\u00a0\u00bb:\u00a0\u00bbSi les v\u00eatements chauds sont de sortie cette semaine, la France demeure loin des crit\u00e8res requis pour parler d&rsquo;une vague de froid dans le pays. (illustration) LP\/Arnaud Journois\u00a0\u00bb,\u00a0\u00bbheight\u00a0\u00bb:3754,\u00a0\u00bbtype\u00a0\u00bb:\u00a0\u00bbimage\u00a0\u00bb,\u00a0\u00bburl\u00a0\u00bb:\u00a0\u00bbhttps:\/\/cloudfront-eu-central-1.images.arcpublishing.com\/leparisien\/S5HSOK6QRNDLPKJRPX73DQKIWE.jpg\u00a0\u00bb,\u00a0\u00bbwidth\u00a0\u00bb:5000},\u00a0\u00bblead_art_dailymotion\u00a0\u00bb:{\u00ab\u00a0embed\u00a0\u00bb:{\u00ab\u00a0id\u00a0\u00bb:\u00a0\u00bbx9u3w6s\u00a0\u00bb,\u00a0\u00bburl\u00a0\u00bb:\u00a0\u00bbhttps:\/\/www.dailymotion.com\/video\/x9u3w6s\u00a0\u00bb},\u00a0\u00bbsubtype\u00a0\u00bb:\u00a0\u00bbvideo_dm\u00a0\u00bb,\u00a0\u00bbtype\u00a0\u00bb:\u00a0\u00bbcustom_embed\u00a0\u00bb}},\u00a0\u00bbsubtype\u00a0\u00bb:\u00a0\u00bbART:\u00a0\u00bb,\u00a0\u00bbtaxonomy\u00a0\u00bb:{\u00ab\u00a0primary_section\u00a0\u00bb:{\u00ab\u00a0_id\u00a0\u00bb:\u00a0\u00bb\/meteo\u00a0\u00bb,\u00a0\u00bbadditional_properties\u00a0\u00bb:{\u00ab\u00a0original\u00a0\u00bb:{\u00ab\u00a0site\u00a0\u00bb:{\u00ab\u00a0paywall_deactivated\u00a0\u00bb:\u00a0\u00bbfalse\u00a0\u00bb}}},\u00a0\u00bbname\u00a0\u00bb:\u00a0\u00bbM\u00e9t\u00e9o\u00a0\u00bb},\u00a0\u00bbtags\u00a0\u00bb:[{\u00ab\u00a0text\u00a0\u00bb:\u00a0\u00bbM\u00e9t\u00e9o froid\u00a0\u00bb},{\u00ab\u00a0text\u00a0\u00bb:\u00a0\u00bbM\u00e9t\u00e9o neige\u00a0\u00bb}]},\u00a0\u00bbwebsite_url\u00a0\u00bb:\u00a0\u00bb\/meteo\/neige-chute-des-temperatures-gel-peut-on-parler-de-vague-de-froid-en-france-cette-semaine-20-11-2025-ELZ6W73VEJB2JAAW3GTMGMKIGQ.php\u00a0\u00bb},{\u00ab\u00a0_id\u00a0\u00bb:\u00a0\u00bbRQJ5IMLV75BWFMMCEFIU56KNLM\u00a0\u00bb,\u00a0\u00bbcontent_restrictions\u00a0\u00bb:{\u00ab\u00a0content_code\u00a0\u00bb:\u00a0\u00bbmetered\u00a0\u00bb},\u00a0\u00bbdistributor\u00a0\u00bb:{\u00ab\u00a0name\u00a0\u00bb:\u00a0\u00bbleparisien\u00a0\u00bb},\u00a0\u00bbheadlines\u00a0\u00bb:{\u00ab\u00a0basic\u00a0\u00bb:\u00a0\u00bbLa neige attendue jeudi \u00e0 Paris et en \u00cele-de-France, les pr\u00e9visions des prochains jours\u00a0\u00bb},\u00a0\u00bblabel\u00a0\u00bb:{},\u00a0\u00bbpromo_items\u00a0\u00bb:{\u00ab\u00a0basic\u00a0\u00bb:{\u00ab\u00a0additional_properties\u00a0\u00bb:{},\u00a0\u00bbcaption\u00a0\u00bb:\u00a0\u00bbDes flocons devraient tomber jusqu&rsquo;en en plaine dans les prochains jours. (Illustration) LP\/Arnaud Dumontier\u00a0\u00bb,\u00a0\u00bbheight\u00a0\u00bb:3335,\u00a0\u00bbtype\u00a0\u00bb:\u00a0\u00bbimage\u00a0\u00bb,\u00a0\u00bburl\u00a0\u00bb:\u00a0\u00bbhttps:\/\/cloudfront-eu-central-1.images.arcpublishing.com\/leparisien\/BH5OXXPH4NA77EAM2VWCBPPBE4.jpg\u00a0\u00bb,\u00a0\u00bbwidth\u00a0\u00bb:5000}},\u00a0\u00bbsubtype\u00a0\u00bb:\u00a0\u00bbART:\u00a0\u00bb,\u00a0\u00bbtaxonomy\u00a0\u00bb:{\u00ab\u00a0primary_section\u00a0\u00bb:{\u00ab\u00a0_id\u00a0\u00bb:\u00a0\u00bb\/meteo\u00a0\u00bb,\u00a0\u00bbadditional_properties\u00a0\u00bb:{\u00ab\u00a0original\u00a0\u00bb:{\u00ab\u00a0site\u00a0\u00bb:{\u00ab\u00a0paywall_deactivated\u00a0\u00bb:\u00a0\u00bbfalse\u00a0\u00bb}}},\u00a0\u00bbname\u00a0\u00bb:\u00a0\u00bbM\u00e9t\u00e9o\u00a0\u00bb},\u00a0\u00bbtags\u00a0\u00bb:[{\u00ab\u00a0text\u00a0\u00bb:\u00a0\u00bbM\u00e9t\u00e9o neige\u00a0\u00bb}]},\u00a0\u00bbwebsite_url\u00a0\u00bb:\u00a0\u00bb\/meteo\/la-neige-attendue-jeudi-a-paris-et-en-ile-de-france-les-previsions-des-prochains-jours-18-11-2025-RQJ5IMLV75BWFMMCEFIU56KNLM.php\u00a0\u00bb},{\u00ab\u00a0_id\u00a0\u00bb:\u00a0\u00bbBWN7B5O2BNBHJE4CK2DHJTIR6M\u00a0\u00bb,\u00a0\u00bbcontent_restrictions\u00a0\u00bb:{\u00ab\u00a0content_code\u00a0\u00bb:\u00a0\u00bbmetered\u00a0\u00bb},\u00a0\u00bbdistributor\u00a0\u00bb:{\u00ab\u00a0name\u00a0\u00bb:\u00a0\u00bbleparisien\u00a0\u00bb},\u00a0\u00bbheadlines\u00a0\u00bb:{\u00ab\u00a0basic\u00a0\u00bb:\u00a0\u00bbIl a gel\u00e9 ce vendredi matin dans le Nord et le Nord-Est, de la neige est tomb\u00e9e en montagne\u00a0\u00bb},\u00a0\u00bblabel\u00a0\u00bb:{},\u00a0\u00bbpromo_items\u00a0\u00bb:{\u00ab\u00a0basic\u00a0\u00bb:{\u00ab\u00a0additional_properties\u00a0\u00bb:{},\u00a0\u00bbcaption\u00a0\u00bb:\u00a0\u00bbLe thermom\u00e8tre est pass\u00e9 l\u00e9g\u00e8rement sous 0 dans les Ardennes et le Pas-de-Calais notamment. (illustration) LP\/Arnaud Journois\u00a0\u00bb,\u00a0\u00bbheight\u00a0\u00bb:3259,\u00a0\u00bbtype\u00a0\u00bb:\u00a0\u00bbimage\u00a0\u00bb,\u00a0\u00bburl\u00a0\u00bb:\u00a0\u00bbhttps:\/\/cloudfront-eu-central-1.images.arcpublishing.com\/leparisien\/2KNADBL4OFCSBH5Z7U225P6RYE.jpg\u00a0\u00bb,\u00a0\u00bbwidth\u00a0\u00bb:5000}},\u00a0\u00bbsubtype\u00a0\u00bb:\u00a0\u00bbART:\u00a0\u00bb,\u00a0\u00bbtaxonomy\u00a0\u00bb:{\u00ab\u00a0primary_section\u00a0\u00bb:{\u00ab\u00a0_id\u00a0\u00bb:\u00a0\u00bb\/meteo\u00a0\u00bb,\u00a0\u00bbadditional_properties\u00a0\u00bb:{\u00ab\u00a0original\u00a0\u00bb:{\u00ab\u00a0site\u00a0\u00bb:{\u00ab\u00a0paywall_deactivated\u00a0\u00bb:\u00a0\u00bbfalse\u00a0\u00bb}}},\u00a0\u00bbname\u00a0\u00bb:\u00a0\u00bbM\u00e9t\u00e9o\u00a0\u00bb},\u00a0\u00bbtags\u00a0\u00bb:[{\u00ab\u00a0text\u00a0\u00bb:\u00a0\u00bbM\u00e9t\u00e9o froid\u00a0\u00bb},{\u00ab\u00a0text\u00a0\u00bb:\u00a0\u00bbM\u00e9t\u00e9o neige\u00a0\u00bb}]},\u00a0\u00bbwebsite_url\u00a0\u00bb:\u00a0\u00bb\/meteo\/il-a-gele-ce-vendredi-matin-dans-le-nord-et-le-nord-est-de-la-neige-est-tombee-en-montagne-23-05-2025-BWN7B5O2BNBHJE4CK2DHJTIR6M.php\u00a0\u00bb},{\u00ab\u00a0_id\u00a0\u00bb:\u00a0\u00bbH6JAEA6GBJGX3JSU26VPENW7J4&Prime;,\u00a0\u00bbcontent_restrictions\u00a0\u00bb:{\u00ab\u00a0content_code\u00a0\u00bb:\u00a0\u00bbmetered\u00a0\u00bb},\u00a0\u00bbdistributor\u00a0\u00bb:{\u00ab\u00a0name\u00a0\u00bb:\u00a0\u00bbleparisien\u00a0\u00bb},\u00a0\u00bbheadlines\u00a0\u00bb:{\u00ab\u00a0basic\u00a0\u00bb:\u00a0\u00bbRisque d\u2019avalanches\u00a0: la Savoie plac\u00e9e en vigilance orange apr\u00e8s de fortes chutes de neige\u00a0\u00bb},\u00a0\u00bblabel\u00a0\u00bb:{},\u00a0\u00bbpromo_items\u00a0\u00bb:{\u00ab\u00a0basic\u00a0\u00bb:{\u00ab\u00a0additional_properties\u00a0\u00bb:{},\u00a0\u00bbcaption\u00a0\u00bb:\u00a0\u00bbIl a beaucoup neig\u00e9 depuis mercredi en Savoie qui est d\u00e9sormais confront\u00e9e \u00e0 un risque d&rsquo;avalanches. Istock \/ George Clerk\u00a0\u00bb,\u00a0\u00bbheight\u00a0\u00bb:1567,\u00a0\u00bbtype\u00a0\u00bb:\u00a0\u00bbimage\u00a0\u00bb,\u00a0\u00bburl\u00a0\u00bb:\u00a0\u00bbhttps:\/\/cloudfront-eu-central-1.images.arcpublishing.com\/leparisien\/5IYA6BZRBNAN5ERCN2LTVG73QU.jpg\u00a0\u00bb,\u00a0\u00bbwidth\u00a0\u00bb:1914}},\u00a0\u00bbsubtype\u00a0\u00bb:\u00a0\u00bbART:\u00a0\u00bb,\u00a0\u00bbtaxonomy\u00a0\u00bb:{\u00ab\u00a0primary_section\u00a0\u00bb:{\u00ab\u00a0_id\u00a0\u00bb:\u00a0\u00bb\/meteo\u00a0\u00bb,\u00a0\u00bbadditional_properties\u00a0\u00bb:{\u00ab\u00a0original\u00a0\u00bb:{\u00ab\u00a0site\u00a0\u00bb:{\u00ab\u00a0paywall_deactivated\u00a0\u00bb:\u00a0\u00bbfalse\u00a0\u00bb}}},\u00a0\u00bbname\u00a0\u00bb:\u00a0\u00bbM\u00e9t\u00e9o\u00a0\u00bb},\u00a0\u00bbtags\u00a0\u00bb:[{\u00ab\u00a0text\u00a0\u00bb:\u00a0\u00bbM\u00e9t\u00e9o avalanche\u00a0\u00bb},{\u00ab\u00a0text\u00a0\u00bb:\u00a0\u00bbM\u00e9t\u00e9o neige\u00a0\u00bb}]},\u00a0\u00bbwebsite_url\u00a0\u00bb:\u00a0\u00bb\/meteo\/risque-davalanches-la-savoie-placee-en-vigilance-orange-apres-de-fortes-chutes-de-neige-18-04-2025-H6JAEA6GBJGX3JSU26VPENW7J4.php\u00a0\u00bb},{\u00ab\u00a0_id\u00a0\u00bb:\u00a0\u00bbE5KOPUVY25FAFLJDT3PSLZZI2A\u00a0\u00bb,\u00a0\u00bbcontent_restrictions\u00a0\u00bb:{\u00ab\u00a0content_code\u00a0\u00bb:\u00a0\u00bbhard-paywall\u00a0\u00bb},\u00a0\u00bbdistributor\u00a0\u00bb:{\u00ab\u00a0name\u00a0\u00bb:\u00a0\u00bbleparisien\u00a0\u00bb},\u00a0\u00bbheadlines\u00a0\u00bb:{\u00ab\u00a0basic\u00a0\u00bb:\u00a0\u00bbJusqu\u2019\u00e0 plus d\u2019un m\u00e8tre de neige fra\u00eeche dans les Alpes\u00a0: \u00ab\u00a0On se croirait revenu \u00e0 No\u00ebl\u00a0!\u00a0\u00bb\u00a0\u00bb},\u00a0\u00bblabel\u00a0\u00bb:{\u00ab\u00a0format\u00a0\u00bb:{\u00ab\u00a0text\u00a0\u00bb:\u00a0\u00bbReportage\u00a0\u00bb,\u00a0\u00bburl\u00a0\u00bb:\u00a0\u00bb\/reportage\u00a0\u00bb},\u00a0\u00bbprofil\u00a0\u00bb:{\u00ab\u00a0text\u00a0\u00bb:\u00a0\u00bbABO\u00a0\u00bb}},\u00a0\u00bbpromo_items\u00a0\u00bb:{\u00ab\u00a0basic\u00a0\u00bb:{\u00ab\u00a0additional_properties\u00a0\u00bb:{},\u00a0\u00bbcaption\u00a0\u00bb:\u00a0\u00bbL&rsquo;Alpe-d&rsquo;Huez (Is\u00e8re) ce jeudi 17 avril 2025. Si la neige s\u2019invite r\u00e9guli\u00e8rement en montagne au printemps, l\u2019intensit\u00e9 de cet \u00e9pisode est remarquable. M\u00eame si la prudence reste de rigueur. LP\/Thomas Pueyo\u00a0\u00bb,\u00a0\u00bbheight\u00a0\u00bb:3333,\u00a0\u00bbtype\u00a0\u00bb:\u00a0\u00bbimage\u00a0\u00bb,\u00a0\u00bburl\u00a0\u00bb:\u00a0\u00bbhttps:\/\/cloudfront-eu-central-1.images.arcpublishing.com\/leparisien\/CWHHI6XL7JHW3AU6SGQZX6YLUA.jpg\u00a0\u00bb,\u00a0\u00bbwidth\u00a0\u00bb:5000}},\u00a0\u00bbsubtype\u00a0\u00bb:\u00a0\u00bbART:\u00a0\u00bb,\u00a0\u00bbtaxonomy\u00a0\u00bb:{\u00ab\u00a0primary_section\u00a0\u00bb:{\u00ab\u00a0_id\u00a0\u00bb:\u00a0\u00bb\/meteo\u00a0\u00bb,\u00a0\u00bbadditional_properties\u00a0\u00bb:{\u00ab\u00a0original\u00a0\u00bb:{\u00ab\u00a0site\u00a0\u00bb:{\u00ab\u00a0paywall_deactivated\u00a0\u00bb:\u00a0\u00bbfalse\u00a0\u00bb}}},\u00a0\u00bbname\u00a0\u00bb:\u00a0\u00bbM\u00e9t\u00e9o\u00a0\u00bb},\u00a0\u00bbtags\u00a0\u00bb:[{\u00ab\u00a0text\u00a0\u00bb:\u00a0\u00bbM\u00e9t\u00e9o avalanche\u00a0\u00bb},{\u00ab\u00a0text\u00a0\u00bb:\u00a0\u00bbM\u00e9t\u00e9o neige\u00a0\u00bb}]},\u00a0\u00bbwebsite_url\u00a0\u00bb:\u00a0\u00bb\/meteo\/jusqua-plus-dun-metre-de-neige-fraiche-dans-les-alpes-on-se-croirait-revenu-a-noel-17-04-2025-E5KOPUVY25FAFLJDT3PSLZZI2A.php\u00a0\u00bb},{\u00ab\u00a0_id\u00a0\u00bb:\u00a0\u00bb52LNW6YKURAMPA2PQYMN2NOCAQ\u00a0\u00bb,\u00a0\u00bbcontent_restrictions\u00a0\u00bb:{\u00ab\u00a0content_code\u00a0\u00bb:\u00a0\u00bbmetered\u00a0\u00bb},\u00a0\u00bbdistributor\u00a0\u00bb:{\u00ab\u00a0name\u00a0\u00bb:\u00a0\u00bbleparisien\u00a0\u00bb},\u00a0\u00bbheadlines\u00a0\u00bb:{\u00ab\u00a0basic\u00a0\u00bb:\u00a0\u00bbNeige en Savoie\u00a0: une personne ensevelie, Tignes confin\u00e9, transports bloqu\u00e9s, \u00e9lectricit\u00e9 coup\u00e9e\u2026 le point sur la situation\u00a0\u00bb},\u00a0\u00bblabel\u00a0\u00bb:{},\u00a0\u00bbpromo_items\u00a0\u00bb:{\u00ab\u00a0basic\u00a0\u00bb:{\u00ab\u00a0additional_properties\u00a0\u00bb:{},\u00a0\u00bbcaption\u00a0\u00bb:\u00a0\u00bbPr\u00e8s de La Clusaz, une passante d\u00e9gage une chauss\u00e9e recouverte de neige, le 17 avril. AFP\/Olivier Chassignole\u00a0\u00bb,\u00a0\u00bbheight\u00a0\u00bb:1867,\u00a0\u00bbtype\u00a0\u00bb:\u00a0\u00bbimage\u00a0\u00bb,\u00a0\u00bburl\u00a0\u00bb:\u00a0\u00bbhttps:\/\/cloudfront-eu-central-1.images.arcpublishing.com\/leparisien\/V36IVPJM3FGJFJZVESSOLF6WOQ.jpg\u00a0\u00bb,\u00a0\u00bbwidth\u00a0\u00bb:2800},\u00a0\u00bblead_art_dailymotion\u00a0\u00bb:{\u00ab\u00a0embed\u00a0\u00bb:{\u00ab\u00a0id\u00a0\u00bb:\u00a0\u00bbx9i1j98&Prime;,\u00a0\u00bburl\u00a0\u00bb:\u00a0\u00bbhttps:\/\/www.dailymotion.com\/video\/x9i1j98&Prime;},\u00a0\u00bbsubtype\u00a0\u00bb:\u00a0\u00bbvideo_dm\u00a0\u00bb,\u00a0\u00bbtype\u00a0\u00bb:\u00a0\u00bbcustom_embed\u00a0\u00bb}},\u00a0\u00bbsubtype\u00a0\u00bb:\u00a0\u00bbART:\u00a0\u00bb,\u00a0\u00bbtaxonomy\u00a0\u00bb:{\u00ab\u00a0primary_section\u00a0\u00bb:{\u00ab\u00a0_id\u00a0\u00bb:\u00a0\u00bb\/meteo\u00a0\u00bb,\u00a0\u00bbadditional_properties\u00a0\u00bb:{\u00ab\u00a0original\u00a0\u00bb:{\u00ab\u00a0site\u00a0\u00bb:{\u00ab\u00a0paywall_deactivated\u00a0\u00bb:\u00a0\u00bbfalse\u00a0\u00bb}}},\u00a0\u00bbname\u00a0\u00bb:\u00a0\u00bbM\u00e9t\u00e9o\u00a0\u00bb},\u00a0\u00bbtags\u00a0\u00bb:[{\u00ab\u00a0text\u00a0\u00bb:\u00a0\u00bbM\u00e9t\u00e9o neige\u00a0\u00bb}]},\u00a0\u00bbwebsite_url\u00a0\u00bb:\u00a0\u00bb\/meteo\/transports-electricite-des-perturbations-en-savoie-apres-dabondantes-chutes-de-neige-dans-la-nuit-17-04-2025-52LNW6YKURAMPA2PQYMN2NOCAQ.php\u00a0\u00bb},{\u00ab\u00a0_id\u00a0\u00bb:\u00a0\u00bbL67TRMINWJHH7OCJ3REU4KONCA\u00a0\u00bb,\u00a0\u00bbcontent_restrictions\u00a0\u00bb:{\u00ab\u00a0content_code\u00a0\u00bb:\u00a0\u00bbmetered\u00a0\u00bb},\u00a0\u00bbdistributor\u00a0\u00bb:{\u00ab\u00a0name\u00a0\u00bb:\u00a0\u00bbleparisien\u00a0\u00bb},\u00a0\u00bbheadlines\u00a0\u00bb:{\u00ab\u00a0basic\u00a0\u00bb:\u00a0\u00bbRetour de la neige dans le Massif central\u00a0: la Creuse toujours en vigilance orange ce dimanche matin\u00a0\u00bb},\u00a0\u00bblabel\u00a0\u00bb:{},\u00a0\u00bbpromo_items\u00a0\u00bb:{\u00ab\u00a0basic\u00a0\u00bb:{\u00ab\u00a0additional_properties\u00a0\u00bb:{},\u00a0\u00bbcaption\u00a0\u00bb:\u00a0\u00bbLa neige est tomb\u00e9e dans la nuit de vendredi \u00e0 samedi, particuli\u00e8rement sur la ville de  Saint-Etienne. AFP\/OLIVIER CHASSIGNOLE\u00a0\u00bb,\u00a0\u00bbheight\u00a0\u00bb:1867,\u00a0\u00bbtype\u00a0\u00bb:\u00a0\u00bbimage\u00a0\u00bb,\u00a0\u00bburl\u00a0\u00bb:\u00a0\u00bbhttps:\/\/cloudfront-eu-central-1.images.arcpublishing.com\/leparisien\/SIO73BINGRBF3MLU7KLMXAYHFU.jpg\u00a0\u00bb,\u00a0\u00bbwidth\u00a0\u00bb:2800}},\u00a0\u00bbsubtype\u00a0\u00bb:\u00a0\u00bbART:\u00a0\u00bb,\u00a0\u00bbtaxonomy\u00a0\u00bb:{\u00ab\u00a0primary_section\u00a0\u00bb:{\u00ab\u00a0_id\u00a0\u00bb:\u00a0\u00bb\/societe\u00a0\u00bb,\u00a0\u00bbadditional_properties\u00a0\u00bb:{\u00ab\u00a0original\u00a0\u00bb:{\u00ab\u00a0site\u00a0\u00bb:{}}},\u00a0\u00bbname\u00a0\u00bb:\u00a0\u00bbSoci\u00e9t\u00e9\u00a0\u00bb},\u00a0\u00bbtags\u00a0\u00bb:[{\u00ab\u00a0text\u00a0\u00bb:\u00a0\u00bbM\u00e9t\u00e9o neige\u00a0\u00bb}]},\u00a0\u00bbwebsite_url\u00a0\u00bb:\u00a0\u00bb\/societe\/retour-de-la-neige-dans-le-massif-central-la-creuse-toujours-en-vigilance-orange-ce-dimanche-matin-16-03-2025-L67TRMINWJHH7OCJ3REU4KONCA.php\u00a0\u00bb},{\u00ab\u00a0_id\u00a0\u00bb:\u00a0\u00bb6XJQKZV2LFEH5LQHZXX3ILT2ZM\u00a0\u00bb,\u00a0\u00bbcontent_restrictions\u00a0\u00bb:{\u00ab\u00a0content_code\u00a0\u00bb:\u00a0\u00bbmetered\u00a0\u00bb},\u00a0\u00bbdistributor\u00a0\u00bb:{\u00ab\u00a0name\u00a0\u00bb:\u00a0\u00bbleparisien\u00a0\u00bb},\u00a0\u00bbheadlines\u00a0\u00bb:{\u00ab\u00a0basic\u00a0\u00bb:\u00a0\u00bbVigilance orange neige\u00a0: dans le Massif central, des conditions de circulation difficiles\u00a0\u00bb},\u00a0\u00bblabel\u00a0\u00bb:{},\u00a0\u00bbpromo_items\u00a0\u00bb:{\u00ab\u00a0basic\u00a0\u00bb:{\u00ab\u00a0additional_properties\u00a0\u00bb:{},\u00a0\u00bbcaption\u00a0\u00bb:\u00a0\u00bbLa neige continue de tomber ce samedi matin sur le Massif central. (Illustration) LP\/S\u00e9bastien Rosel\u00e9\u00a0\u00bb,\u00a0\u00bbheight\u00a0\u00bb:2224,\u00a0\u00bbtype\u00a0\u00bb:\u00a0\u00bbimage\u00a0\u00bb,\u00a0\u00bburl\u00a0\u00bb:\u00a0\u00bbhttps:\/\/cloudfront-eu-central-1.images.arcpublishing.com\/leparisien\/UITL4ECYBZCI7EX5AN777JH2XY.jpg\u00a0\u00bb,\u00a0\u00bbwidth\u00a0\u00bb:3644}},\u00a0\u00bbsubtype\u00a0\u00bb:\u00a0\u00bbART:\u00a0\u00bb,\u00a0\u00bbtaxonomy\u00a0\u00bb:{\u00ab\u00a0primary_section\u00a0\u00bb:{\u00ab\u00a0_id\u00a0\u00bb:\u00a0\u00bb\/meteo\u00a0\u00bb,\u00a0\u00bbadditional_properties\u00a0\u00bb:{\u00ab\u00a0original\u00a0\u00bb:{\u00ab\u00a0site\u00a0\u00bb:{\u00ab\u00a0paywall_deactivated\u00a0\u00bb:\u00a0\u00bbfalse\u00a0\u00bb}}},\u00a0\u00bbname\u00a0\u00bb:\u00a0\u00bbM\u00e9t\u00e9o\u00a0\u00bb},\u00a0\u00bbtags\u00a0\u00bb:[{\u00ab\u00a0text\u00a0\u00bb:\u00a0\u00bbM\u00e9t\u00e9o neige\u00a0\u00bb}]},\u00a0\u00bbwebsite_url\u00a0\u00bb:\u00a0\u00bb\/meteo\/vigilance-orange-neige-dans-le-massif-central-des-conditions-de-circulation-difficiles-15-03-2025-6XJQKZV2LFEH5LQHZXX3ILT2ZM.php\u00a0\u00bb},{\u00ab\u00a0_id\u00a0\u00bb:\u00a0\u00bb2FQF5756SJH4XB6KJEDPDOZ7EM\u00a0\u00bb,\u00a0\u00bbcontent_restrictions\u00a0\u00bb:{\u00ab\u00a0content_code\u00a0\u00bb:\u00a0\u00bbmetered\u00a0\u00bb},\u00a0\u00bbdistributor\u00a0\u00bb:{\u00ab\u00a0name\u00a0\u00bb:\u00a0\u00bbleparisien\u00a0\u00bb},\u00a0\u00bbheadlines\u00a0\u00bb:{\u00ab\u00a0basic\u00a0\u00bb:\u00a0\u00bbDe la Bourgogne aux Vosges : jusqu&rsquo;\u00e0 10 cm de neige sont tomb\u00e9s en plaine dans le nord-est\u00a0\u00bb},\u00a0\u00bbpromo_items\u00a0\u00bb:{\u00ab\u00a0basic\u00a0\u00bb:{\u00ab\u00a0additional_properties\u00a0\u00bb:{},\u00a0\u00bbcaption\u00a0\u00bb:\u00a0\u00bbLes chutes de neige en plaine ont perturb\u00e9 la circulation sur de nombreux axes de l&rsquo;Est de la France ce jeudi matin. (Illustration) AFP\/Lou Benoist\u00a0\u00bb,\u00a0\u00bbheight\u00a0\u00bb:1648,\u00a0\u00bbtype\u00a0\u00bb:\u00a0\u00bbimage\u00a0\u00bb,\u00a0\u00bburl\u00a0\u00bb:\u00a0\u00bbhttps:\/\/cloudfront-eu-central-1.images.arcpublishing.com\/leparisien\/3OTPXLKRMJASPK67JO22HCRDJA.jpg\u00a0\u00bb,\u00a0\u00bbwidth\u00a0\u00bb:2472}},\u00a0\u00bbsubtype\u00a0\u00bb:\u00a0\u00bbART:\u00a0\u00bb,\u00a0\u00bbtaxonomy\u00a0\u00bb:{\u00ab\u00a0primary_section\u00a0\u00bb:{\u00ab\u00a0_id\u00a0\u00bb:\u00a0\u00bb\/meteo\u00a0\u00bb,\u00a0\u00bbadditional_properties\u00a0\u00bb:{\u00ab\u00a0original\u00a0\u00bb:{\u00ab\u00a0site\u00a0\u00bb:{\u00ab\u00a0paywall_deactivated\u00a0\u00bb:\u00a0\u00bbfalse\u00a0\u00bb}}},\u00a0\u00bbname\u00a0\u00bb:\u00a0\u00bbM\u00e9t\u00e9o\u00a0\u00bb},\u00a0\u00bbtags\u00a0\u00bb:[{\u00ab\u00a0text\u00a0\u00bb:\u00a0\u00bbM\u00e9t\u00e9o neige\u00a0\u00bb}]},\u00a0\u00bbwebsite_url\u00a0\u00bb:\u00a0\u00bb\/meteo\/de-la-bourgogne-aux-vosges-jusqua-10-cm-de-neige-sont-tombes-en-plaine-dans-le-nord-est-13-03-2025-2FQF5756SJH4XB6KJEDPDOZ7EM.php\u00a0\u00bb},{\u00ab\u00a0_id\u00a0\u00bb:\u00a0\u00bbGCUZ6ECPHFBUFP5NFKVTQVNERQ\u00a0\u00bb,\u00a0\u00bbcontent_restrictions\u00a0\u00bb:{\u00ab\u00a0content_code\u00a0\u00bb:\u00a0\u00bbmetered\u00a0\u00bb},\u00a0\u00bbdistributor\u00a0\u00bb:{\u00ab\u00a0name\u00a0\u00bb:\u00a0\u00bbleparisien\u00a0\u00bb},\u00a0\u00bbheadlines\u00a0\u00bb:{\u00ab\u00a0basic\u00a0\u00bb:\u00a0\u00bbDe la neige attendue en plaine jeudi dans le nord-est de la France\u00a0\u00bb},\u00a0\u00bblabel\u00a0\u00bb:{},\u00a0\u00bbpromo_items\u00a0\u00bb:{\u00ab\u00a0basic\u00a0\u00bb:{\u00ab\u00a0additional_properties\u00a0\u00bb:{},\u00a0\u00bbcaption\u00a0\u00bb:\u00a0\u00bbLes cumuls devraient osciller entre un saupoudrage et quelques centim\u00e8tres dans le Nord-Est jeudi. (illustration) LP\/Arnaud Dumontier\u00a0\u00bb,\u00a0\u00bbheight\u00a0\u00bb:3335,\u00a0\u00bbtype\u00a0\u00bb:\u00a0\u00bbimage\u00a0\u00bb,\u00a0\u00bburl\u00a0\u00bb:\u00a0\u00bbhttps:\/\/cloudfront-eu-central-1.images.arcpublishing.com\/leparisien\/BH5OXXPH4NA77EAM2VWCBPPBE4.jpg\u00a0\u00bb,\u00a0\u00bbwidth\u00a0\u00bb:5000}},\u00a0\u00bbsubtype\u00a0\u00bb:\u00a0\u00bbART:\u00a0\u00bb,\u00a0\u00bbtaxonomy\u00a0\u00bb:{\u00ab\u00a0primary_section\u00a0\u00bb:{\u00ab\u00a0_id\u00a0\u00bb:\u00a0\u00bb\/meteo\u00a0\u00bb,\u00a0\u00bbadditional_properties\u00a0\u00bb:{\u00ab\u00a0original\u00a0\u00bb:{\u00ab\u00a0site\u00a0\u00bb:{\u00ab\u00a0paywall_deactivated\u00a0\u00bb:\u00a0\u00bbfalse\u00a0\u00bb}}},\u00a0\u00bbname\u00a0\u00bb:\u00a0\u00bbM\u00e9t\u00e9o\u00a0\u00bb},\u00a0\u00bbtags\u00a0\u00bb:[{\u00ab\u00a0text\u00a0\u00bb:\u00a0\u00bbM\u00e9t\u00e9o neige\u00a0\u00bb}]},\u00a0\u00bbwebsite_url\u00a0\u00bb:\u00a0\u00bb\/meteo\/de-la-neige-attendue-en-plaine-jeudi-dans-le-nord-est-de-la-france-12-03-2025-GCUZ6ECPHFBUFP5NFKVTQVNERQ.php\u00a0\u00bb},{\u00ab\u00a0_id\u00a0\u00bb:\u00a0\u00bbI5KH4Z4RCVCYXFQRALPWOPRDG4&Prime;,\u00a0\u00bbcontent_restrictions\u00a0\u00bb:{\u00ab\u00a0content_code\u00a0\u00bb:\u00a0\u00bbmetered\u00a0\u00bb},\u00a0\u00bbdistributor\u00a0\u00bb:{\u00ab\u00a0name\u00a0\u00bb:\u00a0\u00bbleparisien\u00a0\u00bb},\u00a0\u00bbheadlines\u00a0\u00bb:{\u00ab\u00a0basic\u00a0\u00bb:\u00a0\u00bbLa neige revient ce lundi entre la Normandie et les Hauts-de-France\u00a0\u00bb},\u00a0\u00bblabel\u00a0\u00bb:{},\u00a0\u00bbpromo_items\u00a0\u00bb:{\u00ab\u00a0basic\u00a0\u00bb:{\u00ab\u00a0additional_properties\u00a0\u00bb:{},\u00a0\u00bbcaption\u00a0\u00bb:\u00a0\u00bbUn saupoudrage de neige devrait concerner le nord du pays pr\u00e8s de la mer, ce lundi en fin de journ\u00e9e. (illustration) LP\/Fr\u00e9d\u00e9ric Dugit\u00a0\u00bb,\u00a0\u00bbheight\u00a0\u00bb:3333,\u00a0\u00bbtype\u00a0\u00bb:\u00a0\u00bbimage\u00a0\u00bb,\u00a0\u00bburl\u00a0\u00bb:\u00a0\u00bbhttps:\/\/cloudfront-eu-central-1.images.arcpublishing.com\/leparisien\/NL6RJYBDCRHLHH36JX3ODMOLDA.jpg\u00a0\u00bb,\u00a0\u00bbwidth\u00a0\u00bb:5000}},\u00a0\u00bbsubtype\u00a0\u00bb:\u00a0\u00bbART:\u00a0\u00bb,\u00a0\u00bbtaxonomy\u00a0\u00bb:{\u00ab\u00a0primary_section\u00a0\u00bb:{\u00ab\u00a0_id\u00a0\u00bb:\u00a0\u00bb\/meteo\u00a0\u00bb,\u00a0\u00bbadditional_properties\u00a0\u00bb:{\u00ab\u00a0original\u00a0\u00bb:{\u00ab\u00a0site\u00a0\u00bb:{\u00ab\u00a0paywall_deactivated\u00a0\u00bb:\u00a0\u00bbfalse\u00a0\u00bb}}},\u00a0\u00bbname\u00a0\u00bb:\u00a0\u00bbM\u00e9t\u00e9o\u00a0\u00bb},\u00a0\u00bbtags\u00a0\u00bb:[{\u00ab\u00a0text\u00a0\u00bb:\u00a0\u00bbM\u00e9t\u00e9o neige\u00a0\u00bb}]},\u00a0\u00bbwebsite_url\u00a0\u00bb:\u00a0\u00bb\/meteo\/la-neige-revient-ce-lundi-entre-la-normandie-et-les-hauts-de-france-10-02-2025-I5KH4Z4RCVCYXFQRALPWOPRDG4.php\u00a0\u00bb},{\u00ab\u00a0_id\u00a0\u00bb:\u00a0\u00bbVUDHJI65JRELFLVPK2YV42WVGI\u00a0\u00bb,\u00a0\u00bbcontent_restrictions\u00a0\u00bb:{\u00ab\u00a0content_code\u00a0\u00bb:\u00a0\u00bbhard-paywall\u00a0\u00bb},\u00a0\u00bbdistributor\u00a0\u00bb:{\u00ab\u00a0name\u00a0\u00bb:\u00a0\u00bbleparisien\u00a0\u00bb},\u00a0\u00bbheadlines\u00a0\u00bb:{\u00ab\u00a0basic\u00a0\u00bb:\u00a0\u00bbVigilance orange et vacances scolaires\u00a0: aurez-vous (vraiment) beaucoup de neige \u00e0 la montagne\u00a0?\u00a0\u00bb},\u00a0\u00bblabel\u00a0\u00bb:{\u00ab\u00a0format\u00a0\u00bb:{\u00ab\u00a0text\u00a0\u00bb:\u00a0\u00bbD\u00e9cryptage\u00a0\u00bb,\u00a0\u00bburl\u00a0\u00bb:\u00a0\u00bb\/decryptage\u00a0\u00bb},\u00a0\u00bbprofil\u00a0\u00bb:{\u00ab\u00a0text\u00a0\u00bb:\u00a0\u00bbABO\u00a0\u00bb}},\u00a0\u00bbpromo_items\u00a0\u00bb:{\u00ab\u00a0basic\u00a0\u00bb:{\u00ab\u00a0additional_properties\u00a0\u00bb:{},\u00a0\u00bbcaption\u00a0\u00bb:\u00a0\u00bbEn haute montagne, la neige est aussi, voire plus abondante que d\u2019habitude \u00e0 cette p\u00e9riode de l\u2019ann\u00e9e, mais cela risque de ne pas durer. LP\/Thomas Pueyo\u00a0\u00bb,\u00a0\u00bbheight\u00a0\u00bb:1866,\u00a0\u00bbtype\u00a0\u00bb:\u00a0\u00bbimage\u00a0\u00bb,\u00a0\u00bburl\u00a0\u00bb:\u00a0\u00bbhttps:\/\/cloudfront-eu-central-1.images.arcpublishing.com\/leparisien\/XO745CMJSNGY3ASWCHZW4GWNBE.jpg\u00a0\u00bb,\u00a0\u00bbwidth\u00a0\u00bb:2800}},\u00a0\u00bbsubtype\u00a0\u00bb:\u00a0\u00bbART:\u00a0\u00bb,\u00a0\u00bbtaxonomy\u00a0\u00bb:{\u00ab\u00a0primary_section\u00a0\u00bb:{\u00ab\u00a0_id\u00a0\u00bb:\u00a0\u00bb\/meteo\u00a0\u00bb,\u00a0\u00bbadditional_properties\u00a0\u00bb:{\u00ab\u00a0original\u00a0\u00bb:{\u00ab\u00a0site\u00a0\u00bb:{\u00ab\u00a0paywall_deactivated\u00a0\u00bb:\u00a0\u00bbfalse\u00a0\u00bb}}},\u00a0\u00bbname\u00a0\u00bb:\u00a0\u00bbM\u00e9t\u00e9o\u00a0\u00bb},\u00a0\u00bbtags\u00a0\u00bb:[{\u00ab\u00a0text\u00a0\u00bb:\u00a0\u00bbM\u00e9t\u00e9o neige\u00a0\u00bb}]},\u00a0\u00bbwebsite_url\u00a0\u00bb:\u00a0\u00bb\/meteo\/vigilance-orange-et-vacances-scolaires-aurez-vous-vraiment-beaucoup-de-neige-a-la-montagne-08-02-2025-VUDHJI65JRELFLVPK2YV42WVGI.php\u00a0\u00bb},{\u00ab\u00a0_id\u00a0\u00bb:\u00a0\u00bb2P2L63BM3RFWBPDMIXP3V5ZISA\u00a0\u00bb,\u00a0\u00bbcontent_restrictions\u00a0\u00bb:{\u00ab\u00a0content_code\u00a0\u00bb:\u00a0\u00bbmetered\u00a0\u00bb},\u00a0\u00bbdistributor\u00a0\u00bb:{\u00ab\u00a0name\u00a0\u00bb:\u00a0\u00bbleparisien\u00a0\u00bb},\u00a0\u00bbheadlines\u00a0\u00bb:{\u00ab\u00a0basic\u00a0\u00bb:\u00a0\u00bbNeige et verglas\u00a0: trois d\u00e9partements du sud du Massif central en vigilance orange\u00a0\u00bb},\u00a0\u00bblabel\u00a0\u00bb:{},\u00a0\u00bbpromo_items\u00a0\u00bb:{\u00ab\u00a0basic\u00a0\u00bb:{\u00ab\u00a0additional_properties\u00a0\u00bb:{},\u00a0\u00bbcaption\u00a0\u00bb:\u00a0\u00bbLes conditions de circulation pourraient donc devenir \u00ab rapidement tr\u00e8s difficiles \u00bb, particuli\u00e8rement en secteur forestier. (Illustration) LP\/Charlotte de Fr\u00e9mont\u00a0\u00bb,\u00a0\u00bbheight\u00a0\u00bb:841,\u00a0\u00bbtype\u00a0\u00bb:\u00a0\u00bbimage\u00a0\u00bb,\u00a0\u00bburl\u00a0\u00bb:\u00a0\u00bbhttps:\/\/cloudfront-eu-central-1.images.arcpublishing.com\/leparisien\/2VNE27CF2XXXGRIHUGQAFW6WDY.jpg\u00a0\u00bb,\u00a0\u00bbwidth\u00a0\u00bb:1280}},\u00a0\u00bbsubtype\u00a0\u00bb:\u00a0\u00bbART:\u00a0\u00bb,\u00a0\u00bbtaxonomy\u00a0\u00bb:{\u00ab\u00a0primary_section\u00a0\u00bb:{\u00ab\u00a0_id\u00a0\u00bb:\u00a0\u00bb\/meteo\u00a0\u00bb,\u00a0\u00bbadditional_properties\u00a0\u00bb:{\u00ab\u00a0original\u00a0\u00bb:{\u00ab\u00a0site\u00a0\u00bb:{\u00ab\u00a0paywall_deactivated\u00a0\u00bb:\u00a0\u00bbfalse\u00a0\u00bb}}},\u00a0\u00bbname\u00a0\u00bb:\u00a0\u00bbM\u00e9t\u00e9o\u00a0\u00bb},\u00a0\u00bbtags\u00a0\u00bb:[{\u00ab\u00a0text\u00a0\u00bb:\u00a0\u00bbM\u00e9t\u00e9o neige\u00a0\u00bb}]},\u00a0\u00bbwebsite_url\u00a0\u00bb:\u00a0\u00bb\/meteo\/neige-et-verglas-quatre-departements-du-sud-du-massif-central-en-vigilance-orange-08-02-2025-2P2L63BM3RFWBPDMIXP3V5ZISA.php\u00a0\u00bb},{\u00ab\u00a0_id\u00a0\u00bb:\u00a0\u00bbUSTQ3QW4EVE77KQIG5HBASHWYA\u00a0\u00bb,\u00a0\u00bbcontent_restrictions\u00a0\u00bb:{\u00ab\u00a0content_code\u00a0\u00bb:\u00a0\u00bbmetered\u00a0\u00bb},\u00a0\u00bbdistributor\u00a0\u00bb:{\u00ab\u00a0name\u00a0\u00bb:\u00a0\u00bbleparisien\u00a0\u00bb},\u00a0\u00bbheadlines\u00a0\u00bb:{\u00ab\u00a0basic\u00a0\u00bb:\u00a0\u00bbNeige et verglas\u00a0: quatre d\u00e9partements en vigilance orange dans le Massif central samedi\u00a0\u00bb},\u00a0\u00bblabel\u00a0\u00bb:{},\u00a0\u00bbpromo_items\u00a0\u00bb:{\u00ab\u00a0basic\u00a0\u00bb:{\u00ab\u00a0additional_properties\u00a0\u00bb:{},\u00a0\u00bbcaption\u00a0\u00bb:\u00a0\u00bbDans le nord de la France, la tenue de la neige au sol devrait rester marginale ce vendredi et se limiter \u00e0 un simple saupoudrage. (illustration) LP\/Delphine Goldsztejn\u00a0\u00bb,\u00a0\u00bbheight\u00a0\u00bb:3396,\u00a0\u00bbtype\u00a0\u00bb:\u00a0\u00bbimage\u00a0\u00bb,\u00a0\u00bburl\u00a0\u00bb:\u00a0\u00bbhttps:\/\/cloudfront-eu-central-1.images.arcpublishing.com\/leparisien\/275623YRQZD3FNNAUAEYWKE5ZA.jpg\u00a0\u00bb,\u00a0\u00bbwidth\u00a0\u00bb:5000}},\u00a0\u00bbsubtype\u00a0\u00bb:\u00a0\u00bbART:\u00a0\u00bb,\u00a0\u00bbtaxonomy\u00a0\u00bb:{\u00ab\u00a0primary_section\u00a0\u00bb:{\u00ab\u00a0_id\u00a0\u00bb:\u00a0\u00bb\/meteo\u00a0\u00bb,\u00a0\u00bbadditional_properties\u00a0\u00bb:{\u00ab\u00a0original\u00a0\u00bb:{\u00ab\u00a0site\u00a0\u00bb:{\u00ab\u00a0paywall_deactivated\u00a0\u00bb:\u00a0\u00bbfalse\u00a0\u00bb}}},\u00a0\u00bbname\u00a0\u00bb:\u00a0\u00bbM\u00e9t\u00e9o\u00a0\u00bb},\u00a0\u00bbtags\u00a0\u00bb:[{\u00ab\u00a0text\u00a0\u00bb:\u00a0\u00bbM\u00e9t\u00e9o neige\u00a0\u00bb}]},\u00a0\u00bbwebsite_url\u00a0\u00bb:\u00a0\u00bb\/meteo\/vigilance-neige-et-verglas-dans-le-nord-ouest-dont-lile-de-france-le-massif-central-et-les-pyrenees-07-02-2025-USTQ3QW4EVE77KQIG5HBASHWYA.php\u00a0\u00bb},{\u00ab\u00a0_id\u00a0\u00bb:\u00a0\u00bbFMHI5JXPWBD6HMCHAK5Q4KKEYA\u00a0\u00bb,\u00a0\u00bbcontent_restrictions\u00a0\u00bb:{\u00ab\u00a0content_code\u00a0\u00bb:\u00a0\u00bbmetered\u00a0\u00bb},\u00a0\u00bbdistributor\u00a0\u00bb:{\u00ab\u00a0name\u00a0\u00bb:\u00a0\u00bbleparisien\u00a0\u00bb},\u00a0\u00bbheadlines\u00a0\u00bb:{\u00ab\u00a0basic\u00a0\u00bb:\u00a0\u00bbChutes de neige : quelques flocons attendus en \u00cele-de-France et en Normandie vendredi\u00a0\u00bb},\u00a0\u00bblabel\u00a0\u00bb:{},\u00a0\u00bbpromo_items\u00a0\u00bb:{\u00ab\u00a0basic\u00a0\u00bb:{\u00ab\u00a0additional_properties\u00a0\u00bb:{},\u00a0\u00bbcaption\u00a0\u00bb:\u00a0\u00bbVendredi, c&rsquo;est un m\u00e9lange de pluie et de neige qui est attendu dans un vaste quart nord-ouest du pays. LP\/Arnaud Journois\u00a0\u00bb,\u00a0\u00bbheight\u00a0\u00bb:1870,\u00a0\u00bbtype\u00a0\u00bb:\u00a0\u00bbimage\u00a0\u00bb,\u00a0\u00bburl\u00a0\u00bb:\u00a0\u00bbhttps:\/\/cloudfront-eu-central-1.images.arcpublishing.com\/leparisien\/GU3LSOL5IFGTTNMPA3S76KDYQY.jpg\u00a0\u00bb,\u00a0\u00bbwidth\u00a0\u00bb:2800}},\u00a0\u00bbsubtype\u00a0\u00bb:\u00a0\u00bbART:\u00a0\u00bb,\u00a0\u00bbtaxonomy\u00a0\u00bb:{\u00ab\u00a0primary_section\u00a0\u00bb:{\u00ab\u00a0_id\u00a0\u00bb:\u00a0\u00bb\/meteo\u00a0\u00bb,\u00a0\u00bbadditional_properties\u00a0\u00bb:{\u00ab\u00a0original\u00a0\u00bb:{\u00ab\u00a0site\u00a0\u00bb:{\u00ab\u00a0paywall_deactivated\u00a0\u00bb:\u00a0\u00bbfalse\u00a0\u00bb}}},\u00a0\u00bbname\u00a0\u00bb:\u00a0\u00bbM\u00e9t\u00e9o\u00a0\u00bb},\u00a0\u00bbtags\u00a0\u00bb:[{\u00ab\u00a0text\u00a0\u00bb:\u00a0\u00bbM\u00e9t\u00e9o neige\u00a0\u00bb}]},\u00a0\u00bbwebsite_url\u00a0\u00bb:\u00a0\u00bb\/meteo\/chutes-de-neige-quelques-flocons-attendus-en-ile-de-france-et-en-normandie-vendredi-et-ce-week-end-06-02-2025-FMHI5JXPWBD6HMCHAK5Q4KKEYA.php\u00a0\u00bb}],\u00a0\u00bbcount\u00a0\u00bb:153,\u00a0\u00bbnext\u00a0\u00bb:20,\u00a0\u00bb_id\u00a0\u00bb:\u00a0\u00bbdc939928e1e6db6c60a8f7da93268e62eeea0641bf7fc5d2a18c31adc5e24ef4&Prime;},\u00a0\u00bbexpires\u00a0\u00bb:1763822029692,\u00a0\u00bblastModified\u00a0\u00bb:1763821909576},\u00a0\u00bb{\\\u00a0\u00bbexcludeSections\\\u00a0\u00bb:[\\\u00a0\u00bb\/podcasts\\\u00a0\u00bb],\\\u00a0\u00bbexcludeSubtype\\\u00a0\u00bb:\\\u00a0\u00bb\\\u00a0\u00bb,\\\u00a0\u00bboffset\\\u00a0\u00bb:0,\\\u00a0\u00bbsectionPath\\\u00a0\u00bb:\\\u00a0\u00bb\/environnement\/climat\\\u00a0\u00bb,\\\u00a0\u00bbsize\\\u00a0\u00bb:9,\\\u00a0\u00bbsources\\\u00a0\u00bb:[\\\u00a0\u00bb_id\\\u00a0\u00bb,\\\u00a0\u00bbheadlines\\\u00a0\u00bb,\\\u00a0\u00bbwebsite_url\\\u00a0\u00bb,\\\u00a0\u00bblabel\\\u00a0\u00bb]}\u00a0\u00bb:{\u00ab\u00a0data\u00a0\u00bb:{\u00ab\u00a0content_elements\u00a0\u00bb:[{\u00ab\u00a0_id\u00a0\u00bb:\u00a0\u00bbIYGAJRUMUZGPTP3OE7QF57PS6U\u00a0\u00bb,\u00a0\u00bbcontent_restrictions\u00a0\u00bb:{\u00ab\u00a0content_code\u00a0\u00bb:\u00a0\u00bbmetered\u00a0\u00bb},\u00a0\u00bbdistributor\u00a0\u00bb:{\u00ab\u00a0name\u00a0\u00bb:\u00a0\u00bbleparisien\u00a0\u00bb},\u00a0\u00bbheadlines\u00a0\u00bb:{\u00ab\u00a0basic\u00a0\u00bb:\u00a0\u00bbNeige et verglas\u00a0: les pr\u00e9cautions \u00e0 prendre en voiture, \u00e0 v\u00e9lo et \u00e0 pied\u00a0\u00bb},\u00a0\u00bblabel\u00a0\u00bb:{},\u00a0\u00bbpromo_items\u00a0\u00bb:{\u00ab\u00a0basic\u00a0\u00bb:{\u00ab\u00a0additional_properties\u00a0\u00bb:{},\u00a0\u00bbcaption\u00a0\u00bb:\u00a0\u00bbAttention aux risques de glissade sur les routes franciliennes samedi soir en raison de la neige et du verglas (illustration). LP\/Esteban PINEL\u00a0\u00bb,\u00a0\u00bbheight\u00a0\u00bb:3333,\u00a0\u00bbtype\u00a0\u00bb:\u00a0\u00bbimage\u00a0\u00bb,\u00a0\u00bburl\u00a0\u00bb:\u00a0\u00bbhttps:\/\/cloudfront-eu-central-1.images.arcpublishing.com\/leparisien\/4BXWHSG63RF57LIJTVBN74WQSQ.jpg\u00a0\u00bb,\u00a0\u00bbwidth\u00a0\u00bb:5000}},\u00a0\u00bbsubtype\u00a0\u00bb:\u00a0\u00bbART:\u00a0\u00bb,\u00a0\u00bbtaxonomy\u00a0\u00bb:{\u00ab\u00a0primary_section\u00a0\u00bb:{\u00ab\u00a0_id\u00a0\u00bb:\u00a0\u00bb\/environnement\/climat\u00a0\u00bb,\u00a0\u00bbadditional_properties\u00a0\u00bb:{\u00ab\u00a0original\u00a0\u00bb:{\u00ab\u00a0site\u00a0\u00bb:{\u00ab\u00a0paywall_deactivated\u00a0\u00bb:\u00a0\u00bbfalse\u00a0\u00bb}}},\u00a0\u00bbname\u00a0\u00bb:\u00a0\u00bbClimat\u00a0\u00bb},\u00a0\u00bbtags\u00a0\u00bb:[{\u00ab\u00a0text\u00a0\u00bb:\u00a0\u00bbM\u00e9t\u00e9o neige\u00a0\u00bb},{\u00ab\u00a0text\u00a0\u00bb:\u00a0\u00bbM\u00e9t\u00e9o froid\u00a0\u00bb}]},\u00a0\u00bbwebsite_url\u00a0\u00bb:\u00a0\u00bb\/environnement\/climat\/neige-et-verglas-les-precautions-a-prendre-en-voiture-a-velo-et-a-pied-22-11-2025-IYGAJRUMUZGPTP3OE7QF57PS6U.php\u00a0\u00bb},{\u00ab\u00a0_id\u00a0\u00bb:\u00a0\u00bbLMPTVGOW7ZADFNTIC5S56EERU4&Prime;,\u00a0\u00bbcontent_restrictions\u00a0\u00bb:{\u00ab\u00a0content_code\u00a0\u00bb:\u00a0\u00bbmetered\u00a0\u00bb},\u00a0\u00bbdistributor\u00a0\u00bb:{\u00ab\u00a0name\u00a0\u00bb:\u00a0\u00bbleparisien\u00a0\u00bb},\u00a0\u00bbheadlines\u00a0\u00bb:{\u00ab\u00a0basic\u00a0\u00bb:\u00a0\u00bbCOP30\u00a0: pourquoi l\u2019UE n\u2019exclut pas que le sommet sur le climat se termine \u00ab\u00a0sans accord\u00a0\u00bb\u00a0\u00bb},\u00a0\u00bblabel\u00a0\u00bb:{},\u00a0\u00bbpromo_items\u00a0\u00bb:{\u00ab\u00a0basic\u00a0\u00bb:{\u00ab\u00a0additional_properties\u00a0\u00bb:{},\u00a0\u00bbcaption\u00a0\u00bb:\u00a0\u00bbCommissaire europ\u00e9en au Climat, Wopke Hoekstra estime que le texte manque d&rsquo;ambition sur la r\u00e9duction des \u00e9missions de gaz \u00e0 effet de serre. Reuters\/Adriano Machado\u00a0\u00bb,\u00a0\u00bbheight\u00a0\u00bb:1866,\u00a0\u00bbtype\u00a0\u00bb:\u00a0\u00bbimage\u00a0\u00bb,\u00a0\u00bburl\u00a0\u00bb:\u00a0\u00bbhttps:\/\/cloudfront-eu-central-1.images.arcpublishing.com\/leparisien\/4KQDLDZBA5BF5KH4OLRSEHLJ6U.jpg\u00a0\u00bb,\u00a0\u00bbwidth\u00a0\u00bb:2800}},\u00a0\u00bbsubtype\u00a0\u00bb:\u00a0\u00bbART:\u00a0\u00bb,\u00a0\u00bbtaxonomy\u00a0\u00bb:{\u00ab\u00a0primary_section\u00a0\u00bb:{\u00ab\u00a0_id\u00a0\u00bb:\u00a0\u00bb\/politique\u00a0\u00bb,\u00a0\u00bbadditional_properties\u00a0\u00bb:{\u00ab\u00a0original\u00a0\u00bb:{\u00ab\u00a0site\u00a0\u00bb:{}}},\u00a0\u00bbname\u00a0\u00bb:\u00a0\u00bbPolitique\u00a0\u00bb}},\u00a0\u00bbwebsite_url\u00a0\u00bb:\u00a0\u00bb\/politique\/cop30-pourquoi-lue-nexclut-pas-que-le-sommet-sur-le-climat-se-termine-sans-accord-21-11-2025-LMPTVGOW7ZADFNTIC5S56EERU4.php\u00a0\u00bb},{\u00ab\u00a0_id\u00a0\u00bb:\u00a0\u00bbOMSDT4VNANDP5JX3TBYMOW6V3A\u00a0\u00bb,\u00a0\u00bbcontent_restrictions\u00a0\u00bb:{\u00ab\u00a0content_code\u00a0\u00bb:\u00a0\u00bbhard-paywall\u00a0\u00bb},\u00a0\u00bbdistributor\u00a0\u00bb:{\u00ab\u00a0name\u00a0\u00bb:\u00a0\u00bbleparisien\u00a0\u00bb},\u00a0\u00bbheadlines\u00a0\u00bb:{\u00ab\u00a0basic\u00a0\u00bb:\u00a0\u00bb\u00ab\u00a0Le monde est encore \u00e0 80\u00a0% d\u00e9pendant des \u00e9nergies fossiles\u00a0\u00bb\u00a0: \u00e0 la COP30 sur le climat, dur d\u2019en sortir\u00a0\u00bb},\u00a0\u00bblabel\u00a0\u00bb:{\u00ab\u00a0format\u00a0\u00bb:{\u00ab\u00a0text\u00a0\u00bb:\u00a0\u00bbD\u00e9cryptage\u00a0\u00bb,\u00a0\u00bburl\u00a0\u00bb:\u00a0\u00bb\/decryptage\u00a0\u00bb},\u00a0\u00bbprofil\u00a0\u00bb:{\u00ab\u00a0text\u00a0\u00bb:\u00a0\u00bbABO\u00a0\u00bb}},\u00a0\u00bbpromo_items\u00a0\u00bb:{\u00ab\u00a0basic\u00a0\u00bb:{\u00ab\u00a0additional_properties\u00a0\u00bb:{},\u00a0\u00bbcaption\u00a0\u00bb:\u00a0\u00bbSeal Beach, en Californie, le 5 janvier 2025. Les \u00c9tats-Unis pr\u00e9voient d\u2019autoriser 34 concessions de forage de p\u00e9trole et de gaz au large de cet \u00c9tat, dans les eaux du golfe du Mexique et le long de la c\u00f4te nord de l\u2019Alaska. Getty Images via AFP\/Mario Tama\u00a0\u00bb,\u00a0\u00bbheight\u00a0\u00bb:1782,\u00a0\u00bbtype\u00a0\u00bb:\u00a0\u00bbimage\u00a0\u00bb,\u00a0\u00bburl\u00a0\u00bb:\u00a0\u00bbhttps:\/\/cloudfront-eu-central-1.images.arcpublishing.com\/leparisien\/Q2IGL45A3RHHDEQGFDQIUARIQQ.jpg\u00a0\u00bb,\u00a0\u00bbwidth\u00a0\u00bb:2800}},\u00a0\u00bbsubtype\u00a0\u00bb:\u00a0\u00bbART:\u00a0\u00bb,\u00a0\u00bbtaxonomy\u00a0\u00bb:{\u00ab\u00a0primary_section\u00a0\u00bb:{\u00ab\u00a0_id\u00a0\u00bb:\u00a0\u00bb\/environnement\/climat\u00a0\u00bb,\u00a0\u00bbadditional_properties\u00a0\u00bb:{\u00ab\u00a0original\u00a0\u00bb:{\u00ab\u00a0site\u00a0\u00bb:{\u00ab\u00a0paywall_deactivated\u00a0\u00bb:\u00a0\u00bbfalse\u00a0\u00bb}}},\u00a0\u00bbname\u00a0\u00bb:\u00a0\u00bbClimat\u00a0\u00bb},\u00a0\u00bbtags\u00a0\u00bb:[{\u00ab\u00a0text\u00a0\u00bb:\u00a0\u00bbCOP 30 \u00e0 Bel\u00e9m\u00a0\u00bb},{\u00ab\u00a0text\u00a0\u00bb:\u00a0\u00bbDonald Trump\u00a0\u00bb}]},\u00a0\u00bbwebsite_url\u00a0\u00bb:\u00a0\u00bb\/environnement\/climat\/le-monde-est-encore-a-80-dependant-des-energies-fossiles-a-la-cop30-sur-le-climat-dur-den-sortir-21-11-2025-OMSDT4VNANDP5JX3TBYMOW6V3A.php\u00a0\u00bb},{\u00ab\u00a0_id\u00a0\u00bb:\u00a0\u00bb7NT72XERMVGMPLBCZLTFVJQOAU\u00a0\u00bb,\u00a0\u00bbcontent_restrictions\u00a0\u00bb:{\u00ab\u00a0content_code\u00a0\u00bb:\u00a0\u00bbmetered\u00a0\u00bb},\u00a0\u00bbdistributor\u00a0\u00bb:{\u00ab\u00a0name\u00a0\u00bb:\u00a0\u00bbleparisien\u00a0\u00bb},\u00a0\u00bbheadlines\u00a0\u00bb:{\u00ab\u00a0basic\u00a0\u00bb:\u00a0\u00bb\u00ab Irresponsable \u00bb : l\u2019administration Trump suscite les critiques pour une expansion massive du forage d\u2019hydrocarbures offshore\u00a0\u00bb},\u00a0\u00bblabel\u00a0\u00bb:{},\u00a0\u00bbpromo_items\u00a0\u00bb:{\u00ab\u00a0basic\u00a0\u00bb:{\u00ab\u00a0additional_properties\u00a0\u00bb:{},\u00a0\u00bbcaption\u00a0\u00bb:\u00a0\u00bbLe projet am\u00e9ricain de forage de p\u00e9trole en mer suscite de nombreuses critiques.  REUTERS\/Nerijus Adomaitis\u00a0\u00bb,\u00a0\u00bbheight\u00a0\u00bb:2101,\u00a0\u00bbtype\u00a0\u00bb:\u00a0\u00bbimage\u00a0\u00bb,\u00a0\u00bburl\u00a0\u00bb:\u00a0\u00bbhttps:\/\/cloudfront-eu-central-1.images.arcpublishing.com\/leparisien\/5XA6TEMCZJHQ5ADUPVHYBDKF4Q.jpg\u00a0\u00bb,\u00a0\u00bbwidth\u00a0\u00bb:2800}},\u00a0\u00bbsubtype\u00a0\u00bb:\u00a0\u00bbART:\u00a0\u00bb,\u00a0\u00bbtaxonomy\u00a0\u00bb:{\u00ab\u00a0primary_section\u00a0\u00bb:{\u00ab\u00a0_id\u00a0\u00bb:\u00a0\u00bb\/environnement\/climat\u00a0\u00bb,\u00a0\u00bbadditional_properties\u00a0\u00bb:{\u00ab\u00a0original\u00a0\u00bb:{\u00ab\u00a0site\u00a0\u00bb:{\u00ab\u00a0paywall_deactivated\u00a0\u00bb:\u00a0\u00bbfalse\u00a0\u00bb}}},\u00a0\u00bbname\u00a0\u00bb:\u00a0\u00bbClimat\u00a0\u00bb}},\u00a0\u00bbwebsite_url\u00a0\u00bb:\u00a0\u00bb\/environnement\/climat\/irresponsable-ladministration-trump-suscite-les-critiques-pour-une-expansion-massive-du-forage-dhydrocarbures-offshore-21-11-2025-7NT72XERMVGMPLBCZLTFVJQOAU.php\u00a0\u00bb},{\u00ab\u00a0_id\u00a0\u00bb:\u00a0\u00bbHOKIXVXMIVBYRMQMWJJZHVZVFA\u00a0\u00bb,\u00a0\u00bbcontent_restrictions\u00a0\u00bb:{\u00ab\u00a0content_code\u00a0\u00bb:\u00a0\u00bbmetered\u00a0\u00bb},\u00a0\u00bbdistributor\u00a0\u00bb:{\u00ab\u00a0name\u00a0\u00bb:\u00a0\u00bbleparisien\u00a0\u00bb},\u00a0\u00bbheadlines\u00a0\u00bb:{\u00ab\u00a0basic\u00a0\u00bb:\u00a0\u00bb\u00ab\u00a0Profond\u00e9ment pr\u00e9occup\u00e9s\u00a0\u00bb\u00a0: \u00e0 la COP, plus de 30 pays dont la France menacent de bloquer le projet d\u2019accord\u00a0\u00bb},\u00a0\u00bblabel\u00a0\u00bb:{},\u00a0\u00bbpromo_items\u00a0\u00bb:{\u00ab\u00a0basic\u00a0\u00bb:{\u00ab\u00a0additional_properties\u00a0\u00bb:{},\u00a0\u00bbcaption\u00a0\u00bb:\u00a0\u00bbLe projet d&rsquo;accord est jug\u00e9 trop faible sur la question de sortie des \u00e9nergies fossiles notamment, de la part de 30 pays dont la France, alors qu&rsquo;Oxfam a men\u00e9 de son c\u00f4t\u00e9 (photo) une action coup de poing pour d\u00e9noncer l&rsquo;inaction des dirigeants mondiaux. REUTERS\/Adriano Machado\u00a0\u00bb,\u00a0\u00bbheight\u00a0\u00bb:1867,\u00a0\u00bbtype\u00a0\u00bb:\u00a0\u00bbimage\u00a0\u00bb,\u00a0\u00bburl\u00a0\u00bb:\u00a0\u00bbhttps:\/\/cloudfront-eu-central-1.images.arcpublishing.com\/leparisien\/KHVBCFBATNC4HCTDSHWYKKFDRM.jpg\u00a0\u00bb,\u00a0\u00bbwidth\u00a0\u00bb:2800}},\u00a0\u00bbsubtype\u00a0\u00bb:\u00a0\u00bbART:\u00a0\u00bb,\u00a0\u00bbtaxonomy\u00a0\u00bb:{\u00ab\u00a0primary_section\u00a0\u00bb:{\u00ab\u00a0_id\u00a0\u00bb:\u00a0\u00bb\/environnement\/climat\u00a0\u00bb,\u00a0\u00bbadditional_properties\u00a0\u00bb:{\u00ab\u00a0original\u00a0\u00bb:{\u00ab\u00a0site\u00a0\u00bb:{\u00ab\u00a0paywall_deactivated\u00a0\u00bb:\u00a0\u00bbfalse\u00a0\u00bb}}},\u00a0\u00bbname\u00a0\u00bb:\u00a0\u00bbClimat\u00a0\u00bb}},\u00a0\u00bbwebsite_url\u00a0\u00bb:\u00a0\u00bb\/environnement\/climat\/profondement-preoccupes-a-la-cop-plus-de-30-pays-dont-la-france-menacent-de-bloquer-le-projet-daccord-21-11-2025-HOKIXVXMIVBYRMQMWJJZHVZVFA.php\u00a0\u00bb},{\u00ab\u00a0_id\u00a0\u00bb:\u00a0\u00bbWSZ5UPWVGBDDFFSFRY2F4YPL4E\u00a0\u00bb,\u00a0\u00bbcontent_restrictions\u00a0\u00bb:{\u00ab\u00a0content_code\u00a0\u00bb:\u00a0\u00bbmetered\u00a0\u00bb},\u00a0\u00bbdistributor\u00a0\u00bb:{\u00ab\u00a0name\u00a0\u00bb:\u00a0\u00bbleparisien\u00a0\u00bb},\u00a0\u00bbheadlines\u00a0\u00bb:{\u00ab\u00a0basic\u00a0\u00bb:\u00a0\u00bbD\u00e9faillances annonc\u00e9es, n\u00e9gociations&#8230; L\u2019incendie de la COP30 met la conf\u00e9rence \u00e0 l\u2019arr\u00eat au pire moment\u00a0\u00bb},\u00a0\u00bblabel\u00a0\u00bb:{},\u00a0\u00bbpromo_items\u00a0\u00bb:{\u00ab\u00a0basic\u00a0\u00bb:{\u00ab\u00a0additional_properties\u00a0\u00bb:{},\u00a0\u00bbcaption\u00a0\u00bb:\u00a0\u00bbUn incendie a boulevers\u00e9 la derni\u00e8re ligne droite des n\u00e9gociations climatiques de la COP30 au Br\u00e9sil, alors que les d\u00e9l\u00e9gu\u00e9s n\u00e9gociaient \u00e0 marche forc\u00e9e pour forger un compromis avant la cl\u00f4ture vendredi soir. REUTERS\/Douglas Pingituro\u00a0\u00bb,\u00a0\u00bbheight\u00a0\u00bb:1150,\u00a0\u00bbtype\u00a0\u00bb:\u00a0\u00bbimage\u00a0\u00bb,\u00a0\u00bburl\u00a0\u00bb:\u00a0\u00bbhttps:\/\/cloudfront-eu-central-1.images.arcpublishing.com\/leparisien\/B742SB4LFRFOPGXGWHFWKGVSHI.jpg\u00a0\u00bb,\u00a0\u00bbwidth\u00a0\u00bb:1725}},\u00a0\u00bbsubtype\u00a0\u00bb:\u00a0\u00bbART:\u00a0\u00bb,\u00a0\u00bbtaxonomy\u00a0\u00bb:{\u00ab\u00a0primary_section\u00a0\u00bb:{\u00ab\u00a0_id\u00a0\u00bb:\u00a0\u00bb\/environnement\/climat\u00a0\u00bb,\u00a0\u00bbadditional_properties\u00a0\u00bb:{\u00ab\u00a0original\u00a0\u00bb:{\u00ab\u00a0site\u00a0\u00bb:{\u00ab\u00a0paywall_deactivated\u00a0\u00bb:\u00a0\u00bbfalse\u00a0\u00bb}}},\u00a0\u00bbname\u00a0\u00bb:\u00a0\u00bbClimat\u00a0\u00bb},\u00a0\u00bbtags\u00a0\u00bb:[{\u00ab\u00a0text\u00a0\u00bb:\u00a0\u00bbCOP 30 \u00e0 Bel\u00e9m\u00a0\u00bb}]},\u00a0\u00bbwebsite_url\u00a0\u00bb:\u00a0\u00bb\/environnement\/climat\/defaillances-annoncees-negociations-lincendie-de-la-cop30-met-la-conference-a-larret-au-pire-moment-21-11-2025-WSZ5UPWVGBDDFFSFRY2F4YPL4E.php\u00a0\u00bb},{\u00ab\u00a0_id\u00a0\u00bb:\u00a0\u00bbFHGYVTT7VVCHVO3FKI2U5RUYJU\u00a0\u00bb,\u00a0\u00bbcontent_restrictions\u00a0\u00bb:{\u00ab\u00a0content_code\u00a0\u00bb:\u00a0\u00bbmetered\u00a0\u00bb},\u00a0\u00bbdistributor\u00a0\u00bb:{\u00ab\u00a0name\u00a0\u00bb:\u00a0\u00bbleparisien\u00a0\u00bb},\u00a0\u00bbheadlines\u00a0\u00bb:{\u00ab\u00a0basic\u00a0\u00bb:\u00a0\u00bbBr\u00e9sil\u00a0: le site de la COP30 \u00e9vacu\u00e9 apr\u00e8s un incendie\u00a0\u00bb},\u00a0\u00bblabel\u00a0\u00bb:{},\u00a0\u00bbpromo_items\u00a0\u00bb:{\u00ab\u00a0basic\u00a0\u00bb:{\u00ab\u00a0additional_properties\u00a0\u00bb:{},\u00a0\u00bbcaption\u00a0\u00bb:\u00a0\u00bbUn site de la COP a \u00e9t\u00e9 \u00e9vacu\u00e9 ce jeudi. REUTERS\/Adriano Machado\u00a0\u00bb,\u00a0\u00bbheight\u00a0\u00bb:1866,\u00a0\u00bbtype\u00a0\u00bb:\u00a0\u00bbimage\u00a0\u00bb,\u00a0\u00bburl\u00a0\u00bb:\u00a0\u00bbhttps:\/\/cloudfront-eu-central-1.images.arcpublishing.com\/leparisien\/M7NE3ZPI4FE3HAFZZSBZMQGZWY.jpg\u00a0\u00bb,\u00a0\u00bbwidth\u00a0\u00bb:2800},\u00a0\u00bblead_art_dailymotion\u00a0\u00bb:{\u00ab\u00a0embed\u00a0\u00bb:{\u00ab\u00a0id\u00a0\u00bb:\u00a0\u00bbx9u5adk\u00a0\u00bb,\u00a0\u00bburl\u00a0\u00bb:\u00a0\u00bbhttps:\/\/www.dailymotion.com\/video\/x9u5adk\u00a0\u00bb},\u00a0\u00bbsubtype\u00a0\u00bb:\u00a0\u00bbvideo_dm\u00a0\u00bb,\u00a0\u00bbtype\u00a0\u00bb:\u00a0\u00bbcustom_embed\u00a0\u00bb}},\u00a0\u00bbsubtype\u00a0\u00bb:\u00a0\u00bbART:\u00a0\u00bb,\u00a0\u00bbtaxonomy\u00a0\u00bb:{\u00ab\u00a0primary_section\u00a0\u00bb:{\u00ab\u00a0_id\u00a0\u00bb:\u00a0\u00bb\/environnement\/climat\u00a0\u00bb,\u00a0\u00bbadditional_properties\u00a0\u00bb:{\u00ab\u00a0original\u00a0\u00bb:{\u00ab\u00a0site\u00a0\u00bb:{\u00ab\u00a0paywall_deactivated\u00a0\u00bb:\u00a0\u00bbfalse\u00a0\u00bb}}},\u00a0\u00bbname\u00a0\u00bb:\u00a0\u00bbClimat\u00a0\u00bb}},\u00a0\u00bbwebsite_url\u00a0\u00bb:\u00a0\u00bb\/environnement\/climat\/bresil-le-site-de-la-cop30-evacue-apres-un-incendie-20-11-2025-FHGYVTT7VVCHVO3FKI2U5RUYJU.php\u00a0\u00bb},{\u00ab\u00a0_id\u00a0\u00bb:\u00a0\u00bbLVWSK3HLQZA7VNAWSXCM34AAJY\u00a0\u00bb,\u00a0\u00bbcontent_restrictions\u00a0\u00bb:{\u00ab\u00a0content_code\u00a0\u00bb:\u00a0\u00bbmetered\u00a0\u00bb},\u00a0\u00bbdistributor\u00a0\u00bb:{\u00ab\u00a0name\u00a0\u00bb:\u00a0\u00bbleparisien\u00a0\u00bb},\u00a0\u00bbheadlines\u00a0\u00bb:{\u00ab\u00a0basic\u00a0\u00bb:\u00a0\u00bb\u00ab\u00a0C\u2019est possible\u00a0\u00bb\u00a0: \u00e0 la COP30, le pr\u00e9sident br\u00e9silien Lula mart\u00e8le son envie de sortir des \u00e9nergies fossiles\u00a0\u00bb},\u00a0\u00bblabel\u00a0\u00bb:{},\u00a0\u00bbpromo_items\u00a0\u00bb:{\u00ab\u00a0basic\u00a0\u00bb:{\u00ab\u00a0additional_properties\u00a0\u00bb:{},\u00a0\u00bbcaption\u00a0\u00bb:\u00a0\u00bbPour le pr\u00e9sident br\u00e9silien Lula, sortir des \u00e9nergies fossiles, c&rsquo;est possibles. REUTERS\/Adriano Machado\u00a0\u00bb,\u00a0\u00bbheight\u00a0\u00bb:1867,\u00a0\u00bbtype\u00a0\u00bb:\u00a0\u00bbimage\u00a0\u00bb,\u00a0\u00bburl\u00a0\u00bb:\u00a0\u00bbhttps:\/\/cloudfront-eu-central-1.images.arcpublishing.com\/leparisien\/AZ5LD5NEFJDBBGOL6IL7WXL3HY.jpg\u00a0\u00bb,\u00a0\u00bbwidth\u00a0\u00bb:2800}},\u00a0\u00bbsubtype\u00a0\u00bb:\u00a0\u00bbART:\u00a0\u00bb,\u00a0\u00bbtaxonomy\u00a0\u00bb:{\u00ab\u00a0primary_section\u00a0\u00bb:{\u00ab\u00a0_id\u00a0\u00bb:\u00a0\u00bb\/environnement\/climat\u00a0\u00bb,\u00a0\u00bbadditional_properties\u00a0\u00bb:{\u00ab\u00a0original\u00a0\u00bb:{\u00ab\u00a0site\u00a0\u00bb:{\u00ab\u00a0paywall_deactivated\u00a0\u00bb:\u00a0\u00bbfalse\u00a0\u00bb}}},\u00a0\u00bbname\u00a0\u00bb:\u00a0\u00bbClimat\u00a0\u00bb}},\u00a0\u00bbwebsite_url\u00a0\u00bb:\u00a0\u00bb\/environnement\/climat\/cest-possible-a-la-cop30-le-president-bresilien-lula-martele-son-envie-de-sortir-des-energies-fossiles-20-11-2025-LVWSK3HLQZA7VNAWSXCM34AAJY.php\u00a0\u00bb},{\u00ab\u00a0_id\u00a0\u00bb:\u00a0\u00bbJ6376W4ERRGLXEPCKCQ477AALI\u00a0\u00bb,\u00a0\u00bbcontent_restrictions\u00a0\u00bb:{\u00ab\u00a0content_code\u00a0\u00bb:\u00a0\u00bbhard-paywall\u00a0\u00bb},\u00a0\u00bbdistributor\u00a0\u00bb:{\u00ab\u00a0name\u00a0\u00bb:\u00a0\u00bbleparisien\u00a0\u00bb},\u00a0\u00bbheadlines\u00a0\u00bb:{\u00ab\u00a0basic\u00a0\u00bb:\u00a0\u00bb\u00ab\u00a0En 1950, on \u00e9tait plus endurant au froid, maintenant on est frileux\u00a0\u00bb\u00a0: pourquoi on supporte moins bien l\u2019hiver\u00a0\u00bb},\u00a0\u00bblabel\u00a0\u00bb:{\u00ab\u00a0profil\u00a0\u00bb:{\u00ab\u00a0text\u00a0\u00bb:\u00a0\u00bbABO\u00a0\u00bb}},\u00a0\u00bbpromo_items\u00a0\u00bb:{\u00ab\u00a0basic\u00a0\u00bb:{\u00ab\u00a0additional_properties\u00a0\u00bb:{},\u00a0\u00bbcaption\u00a0\u00bb:\u00a0\u00bbPas facile de passer de records de douceur pour un mois de novembre \u00e0 une masse d&rsquo;air polaire&#8230; (Illustration) LP\/Philippe Lavieille\u00a0\u00bb,\u00a0\u00bbheight\u00a0\u00bb:1869,\u00a0\u00bbtype\u00a0\u00bb:\u00a0\u00bbimage\u00a0\u00bb,\u00a0\u00bburl\u00a0\u00bb:\u00a0\u00bbhttps:\/\/cloudfront-eu-central-1.images.arcpublishing.com\/leparisien\/NQDODQAQDNBG7F7KQVNVOGM7XI.jpg\u00a0\u00bb,\u00a0\u00bbwidth\u00a0\u00bb:2800}},\u00a0\u00bbsubtype\u00a0\u00bb:\u00a0\u00bbART:\u00a0\u00bb,\u00a0\u00bbtaxonomy\u00a0\u00bb:{\u00ab\u00a0primary_section\u00a0\u00bb:{\u00ab\u00a0_id\u00a0\u00bb:\u00a0\u00bb\/meteo\u00a0\u00bb,\u00a0\u00bbadditional_properties\u00a0\u00bb:{\u00ab\u00a0original\u00a0\u00bb:{\u00ab\u00a0site\u00a0\u00bb:{\u00ab\u00a0paywall_deactivated\u00a0\u00bb:\u00a0\u00bbfalse\u00a0\u00bb}}},\u00a0\u00bbname\u00a0\u00bb:\u00a0\u00bbM\u00e9t\u00e9o\u00a0\u00bb},\u00a0\u00bbtags\u00a0\u00bb:[{\u00ab\u00a0text\u00a0\u00bb:\u00a0\u00bbM\u00e9t\u00e9o froid\u00a0\u00bb}]},\u00a0\u00bbwebsite_url\u00a0\u00bb:\u00a0\u00bb\/meteo\/en-1950-on-etait-plus-endurant-au-froid-maintenant-on-est-frileux-pourquoi-on-supporte-moins-bien-lhiver-19-11-2025-J6376W4ERRGLXEPCKCQ477AALI.php\u00a0\u00bb}],\u00a0\u00bbcount\u00a0\u00bb:1152,\u00a0\u00bbnext\u00a0\u00bb:9,\u00a0\u00bb_id\u00a0\u00bb:\u00a0\u00bb453127ae87c8faf6e6ce3b525da0494b01d25751001fa3100f1a8ea967189400&Prime;},\u00a0\u00bbexpires\u00a0\u00bb:1763822031277,\u00a0\u00bblastModified\u00a0\u00bb:1763821911182}},\u00a0\u00bbmost-read\u00a0\u00bb:{\u00ab\u00a0{\\\u00a0\u00bbsize\\\u00a0\u00bb:5,\\\u00a0\u00bbtype\\\u00a0\u00bb:\\\u00a0\u00bball-sections\\\u00a0\u00bb,\\\u00a0\u00bbwebsite\\\u00a0\u00bb:\\\u00a0\u00bbleparisien\\\u00a0\u00bb}\u00a0\u00bb:{\u00ab\u00a0data\u00a0\u00bb:{\u00ab\u00a0content_elements\u00a0\u00bb:[{\u00ab\u00a0headlines\u00a0\u00bb:{\u00ab\u00a0basic\u00a0\u00bb:\u00a0\u00bb\u00ab\u00a0Vous \u00eates vous-m\u00eame fonctionnaire\u00a0\u00bb\u00a0: Gabriel Attal apprend \u00e0 Sandrine Rousseau qu\u2019elle b\u00e9n\u00e9ficie d\u2019une retraite par capitalisation\u00a0\u00bb},\u00a0\u00bbwebsite_url\u00a0\u00bb:\u00a0\u00bb\/politique\/vous-etes-vous-meme-fonctionnaire-gabriel-attal-apprend-a-sandrine-rousseau-quelle-beneficie-dune-retraite-par-capitalisation-21-11-2025-P5RDX266MZDTVCA4K5KDVS3PHM.php\u00a0\u00bb},{\u00ab\u00a0headlines\u00a0\u00bb:{\u00ab\u00a0basic\u00a0\u00bb:\u00a0\u00bb\u00ab\u00a0Perdre nos enfants\u00a0\u00bb\u00a0: \u00e0 rebours du reste de la gauche, Glucksmann juge que le g\u00e9n\u00e9ral Mandon \u00ab\u00a0a raison d\u2019alerter la nation\u00a0\u00bb\u00a0\u00bb},\u00a0\u00bbwebsite_url\u00a0\u00bb:\u00a0\u00bb\/politique\/perdre-nos-enfants-a-rebours-du-reste-de-la-gauche-glucksmann-juge-que-le-general-mandon-a-raison-dalerter-la-nation-21-11-2025-DLMUZH5TOFG7PC7X2JPJBY277I.php\u00a0\u00bb},{\u00ab\u00a0headlines\u00a0\u00bb:{\u00ab\u00a0basic\u00a0\u00bb:\u00a0\u00bbPras Michel, rappeur des Fugees, condamn\u00e9 \u00e0 14\u00a0ans de prison pour avoir financ\u00e9 ill\u00e9galement la campagne d\u2019Obama en 2012&Prime;},\u00a0\u00bbwebsite_url\u00a0\u00bb:\u00a0\u00bb\/culture-loisirs\/musique\/pras-michel-rappeur-des-fugees-condamne-a-14-ans-de-prison-pour-avoir-finance-illegalement-la-campagne-dobama-en-2012-21-11-2025-ISSWGPLLR5BAROBSLF5HJK4ZJ4.php\u00a0\u00bb},{\u00ab\u00a0headlines\u00a0\u00bb:{\u00ab\u00a0basic\u00a0\u00bb:\u00a0\u00bbMunicipales 2026\u00a0\u00e0 Menton : Louis Sarkozy investi, Sandra Paire d\u00e9coupe sa carte LR et d\u00e9nonce un \u00ab\u00a0parachutage\u00a0\u00bb\u00a0\u00bb},\u00a0\u00bbwebsite_url\u00a0\u00bb:\u00a0\u00bb\/elections\/municipales\/municipales-2026-louis-sarkozy-investi-a-menton-sandra-paire-decoupe-sa-carte-lr-et-denonce-un-parachutage-21-11-2025-HTZXHO37INDF7IMHZXWUZAHQHM.php\u00a0\u00bb},{\u00ab\u00a0headlines\u00a0\u00bb:{\u00ab\u00a0basic\u00a0\u00bb:\u00a0\u00bbGuerre en Ukraine\u00a0: une attaque \u00e0 6\u00a0millions de dollars, Kiev tire des missiles ATACMS pour la premi\u00e8re fois depuis le retour de Trump\u00a0\u00bb},\u00a0\u00bbwebsite_url\u00a0\u00bb:\u00a0\u00bb\/international\/ukraine\/guerre-en-ukraine-une-attaque-a-6-millions-de-dollars-kiev-tire-des-missiles-atacms-pour-la-premiere-fois-depuis-le-retour-de-trump-21-11-2025-DGJIUGUKS5BU7HNM3WBIYFGQJY.php\u00a0\u00bb}],\u00a0\u00bb_id\u00a0\u00bb:\u00a0\u00bb3bd146a94860a46380d5354576bd409191013d64513a6020936a26aec3c000b1&Prime;},\u00a0\u00bbexpires\u00a0\u00bb:1763822205201,\u00a0\u00bblastModified\u00a0\u00bb:1763818598240}},\u00a0\u00bbget-comment\u00a0\u00bb:{\u00ab\u00a0{\\\u00a0\u00bbarticleId\\\u00a0\u00bb:\\\u00a0\u00bbIYGAJRUMUZGPTP3OE7QF57PS6U\\\u00a0\u00bb,\\\u00a0\u00bblimit\\\u00a0\u00bb:1000}\u00a0\u00bb:{\u00ab\u00a0data\u00a0\u00bb:{\u00ab\u00a0comments\u00a0\u00bb:[{\u00ab\u00a0id\u00a0\u00bb:\u00a0\u00bb4b8fd1be-9eab-4e6b-95b5-c2186c0abf8c\u00a0\u00bb,\u00a0\u00bbusername\u00a0\u00bb:\u00a0\u00bbDaikiro-paris\u00a0\u00bb,\u00a0\u00bbmessage\u00a0\u00bb:\u00a0\u00bbC est la premi\u00e8re fois que l hiver arrive en France ?\ud83e\udd23\u00a0\u00bb,\u00a0\u00bbcreatedAt\u00a0\u00bb:\u00a0\u00bb2025-11-22T12:55:10+00:00&Prime;,\u00a0\u00bbarticleTitle\u00a0\u00bb:\u00a0\u00bbNeige et verglas\u00a0: les pr\u00e9cautions \u00e0 prendre en voiture, \u00e0 v\u00e9lo et \u00e0 pied\u00a0\u00bb,\u00a0\u00bbarticleUrl\u00a0\u00bb:\u00a0\u00bbhttps:\/\/leparisien.fr\/environnement\/climat\/neige-et-verglas-les-precautions-a-prendre-en-voiture-a-velo-et-a-pied-22-11-2025-IYGAJRUMUZGPTP3OE7QF57PS6U.php\u00a0\u00bb,\u00a0\u00bbarticleId\u00a0\u00bb:\u00a0\u00bbIYGAJRUMUZGPTP3OE7QF57PS6U\u00a0\u00bb},{\u00ab\u00a0id\u00a0\u00bb:\u00a0\u00bb0314acaa-9eef-4238-96db-275f7e0f24ed\u00a0\u00bb,\u00a0\u00bbusername\u00a0\u00bb:\u00a0\u00bbpriape\u00a0\u00bb,\u00a0\u00bbmessage\u00a0\u00bb:\u00a0\u00bbIl est possible de rester bloqu\u00c9.\u00a0\u00bb,\u00a0\u00bbcreatedAt\u00a0\u00bb:\u00a0\u00bb2025-11-22T12:19:37+00:00&Prime;,\u00a0\u00bbarticleTitle\u00a0\u00bb:\u00a0\u00bbNeige et verglas\u00a0: les pr\u00e9cautions \u00e0 prendre en voiture, \u00e0 v\u00e9lo et \u00e0 pied\u00a0\u00bb,\u00a0\u00bbarticleUrl\u00a0\u00bb:\u00a0\u00bbhttps:\/\/leparisien.fr\/environnement\/climat\/neige-et-verglas-les-precautions-a-prendre-en-voiture-a-velo-et-a-pied-22-11-2025-IYGAJRUMUZGPTP3OE7QF57PS6U.php\u00a0\u00bb,\u00a0\u00bbarticleId\u00a0\u00bb:\u00a0\u00bbIYGAJRUMUZGPTP3OE7QF57PS6U\u00a0\u00bb}],\u00a0\u00bbid\u00a0\u00bb:\u00a0\u00bb\u00a0\u00bb,\u00a0\u00bbcreatedAt\u00a0\u00bb:\u00a0\u00bb\u00a0\u00bb,\u00a0\u00bb_id\u00a0\u00bb:\u00a0\u00bb\u00a0\u00bb},\u00a0\u00bbexpires\u00a0\u00bb:1763822304124,\u00a0\u00bblastModified\u00a0\u00bb:1763822003850}},\u00a0\u00bbguide-third-party\u00a0\u00bb:{\u00ab\u00a0{}\u00a0\u00bb:{\u00ab\u00a0data\u00a0\u00bb:{\u00ab\u00a0type\u00a0\u00bb:\u00a0\u00bbresults\u00a0\u00bb,\u00a0\u00bbversion\u00a0\u00bb:\u00a0\u00bb0.6.0&Prime;,\u00a0\u00bbcontent_elements\u00a0\u00bb:[{\u00ab\u00a0headlines\u00a0\u00bb:{\u00ab\u00a0basic\u00a0\u00bb:\u00a0\u00bbCe week-end, l\u2019enseigne Action sort de nouvelles offres in\u00e9dites pour liquider ses stocks\u00a0\u00bb},\u00a0\u00bbpromo_items\u00a0\u00bb:{\u00ab\u00a0basic\u00a0\u00bb:{\u00ab\u00a0owner\u00a0\u00bb:{\u00ab\u00a0sponsored\u00a0\u00bb:false,\u00a0\u00bbid\u00a0\u00bb:\u00a0\u00bblpguideshopping\u00a0\u00bb},\u00a0\u00bbcredits\u00a0\u00bb:{\u00ab\u00a0affiliation\u00a0\u00bb:[]},\u00a0\u00bbsubtitle\u00a0\u00bb:\u00a0\u00bbaction\u00a0\u00bb,\u00a0\u00bbwidth\u00a0\u00bb:1280,\u00a0\u00bbcaption\u00a0\u00bb:\u00a0\u00bbCe week-end, l\u2019enseigne Action sort de nouvelles offres in\u00e9dites pour liquider ses stocks \/\/ Action\u00a0\u00bb,\u00a0\u00bbsource\u00a0\u00bb:{\u00ab\u00a0system\u00a0\u00bb:\u00a0\u00bbphoto center\u00a0\u00bb,\u00a0\u00bbedit_url\u00a0\u00bb:\u00a0\u00bb\u00a0\u00bb,\u00a0\u00bbadditional_properties\u00a0\u00bb:{\u00ab\u00a0editor\u00a0\u00bb:\u00a0\u00bbphoto center\u00a0\u00bb}},\u00a0\u00bbtype\u00a0\u00bb:\u00a0\u00bbimage\u00a0\u00bb,\u00a0\u00bburl\u00a0\u00bb:\u00a0\u00bbhttps:\/\/cloudfront-eu-central-1.images.arcpublishing.com\/lpguideshopping\/ASICD4L35NH4ZEP2AI4GXXGVAU.jpg\u00a0\u00bb,\u00a0\u00bbheight\u00a0\u00bb:800}},\u00a0\u00bbcanonical_url\u00a0\u00bb:\u00a0\u00bbhttps:\/\/www.leparisien.fr\/guide-shopping\/maison\/plus-que-quelques-jours-pour-profiter-de-ces-promos-exceptionnelles-dans-les-magasins-action-23-11-2025-IFN6BTXOGVHRZIGP2FF3TH4BHM.php\u00a0\u00bb,\u00a0\u00bb_id\u00a0\u00bb:\u00a0\u00bbIFN6BTXOGVHRZIGP2FF3TH4BHM\u00a0\u00bb},{\u00ab\u00a0headlines\u00a0\u00bb:{\u00ab\u00a0basic\u00a0\u00bb:\u00a0\u00bbCet adaptateur CarPlay sans fil pour iPhone s\u2019affiche en ce moment \u00e0 moins de 18 euros sur Amazon\u00a0\u00bb},\u00a0\u00bbpromo_items\u00a0\u00bb:{\u00ab\u00a0basic\u00a0\u00bb:{\u00ab\u00a0owner\u00a0\u00bb:{\u00ab\u00a0sponsored\u00a0\u00bb:false,\u00a0\u00bbid\u00a0\u00bb:\u00a0\u00bblpguideshopping\u00a0\u00bb},\u00a0\u00bbcredits\u00a0\u00bb:{\u00ab\u00a0affiliation\u00a0\u00bb:[]},\u00a0\u00bbsubtitle\u00a0\u00bb:\u00a0\u00bbvoiture\u00a0\u00bb,\u00a0\u00bbwidth\u00a0\u00bb:1280,\u00a0\u00bbcaption\u00a0\u00bb:\u00a0\u00bbCet adaptateur CarPlay sans fil pour iPhone s\u2019affiche en ce moment \u00e0 moins de 18 euros sur Amazon \/\/ Pexels\u00a0\u00bb,\u00a0\u00bbsource\u00a0\u00bb:{\u00ab\u00a0system\u00a0\u00bb:\u00a0\u00bbphoto center\u00a0\u00bb,\u00a0\u00bbedit_url\u00a0\u00bb:\u00a0\u00bb\u00a0\u00bb,\u00a0\u00bbadditional_properties\u00a0\u00bb:{\u00ab\u00a0editor\u00a0\u00bb:\u00a0\u00bbphoto center\u00a0\u00bb}},\u00a0\u00bbtype\u00a0\u00bb:\u00a0\u00bbimage\u00a0\u00bb,\u00a0\u00bburl\u00a0\u00bb:\u00a0\u00bbhttps:\/\/cloudfront-eu-central-1.images.arcpublishing.com\/lpguideshopping\/ZJGS4A5545AZDNZWSTI5WWS6HE.jpg\u00a0\u00bb,\u00a0\u00bbheight\u00a0\u00bb:800}},\u00a0\u00bbcanonical_url\u00a0\u00bb:\u00a0\u00bbhttps:\/\/www.leparisien.fr\/guide-shopping\/black-friday\/cet-adaptateur-carplay-sans-fil-pour-iphone-saffiche-en-ce-moment-a-moins-de-18-euros-sur-amazon-22-11-2025-WLEWWL3QFZHYNFUBT6XLB7BCNU.php\u00a0\u00bb,\u00a0\u00bb_id\u00a0\u00bb:\u00a0\u00bbWLEWWL3QFZHYNFUBT6XLB7BCNU\u00a0\u00bb},{\u00ab\u00a0headlines\u00a0\u00bb:{\u00ab\u00a0basic\u00a0\u00bb:\u00a0\u00bbPS5 Slim : \u00e0 ce prix l\u00e0 les stocks baissent \u00e0 vue d\u2019oeil, profitez-en tant qu\u2019il est temps \u00ab\u00a0},\u00a0\u00bbpromo_items\u00a0\u00bb:{\u00ab\u00a0basic\u00a0\u00bb:{\u00ab\u00a0owner\u00a0\u00bb:{\u00ab\u00a0sponsored\u00a0\u00bb:false,\u00a0\u00bbid\u00a0\u00bb:\u00a0\u00bblpguideshopping\u00a0\u00bb},\u00a0\u00bbcredits\u00a0\u00bb:{\u00ab\u00a0affiliation\u00a0\u00bb:[]},\u00a0\u00bbsubtitle\u00a0\u00bb:\u00a0\u00bbps5&Prime;,\u00a0\u00bbwidth\u00a0\u00bb:1280,\u00a0\u00bbcaption\u00a0\u00bb:\u00a0\u00bbPS5 Slim : \u00e0 ce prix l\u00e0 les stocks baissent \u00e0 vue d\u2019oeil, profitez-en tant qu\u2019il est temps \/\/ Cdiscount\u00a0\u00bb,\u00a0\u00bbsource\u00a0\u00bb:{\u00ab\u00a0system\u00a0\u00bb:\u00a0\u00bbphoto center\u00a0\u00bb,\u00a0\u00bbedit_url\u00a0\u00bb:\u00a0\u00bb\u00a0\u00bb,\u00a0\u00bbadditional_properties\u00a0\u00bb:{\u00ab\u00a0editor\u00a0\u00bb:\u00a0\u00bbphoto center\u00a0\u00bb}},\u00a0\u00bbtype\u00a0\u00bb:\u00a0\u00bbimage\u00a0\u00bb,\u00a0\u00bburl\u00a0\u00bb:\u00a0\u00bbhttps:\/\/cloudfront-eu-central-1.images.arcpublishing.com\/lpguideshopping\/NKCN7DTZRBGOBEKPPL6GYAZ2BQ.jpg\u00a0\u00bb,\u00a0\u00bbheight\u00a0\u00bb:800}},\u00a0\u00bbcanonical_url\u00a0\u00bb:\u00a0\u00bbhttps:\/\/www.leparisien.fr\/guide-shopping\/high-tech\/jeux-video\/ps5-slim-a-ce-prix-la-les-stocks-baissent-a-vue-doeil-profitez-en-tant-quil-est-temps-22-11-2025-AKEOUTMQORFYBBXJFMAU436GEE.php\u00a0\u00bb,\u00a0\u00bb_id\u00a0\u00bb:\u00a0\u00bbAKEOUTMQORFYBBXJFMAU436GEE\u00a0\u00bb},{\u00ab\u00a0headlines\u00a0\u00bb:{\u00ab\u00a0basic\u00a0\u00bb:\u00a0\u00bbEn novembre, Hello bank! vous propose jusqu\u2019\u00e0 180 euros offerts pour l\u2019ouverture d\u2019un compte\u00a0\u00bb},\u00a0\u00bbpromo_items\u00a0\u00bb:{\u00ab\u00a0basic\u00a0\u00bb:{\u00ab\u00a0owner\u00a0\u00bb:{\u00ab\u00a0sponsored\u00a0\u00bb:false,\u00a0\u00bbid\u00a0\u00bb:\u00a0\u00bblpguideshopping\u00a0\u00bb},\u00a0\u00bbcredits\u00a0\u00bb:{\u00ab\u00a0affiliation\u00a0\u00bb:[]},\u00a0\u00bbsubtitle\u00a0\u00bb:\u00a0\u00bbHello bank!\u00a0\u00bb,\u00a0\u00bbwidth\u00a0\u00bb:1280,\u00a0\u00bbcaption\u00a0\u00bb:\u00a0\u00bbEn novembre, Hello bank! vous propose jusqu\u2019\u00e0 180 euros offerts pour l\u2019ouverture d\u2019un compte \/\/ Hello bank!\u00a0\u00bb,\u00a0\u00bbsource\u00a0\u00bb:{\u00ab\u00a0system\u00a0\u00bb:\u00a0\u00bbphoto center\u00a0\u00bb,\u00a0\u00bbedit_url\u00a0\u00bb:\u00a0\u00bb\u00a0\u00bb,\u00a0\u00bbadditional_properties\u00a0\u00bb:{\u00ab\u00a0editor\u00a0\u00bb:\u00a0\u00bbphoto center\u00a0\u00bb}},\u00a0\u00bbtype\u00a0\u00bb:\u00a0\u00bbimage\u00a0\u00bb,\u00a0\u00bburl\u00a0\u00bb:\u00a0\u00bbhttps:\/\/cloudfront-eu-central-1.images.arcpublishing.com\/lpguideshopping\/7GLQX5ANQRDAHM6TBU7LFHAKGA.jpg\u00a0\u00bb,\u00a0\u00bbheight\u00a0\u00bb:800}},\u00a0\u00bbcanonical_url\u00a0\u00bb:\u00a0\u00bbhttps:\/\/www.leparisien.fr\/guide-shopping\/finance-assurance\/finance\/en-novembre-hello-bank-vous-propose-jusqua-180-euros-offerts-pour-louverture-dun-compte-22-11-2025-S4B3CXPUABAWLB2CTNUG7XV47I.php\u00a0\u00bb,\u00a0\u00bb_id\u00a0\u00bb:\u00a0\u00bbS4B3CXPUABAWLB2CTNUG7XV47I\u00a0\u00bb}],\u00a0\u00bbadditional_properties\u00a0\u00bb:{\u00ab\u00a0took\u00a0\u00bb:41,\u00a0\u00bbtimed_out\u00a0\u00bb:false},\u00a0\u00bbcount\u00a0\u00bb:10000,\u00a0\u00bbnext\u00a0\u00bb:4,\u00a0\u00bb_id\u00a0\u00bb:\u00a0\u00bb1ae467dc944d8354848532595019b640f81eaa6461348ae3e50ddec0088bbc2b\u00a0\u00bb},\u00a0\u00bbexpires\u00a0\u00bb:1763822898903,\u00a0\u00bblastModified\u00a0\u00bb:1763819298809}},\u00a0\u00bbbienici-annonce-immo\u00a0\u00bb:{\u00ab\u00a0{\\\u00a0\u00bbfileCode\\\u00a0\u00bb:\\\u00a0\u00bbe24228ac-9c82-4ef2-85d6-cf6dfd28ebd4\\\u00a0\u00bb}\u00a0\u00bb:{\u00ab\u00a0data\u00a0\u00bb:{\u00ab\u00a0@version\u00a0\u00bb:2,\u00a0\u00bbchannel\u00a0\u00bb:{\u00ab\u00a0item\u00a0\u00bb:[{\u00ab\u00a0title\u00a0\u00bb:\u00a0\u00bbAppartement 3\u00a0pi\u00e8ces 64\u00a0m\u00b2\u00a0\u00bb,\u00a0\u00bbdescription\u00a0\u00bb:\u00a0\u00bbExclusivit\u00e9 &#8211; Cannes La Bocca. Centre-ville\\n\\nDans une r\u00e9sidence r\u00e9cente, bien entretenue et s\u00e9curis\u00e9e, d\u00e9couvrez ce lumineux appartement traversant 3 pi\u00e8ces avec aper\u00e7u mer.\\n\\nIl se compose d&rsquo;un agr\u00e9able s\u00e9jour de 21 m\u00b2, d&rsquo;une cuisine ind\u00e9pendante (possibilit\u00e9 d&rsquo;ouverture sur le s\u00e9jour, mur non porteur), de deux chambres avec placards int\u00e9gr\u00e9s, d&rsquo;une salle de bains et de WC s\u00e9par\u00e9s.\\n\\nId\u00e9alement situ\u00e9, \u00e0 seulement 600 m\u00e8tres des plages et \u00e0 proximit\u00e9 imm\u00e9diate de tous les commerces.\\n\\nCharges : 110  euros \/ mois (individuelles)\\nTaxe fonci\u00e8re : 990  euros \/ an\\n\\nLes informations sur les risques auxquels ce bien est expos\u00e9 sont disponibles sur le site G\u00e9orisques\u00a0: georisques.gouv.fr\\nDPE: C, GES : A\\nMontant estim\u00e9 des d\u00e9penses annuelles d&rsquo;\u00e9nergie pour un usage standard entre 680 et 930  euros index\u00e9es aux ann\u00e9es 2024.\\nPour visiter et vous accompagner dans votre projet, contactez Marc BERIMI, au  ou, par courriel \u00e0 \\nSelon l&rsquo;article L.561.5 du Code Mon\u00e9taire et Financier, pour l&rsquo;organisation de la visite, la pr\u00e9sentation d&rsquo;une pi\u00e8ce d&rsquo;identit\u00e9 vous sera demand\u00e9e.\\nCette pr\u00e9sente annonce a \u00e9t\u00e9 r\u00e9dig\u00e9e sous la responsabilit\u00e9 \u00e9ditoriale de Marc BERIMI agissant sous le statut d&rsquo;agent commercial immatricul\u00e9 au RSAC 513785535 CANNES aupr\u00e8s de SAS PROPRIETES PRIVEES, au capital de 44 920 euros, ZAC LE CH\u00caNE FERR\u00c9 &#8211; 44 ALL\u00c9E DES CINQ CONTINENTS 44120 VERTOU; SIRET 487 624 777 00040, RCS Nantes. Carte Professionnelle Transactions sur immeubles et fonds de commerce (T) et Gestion immobili\u00e8re (G) n\u00b0CPI 4401 2016 000 010 388 d\u00e9livr\u00e9e par la CCI Nantes &#8211; Saint Nazaire. Compte s\u00e9questre n\u00b030932508467 BPA SAINT-SEBASTIEN-SUR-LOIRE (44230). Garantie GALIAN-SMABTP &#8211; 89 rue de la Bo\u00e9tie, 75008 Paris &#8211; n\u00b028137 J pour 2 000 000 euros pour T et 120 000 euros pour G. Assurance responsabilit\u00e9 civile professionnelle par GALIAN-SMABTP n\u00b0 de police 28137.J\\n\\nMandat r\u00e9f : 423184 &#8211; Le professionnel garantit et s\u00e9curise votre projet immobilier.\\n.\\nCopropri\u00e9t\u00e9 de 28 lots ().\\n\\nCharges annuelles : 1320  euros.\\n Marc BERIMI (EI) Agent Commercial &#8211; Num\u00e9ro RSAC : 513785535 CANNES &#8211; .\\nLes informations sur les risques auxquels ce bien est expos\u00e9 sont disponibles sur le site G\u00e9orisques\u00a0: www.georisques.gouv.fr\u00a0\u00bb,\u00a0\u00bblink\u00a0\u00bb:\u00a0\u00bbhttps:\/\/www.bienici.com\/annonce\/ag440414-499791413&Prime;,\u00a0\u00bbguid\u00a0\u00bb:{\u00ab\u00a0@isPermaLink\u00a0\u00bb:\u00a0\u00bbfalse\u00a0\u00bb,\u00a0\u00bb#\u00a0\u00bb:\u00a0\u00bb9b2680b5d1cbbd29bbf98930e023bbfbd6040bd3&Prime;},\u00a0\u00bbg:brand\u00a0\u00bb:\u00a0\u00bbBien ici\u00a0\u00bb,\u00a0\u00bbg:mpn\u00a0\u00bb:\u00a0\u00bbag440414-499791413&Prime;,\u00a0\u00bbg:google_product_category\u00a0\u00bb:\u00a0\u00bbMaison et jardin\u00a0\u00bb,\u00a0\u00bbg:product_type\u00a0\u00bb:\u00a0\u00bbMaison et jardin\u00a0\u00bb,\u00a0\u00bbg:shipping\u00a0\u00bb:{\u00ab\u00a0g:country\u00a0\u00bb:\u00a0\u00bbFR\u00a0\u00bb,\u00a0\u00bbg:price\u00a0\u00bb:\u00a0\u00bb0 EUR\u00a0\u00bb},\u00a0\u00bbg:availability\u00a0\u00bb:\u00a0\u00bben stock\u00a0\u00bb,\u00a0\u00bbg:condition\u00a0\u00bb:\u00a0\u00bboccasion\u00a0\u00bb,\u00a0\u00bbg:adType\u00a0\u00bb:\u00a0\u00bbbuy\u00a0\u00bb,\u00a0\u00bbg:propertyType\u00a0\u00bb:\u00a0\u00bbappartement\u00a0\u00bb,\u00a0\u00bbg:departement\u00a0\u00bb:\u00a0\u00bb06&Prime;,\u00a0\u00bbg:departement_name\u00a0\u00bb:\u00a0\u00bbAlpes-Maritimes\u00a0\u00bb,\u00a0\u00bbg:in_the_departement_name\u00a0\u00bb:\u00a0\u00bbdans les Alpes-Maritimes\u00a0\u00bb,\u00a0\u00bbg:region_name\u00a0\u00bb:\u00a0\u00bbProvence-Alpes-C\u00f4te d&rsquo;Azur\u00a0\u00bb,\u00a0\u00bbg:in_the_region_name\u00a0\u00bb:\u00a0\u00bben Provence-Alpes-C\u00f4te d&rsquo;Azur\u00a0\u00bb,\u00a0\u00bbg:old_region_name\u00a0\u00bb:\u00a0\u00bbProvence-Alpes-C\u00f4te d&rsquo;Azur\u00a0\u00bb,\u00a0\u00bbg:old_in_the_region_name\u00a0\u00bb:\u00a0\u00bben Provence-Alpes-C\u00f4te d&rsquo;Azur\u00a0\u00bb,\u00a0\u00bbg:city\u00a0\u00bb:\u00a0\u00bbCannes\u00a0\u00bb,\u00a0\u00bbg:in_city\u00a0\u00bb:\u00a0\u00bb\u00e0 Cannes\u00a0\u00bb,\u00a0\u00bbg:postal_code\u00a0\u00bb:\u00a0\u00bb06150&Prime;,\u00a0\u00bbg:surfaceArea\u00a0\u00bb:\u00a0\u00bb64&Prime;,\u00a0\u00bbg:roomsQuantity\u00a0\u00bb:\u00a0\u00bb3&Prime;,\u00a0\u00bbg:bedroomsQuantity\u00a0\u00bb:\u00a0\u00bb2&Prime;,\u00a0\u00bbg:energyClassification\u00a0\u00bb:\u00a0\u00bbC\u00a0\u00bb,\u00a0\u00bbg:greenhouseGazClassification\u00a0\u00bb:\u00a0\u00bbA\u00a0\u00bb,\u00a0\u00bbg:id\u00a0\u00bb:\u00a0\u00bb9b2680b5d1cbbd29bbf98930e023bbfbd6040bd3&Prime;,\u00a0\u00bbg:publicationDate\u00a0\u00bb:\u00a0\u00bb2025-11-21T02:08:53.691Z\u00a0\u00bb,\u00a0\u00bbg:modificationDate\u00a0\u00bb:\u00a0\u00bb2025-11-21T02:08:53.691Z\u00a0\u00bb,\u00a0\u00bbg:price\u00a0\u00bb:\u00a0\u00bb270000 EUR\u00a0\u00bb,\u00a0\u00bbg:image_link\u00a0\u00bb:\u00a0\u00bbhttps:\/\/file.bienici.com\/photo\/ag440414-499791413_photos.ubiflow.net_440414_499791413_photos_1.jpg_INSOON_EB_5512801818_20251121020143&Prime;,\u00a0\u00bbg:additional_image_link\u00a0\u00bb:[\u00ab\u00a0https:\/\/file.bienici.com\/photo\/ag440414-499791413_photos.ubiflow.net_440414_499791413_photos_2.jpg_INSOON_EB_5512801818_20251121020143&Prime;,\u00a0\u00bbhttps:\/\/file.bienici.com\/photo\/ag440414-499791413_photos.ubiflow.net_440414_499791413_photos_3.jpg_INSOON_EB_5512801818_20251121020143&Prime;,\u00a0\u00bbhttps:\/\/file.bienici.com\/photo\/ag440414-499791413_photos.ubiflow.net_440414_499791413_photos_4.jpg_INSOON_EB_5512801818_20251121020143&Prime;,\u00a0\u00bbhttps:\/\/file.bienici.com\/photo\/ag440414-499791413_photos.ubiflow.net_440414_499791413_photos_5.jpg_INSOON_EB_5512801818_20251121020143&Prime;,\u00a0\u00bbhttps:\/\/file.bienici.com\/photo\/ag440414-499791413_photos.ubiflow.net_440414_499791413_photos_6.jpg_INSOON_EB_5512801818_20251121020143&Prime;,\u00a0\u00bbhttps:\/\/file.bienici.com\/photo\/ag440414-499791413_photos.ubiflow.net_440414_499791413_photos_7.jpg_INSOON_EB_5512801818_20251121020143&Prime;,\u00a0\u00bbhttps:\/\/file.bienici.com\/photo\/ag440414-499791413_photos.ubiflow.net_440414_499791413_photos_8.jpg_INSOON_EB_5512801818_20251121020143&Prime;,\u00a0\u00bbhttps:\/\/file.bienici.com\/photo\/ag440414-499791413_photos.ubiflow.net_440414_499791413_photos_9.jpg_INSOON_EB_5512801818_20251121020143&Prime;,\u00a0\u00bbhttps:\/\/file.bienici.com\/photo\/ag440414-499791413_photos.ubiflow.net_440414_499791413_photos_10.jpg_INSOON_EB_5512801818_20251121020143&Prime;],\u00a0\u00bbg:latitude\u00a0\u00bb:\u00a0\u00bb43.54945121141816&Prime;,\u00a0\u00bbg:longitude\u00a0\u00bb:\u00a0\u00bb6.974540391835855&Prime;},{\u00ab\u00a0title\u00a0\u00bb:\u00a0\u00bbAppartement 4\u00a0pi\u00e8ces 84\u00a0m\u00b2\u00a0\u00bb,\u00a0\u00bbdescription\u00a0\u00bb:\u00a0\u00bbEXCLUSIVITE AGENCE GUETTA IMMOBILIER &#8211; L&rsquo;HAY LES ROSES (VAL DE MARNE &#8211; 94240) 3 RUE DE METZ\\n\\n\u00c0 vendre : Appartement 4 pi\u00e8ces au c\u0153ur d&rsquo;un quartier calme et r\u00e9sidentiel \u00e0 Chevilly-Larue\\n\\nD\u00e9couvrez cet appartement de 4 pi\u00e8ces d&rsquo;environ 84 m\u00b2, id\u00e9alement situ\u00e9 au c\u0153ur d&rsquo;un quartier paisible, entour\u00e9 de pavillons. \u00c0 seulement une quinzaine de minutes \u00e0 pied de la station de m\u00e9tro ligne 14 L&rsquo;HAY LES ROSES, ce dernier b\u00e9n\u00e9ficie d&rsquo;un cadre de vie agr\u00e9able et pratique, \u00e0 proximit\u00e9 des transports, des \u00e9coles et des commerces.\\n\\nL&rsquo;appartement se compose d&rsquo;une entr\u00e9e spacieuse, d&rsquo;un lumineux s\u00e9jour ouvert sur une belle terrasse, parfaite pour profiter des journ\u00e9es ensoleill\u00e9es. Vous y trouverez \u00e9galement 3 chambres confortables, une salle de bains et des WC s\u00e9par\u00e9s, offrant tout le confort n\u00e9cessaire au quotidien.\\n\\nCe bien comprend \u00e9galement un box ferm\u00e9, ainsi que la possibilit\u00e9 de stationner un second v\u00e9hicule en ext\u00e9rieur.\\n\\nProfitez de beaux volumes dans un environnement calme et s\u00e9curis\u00e9, tout en restant \u00e0 proximit\u00e9 imm\u00e9diate des transports en commun, des \u00e9coles et des commerces.\\n\\nUn cadre de vie parfait pour une famille ou un couple \u00e0 la recherche de tranquillit\u00e9 sans sacrifier la proximit\u00e9 des commodit\u00e9s urbaines.\\n\\n\u00c0 visiter sans tarder !\\n\\nBien soumis au statut juridique de la Copropri\u00e9t\u00e9. Nb de lots : 6.\\nCharges annuelles de copropri\u00e9t\u00e9 (Montant moyen annuel quote-part du budget pr\u00e9visionnel vendeur) : 0,00 \u20ac.\\n\\n\u00ab Les informations sur les risques auxquels ce bien est expos\u00e9 sont disponibles sur le site G\u00e9orisques\u00a0: www.georisques.gouv.fr \u00bb\\n\\nGUETTA IMMOBILIER\\n\\nVotre agence immobili\u00e8re\\nRCS 905 016 564\\nTitulaire de la Carte professionnelle CPI94012022000000001 d\u00e9livr\u00e9e par CCI de Paris \u00cele-de-France\\nVille du greffe : Creteil\\n\\nPlus d&rsquo;informations sur notre site av-transaction immo &#8211; R\u00e9f\u00e9rence: 7501820105\\n\\nHonoraires charge vendeur.\u00a0\u00bb,\u00a0\u00bblink\u00a0\u00bb:\u00a0\u00bbhttps:\/\/www.bienici.com\/annonce\/ag756403-499766486&Prime;,\u00a0\u00bbguid\u00a0\u00bb:{\u00ab\u00a0@isPermaLink\u00a0\u00bb:\u00a0\u00bbfalse\u00a0\u00bb,\u00a0\u00bb#\u00a0\u00bb:\u00a0\u00bb7b6c8247628b8f74e141e10e868f09bf65f93685&Prime;},\u00a0\u00bbg:brand\u00a0\u00bb:\u00a0\u00bbBien ici\u00a0\u00bb,\u00a0\u00bbg:mpn\u00a0\u00bb:\u00a0\u00bbag756403-499766486&Prime;,\u00a0\u00bbg:google_product_category\u00a0\u00bb:\u00a0\u00bbMaison et jardin\u00a0\u00bb,\u00a0\u00bbg:product_type\u00a0\u00bb:\u00a0\u00bbMaison et jardin\u00a0\u00bb,\u00a0\u00bbg:shipping\u00a0\u00bb:{\u00ab\u00a0g:country\u00a0\u00bb:\u00a0\u00bbFR\u00a0\u00bb,\u00a0\u00bbg:price\u00a0\u00bb:\u00a0\u00bb0 EUR\u00a0\u00bb},\u00a0\u00bbg:availability\u00a0\u00bb:\u00a0\u00bben stock\u00a0\u00bb,\u00a0\u00bbg:condition\u00a0\u00bb:\u00a0\u00bboccasion\u00a0\u00bb,\u00a0\u00bbg:adType\u00a0\u00bb:\u00a0\u00bbbuy\u00a0\u00bb,\u00a0\u00bbg:propertyType\u00a0\u00bb:\u00a0\u00bbappartement\u00a0\u00bb,\u00a0\u00bbg:departement\u00a0\u00bb:\u00a0\u00bb94&Prime;,\u00a0\u00bbg:departement_name\u00a0\u00bb:\u00a0\u00bbVal-de-Marne\u00a0\u00bb,\u00a0\u00bbg:in_the_departement_name\u00a0\u00bb:\u00a0\u00bbdans le Val-de-Marne\u00a0\u00bb,\u00a0\u00bbg:region_name\u00a0\u00bb:\u00a0\u00bbIle-de-France\u00a0\u00bb,\u00a0\u00bbg:in_the_region_name\u00a0\u00bb:\u00a0\u00bben Ile-de-France\u00a0\u00bb,\u00a0\u00bbg:old_region_name\u00a0\u00bb:\u00a0\u00bbIle-de-France\u00a0\u00bb,\u00a0\u00bbg:old_in_the_region_name\u00a0\u00bb:\u00a0\u00bben Ile-de-France\u00a0\u00bb,\u00a0\u00bbg:city\u00a0\u00bb:\u00a0\u00bbChevilly-Larue\u00a0\u00bb,\u00a0\u00bbg:in_city\u00a0\u00bb:\u00a0\u00bb\u00e0 Chevilly-Larue\u00a0\u00bb,\u00a0\u00bbg:postal_code\u00a0\u00bb:\u00a0\u00bb94550&Prime;,\u00a0\u00bbg:surfaceArea\u00a0\u00bb:\u00a0\u00bb84&Prime;,\u00a0\u00bbg:roomsQuantity\u00a0\u00bb:\u00a0\u00bb4&Prime;,\u00a0\u00bbg:bedroomsQuantity\u00a0\u00bb:\u00a0\u00bb3&Prime;,\u00a0\u00bbg:energyClassification\u00a0\u00bb:\u00a0\u00bbD\u00a0\u00bb,\u00a0\u00bbg:greenhouseGazClassification\u00a0\u00bb:\u00a0\u00bbD\u00a0\u00bb,\u00a0\u00bbg:parking\u00a0\u00bb:\u00a0\u00bbparking\u00a0\u00bb,\u00a0\u00bbg:terrasse\u00a0\u00bb:\u00a0\u00bbterrasse\u00a0\u00bb,\u00a0\u00bbg:id\u00a0\u00bb:\u00a0\u00bb7b6c8247628b8f74e141e10e868f09bf65f93685&Prime;,\u00a0\u00bbg:publicationDate\u00a0\u00bb:\u00a0\u00bb2025-11-21T01:58:49.715Z\u00a0\u00bb,\u00a0\u00bbg:modificationDate\u00a0\u00bb:\u00a0\u00bb2025-11-21T01:58:49.715Z\u00a0\u00bb,\u00a0\u00bbg:price\u00a0\u00bb:\u00a0\u00bb358000 EUR\u00a0\u00bb,\u00a0\u00bbg:image_link\u00a0\u00bb:\u00a0\u00bbhttps:\/\/file.bienici.com\/photo\/ag756403-499766486_photos.ubiflow.net_756403_499766486_photos_1.jpg_INSOON_EB_5512801818_20251120230850&Prime;,\u00a0\u00bbg:additional_image_link\u00a0\u00bb:[\u00ab\u00a0https:\/\/file.bienici.com\/photo\/ag756403-499766486_photos.ubiflow.net_756403_499766486_photos_2.jpg_INSOON_EB_5512801818_20251120230850&Prime;,\u00a0\u00bbhttps:\/\/file.bienici.com\/photo\/ag756403-499766486_photos.ubiflow.net_756403_499766486_photos_3.jpg_INSOON_EB_5512801818_20251120230850&Prime;,\u00a0\u00bbhttps:\/\/file.bienici.com\/photo\/ag756403-499766486_photos.ubiflow.net_756403_499766486_photos_4.jpg_INSOON_EB_5512801818_20251120230850&Prime;,\u00a0\u00bbhttps:\/\/file.bienici.com\/photo\/ag756403-499766486_photos.ubiflow.net_756403_499766486_photos_5.jpg_INSOON_EB_5512801818_20251120230850&Prime;,\u00a0\u00bbhttps:\/\/file.bienici.com\/photo\/ag756403-499766486_photos.ubiflow.net_756403_499766486_photos_6.jpg_INSOON_EB_5512801818_20251120230850&Prime;],\u00a0\u00bbg:latitude\u00a0\u00bb:\u00a0\u00bb48.77109929335899&Prime;,\u00a0\u00bbg:longitude\u00a0\u00bb:\u00a0\u00bb2.339470320323761&Prime;},{\u00ab\u00a0title\u00a0\u00bb:\u00a0\u00bbMaison 6\u00a0pi\u00e8ces 107\u00a0m\u00b2\u00a0\u00bb,\u00a0\u00bbdescription\u00a0\u00bb:\u00a0\u00bb\u00c9l\u00e9gante maison familiale avec studio ind\u00e9pendant \u2013 aux portes de L&rsquo;Ha\u00ff-les-Roses\\n\\nNous vous invitons \u00e0 d\u00e9couvrir cette charmante demeure baign\u00e9e de lumi\u00e8re, d\u00e9veloppant environ 106 m\u00b2 habitables, id\u00e9alement pens\u00e9e pour accueillir une famille en qu\u00eate de confort, de s\u00e9r\u00e9nit\u00e9 et de qualit\u00e9 de vie.\\n\\nNich\u00e9e au c\u0153ur d&rsquo;un secteur r\u00e9sidentiel recherch\u00e9, cette maison conjugue harmonieusement calme et proximit\u00e9 imm\u00e9diate des commodit\u00e9s ainsi que des axes de transport, offrant ainsi un cadre de vie privil\u00e9gi\u00e9.\\n\\nSes principaux atouts :\\n\\n* Un vaste s\u00e9jour lumineux, con\u00e7u pour vos moments de d\u00e9tente en famille ou vos r\u00e9ceptions conviviales.\\n* Trois chambres confortables, offrant \u00e0 chacun son espace intime.\\n* Un studio ind\u00e9pendant, v\u00e9ritable valeur ajout\u00e9e, pouvant ais\u00e9ment se pr\u00eater \u00e0 un usage professionnel, locatif ou accueillir vos invit\u00e9s en toute autonomie.\\n* Un balcon agr\u00e9able, propice aux instants de qui\u00e9tude, b\u00e9n\u00e9ficiant d&rsquo;une vue d\u00e9gag\u00e9e.\\n* Un environnement paisible, entour\u00e9 de verdure, \u00e0 deux pas des commerces, des \u00e9coles et des transports.\\n\\nCette propri\u00e9t\u00e9, rare sur le secteur, repr\u00e9sente une opportunit\u00e9 \u00e0 ne pas manquer.\\n\\nNous vous invitons \u00e0 nous contacter sans tarder afin d&rsquo;organiser une visite et de laisser place au coup de c\u0153ur.\\n\\n\u00ab Les informations sur les risques auxquels ce bien est expos\u00e9 sont disponibles sur le site G\u00e9orisques\u00a0: www.georisques.gouv.fr \u00bb\\n\\nGUETTA IMMOBILIER\\n\\nVotre agence immobili\u00e8re\\nRCS 905 016 564\\nTitulaire de la Carte professionnelle CPI94012022000000001 d\u00e9livr\u00e9e par CCI de Paris \u00cele-de-France\\nVille du greffe : Creteil\\n\\nPlus d&rsquo;informations sur notre site av-transaction immo &#8211; R\u00e9f\u00e9rence: 7501820106\\n\\nHonoraires charge vendeur.\u00a0\u00bb,\u00a0\u00bblink\u00a0\u00bb:\u00a0\u00bbhttps:\/\/www.bienici.com\/annonce\/ag756403-499766492&Prime;,\u00a0\u00bbguid\u00a0\u00bb:{\u00ab\u00a0@isPermaLink\u00a0\u00bb:\u00a0\u00bbfalse\u00a0\u00bb,\u00a0\u00bb#\u00a0\u00bb:\u00a0\u00bb83c9babda24cc886571d09bf91e2359213ab7589&Prime;},\u00a0\u00bbg:brand\u00a0\u00bb:\u00a0\u00bbBien ici\u00a0\u00bb,\u00a0\u00bbg:mpn\u00a0\u00bb:\u00a0\u00bbag756403-499766492&Prime;,\u00a0\u00bbg:google_product_category\u00a0\u00bb:\u00a0\u00bbMaison et jardin\u00a0\u00bb,\u00a0\u00bbg:product_type\u00a0\u00bb:\u00a0\u00bbMaison et jardin\u00a0\u00bb,\u00a0\u00bbg:shipping\u00a0\u00bb:{\u00ab\u00a0g:country\u00a0\u00bb:\u00a0\u00bbFR\u00a0\u00bb,\u00a0\u00bbg:price\u00a0\u00bb:\u00a0\u00bb0 EUR\u00a0\u00bb},\u00a0\u00bbg:availability\u00a0\u00bb:\u00a0\u00bben stock\u00a0\u00bb,\u00a0\u00bbg:condition\u00a0\u00bb:\u00a0\u00bboccasion\u00a0\u00bb,\u00a0\u00bbg:adType\u00a0\u00bb:\u00a0\u00bbbuy\u00a0\u00bb,\u00a0\u00bbg:propertyType\u00a0\u00bb:\u00a0\u00bbmaisonvilla\u00a0\u00bb,\u00a0\u00bbg:city\u00a0\u00bb:\u00a0\u00bbL&rsquo;Ha\u00ff-les-Roses\u00a0\u00bb,\u00a0\u00bbg:in_city\u00a0\u00bb:\u00a0\u00bb\u00e0 L&rsquo;Ha\u00ff-les-Roses\u00a0\u00bb,\u00a0\u00bbg:postal_code\u00a0\u00bb:\u00a0\u00bb94240&Prime;,\u00a0\u00bbg:surfaceArea\u00a0\u00bb:\u00a0\u00bb107&Prime;,\u00a0\u00bbg:roomsQuantity\u00a0\u00bb:\u00a0\u00bb6&Prime;,\u00a0\u00bbg:bedroomsQuantity\u00a0\u00bb:\u00a0\u00bb4&Prime;,\u00a0\u00bbg:energyClassification\u00a0\u00bb:\u00a0\u00bbE\u00a0\u00bb,\u00a0\u00bbg:greenhouseGazClassification\u00a0\u00bb:\u00a0\u00bbE\u00a0\u00bb,\u00a0\u00bbg:parking\u00a0\u00bb:\u00a0\u00bbparking\u00a0\u00bb,\u00a0\u00bbg:terrasse\u00a0\u00bb:\u00a0\u00bbterrasse\u00a0\u00bb,\u00a0\u00bbg:balcon\u00a0\u00bb:\u00a0\u00bbbalcon\u00a0\u00bb,\u00a0\u00bbg:id\u00a0\u00bb:\u00a0\u00bb83c9babda24cc886571d09bf91e2359213ab7589&Prime;,\u00a0\u00bbg:publicationDate\u00a0\u00bb:\u00a0\u00bb2025-11-21T01:58:49.715Z\u00a0\u00bb,\u00a0\u00bbg:modificationDate\u00a0\u00bb:\u00a0\u00bb2025-11-21T01:58:49.715Z\u00a0\u00bb,\u00a0\u00bbg:price\u00a0\u00bb:\u00a0\u00bb520000 EUR\u00a0\u00bb,\u00a0\u00bbg:image_link\u00a0\u00bb:\u00a0\u00bbhttps:\/\/file.bienici.com\/photo\/ag756403-499766492_photos.ubiflow.net_756403_499766492_photos_1.jpg_INSOON_EB_5512801818_20251120230853&Prime;,\u00a0\u00bbg:additional_image_link\u00a0\u00bb:[\u00ab\u00a0https:\/\/file.bienici.com\/photo\/ag756403-499766492_photos.ubiflow.net_756403_499766492_photos_2.jpg_INSOON_EB_5512801818_20251120230853&Prime;,\u00a0\u00bbhttps:\/\/file.bienici.com\/photo\/ag756403-499766492_photos.ubiflow.net_756403_499766492_photos_3.jpg_INSOON_EB_5512801818_20251120230853&Prime;,\u00a0\u00bbhttps:\/\/file.bienici.com\/photo\/ag756403-499766492_photos.ubiflow.net_756403_499766492_photos_4.jpg_INSOON_EB_5512801818_20251120230853&Prime;,\u00a0\u00bbhttps:\/\/file.bienici.com\/photo\/ag756403-499766492_photos.ubiflow.net_756403_499766492_photos_5.jpg_INSOON_EB_5512801818_20251120230853&Prime;,\u00a0\u00bbhttps:\/\/file.bienici.com\/photo\/ag756403-499766492_photos.ubiflow.net_756403_499766492_photos_6.jpg_INSOON_EB_5512801818_20251120230853&Prime;,\u00a0\u00bbhttps:\/\/file.bienici.com\/photo\/ag756403-499766492_photos.ubiflow.net_756403_499766492_photos_7.jpg_INSOON_EB_5512801818_20251120230853&Prime;,\u00a0\u00bbhttps:\/\/file.bienici.com\/photo\/ag756403-499766492_photos.ubiflow.net_756403_499766492_photos_8.jpg_INSOON_EB_5512801818_20251120230853\u00a0\u00bb]},{\u00ab\u00a0title\u00a0\u00bb:\u00a0\u00bbAppartement 3\u00a0pi\u00e8ces 70\u00a0m\u00b2\u00a0\u00bb,\u00a0\u00bbdescription\u00a0\u00bb:\u00a0\u00bbExclusivit\u00e9 \u2013 Appartement de charme \u2013 3 pi\u00e8ces traversant \u2013 Nanterre Ville\\n\\nNich\u00e9e au c\u0153ur d&rsquo;un environnement pris\u00e9, \u00e0 deux pas du centre de Nanterre et \u00e0 seulement 8 minutes du RER A, cette r\u00e9sidence intimiste abrite un superbe appartement de 3 pi\u00e8ces (type F3) enti\u00e8rement repens\u00e9 par un architecte d&rsquo;int\u00e9rieur. Traversant, lumineux et sans vis-\u00e0-vis, il conjugue \u00e9l\u00e9gance, confort haut de gamme et fonctionnalit\u00e9 moderne.\\n\\nD\u00e8s l&rsquo;entr\u00e9e, le ton est donn\u00e9 : porte blind\u00e9e Fichet, rangements sur mesure et finitions soign\u00e9es.\\nLa cuisine ouverte, parfaitement int\u00e9gr\u00e9e \u00e0 l&rsquo;espace de vie, a \u00e9t\u00e9 am\u00e9nag\u00e9e avec des \u00e9quipements de qualit\u00e9 : four Samsung Dual Cook, plaque vitroc\u00e9ramique, lave-vaisselle et mobilier contemporain.\\n\\nLe vaste s\u00e9jour est une pi\u00e8ce de r\u00e9ception rare, sublim\u00e9e par deux grandes ouvertures plein ciel offrant une vue d\u00e9gag\u00e9e. Atmosph\u00e8re chaleureuse et lignes \u00e9pur\u00e9es : biblioth\u00e8que int\u00e9gr\u00e9e haut de gamme et espace bureau discret et modulable compl\u00e8tent cet ensemble \u00e9l\u00e9gant.\\n\\nL&rsquo;espace nuit, parfaitement s\u00e9par\u00e9, se compose :\\n\\n* d&rsquo;une suite parentale d&rsquo;environ 10 m\u00b2 avec un grand dressing sur mesure et rangements int\u00e9gr\u00e9s ;\\n* d&rsquo;une seconde chambre spacieuse de 12 m\u00b2, \u00e9galement dot\u00e9e d&rsquo;un vaste dressing ;\\n* d&rsquo;une salle d&rsquo;eau au design raffin\u00e9, avec espace buanderie int\u00e9gr\u00e9 et multiples rangements ;\\n* d&rsquo;un toilette ind\u00e9pendant.\\n\\nMat\u00e9riaux et prestations premium\\n\\n* Parquet en ch\u00eane massif huil\u00e9\\n* Menuiseries PVC double vitrage neuves et volets install\u00e9s en 2024\\n* Radiateurs en fonte \u00e0 chaleur douce derni\u00e8re g\u00e9n\u00e9ration (2023)\\n* Chauffe-eau r\u00e9cent (2022)\\n* \u00c9lectrom\u00e9nager haut de gamme (2021)\\n\\nAnnexes et commodit\u00e9s\\n\\n* Stationnement privatif s\u00e9curis\u00e9\\n* Cour commune ferm\u00e9e et s\u00e9curis\u00e9e\\n* Portail \u00e9lectrique avec vigik et t\u00e9l\u00e9commande\\n* Cave saine\\n* Local ferm\u00e9 partag\u00e9, id\u00e9al pour v\u00e9los et poussettes\\n\\nPetite copropri\u00e9t\u00e9 calme, entretenue et \u00e0 faibles charges.\\n\\nBien soumis au statut juridique de la Copropri\u00e9t\u00e9. Nb de lots : 13.\\nCharges annuelles de copropri\u00e9t\u00e9 (Montant moyen annuel quote-part du budget pr\u00e9visionnel vendeur) : 1\u202f800,00 \u20ac.\\n\\n\u00ab Les informations sur les risques auxquels ce bien est expos\u00e9 sont disponibles sur le site G\u00e9orisques\u00a0: www.georisques.gouv.fr \u00bb\\n\\nGUETTA IMMOBILIER\\n\\nVotre agence immobili\u00e8re\\nRCS 905 016 564\\nTitulaire de la Carte professionnelle CPI94012022000000001 d\u00e9livr\u00e9e par CCI de Paris \u00cele-de-France\\nVille du greffe : Creteil\\n\\nPlus d&rsquo;informations sur notre site av-transaction immo &#8211; R\u00e9f\u00e9rence: 7501820108\\n\\nHonoraires charge vendeur.\u00a0\u00bb,\u00a0\u00bblink\u00a0\u00bb:\u00a0\u00bbhttps:\/\/www.bienici.com\/annonce\/ag756403-499766513&Prime;,\u00a0\u00bbguid\u00a0\u00bb:{\u00ab\u00a0@isPermaLink\u00a0\u00bb:\u00a0\u00bbfalse\u00a0\u00bb,\u00a0\u00bb#\u00a0\u00bb:\u00a0\u00bbce44da1725318298e3a7325cb25b90caa70d7e68&Prime;},\u00a0\u00bbg:brand\u00a0\u00bb:\u00a0\u00bbBien ici\u00a0\u00bb,\u00a0\u00bbg:mpn\u00a0\u00bb:\u00a0\u00bbag756403-499766513&Prime;,\u00a0\u00bbg:google_product_category\u00a0\u00bb:\u00a0\u00bbMaison et jardin\u00a0\u00bb,\u00a0\u00bbg:product_type\u00a0\u00bb:\u00a0\u00bbMaison et jardin\u00a0\u00bb,\u00a0\u00bbg:shipping\u00a0\u00bb:{\u00ab\u00a0g:country\u00a0\u00bb:\u00a0\u00bbFR\u00a0\u00bb,\u00a0\u00bbg:price\u00a0\u00bb:\u00a0\u00bb0 EUR\u00a0\u00bb},\u00a0\u00bbg:availability\u00a0\u00bb:\u00a0\u00bben stock\u00a0\u00bb,\u00a0\u00bbg:condition\u00a0\u00bb:\u00a0\u00bboccasion\u00a0\u00bb,\u00a0\u00bbg:adType\u00a0\u00bb:\u00a0\u00bbbuy\u00a0\u00bb,\u00a0\u00bbg:propertyType\u00a0\u00bb:\u00a0\u00bbappartement\u00a0\u00bb,\u00a0\u00bbg:departement\u00a0\u00bb:\u00a0\u00bb92&Prime;,\u00a0\u00bbg:departement_name\u00a0\u00bb:\u00a0\u00bbHauts-de-Seine\u00a0\u00bb,\u00a0\u00bbg:in_the_departement_name\u00a0\u00bb:\u00a0\u00bbdans les Hauts-de-Seine\u00a0\u00bb,\u00a0\u00bbg:region_name\u00a0\u00bb:\u00a0\u00bbIle-de-France\u00a0\u00bb,\u00a0\u00bbg:in_the_region_name\u00a0\u00bb:\u00a0\u00bben Ile-de-France\u00a0\u00bb,\u00a0\u00bbg:old_region_name\u00a0\u00bb:\u00a0\u00bbIle-de-France\u00a0\u00bb,\u00a0\u00bbg:old_in_the_region_name\u00a0\u00bb:\u00a0\u00bben Ile-de-France\u00a0\u00bb,\u00a0\u00bbg:city\u00a0\u00bb:\u00a0\u00bbNanterre\u00a0\u00bb,\u00a0\u00bbg:in_city\u00a0\u00bb:\u00a0\u00bb\u00e0 Nanterre\u00a0\u00bb,\u00a0\u00bbg:postal_code\u00a0\u00bb:\u00a0\u00bb92000&Prime;,\u00a0\u00bbg:surfaceArea\u00a0\u00bb:\u00a0\u00bb70&Prime;,\u00a0\u00bbg:roomsQuantity\u00a0\u00bb:\u00a0\u00bb3&Prime;,\u00a0\u00bbg:bedroomsQuantity\u00a0\u00bb:\u00a0\u00bb2&Prime;,\u00a0\u00bbg:energyClassification\u00a0\u00bb:\u00a0\u00bbD\u00a0\u00bb,\u00a0\u00bbg:greenhouseGazClassification\u00a0\u00bb:\u00a0\u00bbB\u00a0\u00bb,\u00a0\u00bbg:parking\u00a0\u00bb:\u00a0\u00bbparking\u00a0\u00bb,\u00a0\u00bbg:id\u00a0\u00bb:\u00a0\u00bbce44da1725318298e3a7325cb25b90caa70d7e68&Prime;,\u00a0\u00bbg:publicationDate\u00a0\u00bb:\u00a0\u00bb2025-11-21T01:58:49.715Z\u00a0\u00bb,\u00a0\u00bbg:modificationDate\u00a0\u00bb:\u00a0\u00bb2025-11-21T01:58:49.715Z\u00a0\u00bb,\u00a0\u00bbg:price\u00a0\u00bb:\u00a0\u00bb398000 EUR\u00a0\u00bb,\u00a0\u00bbg:image_link\u00a0\u00bb:\u00a0\u00bbhttps:\/\/file.bienici.com\/photo\/ag756403-499766513_photos.ubiflow.net_756403_499766513_photos_1.jpg_INSOON_EB_5512801818_20251120230857&Prime;,\u00a0\u00bbg:additional_image_link\u00a0\u00bb:[\u00ab\u00a0https:\/\/file.bienici.com\/photo\/ag756403-499766513_photos.ubiflow.net_756403_499766513_photos_2.jpg_INSOON_EB_5512801818_20251120230857&Prime;,\u00a0\u00bbhttps:\/\/file.bienici.com\/photo\/ag756403-499766513_photos.ubiflow.net_756403_499766513_photos_3.jpg_INSOON_EB_5512801818_20251120230857&Prime;,\u00a0\u00bbhttps:\/\/file.bienici.com\/photo\/ag756403-499766513_photos.ubiflow.net_756403_499766513_photos_4.jpg_INSOON_EB_5512801818_20251120230857&Prime;,\u00a0\u00bbhttps:\/\/file.bienici.com\/photo\/ag756403-499766513_photos.ubiflow.net_756403_499766513_photos_5.jpg_INSOON_EB_5512801818_20251120230857&Prime;,\u00a0\u00bbhttps:\/\/file.bienici.com\/photo\/ag756403-499766513_photos.ubiflow.net_756403_499766513_photos_6.jpg_INSOON_EB_5512801818_20251120230857&Prime;],\u00a0\u00bbg:latitude\u00a0\u00bb:\u00a0\u00bb48.89217986785619&Prime;,\u00a0\u00bbg:longitude\u00a0\u00bb:\u00a0\u00bb2.2001321393554654&Prime;},{\u00ab\u00a0title\u00a0\u00bb:\u00a0\u00bbMaison\u00a0\u00bb,\u00a0\u00bbdescription\u00a0\u00bb:\u00a0\u00bbEXCLUSIVITE AGENCE GUETTA IMMOBILIER &#8211; L&rsquo; HAY LES ROSES (VAL DE MARNE) (94240) 3 RUE DE METZ\\n\\n **Terrain \u00e0 b\u00e2tir \u2013 Quartier du Petit Robinson \u2013 L&rsquo;Ha\u00ff-les-Roses**\\n\\nDans le **secteur tr\u00e8s recherch\u00e9 du Petit Robinson**, d\u00e9couvrez ce **terrain constructible de 480 m\u00b2**, id\u00e9alement situ\u00e9 **au calme**, dans un environnement r\u00e9sidentiel et verdoyant.\\n\\nLe bien comprend une **petite maison ancienne \u00e0 d\u00e9molir**, offrant ainsi un **beau potentiel pour un nouveau projet de construction** (maison familiale, projet d&rsquo;investissement, etc.).\\n\\n **Emplacement privil\u00e9gi\u00e9** :\\n\\n* \u00c0 proximit\u00e9 imm\u00e9diate du **RER B \u2013 Bourg-la-Reine**,\\n* Quartier appr\u00e9ci\u00e9 pour la **qualit\u00e9 de ses \u00e9coles**,\\n* **Commerces, transports et services** accessibles \u00e0 pied,\\n* Environnement paisible tout en restant proche du centre-ville.\\n\\nCe terrain rare sur le secteur constitue une **opportunit\u00e9 exceptionnelle** pour r\u00e9aliser votre projet sur mesure dans un cadre de vie recherch\u00e9 aux portes de Paris.\\n\\n **Prix : 442 000 \u20ac**\\n **Contactez-nous d\u00e8s aujourd&rsquo;hui** pour plus d&rsquo;informations ou organiser une visite.\\n\\n\u00ab Les informations sur les risques auxquels ce bien est expos\u00e9 sont disponibles sur le site G\u00e9orisques\u00a0: www.georisques.gouv.fr \u00bb\\n\\nGUETTA IMMOBILIER\\n\\nVotre agence immobili\u00e8re\\nRCS 905 016 564\\nTitulaire de la Carte professionnelle CPI94012022000000001 d\u00e9livr\u00e9e par CCI de Paris \u00cele-de-France\\nVille du greffe : Creteil\\n\\nPlus d&rsquo;informations sur notre site av-transaction immo &#8211; R\u00e9f\u00e9rence: 7501820112\\n\\nHonoraires charge vendeur.\u00a0\u00bb,\u00a0\u00bblink\u00a0\u00bb:\u00a0\u00bbhttps:\/\/www.bienici.com\/annonce\/ag756403-499766540&Prime;,\u00a0\u00bbguid\u00a0\u00bb:{\u00ab\u00a0@isPermaLink\u00a0\u00bb:\u00a0\u00bbfalse\u00a0\u00bb,\u00a0\u00bb#\u00a0\u00bb:\u00a0\u00bb1c8ad06df159fed80452e2d8f540bd7f3169994a\u00a0\u00bb},\u00a0\u00bbg:brand\u00a0\u00bb:\u00a0\u00bbBien ici\u00a0\u00bb,\u00a0\u00bbg:mpn\u00a0\u00bb:\u00a0\u00bbag756403-499766540&Prime;,\u00a0\u00bbg:google_product_category\u00a0\u00bb:\u00a0\u00bbMaison et jardin\u00a0\u00bb,\u00a0\u00bbg:product_type\u00a0\u00bb:\u00a0\u00bbMaison et jardin\u00a0\u00bb,\u00a0\u00bbg:shipping\u00a0\u00bb:{\u00ab\u00a0g:country\u00a0\u00bb:\u00a0\u00bbFR\u00a0\u00bb,\u00a0\u00bbg:price\u00a0\u00bb:\u00a0\u00bb0 EUR\u00a0\u00bb},\u00a0\u00bbg:availability\u00a0\u00bb:\u00a0\u00bben stock\u00a0\u00bb,\u00a0\u00bbg:condition\u00a0\u00bb:\u00a0\u00bboccasion\u00a0\u00bb,\u00a0\u00bbg:adType\u00a0\u00bb:\u00a0\u00bbbuy\u00a0\u00bb,\u00a0\u00bbg:propertyType\u00a0\u00bb:\u00a0\u00bbmaisonvilla\u00a0\u00bb,\u00a0\u00bbg:departement\u00a0\u00bb:\u00a0\u00bb94&Prime;,\u00a0\u00bbg:departement_name\u00a0\u00bb:\u00a0\u00bbVal-de-Marne\u00a0\u00bb,\u00a0\u00bbg:in_the_departement_name\u00a0\u00bb:\u00a0\u00bbdans le Val-de-Marne\u00a0\u00bb,\u00a0\u00bbg:region_name\u00a0\u00bb:\u00a0\u00bbIle-de-France\u00a0\u00bb,\u00a0\u00bbg:in_the_region_name\u00a0\u00bb:\u00a0\u00bben Ile-de-France\u00a0\u00bb,\u00a0\u00bbg:old_region_name\u00a0\u00bb:\u00a0\u00bbIle-de-France\u00a0\u00bb,\u00a0\u00bbg:old_in_the_region_name\u00a0\u00bb:\u00a0\u00bben Ile-de-France\u00a0\u00bb,\u00a0\u00bbg:city\u00a0\u00bb:\u00a0\u00bbL&rsquo;Ha\u00ff-les-Roses\u00a0\u00bb,\u00a0\u00bbg:in_city\u00a0\u00bb:\u00a0\u00bb\u00e0 L&rsquo;Ha\u00ff-les-Roses\u00a0\u00bb,\u00a0\u00bbg:postal_code\u00a0\u00bb:\u00a0\u00bb94240&Prime;,\u00a0\u00bbg:energyClassification\u00a0\u00bb:\u00a0\u00bbG\u00a0\u00bb,\u00a0\u00bbg:greenhouseGazClassification\u00a0\u00bb:\u00a0\u00bbC\u00a0\u00bb,\u00a0\u00bbg:id\u00a0\u00bb:\u00a0\u00bb1c8ad06df159fed80452e2d8f540bd7f3169994a\u00a0\u00bb,\u00a0\u00bbg:publicationDate\u00a0\u00bb:\u00a0\u00bb2025-11-21T01:58:49.715Z\u00a0\u00bb,\u00a0\u00bbg:modificationDate\u00a0\u00bb:\u00a0\u00bb2025-11-21T01:58:49.715Z\u00a0\u00bb,\u00a0\u00bbg:price\u00a0\u00bb:\u00a0\u00bb442000 EUR\u00a0\u00bb,\u00a0\u00bbg:image_link\u00a0\u00bb:\u00a0\u00bbhttps:\/\/file.bienici.com\/photo\/ag756403-499766540_photos.ubiflow.net_756403_499766540_photos_1.jpg_INSOON_EB_5512801818_20251120230903&Prime;,\u00a0\u00bbg:additional_image_link\u00a0\u00bb:\u00a0\u00bbhttps:\/\/file.bienici.com\/photo\/ag756403-499766540_photos.ubiflow.net_756403_499766540_photos_2.jpg_INSOON_EB_5512801818_20251120230903&Prime;,\u00a0\u00bbg:latitude\u00a0\u00bb:\u00a0\u00bb48.78194524820815&Prime;,\u00a0\u00bbg:longitude\u00a0\u00bb:\u00a0\u00bb2.3289379995243076&Prime;},{\u00ab\u00a0title\u00a0\u00bb:\u00a0\u00bbMaison 6\u00a0pi\u00e8ces 106\u00a0m\u00b2\u00a0\u00bb,\u00a0\u00bbdescription\u00a0\u00bb:\u00a0\u00bb\u00c9l\u00e9gante maison familiale avec studio ind\u00e9pendant \u2013 aux portes de L&rsquo;Ha\u00ff-les-Roses\\n\\nNous vous invitons \u00e0 d\u00e9couvrir cette charmante demeure baign\u00e9e de lumi\u00e8re, d\u00e9veloppant environ 106 m\u00b2 habitables, id\u00e9alement pens\u00e9e pour accueillir une famille en qu\u00eate de confort, de s\u00e9r\u00e9nit\u00e9 et de qualit\u00e9 de vie.\\n\\nNich\u00e9e au c\u0153ur d&rsquo;un secteur r\u00e9sidentiel recherch\u00e9, cette maison conjugue harmonieusement calme et proximit\u00e9 imm\u00e9diate des commodit\u00e9s ainsi que des axes de transport, offrant ainsi un cadre de vie privil\u00e9gi\u00e9.\\n\\nSes principaux atouts :\\n\\n* Un vaste s\u00e9jour lumineux, con\u00e7u pour vos moments de d\u00e9tente en famille ou vos r\u00e9ceptions conviviales.\\n* Trois chambres confortables, offrant \u00e0 chacun son espace intime.\\n* Un studio ind\u00e9pendant, v\u00e9ritable valeur ajout\u00e9e, pouvant ais\u00e9ment se pr\u00eater \u00e0 un usage professionnel, locatif ou accueillir vos invit\u00e9s en toute autonomie.\\n* Un balcon agr\u00e9able, propice aux instants de qui\u00e9tude, b\u00e9n\u00e9ficiant d&rsquo;une vue d\u00e9gag\u00e9e.\\n* Un environnement paisible, entour\u00e9 de verdure, \u00e0 deux pas des commerces, des \u00e9coles et des transports.\\n\\nCette propri\u00e9t\u00e9, rare sur le secteur, repr\u00e9sente une opportunit\u00e9 \u00e0 ne pas manquer.\\n\\nNous vous invitons \u00e0 nous contacter sans tarder afin d&rsquo;organiser une visite et de laisser place au coup de c\u0153ur.\\n\\n\u00ab Les informations sur les risques auxquels ce bien est expos\u00e9 sont disponibles sur le site G\u00e9orisques\u00a0: www.georisques.gouv.fr \u00bb\\n\\nGUETTA IMMOBILIER\\n\\nVotre agence immobili\u00e8re\\nRCS 905 016 564\\nTitulaire de la Carte professionnelle CPI94012022000000001 d\u00e9livr\u00e9e par CCI de Paris \u00cele-de-France\\nVille du greffe : Creteil\\n\\nPlus d&rsquo;informations sur notre site av-transaction immo &#8211; R\u00e9f\u00e9rence: 7501820113\\n\\nHonoraires charge vendeur.\u00a0\u00bb,\u00a0\u00bblink\u00a0\u00bb:\u00a0\u00bbhttps:\/\/www.bienici.com\/annonce\/ag756403-499766552&Prime;,\u00a0\u00bbguid\u00a0\u00bb:{\u00ab\u00a0@isPermaLink\u00a0\u00bb:\u00a0\u00bbfalse\u00a0\u00bb,\u00a0\u00bb#\u00a0\u00bb:\u00a0\u00bbcc1f1994c23bb5a6953cab441e36854347dffdc1&Prime;},\u00a0\u00bbg:brand\u00a0\u00bb:\u00a0\u00bbBien ici\u00a0\u00bb,\u00a0\u00bbg:mpn\u00a0\u00bb:\u00a0\u00bbag756403-499766552&Prime;,\u00a0\u00bbg:google_product_category\u00a0\u00bb:\u00a0\u00bbMaison et jardin\u00a0\u00bb,\u00a0\u00bbg:product_type\u00a0\u00bb:\u00a0\u00bbMaison et jardin\u00a0\u00bb,\u00a0\u00bbg:shipping\u00a0\u00bb:{\u00ab\u00a0g:country\u00a0\u00bb:\u00a0\u00bbFR\u00a0\u00bb,\u00a0\u00bbg:price\u00a0\u00bb:\u00a0\u00bb0 EUR\u00a0\u00bb},\u00a0\u00bbg:availability\u00a0\u00bb:\u00a0\u00bben stock\u00a0\u00bb,\u00a0\u00bbg:condition\u00a0\u00bb:\u00a0\u00bboccasion\u00a0\u00bb,\u00a0\u00bbg:adType\u00a0\u00bb:\u00a0\u00bbbuy\u00a0\u00bb,\u00a0\u00bbg:propertyType\u00a0\u00bb:\u00a0\u00bbmaisonvilla\u00a0\u00bb,\u00a0\u00bbg:departement\u00a0\u00bb:\u00a0\u00bb94&Prime;,\u00a0\u00bbg:departement_name\u00a0\u00bb:\u00a0\u00bbVal-de-Marne\u00a0\u00bb,\u00a0\u00bbg:in_the_departement_name\u00a0\u00bb:\u00a0\u00bbdans le Val-de-Marne\u00a0\u00bb,\u00a0\u00bbg:region_name\u00a0\u00bb:\u00a0\u00bbIle-de-France\u00a0\u00bb,\u00a0\u00bbg:in_the_region_name\u00a0\u00bb:\u00a0\u00bben Ile-de-France\u00a0\u00bb,\u00a0\u00bbg:old_region_name\u00a0\u00bb:\u00a0\u00bbIle-de-France\u00a0\u00bb,\u00a0\u00bbg:old_in_the_region_name\u00a0\u00bb:\u00a0\u00bben Ile-de-France\u00a0\u00bb,\u00a0\u00bbg:city\u00a0\u00bb:\u00a0\u00bbChevilly-Larue\u00a0\u00bb,\u00a0\u00bbg:in_city\u00a0\u00bb:\u00a0\u00bb\u00e0 Chevilly-Larue\u00a0\u00bb,\u00a0\u00bbg:postal_code\u00a0\u00bb:\u00a0\u00bb94550&Prime;,\u00a0\u00bbg:surfaceArea\u00a0\u00bb:\u00a0\u00bb106&Prime;,\u00a0\u00bbg:roomsQuantity\u00a0\u00bb:\u00a0\u00bb6&Prime;,\u00a0\u00bbg:bedroomsQuantity\u00a0\u00bb:\u00a0\u00bb4&Prime;,\u00a0\u00bbg:energyClassification\u00a0\u00bb:\u00a0\u00bbE\u00a0\u00bb,\u00a0\u00bbg:greenhouseGazClassification\u00a0\u00bb:\u00a0\u00bbE\u00a0\u00bb,\u00a0\u00bbg:parking\u00a0\u00bb:\u00a0\u00bbparking\u00a0\u00bb,\u00a0\u00bbg:terrasse\u00a0\u00bb:\u00a0\u00bbterrasse\u00a0\u00bb,\u00a0\u00bbg:balcon\u00a0\u00bb:\u00a0\u00bbbalcon\u00a0\u00bb,\u00a0\u00bbg:id\u00a0\u00bb:\u00a0\u00bbcc1f1994c23bb5a6953cab441e36854347dffdc1&Prime;,\u00a0\u00bbg:publicationDate\u00a0\u00bb:\u00a0\u00bb2025-11-21T01:58:49.715Z\u00a0\u00bb,\u00a0\u00bbg:modificationDate\u00a0\u00bb:\u00a0\u00bb2025-11-21T01:58:49.715Z\u00a0\u00bb,\u00a0\u00bbg:price\u00a0\u00bb:\u00a0\u00bb520000 EUR\u00a0\u00bb,\u00a0\u00bbg:image_link\u00a0\u00bb:\u00a0\u00bbhttps:\/\/file.bienici.com\/photo\/ag756403-499766552_photos.ubiflow.net_756403_499766552_photos_1.jpg_INSOON_EB_5512801818_20251120230906&Prime;,\u00a0\u00bbg:additional_image_link\u00a0\u00bb:[\u00ab\u00a0https:\/\/file.bienici.com\/photo\/ag756403-499766552_photos.ubiflow.net_756403_499766552_photos_2.jpg_INSOON_EB_5512801818_20251120230906&Prime;,\u00a0\u00bbhttps:\/\/file.bienici.com\/photo\/ag756403-499766552_photos.ubiflow.net_756403_499766552_photos_3.jpg_INSOON_EB_5512801818_20251120230906&Prime;,\u00a0\u00bbhttps:\/\/file.bienici.com\/photo\/ag756403-499766552_photos.ubiflow.net_756403_499766552_photos_4.jpg_INSOON_EB_5512801818_20251120230906&Prime;,\u00a0\u00bbhttps:\/\/file.bienici.com\/photo\/ag756403-499766552_photos.ubiflow.net_756403_499766552_photos_5.jpg_INSOON_EB_5512801818_20251120230906&Prime;,\u00a0\u00bbhttps:\/\/file.bienici.com\/photo\/ag756403-499766552_photos.ubiflow.net_756403_499766552_photos_6.jpg_INSOON_EB_5512801818_20251120230906&Prime;,\u00a0\u00bbhttps:\/\/file.bienici.com\/photo\/ag756403-499766552_photos.ubiflow.net_756403_499766552_photos_7.jpg_INSOON_EB_5512801818_20251120230906&Prime;,\u00a0\u00bbhttps:\/\/file.bienici.com\/photo\/ag756403-499766552_photos.ubiflow.net_756403_499766552_photos_8.jpg_INSOON_EB_5512801818_20251120230906&Prime;],\u00a0\u00bbg:latitude\u00a0\u00bb:\u00a0\u00bb48.76635307549504&Prime;,\u00a0\u00bbg:longitude\u00a0\u00bb:\u00a0\u00bb2.3345319706561733&Prime;},{\u00ab\u00a0title\u00a0\u00bb:\u00a0\u00bbAppartement 5\u00a0pi\u00e8ces 99\u00a0m\u00b2\u00a0\u00bb,\u00a0\u00bbdescription\u00a0\u00bb:\u00a0\u00bbEXCLUSIVIT\u00c9 \u2013 GUETTA IMMOBILIER\\n\\nL&rsquo;HAY-LES-ROSES (94240) \u2013 3, rue de Metz\\n\\nLa soci\u00e9t\u00e9 GUETTA IMMOBILIER, agence \u00e9tablie et r\u00e9put\u00e9e pour son s\u00e9rieux, a le privil\u00e8ge de vous pr\u00e9senter en exclusivit\u00e9 un bien rare sur le march\u00e9 : un appartement de cinq (5) pi\u00e8ces principales, d&rsquo;une superficie d&rsquo;environ 99 m\u00e8tres carr\u00e9s, situ\u00e9 dans une r\u00e9sidence de standing en pierre de taille, avec ascenseur, \u00e0 quinze minutes \u00e0 pied du RER B \u2013 Bourg-la-Reine.\\n\\nD\u00e8s l&rsquo;entr\u00e9e, l&rsquo;appartement s\u00e9duit par ses volumes harmonieux et la qualit\u00e9 de sa distribution. Il comprend :\\n\\n* une entr\u00e9e accueillante ;\\n* un s\u00e9jour double, vaste et lumineux, ouvrant sur un balcon filant ;\\n* une cuisine am\u00e9nag\u00e9e, alliant fonctionnalit\u00e9 et confort ;\\n* trois chambres agr\u00e9ables, donnant sur un second balcon, gage de qui\u00e9tude et de clart\u00e9 ;\\n* une salle d&rsquo;eau, une salle de bains, ainsi que deux water-closets distincts.\\n\\nLe bien s&rsquo;accompagne en outre d&rsquo;une cave en sous-sol et d&rsquo;un double box, offrant un espace de stationnement des plus appr\u00e9ciables.\\n\\nL&rsquo;ensemble immobilier, parfaitement entretenu, se distingue par son excellent \u00e9tat g\u00e9n\u00e9ral et par la qualit\u00e9 de son environnement r\u00e9sidentiel, calme et recherch\u00e9.\\n\\nCe bien, \u00e0 la fois \u00e9l\u00e9gant et fonctionnel, saura s\u00e9duire les amateurs de confort et d&rsquo;harmonie, d\u00e9sireux de s&rsquo;\u00e9tablir dans un cadre privil\u00e9gi\u00e9, \u00e0 proximit\u00e9 imm\u00e9diate des transports et des commodit\u00e9s.\\n\\nPour tout renseignement compl\u00e9mentaire ou pour convenir d&rsquo;une visite, veuillez prendre attache avec :\\n\\nGUETTA IMMOBILIER\\n3, rue de Metz \u2013 94240 L&rsquo;HAY-LES-ROSES\\n\\nBien soumis au statut juridique de la Copropri\u00e9t\u00e9. Nb de lots : 62.\\nCharges annuelles de copropri\u00e9t\u00e9 (Montant moyen annuel quote-part du budget pr\u00e9visionnel vendeur) : 6\u202f384,00 \u20ac.\\n\\n\u00ab Les informations sur les risques auxquels ce bien est expos\u00e9 sont disponibles sur le site G\u00e9orisques\u00a0: www.georisques.gouv.fr \u00bb\\n\\nGUETTA IMMOBILIER\\n\\nVotre agence immobili\u00e8re\\nRCS 905 016 564\\nTitulaire de la Carte professionnelle CPI94012022000000001 d\u00e9livr\u00e9e par CCI de Paris \u00cele-de-France\\nVille du greffe : Creteil\\n\\nPlus d&rsquo;informations sur notre site av-transaction immo &#8211; R\u00e9f\u00e9rence: 7501820103\\n\\nHonoraires charge vendeur.\u00a0\u00bb,\u00a0\u00bblink\u00a0\u00bb:\u00a0\u00bbhttps:\/\/www.bienici.com\/annonce\/ag756403-499766456&Prime;,\u00a0\u00bbguid\u00a0\u00bb:{\u00ab\u00a0@isPermaLink\u00a0\u00bb:\u00a0\u00bbfalse\u00a0\u00bb,\u00a0\u00bb#\u00a0\u00bb:\u00a0\u00bb87baa32a1340665d1e16e902d82a00e791386aef\u00a0\u00bb},\u00a0\u00bbg:brand\u00a0\u00bb:\u00a0\u00bbBien ici\u00a0\u00bb,\u00a0\u00bbg:mpn\u00a0\u00bb:\u00a0\u00bbag756403-499766456&Prime;,\u00a0\u00bbg:google_product_category\u00a0\u00bb:\u00a0\u00bbMaison et jardin\u00a0\u00bb,\u00a0\u00bbg:product_type\u00a0\u00bb:\u00a0\u00bbMaison et jardin\u00a0\u00bb,\u00a0\u00bbg:shipping\u00a0\u00bb:{\u00ab\u00a0g:country\u00a0\u00bb:\u00a0\u00bbFR\u00a0\u00bb,\u00a0\u00bbg:price\u00a0\u00bb:\u00a0\u00bb0 EUR\u00a0\u00bb},\u00a0\u00bbg:availability\u00a0\u00bb:\u00a0\u00bben stock\u00a0\u00bb,\u00a0\u00bbg:condition\u00a0\u00bb:\u00a0\u00bboccasion\u00a0\u00bb,\u00a0\u00bbg:adType\u00a0\u00bb:\u00a0\u00bbbuy\u00a0\u00bb,\u00a0\u00bbg:propertyType\u00a0\u00bb:\u00a0\u00bbappartement\u00a0\u00bb,\u00a0\u00bbg:departement\u00a0\u00bb:\u00a0\u00bb94&Prime;,\u00a0\u00bbg:departement_name\u00a0\u00bb:\u00a0\u00bbVal-de-Marne\u00a0\u00bb,\u00a0\u00bbg:in_the_departement_name\u00a0\u00bb:\u00a0\u00bbdans le Val-de-Marne\u00a0\u00bb,\u00a0\u00bbg:region_name\u00a0\u00bb:\u00a0\u00bbIle-de-France\u00a0\u00bb,\u00a0\u00bbg:in_the_region_name\u00a0\u00bb:\u00a0\u00bben Ile-de-France\u00a0\u00bb,\u00a0\u00bbg:old_region_name\u00a0\u00bb:\u00a0\u00bbIle-de-France\u00a0\u00bb,\u00a0\u00bbg:old_in_the_region_name\u00a0\u00bb:\u00a0\u00bben Ile-de-France\u00a0\u00bb,\u00a0\u00bbg:city\u00a0\u00bb:\u00a0\u00bbL&rsquo;Ha\u00ff-les-Roses\u00a0\u00bb,\u00a0\u00bbg:in_city\u00a0\u00bb:\u00a0\u00bb\u00e0 L&rsquo;Ha\u00ff-les-Roses\u00a0\u00bb,\u00a0\u00bbg:postal_code\u00a0\u00bb:\u00a0\u00bb94240&Prime;,\u00a0\u00bbg:surfaceArea\u00a0\u00bb:\u00a0\u00bb99&Prime;,\u00a0\u00bbg:roomsQuantity\u00a0\u00bb:\u00a0\u00bb5&Prime;,\u00a0\u00bbg:bedroomsQuantity\u00a0\u00bb:\u00a0\u00bb3&Prime;,\u00a0\u00bbg:energyClassification\u00a0\u00bb:\u00a0\u00bbE\u00a0\u00bb,\u00a0\u00bbg:greenhouseGazClassification\u00a0\u00bb:\u00a0\u00bbE\u00a0\u00bb,\u00a0\u00bbg:parking\u00a0\u00bb:\u00a0\u00bbparking\u00a0\u00bb,\u00a0\u00bbg:balcon\u00a0\u00bb:\u00a0\u00bbbalcon\u00a0\u00bb,\u00a0\u00bbg:id\u00a0\u00bb:\u00a0\u00bb87baa32a1340665d1e16e902d82a00e791386aef\u00a0\u00bb,\u00a0\u00bbg:publicationDate\u00a0\u00bb:\u00a0\u00bb2025-11-21T01:58:49.715Z\u00a0\u00bb,\u00a0\u00bbg:modificationDate\u00a0\u00bb:\u00a0\u00bb2025-11-21T01:58:49.715Z\u00a0\u00bb,\u00a0\u00bbg:price\u00a0\u00bb:\u00a0\u00bb458000 EUR\u00a0\u00bb,\u00a0\u00bbg:image_link\u00a0\u00bb:\u00a0\u00bbhttps:\/\/file.bienici.com\/photo\/ag756403-499766456_photos.ubiflow.net_756403_499766456_photos_1.jpg_INSOON_EB_5512801818_20251120230845&Prime;,\u00a0\u00bbg:additional_image_link\u00a0\u00bb:[\u00ab\u00a0https:\/\/file.bienici.com\/photo\/ag756403-499766456_photos.ubiflow.net_756403_499766456_photos_2.jpg_INSOON_EB_5512801818_20251120230845&Prime;,\u00a0\u00bbhttps:\/\/file.bienici.com\/photo\/ag756403-499766456_photos.ubiflow.net_756403_499766456_photos_3.jpg_INSOON_EB_5512801818_20251120230845&Prime;,\u00a0\u00bbhttps:\/\/file.bienici.com\/photo\/ag756403-499766456_photos.ubiflow.net_756403_499766456_photos_4.jpg_INSOON_EB_5512801818_20251120230845&Prime;,\u00a0\u00bbhttps:\/\/file.bienici.com\/photo\/ag756403-499766456_photos.ubiflow.net_756403_499766456_photos_5.jpg_INSOON_EB_5512801818_20251120230845&Prime;,\u00a0\u00bbhttps:\/\/file.bienici.com\/photo\/ag756403-499766456_photos.ubiflow.net_756403_499766456_photos_6.jpg_INSOON_EB_5512801818_20251120230845&Prime;,\u00a0\u00bbhttps:\/\/file.bienici.com\/photo\/ag756403-499766456_photos.ubiflow.net_756403_499766456_photos_7.jpg_INSOON_EB_5512801818_20251120230845&Prime;,\u00a0\u00bbhttps:\/\/file.bienici.com\/photo\/ag756403-499766456_photos.ubiflow.net_756403_499766456_photos_8.jpg_INSOON_EB_5512801818_20251120230845&Prime;,\u00a0\u00bbhttps:\/\/file.bienici.com\/photo\/ag756403-499766456_photos.ubiflow.net_756403_499766456_photos_9.jpg_INSOON_EB_5512801818_20251120230845&Prime;,\u00a0\u00bbhttps:\/\/file.bienici.com\/photo\/ag756403-499766456_photos.ubiflow.net_756403_499766456_photos_10.jpg_INSOON_EB_5512801818_20251120230845&Prime;],\u00a0\u00bbg:latitude\u00a0\u00bb:\u00a0\u00bb48.77642105133955&Prime;,\u00a0\u00bbg:longitude\u00a0\u00bb:\u00a0\u00bb2.3290533999541774&Prime;},{\u00ab\u00a0title\u00a0\u00bb:\u00a0\u00bbMaison 7\u00a0pi\u00e8ces 185\u00a0m\u00b2\u00a0\u00bb,\u00a0\u00bbdescription\u00a0\u00bb:\u00a0\u00bbBienvenue dans cette superbe maison pleine de caract\u00e8re, parfaitement con\u00e7ue pour une vie de famille sereine, alliant tranquillit\u00e9 et proximit\u00e9 imm\u00e9diate avec toutes les commodit\u00e9s.\\n\\nD\u00e9couvrez sans plus attendre les atouts majeurs de cette propri\u00e9t\u00e9 exceptionnelle :\\n\\n* Une surface habitable g\u00e9n\u00e9reuse de 185,5 m\u00b2, r\u00e9partie harmonieusement sur trois niveaux.\\n* Un s\u00e9jour lumineux de 48 m\u00b2, id\u00e9al pour recevoir ou partager de chaleureux moments en famille.\\n* Cinq chambres spacieuses, dont une somptueuse suite parentale de 45,61 m\u00b2.\\n* Une cuisine ind\u00e9pendante, enti\u00e8rement \u00e9quip\u00e9e, pr\u00eate \u00e0 inspirer vos plus belles recettes.\\n* Une terrasse privative, parfaite pour profiter des soir\u00e9es estivales en toute intimit\u00e9.\\n* Un chauffage individuel au gaz avec radiateurs, garantissant un confort optimal en toutes saisons.\\n* Une salle de bains, deux salles d&rsquo;eau et deux WC s\u00e9par\u00e9s pour un quotidien fluide et agr\u00e9able.\\n\\nDes prestations qui font toute la diff\u00e9rence :\\n\\n* R\u00e9cemment r\u00e9nov\u00e9e avec soin, la maison marie \u00e9l\u00e9gamment le charme de l&rsquo;ancien et le confort moderne.\\n* Un garage priv\u00e9 pour stationner en toute tranquillit\u00e9 ou disposer d&rsquo;un espace de rangement suppl\u00e9mentaire.\\n* Parquet d&rsquo;origine, qui apporte chaleur et authenticit\u00e9 aux espaces de vie.\\n* Pour les sportifs, un court de tennis se trouve \u00e0 quelques pas seulement.\\n* Un environnement calme, vue d\u00e9gag\u00e9e sans vis-\u00e0-vis, assurant intimit\u00e9 et s\u00e9r\u00e9nit\u00e9.\\n* Maison enti\u00e8rement refaite \u00e0 neuf, aucun travaux \u00e0 pr\u00e9voir avant votre emm\u00e9nagement.\\n\\nUn cadre de vie privil\u00e9gi\u00e9 :\\n\\n* \u00c0 seulement quelques minutes du RER B \u2013 station Bourg-la-Reine, pour rejoindre Paris rapidement.\\n* Proximit\u00e9 imm\u00e9diate des \u00e9coles, commerces, restaurants et services essentiels.\\n* Un quartier vivant, convivial et bien desservi, parfait pour la vie de famille.\\n\\nUne opportunit\u00e9 rare sur le march\u00e9 !\\nCette maison combine volume, confort et localisation id\u00e9ale. Venez la visiter et laissez-vous s\u00e9duire par ses nombreux atouts. Un v\u00e9ritable coup de c\u0153ur vous attend.\\n\\n\u00ab Les informations sur les risques auxquels ce bien est expos\u00e9 sont disponibles sur le site G\u00e9orisques\u00a0: www.georisques.gouv.fr \u00bb\\n\\nGUETTA IMMOBILIER\\n\\nVotre agence immobili\u00e8re\\nRCS 905 016 564\\nTitulaire de la Carte professionnelle CPI94012022000000001 d\u00e9livr\u00e9e par CCI de Paris \u00cele-de-France\\nVille du greffe : Creteil\\n\\nPlus d&rsquo;informations sur notre site av-transaction immo &#8211; R\u00e9f\u00e9rence: 7501820104\\n\\nHonoraires charge vendeur.\u00a0\u00bb,\u00a0\u00bblink\u00a0\u00bb:\u00a0\u00bbhttps:\/\/www.bienici.com\/annonce\/ag756403-499766468&Prime;,\u00a0\u00bbguid\u00a0\u00bb:{\u00ab\u00a0@isPermaLink\u00a0\u00bb:\u00a0\u00bbfalse\u00a0\u00bb,\u00a0\u00bb#\u00a0\u00bb:\u00a0\u00bb720e6a435136848024bde34954d784a3cfebd889&Prime;},\u00a0\u00bbg:brand\u00a0\u00bb:\u00a0\u00bbBien ici\u00a0\u00bb,\u00a0\u00bbg:mpn\u00a0\u00bb:\u00a0\u00bbag756403-499766468&Prime;,\u00a0\u00bbg:google_product_category\u00a0\u00bb:\u00a0\u00bbMaison et jardin\u00a0\u00bb,\u00a0\u00bbg:product_type\u00a0\u00bb:\u00a0\u00bbMaison et jardin\u00a0\u00bb,\u00a0\u00bbg:shipping\u00a0\u00bb:{\u00ab\u00a0g:country\u00a0\u00bb:\u00a0\u00bbFR\u00a0\u00bb,\u00a0\u00bbg:price\u00a0\u00bb:\u00a0\u00bb0 EUR\u00a0\u00bb},\u00a0\u00bbg:availability\u00a0\u00bb:\u00a0\u00bben stock\u00a0\u00bb,\u00a0\u00bbg:condition\u00a0\u00bb:\u00a0\u00bboccasion\u00a0\u00bb,\u00a0\u00bbg:adType\u00a0\u00bb:\u00a0\u00bbbuy\u00a0\u00bb,\u00a0\u00bbg:propertyType\u00a0\u00bb:\u00a0\u00bbmaisonvilla\u00a0\u00bb,\u00a0\u00bbg:departement\u00a0\u00bb:\u00a0\u00bb94&Prime;,\u00a0\u00bbg:departement_name\u00a0\u00bb:\u00a0\u00bbVal-de-Marne\u00a0\u00bb,\u00a0\u00bbg:in_the_departement_name\u00a0\u00bb:\u00a0\u00bbdans le Val-de-Marne\u00a0\u00bb,\u00a0\u00bbg:region_name\u00a0\u00bb:\u00a0\u00bbIle-de-France\u00a0\u00bb,\u00a0\u00bbg:in_the_region_name\u00a0\u00bb:\u00a0\u00bben Ile-de-France\u00a0\u00bb,\u00a0\u00bbg:old_region_name\u00a0\u00bb:\u00a0\u00bbIle-de-France\u00a0\u00bb,\u00a0\u00bbg:old_in_the_region_name\u00a0\u00bb:\u00a0\u00bben Ile-de-France\u00a0\u00bb,\u00a0\u00bbg:city\u00a0\u00bb:\u00a0\u00bbCachan\u00a0\u00bb,\u00a0\u00bbg:in_city\u00a0\u00bb:\u00a0\u00bb\u00e0 Cachan\u00a0\u00bb,\u00a0\u00bbg:postal_code\u00a0\u00bb:\u00a0\u00bb94230&Prime;,\u00a0\u00bbg:surfaceArea\u00a0\u00bb:\u00a0\u00bb185&Prime;,\u00a0\u00bbg:roomsQuantity\u00a0\u00bb:\u00a0\u00bb7&Prime;,\u00a0\u00bbg:bedroomsQuantity\u00a0\u00bb:\u00a0\u00bb5&Prime;,\u00a0\u00bbg:energyClassification\u00a0\u00bb:\u00a0\u00bbD\u00a0\u00bb,\u00a0\u00bbg:greenhouseGazClassification\u00a0\u00bb:\u00a0\u00bbD\u00a0\u00bb,\u00a0\u00bbg:parking\u00a0\u00bb:\u00a0\u00bbparking\u00a0\u00bb,\u00a0\u00bbg:terrasse\u00a0\u00bb:\u00a0\u00bbterrasse\u00a0\u00bb,\u00a0\u00bbg:id\u00a0\u00bb:\u00a0\u00bb720e6a435136848024bde34954d784a3cfebd889&Prime;,\u00a0\u00bbg:publicationDate\u00a0\u00bb:\u00a0\u00bb2025-11-21T01:58:49.715Z\u00a0\u00bb,\u00a0\u00bbg:modificationDate\u00a0\u00bb:\u00a0\u00bb2025-11-21T01:58:49.715Z\u00a0\u00bb,\u00a0\u00bbg:price\u00a0\u00bb:\u00a0\u00bb920000 EUR\u00a0\u00bb,\u00a0\u00bbg:image_link\u00a0\u00bb:\u00a0\u00bbhttps:\/\/file.bienici.com\/photo\/ag756403-499766468_photos.ubiflow.net_756403_499766468_photos_1.jpg_INSOON_EB_5512801818_20251120230849&Prime;,\u00a0\u00bbg:additional_image_link\u00a0\u00bb:[\u00ab\u00a0https:\/\/file.bienici.com\/photo\/ag756403-499766468_photos.ubiflow.net_756403_499766468_photos_2.jpg_INSOON_EB_5512801818_20251120230849&Prime;,\u00a0\u00bbhttps:\/\/file.bienici.com\/photo\/ag756403-499766468_photos.ubiflow.net_756403_499766468_photos_3.jpg_INSOON_EB_5512801818_20251120230849&Prime;,\u00a0\u00bbhttps:\/\/file.bienici.com\/photo\/ag756403-499766468_photos.ubiflow.net_756403_499766468_photos_4.jpg_INSOON_EB_5512801818_20251120230849&Prime;,\u00a0\u00bbhttps:\/\/file.bienici.com\/photo\/ag756403-499766468_photos.ubiflow.net_756403_499766468_photos_5.jpg_INSOON_EB_5512801818_20251120230849&Prime;,\u00a0\u00bbhttps:\/\/file.bienici.com\/photo\/ag756403-499766468_photos.ubiflow.net_756403_499766468_photos_6.jpg_INSOON_EB_5512801818_20251120230849&Prime;,\u00a0\u00bbhttps:\/\/file.bienici.com\/photo\/ag756403-499766468_photos.ubiflow.net_756403_499766468_photos_7.jpg_INSOON_EB_5512801818_20251120230849&Prime;,\u00a0\u00bbhttps:\/\/file.bienici.com\/photo\/ag756403-499766468_photos.ubiflow.net_756403_499766468_photos_8.jpg_INSOON_EB_5512801818_20251120230849&Prime;,\u00a0\u00bbhttps:\/\/file.bienici.com\/photo\/ag756403-499766468_photos.ubiflow.net_756403_499766468_photos_9.jpg_INSOON_EB_5512801818_20251120230849&Prime;,\u00a0\u00bbhttps:\/\/file.bienici.com\/photo\/ag756403-499766468_photos.ubiflow.net_756403_499766468_photos_10.jpg_INSOON_EB_5512801818_20251120230849&Prime;],\u00a0\u00bbg:latitude\u00a0\u00bb:\u00a0\u00bb48.783716242837436&Prime;,\u00a0\u00bbg:longitude\u00a0\u00bb:\u00a0\u00bb2.32592344679601&Prime;},{\u00ab\u00a0title\u00a0\u00bb:\u00a0\u00bbMaison 6\u00a0pi\u00e8ces 183\u00a0m\u00b2\u00a0\u00bb,\u00a0\u00bbdescription\u00a0\u00bb:\u00a0\u00bbL&rsquo;agence GUETTA IMMOBILIER, \u00e9tablie au 3 rue de Metz \u00e0 L&rsquo;Ha\u00ff-les-Roses (Val-de-Marne), a le privil\u00e8ge de vous proposer cette \u00e9l\u00e9gante demeure contemporaine situ\u00e9e dans le quartier tr\u00e8s pris\u00e9 du Petit Robinson.\\n\\n\u00c0 seulement une quinzaine de minutes \u00e0 pied du RER B Bourg-la-Reine, cette maison familiale d&rsquo;environ 183 m\u00b2 habitables allie confort moderne, volumes g\u00e9n\u00e9reux et prestations de qualit\u00e9.\\n\\nD\u00e8s l&rsquo;entr\u00e9e, le charme op\u00e8re : un hall accueillant s&rsquo;ouvre sur une somptueuse pi\u00e8ce de vie baign\u00e9e de lumi\u00e8re naturelle, sublim\u00e9e par de larges baies vitr\u00e9es donnant acc\u00e8s \u00e0 une terrasse intime et un agr\u00e9able jardin arbor\u00e9. La cuisine, ouverte et int\u00e9gralement am\u00e9nag\u00e9e et \u00e9quip\u00e9e, prolonge harmonieusement cet espace convivial. Un dressing \u2014 facilement transformable en chambre de plain-pied selon les besoins \u2014 ainsi qu&rsquo;un cabinet de toilettes viennent parfaire le rez-de-chauss\u00e9e.\\n\\n\u00c0 l&rsquo;\u00e9tage, le confort est \u00e0 l&rsquo;honneur avec deux v\u00e9ritables suites parentales, chacune disposant de sa propre salle d&rsquo;eau, offrant ainsi ind\u00e9pendance et intimit\u00e9. Deux chambres suppl\u00e9mentaires ainsi qu&rsquo;une salle de bains compl\u00e8tent ce niveau aux lignes \u00e9pur\u00e9es et \u00e0 l&rsquo;agencement fonctionnel.\\n\\nUn vaste sous-sol total vient renforcer l&rsquo;attrait de cette propri\u00e9t\u00e9 : bureau isol\u00e9, deux caves, buanderie, cabinet de toilettes, ainsi qu&rsquo;un grand garage pouvant accueillir deux v\u00e9hicules. En compl\u00e9ment, une place de stationnement ext\u00e9rieure est \u00e9galement \u00e0 disposition.\\n\\nUne propri\u00e9t\u00e9 rare dans un environnement r\u00e9sidentiel recherch\u00e9, \u00e0 proximit\u00e9 imm\u00e9diate des commodit\u00e9s, des \u00e9coles et des transports. Id\u00e9ale pour une famille en qu\u00eate de qui\u00e9tude sans renoncer \u00e0 la proximit\u00e9 de Paris.\\n\\n\u00ab Les informations sur les risques auxquels ce bien est expos\u00e9 sont disponibles sur le site G\u00e9orisques\u00a0: www.georisques.gouv.fr \u00bb\\n\\nGUETTA IMMOBILIER\\n\\nVotre agence immobili\u00e8re\\nRCS 905 016 564\\nTitulaire de la Carte professionnelle CPI94012022000000001 d\u00e9livr\u00e9e par CCI de Paris \u00cele-de-France\\nVille du greffe : Creteil\\n\\nPlus d&rsquo;informations sur notre site av-transaction immo &#8211; R\u00e9f\u00e9rence: 7501820115\\n\\nHonoraires charge vendeur.\u00a0\u00bb,\u00a0\u00bblink\u00a0\u00bb:\u00a0\u00bbhttps:\/\/www.bienici.com\/annonce\/ag756403-499766573&Prime;,\u00a0\u00bbguid\u00a0\u00bb:{\u00ab\u00a0@isPermaLink\u00a0\u00bb:\u00a0\u00bbfalse\u00a0\u00bb,\u00a0\u00bb#\u00a0\u00bb:\u00a0\u00bbd0f7915f761389532635db7700e3c03b363e52b9&Prime;},\u00a0\u00bbg:brand\u00a0\u00bb:\u00a0\u00bbBien ici\u00a0\u00bb,\u00a0\u00bbg:mpn\u00a0\u00bb:\u00a0\u00bbag756403-499766573&Prime;,\u00a0\u00bbg:google_product_category\u00a0\u00bb:\u00a0\u00bbMaison et jardin\u00a0\u00bb,\u00a0\u00bbg:product_type\u00a0\u00bb:\u00a0\u00bbMaison et jardin\u00a0\u00bb,\u00a0\u00bbg:shipping\u00a0\u00bb:{\u00ab\u00a0g:country\u00a0\u00bb:\u00a0\u00bbFR\u00a0\u00bb,\u00a0\u00bbg:price\u00a0\u00bb:\u00a0\u00bb0 EUR\u00a0\u00bb},\u00a0\u00bbg:availability\u00a0\u00bb:\u00a0\u00bben stock\u00a0\u00bb,\u00a0\u00bbg:condition\u00a0\u00bb:\u00a0\u00bboccasion\u00a0\u00bb,\u00a0\u00bbg:adType\u00a0\u00bb:\u00a0\u00bbbuy\u00a0\u00bb,\u00a0\u00bbg:propertyType\u00a0\u00bb:\u00a0\u00bbmaisonvilla\u00a0\u00bb,\u00a0\u00bbg:departement\u00a0\u00bb:\u00a0\u00bb94&Prime;,\u00a0\u00bbg:departement_name\u00a0\u00bb:\u00a0\u00bbVal-de-Marne\u00a0\u00bb,\u00a0\u00bbg:in_the_departement_name\u00a0\u00bb:\u00a0\u00bbdans le Val-de-Marne\u00a0\u00bb,\u00a0\u00bbg:region_name\u00a0\u00bb:\u00a0\u00bbIle-de-France\u00a0\u00bb,\u00a0\u00bbg:in_the_region_name\u00a0\u00bb:\u00a0\u00bben Ile-de-France\u00a0\u00bb,\u00a0\u00bbg:old_region_name\u00a0\u00bb:\u00a0\u00bbIle-de-France\u00a0\u00bb,\u00a0\u00bbg:old_in_the_region_name\u00a0\u00bb:\u00a0\u00bben Ile-de-France\u00a0\u00bb,\u00a0\u00bbg:city\u00a0\u00bb:\u00a0\u00bbL&rsquo;Ha\u00ff-les-Roses\u00a0\u00bb,\u00a0\u00bbg:in_city\u00a0\u00bb:\u00a0\u00bb\u00e0 L&rsquo;Ha\u00ff-les-Roses\u00a0\u00bb,\u00a0\u00bbg:postal_code\u00a0\u00bb:\u00a0\u00bb94240&Prime;,\u00a0\u00bbg:surfaceArea\u00a0\u00bb:\u00a0\u00bb183&Prime;,\u00a0\u00bbg:roomsQuantity\u00a0\u00bb:\u00a0\u00bb6&Prime;,\u00a0\u00bbg:bedroomsQuantity\u00a0\u00bb:\u00a0\u00bb4&Prime;,\u00a0\u00bbg:energyClassification\u00a0\u00bb:\u00a0\u00bbD\u00a0\u00bb,\u00a0\u00bbg:greenhouseGazClassification\u00a0\u00bb:\u00a0\u00bbB\u00a0\u00bb,\u00a0\u00bbg:parking\u00a0\u00bb:\u00a0\u00bbparking\u00a0\u00bb,\u00a0\u00bbg:terrasse\u00a0\u00bb:\u00a0\u00bbterrasse\u00a0\u00bb,\u00a0\u00bbg:id\u00a0\u00bb:\u00a0\u00bbd0f7915f761389532635db7700e3c03b363e52b9&Prime;,\u00a0\u00bbg:publicationDate\u00a0\u00bb:\u00a0\u00bb2025-11-21T01:58:49.715Z\u00a0\u00bb,\u00a0\u00bbg:modificationDate\u00a0\u00bb:\u00a0\u00bb2025-11-21T01:58:49.715Z\u00a0\u00bb,\u00a0\u00bbg:price\u00a0\u00bb:\u00a0\u00bb1100000 EUR\u00a0\u00bb,\u00a0\u00bbg:image_link\u00a0\u00bb:\u00a0\u00bbhttps:\/\/file.bienici.com\/photo\/ag756403-499766573_photos.ubiflow.net_756403_499766573_photos_1.jpg_INSOON_EB_5512801818_20251120230917&Prime;,\u00a0\u00bbg:additional_image_link\u00a0\u00bb:[\u00ab\u00a0https:\/\/file.bienici.com\/photo\/ag756403-499766573_photos.ubiflow.net_756403_499766573_photos_2.jpg_INSOON_EB_5512801818_20251120230917&Prime;,\u00a0\u00bbhttps:\/\/file.bienici.com\/photo\/ag756403-499766573_photos.ubiflow.net_756403_499766573_photos_3.jpg_INSOON_EB_5512801818_20251120230917&Prime;,\u00a0\u00bbhttps:\/\/file.bienici.com\/photo\/ag756403-499766573_photos.ubiflow.net_756403_499766573_photos_4.jpg_INSOON_EB_5512801818_20251120230917&Prime;,\u00a0\u00bbhttps:\/\/file.bienici.com\/photo\/ag756403-499766573_photos.ubiflow.net_756403_499766573_photos_5.jpg_INSOON_EB_5512801818_20251120230917&Prime;,\u00a0\u00bbhttps:\/\/file.bienici.com\/photo\/ag756403-499766573_photos.ubiflow.net_756403_499766573_photos_6.jpg_INSOON_EB_5512801818_20251120230917&Prime;,\u00a0\u00bbhttps:\/\/file.bienici.com\/photo\/ag756403-499766573_photos.ubiflow.net_756403_499766573_photos_7.jpg_INSOON_EB_5512801818_20251120230917&Prime;,\u00a0\u00bbhttps:\/\/file.bienici.com\/photo\/ag756403-499766573_photos.ubiflow.net_756403_499766573_photos_8.jpg_INSOON_EB_5512801818_20251120230917&Prime;,\u00a0\u00bbhttps:\/\/file.bienici.com\/photo\/ag756403-499766573_photos.ubiflow.net_756403_499766573_photos_9.jpg_INSOON_EB_5512801818_20251120230917&Prime;,\u00a0\u00bbhttps:\/\/file.bienici.com\/photo\/ag756403-499766573_photos.ubiflow.net_756403_499766573_photos_10.jpg_INSOON_EB_5512801818_20251120230917&Prime;],\u00a0\u00bbg:latitude\u00a0\u00bb:\u00a0\u00bb48.78038964820828&Prime;,\u00a0\u00bbg:longitude\u00a0\u00bb:\u00a0\u00bb2.3302520997567733&Prime;},{\u00ab\u00a0title\u00a0\u00bb:\u00a0\u00bbMaison 7\u00a0pi\u00e8ces 178\u00a0m\u00b2\u00a0\u00bb,\u00a0\u00bbdescription\u00a0\u00bb:\u00a0\u00bbSUPERBE MAISON FAMILIALE MODERNE AVEC GRAND JARDIN PAYSAG\u00c9\\n\\nSitu\u00e9e au c\u0153ur du pris\u00e9 quartier des Blondeaux, \u00e0 deux pas de la Roseraie, cette \u00e9l\u00e9gante maison contemporaine construite en 2019 offre 179 m\u00b2 habitables sur une parcelle g\u00e9n\u00e9reuse de 700 m\u00b2. Son architecture soign\u00e9e et son environnement r\u00e9sidentiel paisible en font un lieu de vie privil\u00e9gi\u00e9 pour une famille en qu\u00eate de confort et de s\u00e9r\u00e9nit\u00e9.\\n\\nD\u00e8s l&rsquo;entr\u00e9e, on d\u00e9couvre une **pi\u00e8ce de vie lumineuse et spacieuse, ouverte sur le jardin, id\u00e9ale pour profiter de moments conviviaux en famille ou entre amis. La cuisine moderne, \u00e9quip\u00e9e d&rsquo;un vaste \u00eelot central, allie esth\u00e9tisme et fonctionnalit\u00e9. Elle communique directement avec la terrasse et le jardin arbor\u00e9, cr\u00e9ant une parfaite continuit\u00e9 entre int\u00e9rieur et ext\u00e9rieur.\\n\\nAu rez-de-chauss\u00e9e :\\n\\n* Un grand espace salon\/salle \u00e0 manger d&rsquo;environ 50 m\u00b2,\\n* Une cuisine contemporaine enti\u00e8rement \u00e9quip\u00e9e,\\n* Une chambre avec salle d&rsquo;eau privative,\\n* Un cellier et un WC ind\u00e9pendant.\\n\\n\u00c0 l&rsquo;\u00e9tage :\\n\\n* Trois belles chambres avec rangements,\\n* Un espace polyvalent pouvant servir de coin lecture, de salle de jeux ou de bureau,\\n* Une salle de bains spacieuse,\\n* Un WC s\u00e9par\u00e9.\\n\\nAu dernier niveau :\\nUn superbe espace parental d&rsquo;environ 37 m\u00b2 comprenant une chambre, un dressing, une salle de bains, un coin bureau avec acc\u00e8s ext\u00e9rieur et une pi\u00e8ce attenante pouvant accueillir une salle de sport ou une chambre de b\u00e9b\u00e9.\\n\\nL&rsquo;ext\u00e9rieur, soigneusement am\u00e9nag\u00e9, invite \u00e0 la d\u00e9tente. Le tout dans un secteur calme et verdoyant, \u00e0 proximit\u00e9 imm\u00e9diate des \u00e9coles, commerces et transports.\\n\\nPrestations de qualit\u00e9 : stores motoris\u00e9s, pompe \u00e0 chaleur, excellente performance \u00e9nerg\u00e9tique (DPE B).\\n\\nUne maison \u00ab pr\u00eate \u00e0 vivre \u00bb, alliant espace, luminosit\u00e9 et confort moderne, \u00e0 seulement quelques minutes de Paris.\\nUn bien rare sur le march\u00e9, \u00e0 d\u00e9couvrir sans tarder !\\n\\n\u00ab Les informations sur les risques auxquels ce bien est expos\u00e9 sont disponibles sur le site G\u00e9orisques\u00a0: www.georisques.gouv.fr \u00bb\\n\\nGUETTA IMMOBILIER\\n\\nVotre agence immobili\u00e8re\\nRCS 905 016 564\\nTitulaire de la Carte professionnelle CPI94012022000000001 d\u00e9livr\u00e9e par CCI de Paris \u00cele-de-France\\nVille du greffe : Creteil\\n\\nPlus d&rsquo;informations sur notre site av-transaction immo &#8211; R\u00e9f\u00e9rence: 7501820114\\n\\nHonoraires charge vendeur.\u00a0\u00bb,\u00a0\u00bblink\u00a0\u00bb:\u00a0\u00bbhttps:\/\/www.bienici.com\/annonce\/ag756403-499766561&Prime;,\u00a0\u00bbguid\u00a0\u00bb:{\u00ab\u00a0@isPermaLink\u00a0\u00bb:\u00a0\u00bbfalse\u00a0\u00bb,\u00a0\u00bb#\u00a0\u00bb:\u00a0\u00bbb622dad2cd7e0a9d6ab54b86b1add4bc0203d902&Prime;},\u00a0\u00bbg:brand\u00a0\u00bb:\u00a0\u00bbBien ici\u00a0\u00bb,\u00a0\u00bbg:mpn\u00a0\u00bb:\u00a0\u00bbag756403-499766561&Prime;,\u00a0\u00bbg:google_product_category\u00a0\u00bb:\u00a0\u00bbMaison et jardin\u00a0\u00bb,\u00a0\u00bbg:product_type\u00a0\u00bb:\u00a0\u00bbMaison et jardin\u00a0\u00bb,\u00a0\u00bbg:shipping\u00a0\u00bb:{\u00ab\u00a0g:country\u00a0\u00bb:\u00a0\u00bbFR\u00a0\u00bb,\u00a0\u00bbg:price\u00a0\u00bb:\u00a0\u00bb0 EUR\u00a0\u00bb},\u00a0\u00bbg:availability\u00a0\u00bb:\u00a0\u00bben stock\u00a0\u00bb,\u00a0\u00bbg:condition\u00a0\u00bb:\u00a0\u00bboccasion\u00a0\u00bb,\u00a0\u00bbg:adType\u00a0\u00bb:\u00a0\u00bbbuy\u00a0\u00bb,\u00a0\u00bbg:propertyType\u00a0\u00bb:\u00a0\u00bbmaisonvilla\u00a0\u00bb,\u00a0\u00bbg:departement\u00a0\u00bb:\u00a0\u00bb94&Prime;,\u00a0\u00bbg:departement_name\u00a0\u00bb:\u00a0\u00bbVal-de-Marne\u00a0\u00bb,\u00a0\u00bbg:in_the_departement_name\u00a0\u00bb:\u00a0\u00bbdans le Val-de-Marne\u00a0\u00bb,\u00a0\u00bbg:region_name\u00a0\u00bb:\u00a0\u00bbIle-de-France\u00a0\u00bb,\u00a0\u00bbg:in_the_region_name\u00a0\u00bb:\u00a0\u00bben Ile-de-France\u00a0\u00bb,\u00a0\u00bbg:old_region_name\u00a0\u00bb:\u00a0\u00bbIle-de-France\u00a0\u00bb,\u00a0\u00bbg:old_in_the_region_name\u00a0\u00bb:\u00a0\u00bben Ile-de-France\u00a0\u00bb,\u00a0\u00bbg:city\u00a0\u00bb:\u00a0\u00bbL&rsquo;Ha\u00ff-les-Roses\u00a0\u00bb,\u00a0\u00bbg:in_city\u00a0\u00bb:\u00a0\u00bb\u00e0 L&rsquo;Ha\u00ff-les-Roses\u00a0\u00bb,\u00a0\u00bbg:postal_code\u00a0\u00bb:\u00a0\u00bb94240&Prime;,\u00a0\u00bbg:surfaceArea\u00a0\u00bb:\u00a0\u00bb178&Prime;,\u00a0\u00bbg:roomsQuantity\u00a0\u00bb:\u00a0\u00bb7&Prime;,\u00a0\u00bbg:bedroomsQuantity\u00a0\u00bb:\u00a0\u00bb5&Prime;,\u00a0\u00bbg:energyClassification\u00a0\u00bb:\u00a0\u00bbB\u00a0\u00bb,\u00a0\u00bbg:greenhouseGazClassification\u00a0\u00bb:\u00a0\u00bbB\u00a0\u00bb,\u00a0\u00bbg:parking\u00a0\u00bb:\u00a0\u00bbparking\u00a0\u00bb,\u00a0\u00bbg:terrasse\u00a0\u00bb:\u00a0\u00bbterrasse\u00a0\u00bb,\u00a0\u00bbg:id\u00a0\u00bb:\u00a0\u00bbb622dad2cd7e0a9d6ab54b86b1add4bc0203d902&Prime;,\u00a0\u00bbg:publicationDate\u00a0\u00bb:\u00a0\u00bb2025-11-21T01:58:49.715Z\u00a0\u00bb,\u00a0\u00bbg:modificationDate\u00a0\u00bb:\u00a0\u00bb2025-11-21T01:58:49.715Z\u00a0\u00bb,\u00a0\u00bbg:price\u00a0\u00bb:\u00a0\u00bb949000 EUR\u00a0\u00bb,\u00a0\u00bbg:image_link\u00a0\u00bb:\u00a0\u00bbhttps:\/\/file.bienici.com\/photo\/ag756403-499766561_photos.ubiflow.net_756403_499766561_photos_1.jpg_INSOON_EB_5512801818_20251120230911&Prime;,\u00a0\u00bbg:additional_image_link\u00a0\u00bb:[\u00ab\u00a0https:\/\/file.bienici.com\/photo\/ag756403-499766561_photos.ubiflow.net_756403_499766561_photos_2.jpg_INSOON_EB_5512801818_20251120230911&Prime;,\u00a0\u00bbhttps:\/\/file.bienici.com\/photo\/ag756403-499766561_photos.ubiflow.net_756403_499766561_photos_3.jpg_INSOON_EB_5512801818_20251120230911&Prime;,\u00a0\u00bbhttps:\/\/file.bienici.com\/photo\/ag756403-499766561_photos.ubiflow.net_756403_499766561_photos_4.jpg_INSOON_EB_5512801818_20251120230911&Prime;,\u00a0\u00bbhttps:\/\/file.bienici.com\/photo\/ag756403-499766561_photos.ubiflow.net_756403_499766561_photos_5.jpg_INSOON_EB_5512801818_20251120230911&Prime;,\u00a0\u00bbhttps:\/\/file.bienici.com\/photo\/ag756403-499766561_photos.ubiflow.net_756403_499766561_photos_6.jpg_INSOON_EB_5512801818_20251120230911&Prime;,\u00a0\u00bbhttps:\/\/file.bienici.com\/photo\/ag756403-499766561_photos.ubiflow.net_756403_499766561_photos_7.jpg_INSOON_EB_5512801818_20251120230911&Prime;,\u00a0\u00bbhttps:\/\/file.bienici.com\/photo\/ag756403-499766561_photos.ubiflow.net_756403_499766561_photos_8.jpg_INSOON_EB_5512801818_20251120230911&Prime;,\u00a0\u00bbhttps:\/\/file.bienici.com\/photo\/ag756403-499766561_photos.ubiflow.net_756403_499766561_photos_9.jpg_INSOON_EB_5512801818_20251120230911&Prime;,\u00a0\u00bbhttps:\/\/file.bienici.com\/photo\/ag756403-499766561_photos.ubiflow.net_756403_499766561_photos_10.jpg_INSOON_EB_5512801818_20251120230911&Prime;],\u00a0\u00bbg:latitude\u00a0\u00bb:\u00a0\u00bb48.769983084340055&Prime;,\u00a0\u00bbg:longitude\u00a0\u00bb:\u00a0\u00bb2.329069002378018&Prime;}],\u00a0\u00bbtitle\u00a0\u00bb:\u00a0\u00bbAds from Bien ici\u00a0\u00bb,\u00a0\u00bbdescription\u00a0\u00bb:\u00a0\u00bbReal estate ads catalogue\u00a0\u00bb,\u00a0\u00bblink\u00a0\u00bb:\u00a0\u00bbhttps:\/\/www.bienici.com\u00a0\u00bb,\u00a0\u00bbgenerator\u00a0\u00bb:\u00a0\u00bb\u00a0\u00bb,\u00a0\u00bblastBuildDate\u00a0\u00bb:\u00a0\u00bbFri, 21 Nov 2025 02:30:05 GMT\u00a0\u00bb},\u00a0\u00bb@xmlns:g\u00a0\u00bb:\u00a0\u00bbhttp:\/\/base.google.com\/ns\/1.0&Prime;,\u00a0\u00bb@xmlns:atom\u00a0\u00bb:\u00a0\u00bbhttp:\/\/www.w3.org\/2005\/Atom\u00a0\u00bb,\u00a0\u00bb@xmlns:content\u00a0\u00bb:\u00a0\u00bbhttp:\/\/purl.org\/rss\/1.0\/modules\/content\/\u00a0\u00bb,\u00a0\u00bb@xmlns:dc\u00a0\u00bb:\u00a0\u00bbhttp:\/\/purl.org\/dc\/elements\/1.1\/\u00a0\u00bb,\u00a0\u00bb_id\u00a0\u00bb:\u00a0\u00bbecb4a87dceca0cc0dd56ab8c115543a149942acaff3988494970334d1f6b38c6&Prime;},\u00a0\u00bbexpires\u00a0\u00bb:1763822299066,\u00a0\u00bblastModified\u00a0\u00bb:1763821699042}},\u00a0\u00bbdynamic-surfooter\u00a0\u00bb:{\u00ab\u00a0{\\\u00a0\u00bbtag\\\u00a0\u00bb:\\\u00a0\u00bb\/futurs\\\u00a0\u00bb}\u00a0\u00bb:{\u00ab\u00a0data\u00a0\u00bb:{\u00ab\u00a0data\u00a0\u00bb:[{\u00ab\u00a0id\u00a0\u00bb:\u00a0\u00bbffd9fd90-edc2-4a93-839d-2bdc3b1b3e64&Prime;,\u00a0\u00bbdata\u00a0\u00bb:{\u00ab\u00a0seoLinks\u00a0\u00bb:[[{\u00ab\u00a0name\u00a0\u00bb:\u00a0\u00bbDossiers d\u2019actualit\u00e9\u00a0\u00bb,\u00a0\u00bbseo\u00a0\u00bb:[{\u00ab\u00a0url\u00a0\u00bb:\u00a0\u00bbhttps:\/\/www.leparisien.fr\/international\/etats-unis\/donald-trump\/\u00a0\u00bb,\u00a0\u00bblabel\u00a0\u00bb:\u00a0\u00bbDonald Trump\u00a0\u00bb},{\u00ab\u00a0url\u00a0\u00bb:\u00a0\u00bbhttps:\/\/www.leparisien.fr\/international\/ukraine\/\u00a0\u00bb,\u00a0\u00bblabel\u00a0\u00bb:\u00a0\u00bbGuerre en Ukraine\u00a0\u00bb},{\u00ab\u00a0url\u00a0\u00bb:\u00a0\u00bbhttps:\/\/www.leparisien.fr\/international\/israel\/\u00a0\u00bb,\u00a0\u00bblabel\u00a0\u00bb:\u00a0\u00bbGuerre au Proche-Orient\u00a0\u00bb},{\u00ab\u00a0url\u00a0\u00bb:\u00a0\u00bbhttps:\/\/www.leparisien.fr\/culture-loisirs\/miss-france\/\u00a0\u00bb,\u00a0\u00bblabel\u00a0\u00bb:\u00a0\u00bbMiss France 2026&Prime;}]},{\u00ab\u00a0name\u00a0\u00bb:null,\u00a0\u00bbseo\u00a0\u00bb:[{\u00ab\u00a0url\u00a0\u00bb:\u00a0\u00bbhttps:\/\/www.leparisien.fr\/pouvoir-d-achat\/\u00a0\u00bb,\u00a0\u00bblabel\u00a0\u00bb:\u00a0\u00bbPouvoir d&rsquo;achat\u00a0\u00bb},{\u00ab\u00a0url\u00a0\u00bb:\u00a0\u00bbhttps:\/\/www.leparisien.fr\/dans-les-comptes-des-francais\/\u00a0\u00bb,\u00a0\u00bblabel\u00a0\u00bb:\u00a0\u00bbDans les comptes\u00a0\u00bb},{\u00ab\u00a0url\u00a0\u00bb:\u00a0\u00bbhttps:\/\/www.leparisien.fr\/dans-le-lit-des-francais\/\u00a0\u00bb,\u00a0\u00bblabel\u00a0\u00bb:\u00a0\u00bbDans le lit \u00ab\u00a0},{\u00ab\u00a0url\u00a0\u00bb:\u00a0\u00bbhttps:\/\/www.leparisien.fr\/dans-la-tete-des-francais\/\u00a0\u00bb,\u00a0\u00bblabel\u00a0\u00bb:\u00a0\u00bbDans la t\u00eate\u00a0\u00bb},{\u00ab\u00a0url\u00a0\u00bb:\u00a0\u00bbhttps:\/\/www.leparisien.fr\/societe\/dans-la-nouvelle-vie-des-francais\/\u00a0\u00bb,\u00a0\u00bblabel\u00a0\u00bb:\u00a0\u00bbDans la nouvelle vie\u00a0\u00bb},{\u00ab\u00a0url\u00a0\u00bb:\u00a0\u00bbhttps:\/\/www.leparisien.fr\/intime\/dans-le-secret-du-couple\/\u00a0\u00bb,\u00a0\u00bblabel\u00a0\u00bb:\u00a0\u00bbDans le secret du couple\u00a0\u00bb},{\u00ab\u00a0url\u00a0\u00bb:\u00a0\u00bbhttps:\/\/www.leparisien.fr\/societe\/dans-le-coeur\/\u00a0\u00bb,\u00a0\u00bblabel\u00a0\u00bb:\u00a0\u00bbDans le c\u0153ur\u00a0\u00bb}]}],[{\u00ab\u00a0name\u00a0\u00bb:\u00a0\u00bbSports\u00a0\u00bb,\u00a0\u00bbseo\u00a0\u00bb:[{\u00ab\u00a0url\u00a0\u00bb:\u00a0\u00bbhttps:\/\/www.leparisien.fr\/sports\/football\/psg\/\u00a0\u00bb,\u00a0\u00bblabel\u00a0\u00bb:\u00a0\u00bbPSG\u00a0\u00bb},{\u00ab\u00a0url\u00a0\u00bb:\u00a0\u00bbhttps:\/\/www.leparisien.fr\/sports\/football\/ligue-des-champions\/\u00a0\u00bb,\u00a0\u00bblabel\u00a0\u00bb:\u00a0\u00bbLigue des champions\u00a0\u00bb},{\u00ab\u00a0url\u00a0\u00bb:\u00a0\u00bbhttps:\/\/www.leparisien.fr\/sports\/football\/ligue-1\/\u00a0\u00bb,\u00a0\u00bblabel\u00a0\u00bb:\u00a0\u00bbLigue 1&Prime;},{\u00ab\u00a0url\u00a0\u00bb:\u00a0\u00bbhttps:\/\/www.leparisien.fr\/sports\/football\/paris-fc\/\u00a0\u00bb,\u00a0\u00bblabel\u00a0\u00bb:\u00a0\u00bbParis FC\u00a0\u00bb},{\u00ab\u00a0url\u00a0\u00bb:\u00a0\u00bbhttps:\/\/www.leparisien.fr\/sports\/football\/ousmane-dembele\/\u00a0\u00bb,\u00a0\u00bblabel\u00a0\u00bb:\u00a0\u00bbOusmane Demb\u00e9l\u00e9\u00a0\u00bb},{\u00ab\u00a0url\u00a0\u00bb:\u00a0\u00bbhttps:\/\/www.leparisien.fr\/sports\/football\/kylian-mbappe\/\u00a0\u00bb,\u00a0\u00bblabel\u00a0\u00bb:\u00a0\u00bbKylian Mbapp\u00e9\u00a0\u00bb},{\u00ab\u00a0url\u00a0\u00bb:\u00a0\u00bbhttps:\/\/www.leparisien.fr\/sports\/football\/equipe-de-france\/\u00a0\u00bb,\u00a0\u00bblabel\u00a0\u00bb:\u00a0\u00bb\u00c9quipe de France de football\u00a0\u00bb},{\u00ab\u00a0url\u00a0\u00bb:\u00a0\u00bbhttps:\/\/www.leparisien.fr\/sports\/football\/coupe-d-afrique-des-nations\/\u00a0\u00bb,\u00a0\u00bblabel\u00a0\u00bb:\u00a0\u00bbCAN 2025&Prime;},{\u00ab\u00a0url\u00a0\u00bb:\u00a0\u00bbhttps:\/\/www.leparisien.fr\/sports\/football\/coupe-du-monde\/\u00a0\u00bb,\u00a0\u00bblabel\u00a0\u00bb:\u00a0\u00bbCoupe du monde 2026&Prime;},{\u00ab\u00a0url\u00a0\u00bb:\u00a0\u00bbhttps:\/\/www.leparisien.fr\/sports\/JO\/jo-hiver-2026-milan-cortina\/\u00a0\u00bb,\u00a0\u00bblabel\u00a0\u00bb:\u00a0\u00bbJO d&rsquo;hiver 2026 de Milan-Cortina\u00a0\u00bb}]}],[{\u00ab\u00a0name\u00a0\u00bb:\u00a0\u00bbPolitique\u00a0\u00bb,\u00a0\u00bbseo\u00a0\u00bb:[{\u00ab\u00a0url\u00a0\u00bb:\u00a0\u00bbhttps:\/\/www.leparisien.fr\/politique\/emmanuel-macron\/\u00a0\u00bb,\u00a0\u00bblabel\u00a0\u00bb:\u00a0\u00bbEmmanuel Macron\u00a0\u00bb},{\u00ab\u00a0url\u00a0\u00bb:\u00a0\u00bbhttps:\/\/www.leparisien.fr\/politique\/sebastien-lecornu\/\u00a0\u00bb,\u00a0\u00bblabel\u00a0\u00bb:\u00a0\u00bbS\u00e9bastien Lecornu\u00a0\u00bb},{\u00ab\u00a0url\u00a0\u00bb:\u00a0\u00bbhttps:\/\/www.leparisien.fr\/elections\/municipales\/\u00a0\u00bb,\u00a0\u00bblabel\u00a0\u00bb:\u00a0\u00bbMunicipales 2026&Prime;},{\u00ab\u00a0url\u00a0\u00bb:\u00a0\u00bbhttps:\/\/www.leparisien.fr\/resultats-elections\/\u00a0\u00bb,\u00a0\u00bblabel\u00a0\u00bb:\u00a0\u00bbR\u00e9sultats \u00e9lections\u00a0\u00bb},{\u00ab\u00a0url\u00a0\u00bb:\u00a0\u00bbhttps:\/\/www.leparisien.fr\/elections\/presidentielle\/\u00a0\u00bb,\u00a0\u00bblabel\u00a0\u00bb:\u00a0\u00bbPr\u00e9sidentielle 2027&Prime;}]},{\u00ab\u00a0name\u00a0\u00bb:\u00a0\u00bb\u00c9tudiant\u00a0\u00bb,\u00a0\u00bbseo\u00a0\u00bb:[{\u00ab\u00a0url\u00a0\u00bb:\u00a0\u00bbhttps:\/\/www.leparisien.fr\/etudiant\/etudes\/\u00a0\u00bb,\u00a0\u00bblabel\u00a0\u00bb:\u00a0\u00bbEnseignement sup\u00e9rieur\u00a0\u00bb},{\u00ab\u00a0url\u00a0\u00bb:\u00a0\u00bbhttps:\/\/www.leparisien.fr\/etudiant\/lycee\/\u00a0\u00bb,\u00a0\u00bblabel\u00a0\u00bb:\u00a0\u00bbLyc\u00e9e\u00a0\u00bb},{\u00ab\u00a0url\u00a0\u00bb:\u00a0\u00bbhttps:\/\/www.leparisien.fr\/etudiant\/college\/\u00a0\u00bb,\u00a0\u00bblabel\u00a0\u00bb:\u00a0\u00bbColl\u00e8ge\u00a0\u00bb},{\u00ab\u00a0url\u00a0\u00bb:\u00a0\u00bbhttps:\/\/www.leparisien.fr\/etudiant\/guide-metiers\/\u00a0\u00bb,\u00a0\u00bblabel\u00a0\u00bb:\u00a0\u00bbGuide m\u00e9tier\u00a0\u00bb},{\u00ab\u00a0url\u00a0\u00bb:\u00a0\u00bbhttps:\/\/www.leparisien.fr\/etudiant\/vie-etudiante\/\u00a0\u00bb,\u00a0\u00bblabel\u00a0\u00bb:\u00a0\u00bbVie \u00e9tudiante\u00a0\u00bb},{\u00ab\u00a0url\u00a0\u00bb:\u00a0\u00bbhttps:\/\/www.leparisien.fr\/etudiant\/sortir\/\u00a0\u00bb,\u00a0\u00bblabel\u00a0\u00bb:\u00a0\u00bbAgenda sorties\u00a0\u00bb},{\u00ab\u00a0url\u00a0\u00bb:\u00a0\u00bbhttps:\/\/www.leparisien.fr\/etudiant\/jobs-stages\/\u00a0\u00bb,\u00a0\u00bblabel\u00a0\u00bb:\u00a0\u00bbJobs Stages\u00a0\u00bb}]}],[{\u00ab\u00a0name\u00a0\u00bb:\u00a0\u00bbPodcasts &#038; Vid\u00e9os\u00a0\u00bb,\u00a0\u00bbseo\u00a0\u00bb:[{\u00ab\u00a0url\u00a0\u00bb:\u00a0\u00bbhttps:\/\/www.leparisien.fr\/podcasts\/crime-story\/\u00a0\u00bb,\u00a0\u00bblabel\u00a0\u00bb:\u00a0\u00bbCrime Story\u00a0\u00bb},{\u00ab\u00a0url\u00a0\u00bb:\u00a0\u00bbhttps:\/\/www.leparisien.fr\/podcasts\/code-source\/\u00a0\u00bb,\u00a0\u00bblabel\u00a0\u00bb:\u00a0\u00bbCode source\u00a0\u00bb}]},{\u00ab\u00a0name\u00a0\u00bb:null,\u00a0\u00bbseo\u00a0\u00bb:[{\u00ab\u00a0url\u00a0\u00bb:\u00a0\u00bbhttps:\/\/www.leparisien.fr\/food-checking\/\u00a0\u00bb,\u00a0\u00bblabel\u00a0\u00bb:\u00a0\u00bbFood-checking\u00a0\u00bb},{\u00ab\u00a0url\u00a0\u00bb:\u00a0\u00bbhttps:\/\/www.leparisien.fr\/biclou\/\u00a0\u00bb,\u00a0\u00bblabel\u00a0\u00bb:\u00a0\u00bbBiclou\u00a0\u00bb}]},{\u00ab\u00a0name\u00a0\u00bb:\u00a0\u00bbActus services\u00a0\u00bb,\u00a0\u00bbseo\u00a0\u00bb:[{\u00ab\u00a0url\u00a0\u00bb:\u00a0\u00bbhttps:\/\/www.leparisien.fr\/guide-shopping\/black-friday\/\u00a0\u00bb,\u00a0\u00bblabel\u00a0\u00bb:\u00a0\u00bbBlack Friday 2025&Prime;},{\u00ab\u00a0url\u00a0\u00bb:\u00a0\u00bbhttps:\/\/www.leparisien.fr\/guide-shopping\/bon-plan\/\u00a0\u00bb,\u00a0\u00bblabel\u00a0\u00bb:\u00a0\u00bbBons Plans\u00a0\u00bb},{\u00ab\u00a0url\u00a0\u00bb:\u00a0\u00bbhttps:\/\/www.leparisien.fr\/guide-shopping\/selection-guide\/\u00a0\u00bb,\u00a0\u00bblabel\u00a0\u00bb:\u00a0\u00bbS\u00e9lection du Guide d&rsquo;achat\u00a0\u00bb},{\u00ab\u00a0url\u00a0\u00bb:\u00a0\u00bbhttps:\/\/www.leparisien.fr\/meteo\/\u00a0\u00bb,\u00a0\u00bblabel\u00a0\u00bb:\u00a0\u00bbM\u00e9t\u00e9o\u00a0\u00bb}]}]]},\u00a0\u00bbname\u00a0\u00bb:\u00a0\u00bbdefault_footer\u00a0\u00bb,\u00a0\u00bbtype\u00a0\u00bb:\u00a0\u00bbfooter\u00a0\u00bb,\u00a0\u00bbdevice\u00a0\u00bb:\u00a0\u00bbweb\u00a0\u00bb,\u00a0\u00bbtags\u00a0\u00bb:[\u00ab\u00a0https:\/\/www.leparisien.fr\/\u00a0\u00bb]}],\u00a0\u00bb_id\u00a0\u00bb:\u00a0\u00bbdf5be1ee30d2ee6f1aa532d6a7aa09c0d56bfff82711763dc68f40b5334658af\u00a0\u00bb},\u00a0\u00bbexpires\u00a0\u00bb:1763823434773,\u00a0\u00bblastModified\u00a0\u00bb:1763821634764}}};Fusion.layout=\u00a0\u00bbarticle-layout\u00a0\u00bb;Fusion.metas={};Fusion.outputType=\u00a0\u00bbdefault\u00a0\u00bb;Fusion.template=\u00a0\u00bbtemplate\/article\u00a0\u00bb;Fusion.tree={\u00ab\u00a0collection\u00a0\u00bb:\u00a0\u00bblayouts\u00a0\u00bb,\u00a0\u00bbtype\u00a0\u00bb:\u00a0\u00bbarticle-layout\u00a0\u00bb,\u00a0\u00bbprops\u00a0\u00bb:{\u00ab\u00a0collection\u00a0\u00bb:\u00a0\u00bblayouts\u00a0\u00bb,\u00a0\u00bbtype\u00a0\u00bb:\u00a0\u00bbarticle-layout\u00a0\u00bb,\u00a0\u00bbid\u00a0\u00bb:\u00a0\u00bbarticle-layout\u00a0\u00bb,\u00a0\u00bbchildProps\u00a0\u00bb:[{\u00ab\u00a0collection\u00a0\u00bb:\u00a0\u00bbsections\u00a0\u00bb,\u00a0\u00bbid\u00a0\u00bb:0},{\u00ab\u00a0collection\u00a0\u00bb:\u00a0\u00bbsections\u00a0\u00bb,\u00a0\u00bbid\u00a0\u00bb:1},{\u00ab\u00a0collection\u00a0\u00bb:\u00a0\u00bbsections\u00a0\u00bb,\u00a0\u00bbid\u00a0\u00bb:2},{\u00ab\u00a0collection\u00a0\u00bb:\u00a0\u00bbsections\u00a0\u00bb,\u00a0\u00bbid\u00a0\u00bb:3},{\u00ab\u00a0collection\u00a0\u00bb:\u00a0\u00bbsections\u00a0\u00bb,\u00a0\u00bbid\u00a0\u00bb:4},{\u00ab\u00a0collection\u00a0\u00bb:\u00a0\u00bbsections\u00a0\u00bb,\u00a0\u00bbid\u00a0\u00bb:5},{\u00ab\u00a0collection\u00a0\u00bb:\u00a0\u00bbsections\u00a0\u00bb,\u00a0\u00bbid\u00a0\u00bb:6},{\u00ab\u00a0collection\u00a0\u00bb:\u00a0\u00bbsections\u00a0\u00bb,\u00a0\u00bbid\u00a0\u00bb:7}]},\u00a0\u00bbchildren\u00a0\u00bb:[{\u00ab\u00a0collection\u00a0\u00bb:\u00a0\u00bbsections\u00a0\u00bb,\u00a0\u00bbprops\u00a0\u00bb:{\u00ab\u00a0collection\u00a0\u00bb:\u00a0\u00bbsections\u00a0\u00bb,\u00a0\u00bbid\u00a0\u00bb:0},\u00a0\u00bbchildren\u00a0\u00bb:[{\u00ab\u00a0collection\u00a0\u00bb:\u00a0\u00bbfeatures\u00a0\u00bb,\u00a0\u00bbtype\u00a0\u00bb:\u00a0\u00bbglobal\/HeaderNav\u00a0\u00bb,\u00a0\u00bbprops\u00a0\u00bb:{\u00ab\u00a0collection\u00a0\u00bb:\u00a0\u00bbfeatures\u00a0\u00bb,\u00a0\u00bbtype\u00a0\u00bb:\u00a0\u00bbglobal\/HeaderNav\u00a0\u00bb,\u00a0\u00bbid\u00a0\u00bb:\u00a0\u00bbf0fAVPTA1kS68mi\u00a0\u00bb,\u00a0\u00bbname\u00a0\u00bb:\u00a0\u00bbglobal HeaderNav\u00a0\u00bb,\u00a0\u00bbcontentConfig\u00a0\u00bb:{\u00ab\u00a0contentService\u00a0\u00bb:\u00a0\u00bb\u00a0\u00bb,\u00a0\u00bbcontentConfigValues\u00a0\u00bb:{},\u00a0\u00bbinherit\u00a0\u00bb:true},\u00a0\u00bbcustomFields\u00a0\u00bb:{\u00ab\u00a0navBarType\u00a0\u00bb:\u00a0\u00bbLP\u00a0\u00bb,\u00a0\u00bbconfig\u00a0\u00bb:\u00a0\u00bb[{\\\u00a0\u00bbsectionId\\\u00a0\u00bb:\\\u00a0\u00bb\/sports\/football\/ligue-1\/\\\u00a0\u00bb,\\\u00a0\u00bbliveCollectionId\\\u00a0\u00bb:\\\u00a0\u00bb\\\u00a0\u00bb,\\\u00a0\u00bbliveUrl\\\u00a0\u00bb:\\\u00a0\u00bb\\\u00a0\u00bb,\\\u00a0\u00bbliveLabel\\\u00a0\u00bb:\\\u00a0\u00bb\\\u00a0\u00bb,\\\u00a0\u00bbshowLive\\\u00a0\u00bb:false,\\\u00a0\u00bbimage\\\u00a0\u00bb:\\\u00a0\u00bb\\\u00a0\u00bb,\\\u00a0\u00bbimageDark\\\u00a0\u00bb:\\\u00a0\u00bb\\\u00a0\u00bb,\\\u00a0\u00bbimageLink\\\u00a0\u00bb:\\\u00a0\u00bb\\\u00a0\u00bb,\\\u00a0\u00bbimageSizeMobile\\\u00a0\u00bb:\\\u00a0\u00bb\\\u00a0\u00bb,\\\u00a0\u00bbimageSizeTable\\\u00a0\u00bb:\\\u00a0\u00bb\\\u00a0\u00bb,\\\u00a0\u00bbimageSizeDesktop\\\u00a0\u00bb:\\\u00a0\u00bb\\\u00a0\u00bb,\\\u00a0\u00bbcontextLabel\\\u00a0\u00bb:\\\u00a0\u00bbLigue 1\\\u00a0\u00bb,\\\u00a0\u00bbcontextLink\\\u00a0\u00bb:\\\u00a0\u00bbhttps:\/\/www.leparisien.fr\/sports\/football\/ligue-1\/\\\u00a0\u00bb,\\\u00a0\u00bbkeyword\\\u00a0\u00bb:\\\u00a0\u00bb\\\u00a0\u00bb,\\\u00a0\u00bbmetadata\\\u00a0\u00bb:\\\u00a0\u00bb\\\u00a0\u00bb,\\\u00a0\u00bblabel\\\u00a0\u00bb:\\\u00a0\u00bb\\\u00a0\u00bb,\\\u00a0\u00bblinks\\\u00a0\u00bb:[{\\\u00a0\u00bburl\\\u00a0\u00bb:\\\u00a0\u00bbhttps:\/\/www.leparisien.fr\/sports\/football\/ligue-1\/calendrier-resultats\/\\\u00a0\u00bb,\\\u00a0\u00bbtext\\\u00a0\u00bb:\\\u00a0\u00bbCalendrier et r\u00e9sultats\\\u00a0\u00bb,\\\u00a0\u00bbsearchEnable\\\u00a0\u00bb:false,\\\u00a0\u00bbsearchPlaceholder\\\u00a0\u00bb:\\\u00a0\u00bb\\\u00a0\u00bb},{\\\u00a0\u00bburl\\\u00a0\u00bb:\\\u00a0\u00bbhttps:\/\/www.leparisien.fr\/sports\/football\/ligue-1\/classement\/\\\u00a0\u00bb,\\\u00a0\u00bbtext\\\u00a0\u00bb:\\\u00a0\u00bbClassement des \u00e9quipes\\\u00a0\u00bb,\\\u00a0\u00bbsearchEnable\\\u00a0\u00bb:false,\\\u00a0\u00bbsearchPlaceholder\\\u00a0\u00bb:\\\u00a0\u00bb\\\u00a0\u00bb},{\\\u00a0\u00bburl\\\u00a0\u00bb:\\\u00a0\u00bbhttps:\/\/www.leparisien.fr\/sports\/football\/ligue-1\/calendrier-psg\/\\\u00a0\u00bb,\\\u00a0\u00bbtext\\\u00a0\u00bb:\\\u00a0\u00bbCalendrier du PSG\\\u00a0\u00bb,\\\u00a0\u00bbsearchEnable\\\u00a0\u00bb:false,\\\u00a0\u00bbsearchPlaceholder\\\u00a0\u00bb:\\\u00a0\u00bb\\\u00a0\u00bb}]},{\\\u00a0\u00bbsectionId\\\u00a0\u00bb:\\\u00a0\u00bb\/jo-paris-2024\/\\\u00a0\u00bb,\\\u00a0\u00bbliveCollectionId\\\u00a0\u00bb:\\\u00a0\u00bb\\\u00a0\u00bb,\\\u00a0\u00bbliveUrl\\\u00a0\u00bb:\\\u00a0\u00bb\\\u00a0\u00bb,\\\u00a0\u00bbliveLabel\\\u00a0\u00bb:\\\u00a0\u00bb\\\u00a0\u00bb,\\\u00a0\u00bbshowLive\\\u00a0\u00bb:false,\\\u00a0\u00bbimage\\\u00a0\u00bb:\\\u00a0\u00bbhttps:\/\/assets.leparisien.fr\/website\/images\/homepage\/logo-jo-2024.svg\\\u00a0\u00bb,\\\u00a0\u00bbimageDark\\\u00a0\u00bb:\\\u00a0\u00bbhttps:\/\/assets.leparisien.fr\/website\/images\/homepage\/dark\/logo-jo-2024.png\\\u00a0\u00bb,\\\u00a0\u00bbimageLink\\\u00a0\u00bb:\\\u00a0\u00bb\/jo-paris-2024\/\\\u00a0\u00bb,\\\u00a0\u00bbimageSizeMobile\\\u00a0\u00bb:\\\u00a0\u00bb28X16\\\u00a0\u00bb,\\\u00a0\u00bbimageSizeTable\\\u00a0\u00bb:\\\u00a0\u00bb28X16\\\u00a0\u00bb,\\\u00a0\u00bbimageSizeDesktop\\\u00a0\u00bb:\\\u00a0\u00bb28X16\\\u00a0\u00bb,\\\u00a0\u00bbcontextLabel\\\u00a0\u00bb:\\\u00a0\u00bbJO Paris 2024\\\u00a0\u00bb,\\\u00a0\u00bbcontextLink\\\u00a0\u00bb:\\\u00a0\u00bbhttps:\/\/www.leparisien.fr\/jo-paris-2024\/\\\u00a0\u00bb,\\\u00a0\u00bbkeyword\\\u00a0\u00bb:\\\u00a0\u00bb\\\u00a0\u00bb,\\\u00a0\u00bbmetadata\\\u00a0\u00bb:\\\u00a0\u00bb\\\u00a0\u00bb,\\\u00a0\u00bblabel\\\u00a0\u00bb:\\\u00a0\u00bb\\\u00a0\u00bb,\\\u00a0\u00bblinks\\\u00a0\u00bb:[{\\\u00a0\u00bburl\\\u00a0\u00bb:\\\u00a0\u00bbhttps:\/\/www.leparisien.fr\/jo-paris-2024\/tableau-des-medailles\/\\\u00a0\u00bb,\\\u00a0\u00bbtext\\\u00a0\u00bb:\\\u00a0\u00bbTableau des m\u00e9dailles\\\u00a0\u00bb,\\\u00a0\u00bbsearchEnable\\\u00a0\u00bb:false,\\\u00a0\u00bbsearchPlaceholder\\\u00a0\u00bb:\\\u00a0\u00bb\\\u00a0\u00bb},{\\\u00a0\u00bburl\\\u00a0\u00bb:\\\u00a0\u00bbhttps:\/\/www.leparisien.fr\/jo-paris-2024\/resultats-par-discipline\/\\\u00a0\u00bb,\\\u00a0\u00bbtext\\\u00a0\u00bb:\\\u00a0\u00bbR\u00e9sultats\\\u00a0\u00bb,\\\u00a0\u00bbsearchEnable\\\u00a0\u00bb:false,\\\u00a0\u00bbsearchPlaceholder\\\u00a0\u00bb:\\\u00a0\u00bb\\\u00a0\u00bb},{\\\u00a0\u00bburl\\\u00a0\u00bb:\\\u00a0\u00bb\\\u00a0\u00bb,\\\u00a0\u00bbtext\\\u00a0\u00bb:\\\u00a0\u00bbDisciplines\\\u00a0\u00bb,\\\u00a0\u00bbsearchEnable\\\u00a0\u00bb:true,\\\u00a0\u00bbsearchPlaceholder\\\u00a0\u00bb:\\\u00a0\u00bbex : Aviron\\\u00a0\u00bb,\\\u00a0\u00bbchildren\\\u00a0\u00bb:[{\\\u00a0\u00bburl\\\u00a0\u00bb:\\\u00a0\u00bbhttps:\/\/www.leparisien.fr\/jo-paris-2024\/athletisme\/\\\u00a0\u00bb,\\\u00a0\u00bbtext\\\u00a0\u00bb:\\\u00a0\u00bbAthl\u00e9tisme\\\u00a0\u00bb},{\\\u00a0\u00bburl\\\u00a0\u00bb:\\\u00a0\u00bbhttps:\/\/www.leparisien.fr\/jo-paris-2024\/aviron\/\\\u00a0\u00bb,\\\u00a0\u00bbtext\\\u00a0\u00bb:\\\u00a0\u00bbAviron\\\u00a0\u00bb},{\\\u00a0\u00bburl\\\u00a0\u00bb:\\\u00a0\u00bbhttps:\/\/www.leparisien.fr\/jo-paris-2024\/badminton\/\\\u00a0\u00bb,\\\u00a0\u00bbtext\\\u00a0\u00bb:\\\u00a0\u00bbBadminton\\\u00a0\u00bb},{\\\u00a0\u00bburl\\\u00a0\u00bb:\\\u00a0\u00bbhttps:\/\/www.leparisien.fr\/jo-paris-2024\/basketball\/\\\u00a0\u00bb,\\\u00a0\u00bbtext\\\u00a0\u00bb:\\\u00a0\u00bbBasketball\\\u00a0\u00bb},{\\\u00a0\u00bburl\\\u00a0\u00bb:\\\u00a0\u00bbhttps:\/\/www.leparisien.fr\/jo-paris-2024\/bmx\/\\\u00a0\u00bb,\\\u00a0\u00bbtext\\\u00a0\u00bb:\\\u00a0\u00bbBMX\\\u00a0\u00bb},{\\\u00a0\u00bburl\\\u00a0\u00bb:\\\u00a0\u00bbhttps:\/\/www.leparisien.fr\/jo-paris-2024\/boxe\/\\\u00a0\u00bb,\\\u00a0\u00bbtext\\\u00a0\u00bb:\\\u00a0\u00bbBoxe\\\u00a0\u00bb},{\\\u00a0\u00bburl\\\u00a0\u00bb:\\\u00a0\u00bbhttps:\/\/www.leparisien.fr\/jo-paris-2024\/breaking\/\\\u00a0\u00bb,\\\u00a0\u00bbtext\\\u00a0\u00bb:\\\u00a0\u00bbBreaking\\\u00a0\u00bb},{\\\u00a0\u00bburl\\\u00a0\u00bb:\\\u00a0\u00bbhttps:\/\/www.leparisien.fr\/jo-paris-2024\/canoe\/\\\u00a0\u00bb,\\\u00a0\u00bbtext\\\u00a0\u00bb:\\\u00a0\u00bbCano\u00eb\\\u00a0\u00bb},{\\\u00a0\u00bburl\\\u00a0\u00bb:\\\u00a0\u00bbhttps:\/\/www.leparisien.fr\/jo-paris-2024\/cyclisme\/\\\u00a0\u00bb,\\\u00a0\u00bbtext\\\u00a0\u00bb:\\\u00a0\u00bbCyclisme\\\u00a0\u00bb},{\\\u00a0\u00bburl\\\u00a0\u00bb:\\\u00a0\u00bbhttps:\/\/www.leparisien.fr\/jo-paris-2024\/sports-equestres\/\\\u00a0\u00bb,\\\u00a0\u00bbtext\\\u00a0\u00bb:\\\u00a0\u00bb\u00c9quitation\\\u00a0\u00bb},{\\\u00a0\u00bburl\\\u00a0\u00bb:\\\u00a0\u00bbhttps:\/\/www.leparisien.fr\/jo-paris-2024\/escalade-sportive\/\\\u00a0\u00bb,\\\u00a0\u00bbtext\\\u00a0\u00bb:\\\u00a0\u00bbEscalade\\\u00a0\u00bb},{\\\u00a0\u00bburl\\\u00a0\u00bb:\\\u00a0\u00bbhttps:\/\/www.leparisien.fr\/jo-paris-2024\/escrime\/\\\u00a0\u00bb,\\\u00a0\u00bbtext\\\u00a0\u00bb:\\\u00a0\u00bbEscrime\\\u00a0\u00bb},{\\\u00a0\u00bburl\\\u00a0\u00bb:\\\u00a0\u00bbhttps:\/\/www.leparisien.fr\/jo-paris-2024\/football\/\\\u00a0\u00bb,\\\u00a0\u00bbtext\\\u00a0\u00bb:\\\u00a0\u00bbFootball\\\u00a0\u00bb},{\\\u00a0\u00bburl\\\u00a0\u00bb:\\\u00a0\u00bbhttps:\/\/www.leparisien.fr\/jo-paris-2024\/golf\/\\\u00a0\u00bb,\\\u00a0\u00bbtext\\\u00a0\u00bb:\\\u00a0\u00bbGolf\\\u00a0\u00bb},{\\\u00a0\u00bburl\\\u00a0\u00bb:\\\u00a0\u00bbhttps:\/\/www.leparisien.fr\/jo-paris-2024\/gymnastique\/\\\u00a0\u00bb,\\\u00a0\u00bbtext\\\u00a0\u00bb:\\\u00a0\u00bbGymnastique\\\u00a0\u00bb},{\\\u00a0\u00bburl\\\u00a0\u00bb:\\\u00a0\u00bbhttps:\/\/www.leparisien.fr\/jo-paris-2024\/halterophilie\/\\\u00a0\u00bb,\\\u00a0\u00bbtext\\\u00a0\u00bb:\\\u00a0\u00bbHalt\u00e9rophilie\\\u00a0\u00bb},{\\\u00a0\u00bburl\\\u00a0\u00bb:\\\u00a0\u00bbhttps:\/\/www.leparisien.fr\/jo-paris-2024\/handball\/\\\u00a0\u00bb,\\\u00a0\u00bbtext\\\u00a0\u00bb:\\\u00a0\u00bbHandball\\\u00a0\u00bb},{\\\u00a0\u00bburl\\\u00a0\u00bb:\\\u00a0\u00bbhttps:\/\/www.leparisien.fr\/jo-paris-2024\/hockey\/\\\u00a0\u00bb,\\\u00a0\u00bbtext\\\u00a0\u00bb:\\\u00a0\u00bbHockey\\\u00a0\u00bb},{\\\u00a0\u00bburl\\\u00a0\u00bb:\\\u00a0\u00bbhttps:\/\/www.leparisien.fr\/jo-paris-2024\/judo\/\\\u00a0\u00bb,\\\u00a0\u00bbtext\\\u00a0\u00bb:\\\u00a0\u00bbJudo\\\u00a0\u00bb},{\\\u00a0\u00bburl\\\u00a0\u00bb:\\\u00a0\u00bbhttps:\/\/www.leparisien.fr\/jo-paris-2024\/lutte\/\\\u00a0\u00bb,\\\u00a0\u00bbtext\\\u00a0\u00bb:\\\u00a0\u00bbLutte\\\u00a0\u00bb},{\\\u00a0\u00bburl\\\u00a0\u00bb:\\\u00a0\u00bbhttps:\/\/www.leparisien.fr\/jo-paris-2024\/natation\/\\\u00a0\u00bb,\\\u00a0\u00bbtext\\\u00a0\u00bb:\\\u00a0\u00bbNatation\\\u00a0\u00bb},{\\\u00a0\u00bburl\\\u00a0\u00bb:\\\u00a0\u00bbhttps:\/\/www.leparisien.fr\/jo-paris-2024\/pentathlon-moderne\/\\\u00a0\u00bb,\\\u00a0\u00bbtext\\\u00a0\u00bb:\\\u00a0\u00bbPentathlon moderne\\\u00a0\u00bb},{\\\u00a0\u00bburl\\\u00a0\u00bb:\\\u00a0\u00bbhttps:\/\/www.leparisien.fr\/jo-paris-2024\/plongeon\/\\\u00a0\u00bb,\\\u00a0\u00bbtext\\\u00a0\u00bb:\\\u00a0\u00bbPlongeon\\\u00a0\u00bb},{\\\u00a0\u00bburl\\\u00a0\u00bb:\\\u00a0\u00bbhttps:\/\/www.leparisien.fr\/jo-paris-2024\/rugby\/\\\u00a0\u00bb,\\\u00a0\u00bbtext\\\u00a0\u00bb:\\\u00a0\u00bbRugby \u00e0 7\\\u00a0\u00bb},{\\\u00a0\u00bburl\\\u00a0\u00bb:\\\u00a0\u00bbhttps:\/\/www.leparisien.fr\/jo-paris-2024\/skateboard\/\\\u00a0\u00bb,\\\u00a0\u00bbtext\\\u00a0\u00bb:\\\u00a0\u00bbSkateboard\\\u00a0\u00bb},{\\\u00a0\u00bburl\\\u00a0\u00bb:\\\u00a0\u00bbhttps:\/\/www.leparisien.fr\/jo-paris-2024\/surf\/\\\u00a0\u00bb,\\\u00a0\u00bbtext\\\u00a0\u00bb:\\\u00a0\u00bbSurf\\\u00a0\u00bb},{\\\u00a0\u00bburl\\\u00a0\u00bb:\\\u00a0\u00bbhttps:\/\/www.leparisien.fr\/jo-paris-2024\/taekwondo\/\\\u00a0\u00bb,\\\u00a0\u00bbtext\\\u00a0\u00bb:\\\u00a0\u00bbTaekwondo\\\u00a0\u00bb},{\\\u00a0\u00bburl\\\u00a0\u00bb:\\\u00a0\u00bbhttps:\/\/www.leparisien.fr\/jo-paris-2024\/tennis\/\\\u00a0\u00bb,\\\u00a0\u00bbtext\\\u00a0\u00bb:\\\u00a0\u00bbTennis\\\u00a0\u00bb},{\\\u00a0\u00bburl\\\u00a0\u00bb:\\\u00a0\u00bbhttps:\/\/www.leparisien.fr\/jo-paris-2024\/tennis-de-table\/\\\u00a0\u00bb,\\\u00a0\u00bbtext\\\u00a0\u00bb:\\\u00a0\u00bbTennis de table\\\u00a0\u00bb},{\\\u00a0\u00bburl\\\u00a0\u00bb:\\\u00a0\u00bbhttps:\/\/www.leparisien.fr\/jo-paris-2024\/tir\/\\\u00a0\u00bb,\\\u00a0\u00bbtext\\\u00a0\u00bb:\\\u00a0\u00bbTir\\\u00a0\u00bb},{\\\u00a0\u00bburl\\\u00a0\u00bb:\\\u00a0\u00bbhttps:\/\/www.leparisien.fr\/jo-paris-2024\/tir-a-l-arc\/\\\u00a0\u00bb,\\\u00a0\u00bbtext\\\u00a0\u00bb:\\\u00a0\u00bbTir \u00e0 l\u2019arc\\\u00a0\u00bb},{\\\u00a0\u00bburl\\\u00a0\u00bb:\\\u00a0\u00bbhttps:\/\/www.leparisien.fr\/jo-paris-2024\/trampoline\/\\\u00a0\u00bb,\\\u00a0\u00bbtext\\\u00a0\u00bb:\\\u00a0\u00bbTrampoline\\\u00a0\u00bb},{\\\u00a0\u00bburl\\\u00a0\u00bb:\\\u00a0\u00bbhttps:\/\/www.leparisien.fr\/jo-paris-2024\/triathlon\/\\\u00a0\u00bb,\\\u00a0\u00bbtext\\\u00a0\u00bb:\\\u00a0\u00bbTriathlon\\\u00a0\u00bb},{\\\u00a0\u00bburl\\\u00a0\u00bb:\\\u00a0\u00bbhttps:\/\/www.leparisien.fr\/jo-paris-2024\/voile\/\\\u00a0\u00bb,\\\u00a0\u00bbtext\\\u00a0\u00bb:\\\u00a0\u00bbVoile\\\u00a0\u00bb},{\\\u00a0\u00bburl\\\u00a0\u00bb:\\\u00a0\u00bbhttps:\/\/www.leparisien.fr\/jo-paris-2024\/volleyball\/\\\u00a0\u00bb,\\\u00a0\u00bbtext\\\u00a0\u00bb:\\\u00a0\u00bbVolleyball\\\u00a0\u00bb},{\\\u00a0\u00bburl\\\u00a0\u00bb:\\\u00a0\u00bbhttps:\/\/www.leparisien.fr\/jo-paris-2024\/vtt\/\\\u00a0\u00bb,\\\u00a0\u00bbtext\\\u00a0\u00bb:\\\u00a0\u00bbVTT\\\u00a0\u00bb},{\\\u00a0\u00bburl\\\u00a0\u00bb:\\\u00a0\u00bbhttps:\/\/www.leparisien.fr\/jo-paris-2024\/waterpolo\/\\\u00a0\u00bb,\\\u00a0\u00bbtext\\\u00a0\u00bb:\\\u00a0\u00bbWater-polo\\\u00a0\u00bb}]},{\\\u00a0\u00bburl\\\u00a0\u00bb:\\\u00a0\u00bb\/jo-paris-2024\/equipe-de-france\/\\\u00a0\u00bb,\\\u00a0\u00bbtext\\\u00a0\u00bb:\\\u00a0\u00bb\u00c9quipe de France\\\u00a0\u00bb,\\\u00a0\u00bbsearchEnable\\\u00a0\u00bb:false,\\\u00a0\u00bbsearchPlaceholder\\\u00a0\u00bb:\\\u00a0\u00bb\\\u00a0\u00bb},{\\\u00a0\u00bburl\\\u00a0\u00bb:\\\u00a0\u00bb\/jo-paris-2024\/videos\/\\\u00a0\u00bb,\\\u00a0\u00bbtext\\\u00a0\u00bb:\\\u00a0\u00bbVid\u00e9os\\\u00a0\u00bb,\\\u00a0\u00bbsearchEnable\\\u00a0\u00bb:false,\\\u00a0\u00bbsearchPlaceholder\\\u00a0\u00bb:\\\u00a0\u00bb\\\u00a0\u00bb},{\\\u00a0\u00bburl\\\u00a0\u00bb:\\\u00a0\u00bb\/inscription-newsletter-jeux-olympiques\/\\\u00a0\u00bb,\\\u00a0\u00bbtext\\\u00a0\u00bb:\\\u00a0\u00bbNewsletter\\\u00a0\u00bb,\\\u00a0\u00bbsearchEnable\\\u00a0\u00bb:false,\\\u00a0\u00bbsearchPlaceholder\\\u00a0\u00bb:\\\u00a0\u00bb\\\u00a0\u00bb}]},{\\\u00a0\u00bbsectionId\\\u00a0\u00bb:\\\u00a0\u00bb\/environnement\/climat\/\\\u00a0\u00bb,\\\u00a0\u00bbliveCollectionId\\\u00a0\u00bb:\\\u00a0\u00bb\\\u00a0\u00bb,\\\u00a0\u00bbliveUrl\\\u00a0\u00bb:\\\u00a0\u00bb\\\u00a0\u00bb,\\\u00a0\u00bbliveLabel\\\u00a0\u00bb:\\\u00a0\u00bb\\\u00a0\u00bb,\\\u00a0\u00bbshowLive\\\u00a0\u00bb:false,\\\u00a0\u00bbimage\\\u00a0\u00bb:\\\u00a0\u00bb\\\u00a0\u00bb,\\\u00a0\u00bbimageDark\\\u00a0\u00bb:\\\u00a0\u00bb\\\u00a0\u00bb,\\\u00a0\u00bbimageLink\\\u00a0\u00bb:\\\u00a0\u00bb\\\u00a0\u00bb,\\\u00a0\u00bbimageSizeMobile\\\u00a0\u00bb:\\\u00a0\u00bb\\\u00a0\u00bb,\\\u00a0\u00bbimageSizeTable\\\u00a0\u00bb:\\\u00a0\u00bb\\\u00a0\u00bb,\\\u00a0\u00bbimageSizeDesktop\\\u00a0\u00bb:\\\u00a0\u00bb\\\u00a0\u00bb,\\\u00a0\u00bbcontextLabel\\\u00a0\u00bb:\\\u00a0\u00bbClimat\\\u00a0\u00bb,\\\u00a0\u00bbcontextLink\\\u00a0\u00bb:\\\u00a0\u00bb\/environnement\/climat\/\\\u00a0\u00bb,\\\u00a0\u00bbkeyword\\\u00a0\u00bb:\\\u00a0\u00bb\\\u00a0\u00bb,\\\u00a0\u00bbmetadata\\\u00a0\u00bb:\\\u00a0\u00bb\\\u00a0\u00bb,\\\u00a0\u00bblabel\\\u00a0\u00bb:\\\u00a0\u00bb\\\u00a0\u00bb,\\\u00a0\u00bblinks\\\u00a0\u00bb:[{\\\u00a0\u00bburl\\\u00a0\u00bb:\\\u00a0\u00bbhttps:\/\/www.leparisien.fr\/environnement\/climat\/cest-quoi-le-rechauffement-climatique-25-questions-reponses-pour-tout-comprendre-30-11-2023-XTKH6RVJL5FALK4X4Z4RM6PS4A.php\\\u00a0\u00bb,\\\u00a0\u00bbtext\\\u00a0\u00bb:\\\u00a0\u00bbR\u00e9chauffement climatique\\\u00a0\u00bb,\\\u00a0\u00bbsearchEnable\\\u00a0\u00bb:false,\\\u00a0\u00bbsearchPlaceholder\\\u00a0\u00bb:\\\u00a0\u00bb\\\u00a0\u00bb},{\\\u00a0\u00bburl\\\u00a0\u00bb:\\\u00a0\u00bbhttps:\/\/www.leparisien.fr\/environnement\/climat\/fonte-des-glaces-decouvrez-limpact-de-la-hausse-des-mers-sur-votre-territoire-08-11-2023-KYMKTDOICVFVNECCHBC43CWHKE.php\\\u00a0\u00bb,\\\u00a0\u00bbtext\\\u00a0\u00bb:\\\u00a0\u00bbFonte des glaces\\\u00a0\u00bb,\\\u00a0\u00bbsearchEnable\\\u00a0\u00bb:false,\\\u00a0\u00bbsearchPlaceholder\\\u00a0\u00bb:\\\u00a0\u00bb\\\u00a0\u00bb},{\\\u00a0\u00bburl\\\u00a0\u00bb:\\\u00a0\u00bbhttps:\/\/www.leparisien.fr\/environnement\/quiz-climat-gaz-a-effet-de-serre-etes-vous-incollable-14-06-2023-2ZQLLSSZKNDD5ERNUXEMZ2E6UM.php\\\u00a0\u00bb,\\\u00a0\u00bbtext\\\u00a0\u00bb:\\\u00a0\u00bbQuiz sur le climat\\\u00a0\u00bb,\\\u00a0\u00bbsearchEnable\\\u00a0\u00bb:false,\\\u00a0\u00bbsearchPlaceholder\\\u00a0\u00bb:\\\u00a0\u00bb\\\u00a0\u00bb},{\\\u00a0\u00bburl\\\u00a0\u00bb:\\\u00a0\u00bbhttps:\/\/www.leparisien.fr\/inscription-newsletter-environnement\/\\\u00a0\u00bb,\\\u00a0\u00bbtext\\\u00a0\u00bb:\\\u00a0\u00bbNewsletter\\\u00a0\u00bb,\\\u00a0\u00bbsearchEnable\\\u00a0\u00bb:false,\\\u00a0\u00bbsearchPlaceholder\\\u00a0\u00bb:\\\u00a0\u00bb\\\u00a0\u00bb},{\\\u00a0\u00bburl\\\u00a0\u00bb:\\\u00a0\u00bbhttps:\/\/www.leparisien.fr\/environnement\/climat\/\\\u00a0\u00bb,\\\u00a0\u00bbtext\\\u00a0\u00bb:\\\u00a0\u00bbToute l&rsquo;actu\\\u00a0\u00bb,\\\u00a0\u00bbsearchEnable\\\u00a0\u00bb:false,\\\u00a0\u00bbsearchPlaceholder\\\u00a0\u00bb:\\\u00a0\u00bb\\\u00a0\u00bb}]},{\\\u00a0\u00bbsectionId\\\u00a0\u00bb:\\\u00a0\u00bb\/sports\/football\/coupe-du-monde\/\\\u00a0\u00bb,\\\u00a0\u00bbliveCollectionId\\\u00a0\u00bb:\\\u00a0\u00bb\\\u00a0\u00bb,\\\u00a0\u00bbliveUrl\\\u00a0\u00bb:\\\u00a0\u00bb\\\u00a0\u00bb,\\\u00a0\u00bbliveLabel\\\u00a0\u00bb:\\\u00a0\u00bb\\\u00a0\u00bb,\\\u00a0\u00bbshowLive\\\u00a0\u00bb:false,\\\u00a0\u00bbimage\\\u00a0\u00bb:\\\u00a0\u00bb\\\u00a0\u00bb,\\\u00a0\u00bbimageDark\\\u00a0\u00bb:\\\u00a0\u00bb\\\u00a0\u00bb,\\\u00a0\u00bbimageLink\\\u00a0\u00bb:\\\u00a0\u00bb\\\u00a0\u00bb,\\\u00a0\u00bbimageSizeMobile\\\u00a0\u00bb:\\\u00a0\u00bb\\\u00a0\u00bb,\\\u00a0\u00bbimageSizeTable\\\u00a0\u00bb:\\\u00a0\u00bb\\\u00a0\u00bb,\\\u00a0\u00bbimageSizeDesktop\\\u00a0\u00bb:\\\u00a0\u00bb\\\u00a0\u00bb,\\\u00a0\u00bbcontextLabel\\\u00a0\u00bb:\\\u00a0\u00bbCoupe du monde 2026\\\u00a0\u00bb,\\\u00a0\u00bbcontextLink\\\u00a0\u00bb:\\\u00a0\u00bb\/sports\/football\/coupe-du-monde\/\\\u00a0\u00bb,\\\u00a0\u00bbkeyword\\\u00a0\u00bb:\\\u00a0\u00bb\\\u00a0\u00bb,\\\u00a0\u00bbmetadata\\\u00a0\u00bb:\\\u00a0\u00bb\\\u00a0\u00bb,\\\u00a0\u00bblabel\\\u00a0\u00bb:\\\u00a0\u00bb\\\u00a0\u00bb,\\\u00a0\u00bblinks\\\u00a0\u00bb:[{\\\u00a0\u00bburl\\\u00a0\u00bb:\\\u00a0\u00bbhttps:\/\/www.leparisien.fr\/sports\/football\/coupe-du-monde\/coupe-du-monde-2026-finale-a-new-york-match-douverture-a-mexico-la-fifa-devoile-le-calendrier-04-02-2024-NHX5M6L7QRHABGG6M6BLXLB3II.php\\\u00a0\u00bb,\\\u00a0\u00bbtext\\\u00a0\u00bb:\\\u00a0\u00bbCalendrier\\\u00a0\u00bb,\\\u00a0\u00bbsearchEnable\\\u00a0\u00bb:false,\\\u00a0\u00bbsearchPlaceholder\\\u00a0\u00bb:\\\u00a0\u00bb\\\u00a0\u00bb},{\\\u00a0\u00bburl\\\u00a0\u00bb:\\\u00a0\u00bbhttps:\/\/www.leparisien.fr\/sports\/football\/coupe-du-monde-2026-les-16-villes-sont-connues-17-06-2022-JYSQAT2EA5CWDPDAWK5RSOCDNQ.php\\\u00a0\u00bb,\\\u00a0\u00bbtext\\\u00a0\u00bb:\\\u00a0\u00bbVilles h\u00f4tes\\\u00a0\u00bb,\\\u00a0\u00bbsearchEnable\\\u00a0\u00bb:false,\\\u00a0\u00bbsearchPlaceholder\\\u00a0\u00bb:\\\u00a0\u00bb\\\u00a0\u00bb},{\\\u00a0\u00bburl\\\u00a0\u00bb:\\\u00a0\u00bbhttps:\/\/www.leparisien.fr\/sports\/football\/equipe-de-france\/\\\u00a0\u00bb,\\\u00a0\u00bbtext\\\u00a0\u00bb:\\\u00a0\u00bbLes Bleus\\\u00a0\u00bb,\\\u00a0\u00bbsearchEnable\\\u00a0\u00bb:false,\\\u00a0\u00bbsearchPlaceholder\\\u00a0\u00bb:\\\u00a0\u00bb\\\u00a0\u00bb}]},{\\\u00a0\u00bbsectionId\\\u00a0\u00bb:\\\u00a0\u00bb\/sports\/football\/coupe-d-afrique-des-nations\/\\\u00a0\u00bb,\\\u00a0\u00bbliveCollectionId\\\u00a0\u00bb:\\\u00a0\u00bb\\\u00a0\u00bb,\\\u00a0\u00bbliveUrl\\\u00a0\u00bb:\\\u00a0\u00bb\\\u00a0\u00bb,\\\u00a0\u00bbliveLabel\\\u00a0\u00bb:\\\u00a0\u00bb\\\u00a0\u00bb,\\\u00a0\u00bbshowLive\\\u00a0\u00bb:false,\\\u00a0\u00bbimage\\\u00a0\u00bb:\\\u00a0\u00bb\\\u00a0\u00bb,\\\u00a0\u00bbimageDark\\\u00a0\u00bb:\\\u00a0\u00bb\\\u00a0\u00bb,\\\u00a0\u00bbimageLink\\\u00a0\u00bb:\\\u00a0\u00bb\\\u00a0\u00bb,\\\u00a0\u00bbimageSizeMobile\\\u00a0\u00bb:\\\u00a0\u00bb\\\u00a0\u00bb,\\\u00a0\u00bbimageSizeTable\\\u00a0\u00bb:\\\u00a0\u00bb\\\u00a0\u00bb,\\\u00a0\u00bbimageSizeDesktop\\\u00a0\u00bb:\\\u00a0\u00bb\\\u00a0\u00bb,\\\u00a0\u00bbcontextLabel\\\u00a0\u00bb:\\\u00a0\u00bbCAN 2025\\\u00a0\u00bb,\\\u00a0\u00bbcontextLink\\\u00a0\u00bb:\\\u00a0\u00bb\/sports\/football\/coupe-d-afrique-des-nations\/\\\u00a0\u00bb,\\\u00a0\u00bbkeyword\\\u00a0\u00bb:\\\u00a0\u00bb\\\u00a0\u00bb,\\\u00a0\u00bbmetadata\\\u00a0\u00bb:\\\u00a0\u00bb\\\u00a0\u00bb,\\\u00a0\u00bblabel\\\u00a0\u00bb:\\\u00a0\u00bb\\\u00a0\u00bb,\\\u00a0\u00bblinks\\\u00a0\u00bb:[{\\\u00a0\u00bburl\\\u00a0\u00bb:\\\u00a0\u00bb\\\u00a0\u00bb,\\\u00a0\u00bbtext\\\u00a0\u00bb:\\\u00a0\u00bb\u00c9quipes\\\u00a0\u00bb,\\\u00a0\u00bbsearchEnable\\\u00a0\u00bb:false,\\\u00a0\u00bbsearchPlaceholder\\\u00a0\u00bb:\\\u00a0\u00bb\\\u00a0\u00bb,\\\u00a0\u00bbchildren\\\u00a0\u00bb:[{\\\u00a0\u00bburl\\\u00a0\u00bb:\\\u00a0\u00bbhttps:\/\/www.leparisien.fr\/sports\/football\/algerie\/\\\u00a0\u00bb,\\\u00a0\u00bbtext\\\u00a0\u00bb:\\\u00a0\u00bbAlg\u00e9rie\\\u00a0\u00bb},{\\\u00a0\u00bburl\\\u00a0\u00bb:\\\u00a0\u00bbhttps:\/\/www.leparisien.fr\/sports\/football\/cameroun\/\\\u00a0\u00bb,\\\u00a0\u00bbtext\\\u00a0\u00bb:\\\u00a0\u00bbCameroun\\\u00a0\u00bb},{\\\u00a0\u00bburl\\\u00a0\u00bb:\\\u00a0\u00bbhttps:\/\/www.leparisien.fr\/sports\/football\/cote-d-ivoire\/\\\u00a0\u00bb,\\\u00a0\u00bbtext\\\u00a0\u00bb:\\\u00a0\u00bbC\u00f4te d\u2019Ivoire\\\u00a0\u00bb},{\\\u00a0\u00bburl\\\u00a0\u00bb:\\\u00a0\u00bbhttps:\/\/www.leparisien.fr\/sports\/football\/egypte\/\\\u00a0\u00bb,\\\u00a0\u00bbtext\\\u00a0\u00bb:\\\u00a0\u00bb\u00c9gypte\\\u00a0\u00bb},{\\\u00a0\u00bburl\\\u00a0\u00bb:\\\u00a0\u00bbhttps:\/\/www.leparisien.fr\/sports\/football\/maroc\/\\\u00a0\u00bb,\\\u00a0\u00bbtext\\\u00a0\u00bb:\\\u00a0\u00bbMaroc\\\u00a0\u00bb},{\\\u00a0\u00bburl\\\u00a0\u00bb:\\\u00a0\u00bbhttps:\/\/www.leparisien.fr\/sports\/football\/mali\/\\\u00a0\u00bb,\\\u00a0\u00bbtext\\\u00a0\u00bb:\\\u00a0\u00bbMali\\\u00a0\u00bb},{\\\u00a0\u00bburl\\\u00a0\u00bb:\\\u00a0\u00bbhttps:\/\/www.leparisien.fr\/sports\/football\/senegal\/\\\u00a0\u00bb,\\\u00a0\u00bbtext\\\u00a0\u00bb:\\\u00a0\u00bbS\u00e9n\u00e9gal\\\u00a0\u00bb},{\\\u00a0\u00bburl\\\u00a0\u00bb:\\\u00a0\u00bbhttps:\/\/www.leparisien.fr\/sports\/football\/tunisie\/\\\u00a0\u00bb,\\\u00a0\u00bbtext\\\u00a0\u00bb:\\\u00a0\u00bbTunisie\\\u00a0\u00bb}]},{\\\u00a0\u00bburl\\\u00a0\u00bb:\\\u00a0\u00bbhttps:\/\/www.leparisien.fr\/sports\/football\/coupe-d-afrique-des-nations\/calendrier-resultats\/\\\u00a0\u00bb,\\\u00a0\u00bbtext\\\u00a0\u00bb:\\\u00a0\u00bbCalendrier et r\u00e9sultats\\\u00a0\u00bb,\\\u00a0\u00bbsearchEnable\\\u00a0\u00bb:false,\\\u00a0\u00bbsearchPlaceholder\\\u00a0\u00bb:\\\u00a0\u00bb\\\u00a0\u00bb},{\\\u00a0\u00bburl\\\u00a0\u00bb:\\\u00a0\u00bbhttps:\/\/www.leparisien.fr\/sports\/football\/coupe-d-afrique-des-nations\/classement\/\\\u00a0\u00bb,\\\u00a0\u00bbtext\\\u00a0\u00bb:\\\u00a0\u00bbClassement\\\u00a0\u00bb,\\\u00a0\u00bbsearchEnable\\\u00a0\u00bb:false,\\\u00a0\u00bbsearchPlaceholder\\\u00a0\u00bb:\\\u00a0\u00bb\\\u00a0\u00bb}]},{\\\u00a0\u00bbsectionId\\\u00a0\u00bb:\\\u00a0\u00bb\/international\/ukraine\/\\\u00a0\u00bb,\\\u00a0\u00bbliveCollectionId\\\u00a0\u00bb:\\\u00a0\u00bb\\\u00a0\u00bb,\\\u00a0\u00bbliveUrl\\\u00a0\u00bb:\\\u00a0\u00bb\\\u00a0\u00bb,\\\u00a0\u00bbliveLabel\\\u00a0\u00bb:\\\u00a0\u00bb\\\u00a0\u00bb,\\\u00a0\u00bbshowLive\\\u00a0\u00bb:false,\\\u00a0\u00bbimage\\\u00a0\u00bb:\\\u00a0\u00bb\\\u00a0\u00bb,\\\u00a0\u00bbimageDark\\\u00a0\u00bb:\\\u00a0\u00bb\\\u00a0\u00bb,\\\u00a0\u00bbimageLink\\\u00a0\u00bb:\\\u00a0\u00bb\\\u00a0\u00bb,\\\u00a0\u00bbimageSizeMobile\\\u00a0\u00bb:\\\u00a0\u00bb\\\u00a0\u00bb,\\\u00a0\u00bbimageSizeTable\\\u00a0\u00bb:\\\u00a0\u00bb\\\u00a0\u00bb,\\\u00a0\u00bbimageSizeDesktop\\\u00a0\u00bb:\\\u00a0\u00bb\\\u00a0\u00bb,\\\u00a0\u00bbcontextLabel\\\u00a0\u00bb:\\\u00a0\u00bbGuerre en Ukraine\\\u00a0\u00bb,\\\u00a0\u00bbcontextLink\\\u00a0\u00bb:\\\u00a0\u00bb\/international\/ukraine\/\\\u00a0\u00bb,\\\u00a0\u00bbkeyword\\\u00a0\u00bb:\\\u00a0\u00bb\\\u00a0\u00bb,\\\u00a0\u00bbmetadata\\\u00a0\u00bb:\\\u00a0\u00bb\\\u00a0\u00bb,\\\u00a0\u00bblabel\\\u00a0\u00bb:\\\u00a0\u00bb\\\u00a0\u00bb,\\\u00a0\u00bblinks\\\u00a0\u00bb:[{\\\u00a0\u00bburl\\\u00a0\u00bb:\\\u00a0\u00bb\/reportages-guerre-ukraine\/\\\u00a0\u00bb,\\\u00a0\u00bbtext\\\u00a0\u00bb:\\\u00a0\u00bbNos reportages\\\u00a0\u00bb,\\\u00a0\u00bbsearchEnable\\\u00a0\u00bb:false,\\\u00a0\u00bbsearchPlaceholder\\\u00a0\u00bb:\\\u00a0\u00bb\\\u00a0\u00bb},{\\\u00a0\u00bburl\\\u00a0\u00bb:\\\u00a0\u00bb\/international\/volodymyr-zelensky\/\\\u00a0\u00bb,\\\u00a0\u00bbtext\\\u00a0\u00bb:\\\u00a0\u00bbVolodymyr Zelensky\\\u00a0\u00bb,\\\u00a0\u00bbsearchEnable\\\u00a0\u00bb:false,\\\u00a0\u00bbsearchPlaceholder\\\u00a0\u00bb:\\\u00a0\u00bb\\\u00a0\u00bb},{\\\u00a0\u00bburl\\\u00a0\u00bb:\\\u00a0\u00bb\/international\/vladimir-poutine\/\\\u00a0\u00bb,\\\u00a0\u00bbtext\\\u00a0\u00bb:\\\u00a0\u00bbVladimir Poutine\\\u00a0\u00bb,\\\u00a0\u00bbsearchEnable\\\u00a0\u00bb:false,\\\u00a0\u00bbsearchPlaceholder\\\u00a0\u00bb:\\\u00a0\u00bb\\\u00a0\u00bb},{\\\u00a0\u00bburl\\\u00a0\u00bb:\\\u00a0\u00bb\/international\/ukraine\/\\\u00a0\u00bb,\\\u00a0\u00bbtext\\\u00a0\u00bb:\\\u00a0\u00bbToute l&rsquo;actu\\\u00a0\u00bb,\\\u00a0\u00bbsearchEnable\\\u00a0\u00bb:false,\\\u00a0\u00bbsearchPlaceholder\\\u00a0\u00bb:\\\u00a0\u00bb\\\u00a0\u00bb}]},{\\\u00a0\u00bbsectionId\\\u00a0\u00bb:\\\u00a0\u00bb\/sports\/formule-1\/\\\u00a0\u00bb,\\\u00a0\u00bbliveCollectionId\\\u00a0\u00bb:\\\u00a0\u00bb\\\u00a0\u00bb,\\\u00a0\u00bbliveUrl\\\u00a0\u00bb:\\\u00a0\u00bb\\\u00a0\u00bb,\\\u00a0\u00bbliveLabel\\\u00a0\u00bb:\\\u00a0\u00bb\\\u00a0\u00bb,\\\u00a0\u00bbshowLive\\\u00a0\u00bb:false,\\\u00a0\u00bbimage\\\u00a0\u00bb:\\\u00a0\u00bb\\\u00a0\u00bb,\\\u00a0\u00bbimageDark\\\u00a0\u00bb:\\\u00a0\u00bb\\\u00a0\u00bb,\\\u00a0\u00bbimageLink\\\u00a0\u00bb:\\\u00a0\u00bb\\\u00a0\u00bb,\\\u00a0\u00bbimageSizeMobile\\\u00a0\u00bb:\\\u00a0\u00bb\\\u00a0\u00bb,\\\u00a0\u00bbimageSizeTable\\\u00a0\u00bb:\\\u00a0\u00bb\\\u00a0\u00bb,\\\u00a0\u00bbimageSizeDesktop\\\u00a0\u00bb:\\\u00a0\u00bb\\\u00a0\u00bb,\\\u00a0\u00bbcontextLabel\\\u00a0\u00bb:\\\u00a0\u00bbFormule 1\\\u00a0\u00bb,\\\u00a0\u00bbcontextLink\\\u00a0\u00bb:\\\u00a0\u00bb\/sports\/formule-1\/\\\u00a0\u00bb,\\\u00a0\u00bbkeyword\\\u00a0\u00bb:\\\u00a0\u00bb\\\u00a0\u00bb,\\\u00a0\u00bbmetadata\\\u00a0\u00bb:\\\u00a0\u00bb\\\u00a0\u00bb,\\\u00a0\u00bblabel\\\u00a0\u00bb:\\\u00a0\u00bb\\\u00a0\u00bb,\\\u00a0\u00bblinks\\\u00a0\u00bb:[{\\\u00a0\u00bburl\\\u00a0\u00bb:\\\u00a0\u00bbhttps:\/\/www.leparisien.fr\/sports\/formule-1\/calendrier-resultats-saison-f1\/\\\u00a0\u00bb,\\\u00a0\u00bbtext\\\u00a0\u00bb:\\\u00a0\u00bbCalendrier 2025\\\u00a0\u00bb,\\\u00a0\u00bbsearchEnable\\\u00a0\u00bb:false,\\\u00a0\u00bbsearchPlaceholder\\\u00a0\u00bb:\\\u00a0\u00bb\\\u00a0\u00bb},{\\\u00a0\u00bburl\\\u00a0\u00bb:\\\u00a0\u00bbhttps:\/\/www.leparisien.fr\/sports\/formule-1\/classement-pilotes-f1\/\\\u00a0\u00bb,\\\u00a0\u00bbtext\\\u00a0\u00bb:\\\u00a0\u00bbClassement des pilotes\\\u00a0\u00bb,\\\u00a0\u00bbsearchEnable\\\u00a0\u00bb:false,\\\u00a0\u00bbsearchPlaceholder\\\u00a0\u00bb:\\\u00a0\u00bb\\\u00a0\u00bb},{\\\u00a0\u00bburl\\\u00a0\u00bb:\\\u00a0\u00bbhttps:\/\/www.leparisien.fr\/sports\/formule-1\/classement-constructeurs-f1\/\\\u00a0\u00bb,\\\u00a0\u00bbtext\\\u00a0\u00bb:\\\u00a0\u00bbClassement des constructeurs\\\u00a0\u00bb,\\\u00a0\u00bbsearchEnable\\\u00a0\u00bb:false,\\\u00a0\u00bbsearchPlaceholder\\\u00a0\u00bb:\\\u00a0\u00bb\\\u00a0\u00bb},{\\\u00a0\u00bburl\\\u00a0\u00bb:\\\u00a0\u00bbhttps:\/\/www.leparisien.fr\/sports\/formule-1\/formule-1-la-grille-complete-des-pilotes-engages-pour-la-saison-2025-avec-trois-francais-20-12-2024-PD6OIPIC25DE3CVAY5YJOIC43I.php\\\u00a0\u00bb,\\\u00a0\u00bbtext\\\u00a0\u00bb:\\\u00a0\u00bbGrille des pilotes\\\u00a0\u00bb,\\\u00a0\u00bbsearchEnable\\\u00a0\u00bb:false,\\\u00a0\u00bbsearchPlaceholder\\\u00a0\u00bb:\\\u00a0\u00bb\\\u00a0\u00bb}]},{\\\u00a0\u00bbsectionId\\\u00a0\u00bb:\\\u00a0\u00bb\/elections\/europeennes\/\\\u00a0\u00bb,\\\u00a0\u00bbliveCollectionId\\\u00a0\u00bb:\\\u00a0\u00bb\\\u00a0\u00bb,\\\u00a0\u00bbliveUrl\\\u00a0\u00bb:\\\u00a0\u00bb\\\u00a0\u00bb,\\\u00a0\u00bbliveLabel\\\u00a0\u00bb:\\\u00a0\u00bb\\\u00a0\u00bb,\\\u00a0\u00bbshowLive\\\u00a0\u00bb:false,\\\u00a0\u00bbimage\\\u00a0\u00bb:\\\u00a0\u00bb\\\u00a0\u00bb,\\\u00a0\u00bbimageDark\\\u00a0\u00bb:\\\u00a0\u00bb\\\u00a0\u00bb,\\\u00a0\u00bbimageLink\\\u00a0\u00bb:\\\u00a0\u00bb\\\u00a0\u00bb,\\\u00a0\u00bbimageSizeMobile\\\u00a0\u00bb:\\\u00a0\u00bb\\\u00a0\u00bb,\\\u00a0\u00bbimageSizeTable\\\u00a0\u00bb:\\\u00a0\u00bb\\\u00a0\u00bb,\\\u00a0\u00bbimageSizeDesktop\\\u00a0\u00bb:\\\u00a0\u00bb\\\u00a0\u00bb,\\\u00a0\u00bbcontextLabel\\\u00a0\u00bb:\\\u00a0\u00bbEurop\u00e9ennes 2024\\\u00a0\u00bb,\\\u00a0\u00bbcontextLink\\\u00a0\u00bb:\\\u00a0\u00bb\/elections\/europeennes\/\\\u00a0\u00bb,\\\u00a0\u00bbkeyword\\\u00a0\u00bb:\\\u00a0\u00bb\\\u00a0\u00bb,\\\u00a0\u00bbmetadata\\\u00a0\u00bb:\\\u00a0\u00bb\\\u00a0\u00bb,\\\u00a0\u00bblabel\\\u00a0\u00bb:\\\u00a0\u00bb\\\u00a0\u00bb,\\\u00a0\u00bblinks\\\u00a0\u00bb:[{\\\u00a0\u00bburl\\\u00a0\u00bb:\\\u00a0\u00bbhttps:\/\/www.leparisien.fr\/elections\/europeennes\/elections-europeennes-2024-decouvrez-comment-a-vote-votre-commune-09-06-2024-BXL5YEPYQ5HHDD5Y7MTJY3IXCE.php\\\u00a0\u00bb,\\\u00a0\u00bbtext\\\u00a0\u00bb:\\\u00a0\u00bbR\u00e9sultats par commune\\\u00a0\u00bb,\\\u00a0\u00bbsearchEnable\\\u00a0\u00bb:false,\\\u00a0\u00bbsearchPlaceholder\\\u00a0\u00bb:\\\u00a0\u00bb\\\u00a0\u00bb},{\\\u00a0\u00bburl\\\u00a0\u00bb:\\\u00a0\u00bbhttps:\/\/www.leparisien.fr\/elections\/europeennes\/elections-europeennes-2024-les-resultats-parti-par-parti-09-06-2024-BX7N5OPXPBEWNMFVQKLATJ4H7I.php\\\u00a0\u00bb,\\\u00a0\u00bbtext\\\u00a0\u00bb:\\\u00a0\u00bbR\u00e9sultats parti par parti\\\u00a0\u00bb,\\\u00a0\u00bbsearchEnable\\\u00a0\u00bb:false,\\\u00a0\u00bbsearchPlaceholder\\\u00a0\u00bb:\\\u00a0\u00bb\\\u00a0\u00bb},{\\\u00a0\u00bburl\\\u00a0\u00bb:\\\u00a0\u00bb\\\u00a0\u00bb,\\\u00a0\u00bbtext\\\u00a0\u00bb:\\\u00a0\u00bbCandidats t\u00eates de liste\\\u00a0\u00bb,\\\u00a0\u00bbsearchEnable\\\u00a0\u00bb:false,\\\u00a0\u00bbsearchPlaceholder\\\u00a0\u00bb:\\\u00a0\u00bb\\\u00a0\u00bb,\\\u00a0\u00bbchildren\\\u00a0\u00bb:[{\\\u00a0\u00bburl\\\u00a0\u00bb:\\\u00a0\u00bbhttps:\/\/www.leparisien.fr\/politique\/manon-aubry\/\\\u00a0\u00bb,\\\u00a0\u00bbtext\\\u00a0\u00bb:\\\u00a0\u00bbManon Aubry\\\u00a0\u00bb},{\\\u00a0\u00bburl\\\u00a0\u00bb:\\\u00a0\u00bbhttps:\/\/www.leparisien.fr\/politique\/jordan-bardella\/\\\u00a0\u00bb,\\\u00a0\u00bbtext\\\u00a0\u00bb:\\\u00a0\u00bbJordan Bardella\\\u00a0\u00bb},{\\\u00a0\u00bburl\\\u00a0\u00bb:\\\u00a0\u00bbhttps:\/\/www.leparisien.fr\/politique\/francois-xavier-bellamy\/\\\u00a0\u00bb,\\\u00a0\u00bbtext\\\u00a0\u00bb:\\\u00a0\u00bbFran\u00e7ois-Xavier Bellamy\\\u00a0\u00bb},{\\\u00a0\u00bburl\\\u00a0\u00bb:\\\u00a0\u00bbhttps:\/\/www.leparisien.fr\/politique\/raphael-glucksmann\/\\\u00a0\u00bb,\\\u00a0\u00bbtext\\\u00a0\u00bb:\\\u00a0\u00bbRapha\u00ebl Glucksmann\\\u00a0\u00bb},{\\\u00a0\u00bburl\\\u00a0\u00bb:\\\u00a0\u00bbhttps:\/\/www.leparisien.fr\/politique\/valerie-hayer\/\\\u00a0\u00bb,\\\u00a0\u00bbtext\\\u00a0\u00bb:\\\u00a0\u00bbVal\u00e9rie Hayer\\\u00a0\u00bb},{\\\u00a0\u00bburl\\\u00a0\u00bb:\\\u00a0\u00bbhttps:\/\/www.leparisien.fr\/politique\/marion-marechal\/\\\u00a0\u00bb,\\\u00a0\u00bbtext\\\u00a0\u00bb:\\\u00a0\u00bbMarion Mar\u00e9chal\\\u00a0\u00bb},{\\\u00a0\u00bburl\\\u00a0\u00bb:\\\u00a0\u00bbhttps:\/\/www.leparisien.fr\/politique\/marie-toussaint\/\\\u00a0\u00bb,\\\u00a0\u00bbtext\\\u00a0\u00bb:\\\u00a0\u00bbMarie Toussaint\\\u00a0\u00bb}]}]},{\\\u00a0\u00bbsectionId\\\u00a0\u00bb:\\\u00a0\u00bb\/elections\/legislatives\/\\\u00a0\u00bb,\\\u00a0\u00bbliveCollectionId\\\u00a0\u00bb:\\\u00a0\u00bb\\\u00a0\u00bb,\\\u00a0\u00bbliveUrl\\\u00a0\u00bb:\\\u00a0\u00bb\\\u00a0\u00bb,\\\u00a0\u00bbliveLabel\\\u00a0\u00bb:\\\u00a0\u00bb\\\u00a0\u00bb,\\\u00a0\u00bbshowLive\\\u00a0\u00bb:false,\\\u00a0\u00bbimage\\\u00a0\u00bb:\\\u00a0\u00bb\\\u00a0\u00bb,\\\u00a0\u00bbimageDark\\\u00a0\u00bb:\\\u00a0\u00bb\\\u00a0\u00bb,\\\u00a0\u00bbimageLink\\\u00a0\u00bb:\\\u00a0\u00bb\\\u00a0\u00bb,\\\u00a0\u00bbimageSizeMobile\\\u00a0\u00bb:\\\u00a0\u00bb\\\u00a0\u00bb,\\\u00a0\u00bbimageSizeTable\\\u00a0\u00bb:\\\u00a0\u00bb\\\u00a0\u00bb,\\\u00a0\u00bbimageSizeDesktop\\\u00a0\u00bb:\\\u00a0\u00bb\\\u00a0\u00bb,\\\u00a0\u00bbcontextLabel\\\u00a0\u00bb:\\\u00a0\u00bbL\u00e9gislatives 2024\\\u00a0\u00bb,\\\u00a0\u00bbcontextLink\\\u00a0\u00bb:\\\u00a0\u00bb\/elections\/legislatives\/\\\u00a0\u00bb,\\\u00a0\u00bbkeyword\\\u00a0\u00bb:\\\u00a0\u00bb\\\u00a0\u00bb,\\\u00a0\u00bbmetadata\\\u00a0\u00bb:\\\u00a0\u00bb\\\u00a0\u00bb,\\\u00a0\u00bblabel\\\u00a0\u00bb:\\\u00a0\u00bb\\\u00a0\u00bb,\\\u00a0\u00bblinks\\\u00a0\u00bb:[{\\\u00a0\u00bburl\\\u00a0\u00bb:\\\u00a0\u00bbhttps:\/\/www.leparisien.fr\/elections\/legislatives\/legislatives-2024-decouvrez-les-resultats-du-second-tour-dans-votre-circonscription-07-07-2024-OQAAR3P5NRDKFLBFBSZDMUIKUU.php\\\u00a0\u00bb,\\\u00a0\u00bbtext\\\u00a0\u00bb:\\\u00a0\u00bbR\u00e9sultats par circonscription\\\u00a0\u00bb,\\\u00a0\u00bbsearchEnable\\\u00a0\u00bb:false,\\\u00a0\u00bbsearchPlaceholder\\\u00a0\u00bb:\\\u00a0\u00bb\\\u00a0\u00bb},{\\\u00a0\u00bburl\\\u00a0\u00bb:\\\u00a0\u00bbhttps:\/\/www.leparisien.fr\/elections\/legislatives\/legislatives-2024-la-carte-de-france-des-resultats-du-second-tour-des-elections-en-temps-reel-07-07-2024-ZCBJ5PM3BJDJFHO5VSDZX2IL4Q.php\\\u00a0\u00bb,\\\u00a0\u00bbtext\\\u00a0\u00bb:\\\u00a0\u00bbCartes du second tour\\\u00a0\u00bb,\\\u00a0\u00bbsearchEnable\\\u00a0\u00bb:false,\\\u00a0\u00bbsearchPlaceholder\\\u00a0\u00bb:\\\u00a0\u00bb\\\u00a0\u00bb},{\\\u00a0\u00bburl\\\u00a0\u00bb:\\\u00a0\u00bbhttps:\/\/www.leparisien.fr\/resultats-elections\/\\\u00a0\u00bb,\\\u00a0\u00bbtext\\\u00a0\u00bb:\\\u00a0\u00bbTous les r\u00e9sultats\\\u00a0\u00bb,\\\u00a0\u00bbsearchEnable\\\u00a0\u00bb:false,\\\u00a0\u00bbsearchPlaceholder\\\u00a0\u00bb:\\\u00a0\u00bb\\\u00a0\u00bb}]},{\\\u00a0\u00bbsectionId\\\u00a0\u00bb:\\\u00a0\u00bb\/sports\/cyclisme\/tour-de-france\/\\\u00a0\u00bb,\\\u00a0\u00bbliveCollectionId\\\u00a0\u00bb:\\\u00a0\u00bb\\\u00a0\u00bb,\\\u00a0\u00bbliveUrl\\\u00a0\u00bb:\\\u00a0\u00bb\\\u00a0\u00bb,\\\u00a0\u00bbliveLabel\\\u00a0\u00bb:\\\u00a0\u00bb\\\u00a0\u00bb,\\\u00a0\u00bbshowLive\\\u00a0\u00bb:true,\\\u00a0\u00bbimage\\\u00a0\u00bb:\\\u00a0\u00bb\\\u00a0\u00bb,\\\u00a0\u00bbimageDark\\\u00a0\u00bb:\\\u00a0\u00bb\\\u00a0\u00bb,\\\u00a0\u00bbimageLink\\\u00a0\u00bb:\\\u00a0\u00bb\\\u00a0\u00bb,\\\u00a0\u00bbimageSizeMobile\\\u00a0\u00bb:\\\u00a0\u00bb\\\u00a0\u00bb,\\\u00a0\u00bbimageSizeTable\\\u00a0\u00bb:\\\u00a0\u00bb\\\u00a0\u00bb,\\\u00a0\u00bbimageSizeDesktop\\\u00a0\u00bb:\\\u00a0\u00bb\\\u00a0\u00bb,\\\u00a0\u00bbcontextLabel\\\u00a0\u00bb:\\\u00a0\u00bbTour de France 2026\\\u00a0\u00bb,\\\u00a0\u00bbcontextLink\\\u00a0\u00bb:\\\u00a0\u00bb\/sports\/cyclisme\/tour-de-france\/\\\u00a0\u00bb,\\\u00a0\u00bbkeyword\\\u00a0\u00bb:\\\u00a0\u00bb\\\u00a0\u00bb,\\\u00a0\u00bbmetadata\\\u00a0\u00bb:\\\u00a0\u00bb\\\u00a0\u00bb,\\\u00a0\u00bblabel\\\u00a0\u00bb:\\\u00a0\u00bb\\\u00a0\u00bb,\\\u00a0\u00bblinks\\\u00a0\u00bb:[{\\\u00a0\u00bburl\\\u00a0\u00bb:\\\u00a0\u00bbhttps:\/\/www.leparisien.fr\/sports\/cyclisme\/tour-de-france\/tour-de-france-2026-decouvrez-la-carte-officielle-du-parcours-avec-la-double-ascension-de-lalpe-dhuez-23-10-2025-P3XRAO6KUVGNVMWVNYZG3BN5JM.php\\\u00a0\u00bb,\\\u00a0\u00bbtext\\\u00a0\u00bb:\\\u00a0\u00bbParcours\\\u00a0\u00bb,\\\u00a0\u00bbsearchEnable\\\u00a0\u00bb:false,\\\u00a0\u00bbsearchPlaceholder\\\u00a0\u00bb:\\\u00a0\u00bb\\\u00a0\u00bb},{\\\u00a0\u00bburl\\\u00a0\u00bb:\\\u00a0\u00bbhttps:\/\/www.leparisien.fr\/sports\/cyclisme\/tadej-pogacar\/\\\u00a0\u00bb,\\\u00a0\u00bbtext\\\u00a0\u00bb:\\\u00a0\u00bbTadej Pogacar\\\u00a0\u00bb,\\\u00a0\u00bbsearchEnable\\\u00a0\u00bb:false,\\\u00a0\u00bbsearchPlaceholder\\\u00a0\u00bb:\\\u00a0\u00bb\\\u00a0\u00bb},{\\\u00a0\u00bburl\\\u00a0\u00bb:\\\u00a0\u00bbhttps:\/\/www.leparisien.fr\/sports\/cyclisme\/jonas-vingegaard\/\\\u00a0\u00bb,\\\u00a0\u00bbtext\\\u00a0\u00bb:\\\u00a0\u00bbJonas Vingegaard\\\u00a0\u00bb,\\\u00a0\u00bbsearchEnable\\\u00a0\u00bb:false,\\\u00a0\u00bbsearchPlaceholder\\\u00a0\u00bb:\\\u00a0\u00bb\\\u00a0\u00bb}]},{\\\u00a0\u00bbsectionId\\\u00a0\u00bb:\\\u00a0\u00bb\/jo-paralympiques-paris-2024\/\\\u00a0\u00bb,\\\u00a0\u00bbliveCollectionId\\\u00a0\u00bb:\\\u00a0\u00bb\\\u00a0\u00bb,\\\u00a0\u00bbliveUrl\\\u00a0\u00bb:\\\u00a0\u00bb\\\u00a0\u00bb,\\\u00a0\u00bbliveLabel\\\u00a0\u00bb:\\\u00a0\u00bb\\\u00a0\u00bb,\\\u00a0\u00bbshowLive\\\u00a0\u00bb:false,\\\u00a0\u00bbimage\\\u00a0\u00bb:\\\u00a0\u00bbhttps:\/\/assets.leparisien.fr\/website\/images\/homepage\/logo-jo-2024.svg\\\u00a0\u00bb,\\\u00a0\u00bbimageDark\\\u00a0\u00bb:\\\u00a0\u00bbhttps:\/\/assets.leparisien.fr\/website\/images\/homepage\/dark\/logo-jo-2024.png\\\u00a0\u00bb,\\\u00a0\u00bbimageLink\\\u00a0\u00bb:\\\u00a0\u00bb\\\u00a0\u00bb,\\\u00a0\u00bbimageSizeMobile\\\u00a0\u00bb:\\\u00a0\u00bb28X16\\\u00a0\u00bb,\\\u00a0\u00bbimageSizeTable\\\u00a0\u00bb:\\\u00a0\u00bb28X16\\\u00a0\u00bb,\\\u00a0\u00bbimageSizeDesktop\\\u00a0\u00bb:\\\u00a0\u00bb28X16\\\u00a0\u00bb,\\\u00a0\u00bbcontextLabel\\\u00a0\u00bb:\\\u00a0\u00bbJeux paralympiques 2024\\\u00a0\u00bb,\\\u00a0\u00bbcontextLink\\\u00a0\u00bb:\\\u00a0\u00bbhttps:\/\/www.leparisien.fr\/jo-paralympiques-paris-2024\/\\\u00a0\u00bb,\\\u00a0\u00bbkeyword\\\u00a0\u00bb:\\\u00a0\u00bb\\\u00a0\u00bb,\\\u00a0\u00bbmetadata\\\u00a0\u00bb:\\\u00a0\u00bb\\\u00a0\u00bb,\\\u00a0\u00bblabel\\\u00a0\u00bb:\\\u00a0\u00bb\\\u00a0\u00bb,\\\u00a0\u00bblinks\\\u00a0\u00bb:[{\\\u00a0\u00bburl\\\u00a0\u00bb:\\\u00a0\u00bbhttps:\/\/www.leparisien.fr\/jo-paralympiques-paris-2024\/tableau-des-medailles\/\\\u00a0\u00bb,\\\u00a0\u00bbtext\\\u00a0\u00bb:\\\u00a0\u00bbTableau des m\u00e9dailles\\\u00a0\u00bb,\\\u00a0\u00bbsearchEnable\\\u00a0\u00bb:false,\\\u00a0\u00bbsearchPlaceholder\\\u00a0\u00bb:\\\u00a0\u00bb\\\u00a0\u00bb},{\\\u00a0\u00bburl\\\u00a0\u00bb:\\\u00a0\u00bbhttps:\/\/www.leparisien.fr\/jo-paralympiques-paris-2024\/resultats\/\\\u00a0\u00bb,\\\u00a0\u00bbtext\\\u00a0\u00bb:\\\u00a0\u00bbR\u00e9sultats\\\u00a0\u00bb,\\\u00a0\u00bbsearchEnable\\\u00a0\u00bb:false,\\\u00a0\u00bbsearchPlaceholder\\\u00a0\u00bb:\\\u00a0\u00bb\\\u00a0\u00bb},{\\\u00a0\u00bburl\\\u00a0\u00bb:\\\u00a0\u00bbhttps:\/\/www.leparisien.fr\/jo-paris-2024\/equipe-de-france\/\\\u00a0\u00bb,\\\u00a0\u00bbtext\\\u00a0\u00bb:\\\u00a0\u00bb\u00c9quipe de France\\\u00a0\u00bb,\\\u00a0\u00bbsearchEnable\\\u00a0\u00bb:false,\\\u00a0\u00bbsearchPlaceholder\\\u00a0\u00bb:\\\u00a0\u00bb\\\u00a0\u00bb},{\\\u00a0\u00bburl\\\u00a0\u00bb:\\\u00a0\u00bbhttps:\/\/www.leparisien.fr\/jo-paris-2024\/videos\/\\\u00a0\u00bb,\\\u00a0\u00bbtext\\\u00a0\u00bb:\\\u00a0\u00bbVid\u00e9os\\\u00a0\u00bb,\\\u00a0\u00bbsearchEnable\\\u00a0\u00bb:false,\\\u00a0\u00bbsearchPlaceholder\\\u00a0\u00bb:\\\u00a0\u00bb\\\u00a0\u00bb},{\\\u00a0\u00bburl\\\u00a0\u00bb:\\\u00a0\u00bbhttps:\/\/www.leparisien.fr\/inscription-newsletter-jeux-olympiques\/\\\u00a0\u00bb,\\\u00a0\u00bbtext\\\u00a0\u00bb:\\\u00a0\u00bbNewsletter\\\u00a0\u00bb,\\\u00a0\u00bbsearchEnable\\\u00a0\u00bb:false,\\\u00a0\u00bbsearchPlaceholder\\\u00a0\u00bb:\\\u00a0\u00bb\\\u00a0\u00bb}]},{\\\u00a0\u00bbsectionId\\\u00a0\u00bb:\\\u00a0\u00bb\/international\/etats-unis\/\\\u00a0\u00bb,\\\u00a0\u00bbliveCollectionId\\\u00a0\u00bb:\\\u00a0\u00bb\\\u00a0\u00bb,\\\u00a0\u00bbliveUrl\\\u00a0\u00bb:\\\u00a0\u00bb\\\u00a0\u00bb,\\\u00a0\u00bbliveLabel\\\u00a0\u00bb:\\\u00a0\u00bb\\\u00a0\u00bb,\\\u00a0\u00bbshowLive\\\u00a0\u00bb:false,\\\u00a0\u00bbimage\\\u00a0\u00bb:\\\u00a0\u00bbhttps:\/\/assets.leparisien.fr\/website\/images\/homepage\/us-2024.svg\\\u00a0\u00bb,\\\u00a0\u00bbimageDark\\\u00a0\u00bb:\\\u00a0\u00bbhttps:\/\/assets.leparisien.fr\/website\/images\/homepage\/dark\/us-2024.png\\\u00a0\u00bb,\\\u00a0\u00bbimageLink\\\u00a0\u00bb:\\\u00a0\u00bb\\\u00a0\u00bb,\\\u00a0\u00bbimageSizeMobile\\\u00a0\u00bb:\\\u00a0\u00bb16&#215;16\\\u00a0\u00bb,\\\u00a0\u00bbimageSizeTable\\\u00a0\u00bb:\\\u00a0\u00bb16&#215;16\\\u00a0\u00bb,\\\u00a0\u00bbimageSizeDesktop\\\u00a0\u00bb:\\\u00a0\u00bb16&#215;16\\\u00a0\u00bb,\\\u00a0\u00bbcontextLabel\\\u00a0\u00bb:\\\u00a0\u00bb\u00c9tats-Unis\\\u00a0\u00bb,\\\u00a0\u00bbcontextLink\\\u00a0\u00bb:\\\u00a0\u00bb\/international\/etats-unis\/\\\u00a0\u00bb,\\\u00a0\u00bbkeyword\\\u00a0\u00bb:\\\u00a0\u00bb\\\u00a0\u00bb,\\\u00a0\u00bbmetadata\\\u00a0\u00bb:\\\u00a0\u00bb\\\u00a0\u00bb,\\\u00a0\u00bblabel\\\u00a0\u00bb:\\\u00a0\u00bb\\\u00a0\u00bb,\\\u00a0\u00bblinks\\\u00a0\u00bb:[{\\\u00a0\u00bburl\\\u00a0\u00bb:\\\u00a0\u00bbhttps:\/\/www.leparisien.fr\/international\/etats-unis\/donald-trump\/\\\u00a0\u00bb,\\\u00a0\u00bbtext\\\u00a0\u00bb:\\\u00a0\u00bbDonald Trump\\\u00a0\u00bb,\\\u00a0\u00bbsearchEnable\\\u00a0\u00bb:false,\\\u00a0\u00bbsearchPlaceholder\\\u00a0\u00bb:\\\u00a0\u00bb\\\u00a0\u00bb},{\\\u00a0\u00bburl\\\u00a0\u00bb:\\\u00a0\u00bbhttps:\/\/www.leparisien.fr\/international\/elon-musk\/\\\u00a0\u00bb,\\\u00a0\u00bbtext\\\u00a0\u00bb:\\\u00a0\u00bbElon Musk\\\u00a0\u00bb,\\\u00a0\u00bbsearchEnable\\\u00a0\u00bb:false,\\\u00a0\u00bbsearchPlaceholder\\\u00a0\u00bb:\\\u00a0\u00bb\\\u00a0\u00bb},{\\\u00a0\u00bburl\\\u00a0\u00bb:\\\u00a0\u00bbhttps:\/\/www.leparisien.fr\/international\/etats-unis\/\\\u00a0\u00bb,\\\u00a0\u00bbtext\\\u00a0\u00bb:\\\u00a0\u00bbToute l&rsquo;actu aux \u00c9tats-Unis\\\u00a0\u00bb,\\\u00a0\u00bbsearchEnable\\\u00a0\u00bb:false,\\\u00a0\u00bbsearchPlaceholder\\\u00a0\u00bb:\\\u00a0\u00bb\\\u00a0\u00bb}]},{\\\u00a0\u00bbsectionId\\\u00a0\u00bb:\\\u00a0\u00bb\/sports\/football\/ligue-des-champions\/\\\u00a0\u00bb,\\\u00a0\u00bbliveCollectionId\\\u00a0\u00bb:\\\u00a0\u00bb\\\u00a0\u00bb,\\\u00a0\u00bbliveUrl\\\u00a0\u00bb:\\\u00a0\u00bb\\\u00a0\u00bb,\\\u00a0\u00bbliveLabel\\\u00a0\u00bb:\\\u00a0\u00bb\\\u00a0\u00bb,\\\u00a0\u00bbshowLive\\\u00a0\u00bb:false,\\\u00a0\u00bbimage\\\u00a0\u00bb:\\\u00a0\u00bb\\\u00a0\u00bb,\\\u00a0\u00bbimageDark\\\u00a0\u00bb:\\\u00a0\u00bb\\\u00a0\u00bb,\\\u00a0\u00bbimageLink\\\u00a0\u00bb:\\\u00a0\u00bb\\\u00a0\u00bb,\\\u00a0\u00bbimageSizeMobile\\\u00a0\u00bb:\\\u00a0\u00bb\\\u00a0\u00bb,\\\u00a0\u00bbimageSizeTable\\\u00a0\u00bb:\\\u00a0\u00bb\\\u00a0\u00bb,\\\u00a0\u00bbimageSizeDesktop\\\u00a0\u00bb:\\\u00a0\u00bb\\\u00a0\u00bb,\\\u00a0\u00bbcontextLabel\\\u00a0\u00bb:\\\u00a0\u00bbLigue des champions\\\u00a0\u00bb,\\\u00a0\u00bbcontextLink\\\u00a0\u00bb:\\\u00a0\u00bb\/sports\/football\/ligue-des-champions\/\\\u00a0\u00bb,\\\u00a0\u00bbkeyword\\\u00a0\u00bb:\\\u00a0\u00bb\\\u00a0\u00bb,\\\u00a0\u00bbmetadata\\\u00a0\u00bb:\\\u00a0\u00bb\\\u00a0\u00bb,\\\u00a0\u00bblabel\\\u00a0\u00bb:\\\u00a0\u00bb\\\u00a0\u00bb,\\\u00a0\u00bblinks\\\u00a0\u00bb:[{\\\u00a0\u00bburl\\\u00a0\u00bb:\\\u00a0\u00bbhttps:\/\/www.leparisien.fr\/sports\/football\/ligue-des-champions\/calendrier-resultats\/\\\u00a0\u00bb,\\\u00a0\u00bbtext\\\u00a0\u00bb:\\\u00a0\u00bbCalendrier et r\u00e9sultats\\\u00a0\u00bb,\\\u00a0\u00bbsearchEnable\\\u00a0\u00bb:false,\\\u00a0\u00bbsearchPlaceholder\\\u00a0\u00bb:\\\u00a0\u00bb\\\u00a0\u00bb},{\\\u00a0\u00bburl\\\u00a0\u00bb:\\\u00a0\u00bbhttps:\/\/www.leparisien.fr\/sports\/football\/ligue-des-champions\/classement\/\\\u00a0\u00bb,\\\u00a0\u00bbtext\\\u00a0\u00bb:\\\u00a0\u00bbClassement\\\u00a0\u00bb,\\\u00a0\u00bbsearchEnable\\\u00a0\u00bb:false,\\\u00a0\u00bbsearchPlaceholder\\\u00a0\u00bb:\\\u00a0\u00bb\\\u00a0\u00bb},{\\\u00a0\u00bburl\\\u00a0\u00bb:\\\u00a0\u00bbhttps:\/\/www.leparisien.fr\/sports\/football\/psg\/\\\u00a0\u00bb,\\\u00a0\u00bbtext\\\u00a0\u00bb:\\\u00a0\u00bbPSG\\\u00a0\u00bb,\\\u00a0\u00bbsearchEnable\\\u00a0\u00bb:false,\\\u00a0\u00bbsearchPlaceholder\\\u00a0\u00bb:\\\u00a0\u00bb\\\u00a0\u00bb}]},{\\\u00a0\u00bbsectionId\\\u00a0\u00bb:\\\u00a0\u00bb\\\u00a0\u00bb,\\\u00a0\u00bbliveCollectionId\\\u00a0\u00bb:\\\u00a0\u00bb\\\u00a0\u00bb,\\\u00a0\u00bbliveUrl\\\u00a0\u00bb:\\\u00a0\u00bb\\\u00a0\u00bb,\\\u00a0\u00bbliveLabel\\\u00a0\u00bb:\\\u00a0\u00bb\\\u00a0\u00bb,\\\u00a0\u00bbshowLive\\\u00a0\u00bb:false,\\\u00a0\u00bbimage\\\u00a0\u00bb:\\\u00a0\u00bb\\\u00a0\u00bb,\\\u00a0\u00bbimageDark\\\u00a0\u00bb:\\\u00a0\u00bb\\\u00a0\u00bb,\\\u00a0\u00bbimageLink\\\u00a0\u00bb:\\\u00a0\u00bb\\\u00a0\u00bb,\\\u00a0\u00bbimageSizeMobile\\\u00a0\u00bb:\\\u00a0\u00bb\\\u00a0\u00bb,\\\u00a0\u00bbimageSizeTable\\\u00a0\u00bb:\\\u00a0\u00bb\\\u00a0\u00bb,\\\u00a0\u00bbimageSizeDesktop\\\u00a0\u00bb:\\\u00a0\u00bb\\\u00a0\u00bb,\\\u00a0\u00bbcontextLabel\\\u00a0\u00bb:\\\u00a0\u00bbNotre-Dame de Paris\\\u00a0\u00bb,\\\u00a0\u00bbcontextLink\\\u00a0\u00bb:\\\u00a0\u00bb\/paris-75\/notre-dame-de-paris\/\\\u00a0\u00bb,\\\u00a0\u00bbkeyword\\\u00a0\u00bb:\\\u00a0\u00bbNotre-Dame de Paris\\\u00a0\u00bb,\\\u00a0\u00bbmetadata\\\u00a0\u00bb:\\\u00a0\u00bb\\\u00a0\u00bb,\\\u00a0\u00bblabel\\\u00a0\u00bb:\\\u00a0\u00bb\\\u00a0\u00bb,\\\u00a0\u00bblinks\\\u00a0\u00bb:[{\\\u00a0\u00bburl\\\u00a0\u00bb:\\\u00a0\u00bb\/paris-75\/artisans-notre-dame-de-paris\/\\\u00a0\u00bb,\\\u00a0\u00bbtext\\\u00a0\u00bb:\\\u00a0\u00bbLes artisans de la reconstruction\\\u00a0\u00bb,\\\u00a0\u00bbsearchEnable\\\u00a0\u00bb:false,\\\u00a0\u00bbsearchPlaceholder\\\u00a0\u00bb:\\\u00a0\u00bb\\\u00a0\u00bb},{\\\u00a0\u00bburl\\\u00a0\u00bb:\\\u00a0\u00bb\/paris-75\/notre-dame-de-paris-avant-et-apres-lincendie-les-images-epoustouflantes-de-la-renaissance-de-la-cathedrale-30-11-2024-U4EJED4CBFGCJI3BGLGUWXGAUA.php\\\u00a0\u00bb,\\\u00a0\u00bbtext\\\u00a0\u00bb:\\\u00a0\u00bbLes images avant\/apr\u00e8s\\\u00a0\u00bb,\\\u00a0\u00bbsearchEnable\\\u00a0\u00bb:false,\\\u00a0\u00bbsearchPlaceholder\\\u00a0\u00bb:\\\u00a0\u00bb\\\u00a0\u00bb}]},{\\\u00a0\u00bbsectionId\\\u00a0\u00bb:\\\u00a0\u00bb\/sports\/tennis\/roland-garros\/\\\u00a0\u00bb,\\\u00a0\u00bbliveCollectionId\\\u00a0\u00bb:\\\u00a0\u00bb\\\u00a0\u00bb,\\\u00a0\u00bbliveUrl\\\u00a0\u00bb:\\\u00a0\u00bb\\\u00a0\u00bb,\\\u00a0\u00bbliveLabel\\\u00a0\u00bb:\\\u00a0\u00bb\\\u00a0\u00bb,\\\u00a0\u00bbshowLive\\\u00a0\u00bb:false,\\\u00a0\u00bbimage\\\u00a0\u00bb:\\\u00a0\u00bb\\\u00a0\u00bb,\\\u00a0\u00bbimageDark\\\u00a0\u00bb:\\\u00a0\u00bb\\\u00a0\u00bb,\\\u00a0\u00bbimageLink\\\u00a0\u00bb:\\\u00a0\u00bb\\\u00a0\u00bb,\\\u00a0\u00bbimageSizeMobile\\\u00a0\u00bb:\\\u00a0\u00bb\\\u00a0\u00bb,\\\u00a0\u00bbimageSizeTable\\\u00a0\u00bb:\\\u00a0\u00bb\\\u00a0\u00bb,\\\u00a0\u00bbimageSizeDesktop\\\u00a0\u00bb:\\\u00a0\u00bb\\\u00a0\u00bb,\\\u00a0\u00bbcontextLabel\\\u00a0\u00bb:\\\u00a0\u00bbRoland-Garros 2026\\\u00a0\u00bb,\\\u00a0\u00bbcontextLink\\\u00a0\u00bb:\\\u00a0\u00bb\/sports\/tennis\/roland-garros\/\\\u00a0\u00bb,\\\u00a0\u00bbkeyword\\\u00a0\u00bb:\\\u00a0\u00bb\\\u00a0\u00bb,\\\u00a0\u00bbmetadata\\\u00a0\u00bb:\\\u00a0\u00bb\\\u00a0\u00bb,\\\u00a0\u00bblabel\\\u00a0\u00bb:\\\u00a0\u00bb\\\u00a0\u00bb,\\\u00a0\u00bblinks\\\u00a0\u00bb:[{\\\u00a0\u00bburl\\\u00a0\u00bb:\\\u00a0\u00bb\/sports\/tennis\/carlos-alcaraz\/\\\u00a0\u00bb,\\\u00a0\u00bbtext\\\u00a0\u00bb:\\\u00a0\u00bbCarlos Alcaraz\\\u00a0\u00bb,\\\u00a0\u00bbsearchEnable\\\u00a0\u00bb:false,\\\u00a0\u00bbsearchPlaceholder\\\u00a0\u00bb:\\\u00a0\u00bb\\\u00a0\u00bb},{\\\u00a0\u00bburl\\\u00a0\u00bb:\\\u00a0\u00bb\/sports\/tennis\/jannik-sinner\/\\\u00a0\u00bb,\\\u00a0\u00bbtext\\\u00a0\u00bb:\\\u00a0\u00bbJannik Sinner\\\u00a0\u00bb,\\\u00a0\u00bbsearchEnable\\\u00a0\u00bb:false,\\\u00a0\u00bbsearchPlaceholder\\\u00a0\u00bb:\\\u00a0\u00bb\\\u00a0\u00bb},{\\\u00a0\u00bburl\\\u00a0\u00bb:\\\u00a0\u00bb\/sports\/tennis\/novak-djokovic\/\\\u00a0\u00bb,\\\u00a0\u00bbtext\\\u00a0\u00bb:\\\u00a0\u00bbNovak Djokovic\\\u00a0\u00bb,\\\u00a0\u00bbsearchEnable\\\u00a0\u00bb:false,\\\u00a0\u00bbsearchPlaceholder\\\u00a0\u00bb:\\\u00a0\u00bb\\\u00a0\u00bb},{\\\u00a0\u00bburl\\\u00a0\u00bb:\\\u00a0\u00bb\/sports\/tennis\/aryna-sabalenka\/\\\u00a0\u00bb,\\\u00a0\u00bbtext\\\u00a0\u00bb:\\\u00a0\u00bbAryna Sabalenka\\\u00a0\u00bb,\\\u00a0\u00bbsearchEnable\\\u00a0\u00bb:false,\\\u00a0\u00bbsearchPlaceholder\\\u00a0\u00bb:\\\u00a0\u00bb\\\u00a0\u00bb}]},{\\\u00a0\u00bbsectionId\\\u00a0\u00bb:\\\u00a0\u00bb\/sports\/football\/coupe-du-monde-des-clubs\/\\\u00a0\u00bb,\\\u00a0\u00bbliveCollectionId\\\u00a0\u00bb:\\\u00a0\u00bb\\\u00a0\u00bb,\\\u00a0\u00bbliveUrl\\\u00a0\u00bb:\\\u00a0\u00bb\\\u00a0\u00bb,\\\u00a0\u00bbliveLabel\\\u00a0\u00bb:\\\u00a0\u00bb\\\u00a0\u00bb,\\\u00a0\u00bbshowLive\\\u00a0\u00bb:false,\\\u00a0\u00bbimage\\\u00a0\u00bb:\\\u00a0\u00bb\\\u00a0\u00bb,\\\u00a0\u00bbimageDark\\\u00a0\u00bb:\\\u00a0\u00bb\\\u00a0\u00bb,\\\u00a0\u00bbimageLink\\\u00a0\u00bb:\\\u00a0\u00bb\\\u00a0\u00bb,\\\u00a0\u00bbimageSizeMobile\\\u00a0\u00bb:\\\u00a0\u00bb\\\u00a0\u00bb,\\\u00a0\u00bbimageSizeTable\\\u00a0\u00bb:\\\u00a0\u00bb\\\u00a0\u00bb,\\\u00a0\u00bbimageSizeDesktop\\\u00a0\u00bb:\\\u00a0\u00bb\\\u00a0\u00bb,\\\u00a0\u00bbcontextLabel\\\u00a0\u00bb:\\\u00a0\u00bbCoupe du monde des clubs 2025\\\u00a0\u00bb,\\\u00a0\u00bbcontextLink\\\u00a0\u00bb:\\\u00a0\u00bb\/sports\/football\/coupe-du-monde-des-clubs\/\\\u00a0\u00bb,\\\u00a0\u00bbkeyword\\\u00a0\u00bb:\\\u00a0\u00bb\\\u00a0\u00bb,\\\u00a0\u00bbmetadata\\\u00a0\u00bb:\\\u00a0\u00bb\\\u00a0\u00bb,\\\u00a0\u00bblabel\\\u00a0\u00bb:\\\u00a0\u00bb\\\u00a0\u00bb,\\\u00a0\u00bblinks\\\u00a0\u00bb:[{\\\u00a0\u00bburl\\\u00a0\u00bb:\\\u00a0\u00bbhttps:\/\/www.leparisien.fr\/sports\/football\/coupe-du-monde-des-clubs\/calendrier-resultats\/\\\u00a0\u00bb,\\\u00a0\u00bbtext\\\u00a0\u00bb:\\\u00a0\u00bbCalendrier et r\u00e9sultats\\\u00a0\u00bb,\\\u00a0\u00bbsearchEnable\\\u00a0\u00bb:false,\\\u00a0\u00bbsearchPlaceholder\\\u00a0\u00bb:\\\u00a0\u00bb\\\u00a0\u00bb},{\\\u00a0\u00bburl\\\u00a0\u00bb:\\\u00a0\u00bbhttps:\/\/www.leparisien.fr\/sports\/football\/coupe-du-monde-des-clubs\/classement\/\\\u00a0\u00bb,\\\u00a0\u00bbtext\\\u00a0\u00bb:\\\u00a0\u00bbClassement\\\u00a0\u00bb,\\\u00a0\u00bbsearchEnable\\\u00a0\u00bb:false,\\\u00a0\u00bbsearchPlaceholder\\\u00a0\u00bb:\\\u00a0\u00bb\\\u00a0\u00bb},{\\\u00a0\u00bburl\\\u00a0\u00bb:\\\u00a0\u00bbhttps:\/\/www.leparisien.fr\/sports\/football\/psg\/\\\u00a0\u00bb,\\\u00a0\u00bbtext\\\u00a0\u00bb:\\\u00a0\u00bbPSG\\\u00a0\u00bb,\\\u00a0\u00bbsearchEnable\\\u00a0\u00bb:false,\\\u00a0\u00bbsearchPlaceholder\\\u00a0\u00bb:\\\u00a0\u00bb\\\u00a0\u00bb}]},{\\\u00a0\u00bbsectionId\\\u00a0\u00bb:\\\u00a0\u00bb\/sports\/cyclisme\/tour-de-france-feminin\/\\\u00a0\u00bb,\\\u00a0\u00bbliveCollectionId\\\u00a0\u00bb:\\\u00a0\u00bb\\\u00a0\u00bb,\\\u00a0\u00bbliveUrl\\\u00a0\u00bb:\\\u00a0\u00bb\\\u00a0\u00bb,\\\u00a0\u00bbliveLabel\\\u00a0\u00bb:\\\u00a0\u00bb\\\u00a0\u00bb,\\\u00a0\u00bbshowLive\\\u00a0\u00bb:true,\\\u00a0\u00bbimage\\\u00a0\u00bb:\\\u00a0\u00bb\\\u00a0\u00bb,\\\u00a0\u00bbimageDark\\\u00a0\u00bb:\\\u00a0\u00bb\\\u00a0\u00bb,\\\u00a0\u00bbimageLink\\\u00a0\u00bb:\\\u00a0\u00bb\\\u00a0\u00bb,\\\u00a0\u00bbimageSizeMobile\\\u00a0\u00bb:\\\u00a0\u00bb\\\u00a0\u00bb,\\\u00a0\u00bbimageSizeTable\\\u00a0\u00bb:\\\u00a0\u00bb\\\u00a0\u00bb,\\\u00a0\u00bbimageSizeDesktop\\\u00a0\u00bb:\\\u00a0\u00bb\\\u00a0\u00bb,\\\u00a0\u00bbcontextLabel\\\u00a0\u00bb:\\\u00a0\u00bbTour de Frances femmes 2026\\\u00a0\u00bb,\\\u00a0\u00bbcontextLink\\\u00a0\u00bb:\\\u00a0\u00bb\/sports\/cyclisme\/tour-de-france-feminin\/\\\u00a0\u00bb,\\\u00a0\u00bbkeyword\\\u00a0\u00bb:\\\u00a0\u00bb\\\u00a0\u00bb,\\\u00a0\u00bbmetadata\\\u00a0\u00bb:\\\u00a0\u00bb\\\u00a0\u00bb,\\\u00a0\u00bblabel\\\u00a0\u00bb:\\\u00a0\u00bb\\\u00a0\u00bb,\\\u00a0\u00bblinks\\\u00a0\u00bb:[{\\\u00a0\u00bburl\\\u00a0\u00bb:\\\u00a0\u00bbhttps:\/\/www.leparisien.fr\/sports\/cyclisme\/tour-de-france-feminin\/tour-de-france-femmes-decouvrez-le-parcours-officiel-de-ledition-2026-avec-le-mythique-mont-ventoux-23-10-2025-35IH7H3QHVHN5LD6GK5BKCGU2A.php\\\u00a0\u00bb,\\\u00a0\u00bbtext\\\u00a0\u00bb:\\\u00a0\u00bbParcours\\\u00a0\u00bb,\\\u00a0\u00bbsearchEnable\\\u00a0\u00bb:false,\\\u00a0\u00bbsearchPlaceholder\\\u00a0\u00bb:\\\u00a0\u00bb\\\u00a0\u00bb},{\\\u00a0\u00bburl\\\u00a0\u00bb:\\\u00a0\u00bbhttps:\/\/www.leparisien.fr\/sports\/cyclisme\/pauline-ferrand-prevot\/\\\u00a0\u00bb,\\\u00a0\u00bbtext\\\u00a0\u00bb:\\\u00a0\u00bbPauline Ferrand-Pr\u00e9vot\\\u00a0\u00bb,\\\u00a0\u00bbsearchEnable\\\u00a0\u00bb:false,\\\u00a0\u00bbsearchPlaceholder\\\u00a0\u00bb:\\\u00a0\u00bb\\\u00a0\u00bb}]}]\u00a0\u00bb,\u00a0\u00bbencartAboTitle\u00a0\u00bb:\u00a0\u00bbOffre Solo\u00a0\u00bb,\u00a0\u00bbencartAboText\u00a0\u00bb:\u00a0\u00bb1\u20ac pendant 2 mois\u00a0\u00bb,\u00a0\u00bbencartAboBtnLabel\u00a0\u00bb:\u00a0\u00bbS\u2019abonner\u00a0\u00bb,\u00a0\u00bblogoConfig\u00a0\u00bb:\u00a0\u00bb[{\\\u00a0\u00bbsection\\\u00a0\u00bb:\\\u00a0\u00bb\/jo-paris-2024\\\u00a0\u00bb,\\\u00a0\u00bburl\\\u00a0\u00bb:\\\u00a0\u00bbhttps:\/\/assets.leparisien.fr\/website\/images\/homepage\/logo-jo-2024.svg\\\u00a0\u00bb,\\\u00a0\u00bbwidth\\\u00a0\u00bb:\\\u00a0\u00bb28\\\u00a0\u00bb,\\\u00a0\u00bbheight\\\u00a0\u00bb:\\\u00a0\u00bb16\\\u00a0\u00bb},{\\\u00a0\u00bbsection\\\u00a0\u00bb:\\\u00a0\u00bb\/jo-paralympiques-paris-2024\\\u00a0\u00bb,\\\u00a0\u00bburl\\\u00a0\u00bb:\\\u00a0\u00bbhttps:\/\/assets.leparisien.fr\/website\/images\/homepage\/logo-jo-2024.svg\\\u00a0\u00bb,\\\u00a0\u00bbwidth\\\u00a0\u00bb:\\\u00a0\u00bb28\\\u00a0\u00bb,\\\u00a0\u00bbheight\\\u00a0\u00bb:\\\u00a0\u00bb16\\\u00a0\u00bb}]\u00a0\u00bb},\u00a0\u00bbdisplayProperties\u00a0\u00bb:{},\u00a0\u00bblocalEdits\u00a0\u00bb:{},\u00a0\u00bbvariants\u00a0\u00bb:{}}},{\u00ab\u00a0collection\u00a0\u00bb:\u00a0\u00bbfeatures\u00a0\u00bb,\u00a0\u00bbtype\u00a0\u00bb:\u00a0\u00bbglobal\/GenericAds\u00a0\u00bb,\u00a0\u00bbprops\u00a0\u00bb:{\u00ab\u00a0collection\u00a0\u00bb:\u00a0\u00bbfeatures\u00a0\u00bb,\u00a0\u00bbtype\u00a0\u00bb:\u00a0\u00bbglobal\/GenericAds\u00a0\u00bb,\u00a0\u00bbid\u00a0\u00bb:\u00a0\u00bbf0fz2RpBkdcw2v2&Prime;,\u00a0\u00bbname\u00a0\u00bb:\u00a0\u00bbglobal GenericAds\u00a0\u00bb,\u00a0\u00bbcontentConfig\u00a0\u00bb:{\u00ab\u00a0contentService\u00a0\u00bb:\u00a0\u00bb\u00a0\u00bb,\u00a0\u00bbcontentConfigValues\u00a0\u00bb:{},\u00a0\u00bbinherit\u00a0\u00bb:true},\u00a0\u00bbcustomFields\u00a0\u00bb:{\u00ab\u00a0device\u00a0\u00bb:\u00a0\u00bball-devices\u00a0\u00bb,\u00a0\u00bbadType\u00a0\u00bb:\u00a0\u00bbbanniere-1&Prime;,\u00a0\u00bbfillBackground\u00a0\u00bb:true,\u00a0\u00bbenableMinHeight\u00a0\u00bb:true},\u00a0\u00bbdisplayProperties\u00a0\u00bb:{},\u00a0\u00bblocalEdits\u00a0\u00bb:{},\u00a0\u00bbvariants\u00a0\u00bb:{}}},{\u00ab\u00a0collection\u00a0\u00bb:\u00a0\u00bbfeatures\u00a0\u00bb,\u00a0\u00bbtype\u00a0\u00bb:\u00a0\u00bbglobal\/GlobalCustomModal\u00a0\u00bb,\u00a0\u00bbprops\u00a0\u00bb:{\u00ab\u00a0collection\u00a0\u00bb:\u00a0\u00bbfeatures\u00a0\u00bb,\u00a0\u00bbtype\u00a0\u00bb:\u00a0\u00bbglobal\/GlobalCustomModal\u00a0\u00bb,\u00a0\u00bbid\u00a0\u00bb:\u00a0\u00bbf0fucmCTBsqo5ke\u00a0\u00bb,\u00a0\u00bbname\u00a0\u00bb:\u00a0\u00bbglobal GlobalCustomModal\u00a0\u00bb,\u00a0\u00bbcontentConfig\u00a0\u00bb:{\u00ab\u00a0contentService\u00a0\u00bb:\u00a0\u00bb\u00a0\u00bb,\u00a0\u00bbcontentConfigValues\u00a0\u00bb:{},\u00a0\u00bbinherit\u00a0\u00bb:true},\u00a0\u00bbcustomFields\u00a0\u00bb:{},\u00a0\u00bbdisplayProperties\u00a0\u00bb:{},\u00a0\u00bblocalEdits\u00a0\u00bb:{},\u00a0\u00bbvariants\u00a0\u00bb:{}}}]},{\u00ab\u00a0collection\u00a0\u00bb:\u00a0\u00bbsections\u00a0\u00bb,\u00a0\u00bbprops\u00a0\u00bb:{\u00ab\u00a0collection\u00a0\u00bb:\u00a0\u00bbsections\u00a0\u00bb,\u00a0\u00bbid\u00a0\u00bb:1},\u00a0\u00bbchildren\u00a0\u00bb:[{\u00ab\u00a0collection\u00a0\u00bb:\u00a0\u00bbfeatures\u00a0\u00bb,\u00a0\u00bbtype\u00a0\u00bb:\u00a0\u00bbArticle\/Breadcrumb\u00a0\u00bb,\u00a0\u00bbprops\u00a0\u00bb:{\u00ab\u00a0collection\u00a0\u00bb:\u00a0\u00bbfeatures\u00a0\u00bb,\u00a0\u00bbtype\u00a0\u00bb:\u00a0\u00bbArticle\/Breadcrumb\u00a0\u00bb,\u00a0\u00bbid\u00a0\u00bb:\u00a0\u00bbf0ff0Vy719g08y2&Prime;,\u00a0\u00bbname\u00a0\u00bb:\u00a0\u00bbArticle Breadcrumb\u00a0\u00bb,\u00a0\u00bbcontentConfig\u00a0\u00bb:{\u00ab\u00a0contentService\u00a0\u00bb:\u00a0\u00bb\u00a0\u00bb,\u00a0\u00bbcontentConfigValues\u00a0\u00bb:{},\u00a0\u00bbinherit\u00a0\u00bb:true},\u00a0\u00bbcustomFields\u00a0\u00bb:{\u00ab\u00a0showProfilTag\u00a0\u00bb:false},\u00a0\u00bbdisplayProperties\u00a0\u00bb:{},\u00a0\u00bblocalEdits\u00a0\u00bb:{},\u00a0\u00bbvariants\u00a0\u00bb:{}}},{\u00ab\u00a0collection\u00a0\u00bb:\u00a0\u00bbfeatures\u00a0\u00bb,\u00a0\u00bbtype\u00a0\u00bb:\u00a0\u00bbArticle\/header\u00a0\u00bb,\u00a0\u00bbprops\u00a0\u00bb:{\u00ab\u00a0collection\u00a0\u00bb:\u00a0\u00bbfeatures\u00a0\u00bb,\u00a0\u00bbtype\u00a0\u00bb:\u00a0\u00bbArticle\/header\u00a0\u00bb,\u00a0\u00bbid\u00a0\u00bb:\u00a0\u00bb0fheITrD8rs\u00a0\u00bb,\u00a0\u00bbcontentConfig\u00a0\u00bb:{\u00ab\u00a0contentService\u00a0\u00bb:\u00a0\u00bb\u00a0\u00bb,\u00a0\u00bbcontentConfigValues\u00a0\u00bb:{},\u00a0\u00bbinherit\u00a0\u00bb:false},\u00a0\u00bbcustomFields\u00a0\u00bb:{},\u00a0\u00bbdisplayProperties\u00a0\u00bb:{},\u00a0\u00bblocalEdits\u00a0\u00bb:{},\u00a0\u00bbvariants\u00a0\u00bb:{}}},{\u00ab\u00a0collection\u00a0\u00bb:\u00a0\u00bbfeatures\u00a0\u00bb,\u00a0\u00bbtype\u00a0\u00bb:\u00a0\u00bbArticle\/PremiumBar\u00a0\u00bb,\u00a0\u00bbprops\u00a0\u00bb:{\u00ab\u00a0collection\u00a0\u00bb:\u00a0\u00bbfeatures\u00a0\u00bb,\u00a0\u00bbtype\u00a0\u00bb:\u00a0\u00bbArticle\/PremiumBar\u00a0\u00bb,\u00a0\u00bbid\u00a0\u00bb:\u00a0\u00bbf0fnt6ZqhlPht8&Prime;,\u00a0\u00bbname\u00a0\u00bb:\u00a0\u00bbArticle PremiumBar\u00a0\u00bb,\u00a0\u00bbcontentConfig\u00a0\u00bb:{\u00ab\u00a0contentService\u00a0\u00bb:\u00a0\u00bb\u00a0\u00bb,\u00a0\u00bbcontentConfigValues\u00a0\u00bb:{},\u00a0\u00bbinherit\u00a0\u00bb:true},\u00a0\u00bbcustomFields\u00a0\u00bb:{\u00ab\u00a0nonSubscriberText\u00a0\u00bb:\u00a0\u00bbCet article est r\u00e9serv\u00e9 aux abonn\u00e9s.\u00a0\u00bb,\u00a0\u00bbsubscriberText\u00a0\u00bb:\u00a0\u00bbVotre abonnement vous permet d\u2019acc\u00e9der \u00e0 cet article.\u00a0\u00bb},\u00a0\u00bbdisplayProperties\u00a0\u00bb:{},\u00a0\u00bblocalEdits\u00a0\u00bb:{},\u00a0\u00bbvariants\u00a0\u00bb:{}}}]},{\u00ab\u00a0collection\u00a0\u00bb:\u00a0\u00bbsections\u00a0\u00bb,\u00a0\u00bbprops\u00a0\u00bb:{\u00ab\u00a0collection\u00a0\u00bb:\u00a0\u00bbsections\u00a0\u00bb,\u00a0\u00bbid\u00a0\u00bb:2},\u00a0\u00bbchildren\u00a0\u00bb:[{\u00ab\u00a0collection\u00a0\u00bb:\u00a0\u00bbfeatures\u00a0\u00bb,\u00a0\u00bbtype\u00a0\u00bb:\u00a0\u00bbArticle\/LeadArt\u00a0\u00bb,\u00a0\u00bbprops\u00a0\u00bb:{\u00ab\u00a0collection\u00a0\u00bb:\u00a0\u00bbfeatures\u00a0\u00bb,\u00a0\u00bbtype\u00a0\u00bb:\u00a0\u00bbArticle\/LeadArt\u00a0\u00bb,\u00a0\u00bbid\u00a0\u00bb:\u00a0\u00bb0fJwZntD8rG\u00a0\u00bb,\u00a0\u00bbcontentConfig\u00a0\u00bb:{\u00ab\u00a0contentService\u00a0\u00bb:\u00a0\u00bb\u00a0\u00bb,\u00a0\u00bbcontentConfigValues\u00a0\u00bb:{},\u00a0\u00bbinherit\u00a0\u00bb:false},\u00a0\u00bbcustomFields\u00a0\u00bb:{},\u00a0\u00bbdisplayProperties\u00a0\u00bb:{},\u00a0\u00bblocalEdits\u00a0\u00bb:{},\u00a0\u00bbvariants\u00a0\u00bb:{}}}]},{\u00ab\u00a0collection\u00a0\u00bb:\u00a0\u00bbsections\u00a0\u00bb,\u00a0\u00bbprops\u00a0\u00bb:{\u00ab\u00a0collection\u00a0\u00bb:\u00a0\u00bbsections\u00a0\u00bb,\u00a0\u00bbid\u00a0\u00bb:3},\u00a0\u00bbchildren\u00a0\u00bb:[{\u00ab\u00a0collection\u00a0\u00bb:\u00a0\u00bbfeatures\u00a0\u00bb,\u00a0\u00bbtype\u00a0\u00bb:\u00a0\u00bbglobal\/GenericAds\u00a0\u00bb,\u00a0\u00bbprops\u00a0\u00bb:{\u00ab\u00a0collection\u00a0\u00bb:\u00a0\u00bbfeatures\u00a0\u00bb,\u00a0\u00bbtype\u00a0\u00bb:\u00a0\u00bbglobal\/GenericAds\u00a0\u00bb,\u00a0\u00bbid\u00a0\u00bb:\u00a0\u00bbf0fFt3yFVmaA1Bj\u00a0\u00bb,\u00a0\u00bbname\u00a0\u00bb:\u00a0\u00bbglobal GenericAds\u00a0\u00bb,\u00a0\u00bbcontentConfig\u00a0\u00bb:{\u00ab\u00a0contentService\u00a0\u00bb:\u00a0\u00bb\u00a0\u00bb,\u00a0\u00bbcontentConfigValues\u00a0\u00bb:{},\u00a0\u00bbinherit\u00a0\u00bb:true},\u00a0\u00bbcustomFields\u00a0\u00bb:{\u00ab\u00a0device\u00a0\u00bb:\u00a0\u00bbdesktop\u00a0\u00bb,\u00a0\u00bbadType\u00a0\u00bb:\u00a0\u00bbpave-1&Prime;,\u00a0\u00bbisSticky\u00a0\u00bb:true},\u00a0\u00bbdisplayProperties\u00a0\u00bb:{},\u00a0\u00bblocalEdits\u00a0\u00bb:{},\u00a0\u00bbvariants\u00a0\u00bb:{}}}]},{\u00ab\u00a0collection\u00a0\u00bb:\u00a0\u00bbsections\u00a0\u00bb,\u00a0\u00bbprops\u00a0\u00bb:{\u00ab\u00a0collection\u00a0\u00bb:\u00a0\u00bbsections\u00a0\u00bb,\u00a0\u00bbid\u00a0\u00bb:4},\u00a0\u00bbchildren\u00a0\u00bb:[{\u00ab\u00a0collection\u00a0\u00bb:\u00a0\u00bbfeatures\u00a0\u00bb,\u00a0\u00bbtype\u00a0\u00bb:\u00a0\u00bbArticle\/ShareTools\u00a0\u00bb,\u00a0\u00bbprops\u00a0\u00bb:{\u00ab\u00a0collection\u00a0\u00bb:\u00a0\u00bbfeatures\u00a0\u00bb,\u00a0\u00bbtype\u00a0\u00bb:\u00a0\u00bbArticle\/ShareTools\u00a0\u00bb,\u00a0\u00bbid\u00a0\u00bb:\u00a0\u00bbf0fitCJAY5tB1aG\u00a0\u00bb,\u00a0\u00bbname\u00a0\u00bb:\u00a0\u00bbArticle ShareTools\u00a0\u00bb,\u00a0\u00bbcontentConfig\u00a0\u00bb:{\u00ab\u00a0contentService\u00a0\u00bb:\u00a0\u00bb\u00a0\u00bb,\u00a0\u00bbcontentConfigValues\u00a0\u00bb:{},\u00a0\u00bbinherit\u00a0\u00bb:true},\u00a0\u00bbcustomFields\u00a0\u00bb:{},\u00a0\u00bbdisplayProperties\u00a0\u00bb:{},\u00a0\u00bblocalEdits\u00a0\u00bb:{},\u00a0\u00bbvariants\u00a0\u00bb:{}}},{\u00ab\u00a0collection\u00a0\u00bb:\u00a0\u00bbfeatures\u00a0\u00bb,\u00a0\u00bbtype\u00a0\u00bb:\u00a0\u00bbArticle\/PlayerEtx\u00a0\u00bb,\u00a0\u00bbprops\u00a0\u00bb:{\u00ab\u00a0collection\u00a0\u00bb:\u00a0\u00bbfeatures\u00a0\u00bb,\u00a0\u00bbtype\u00a0\u00bb:\u00a0\u00bbArticle\/PlayerEtx\u00a0\u00bb,\u00a0\u00bbid\u00a0\u00bb:\u00a0\u00bbf0fBxJJuuuhWoP\u00a0\u00bb,\u00a0\u00bbname\u00a0\u00bb:\u00a0\u00bbArticle PlayerEtx\u00a0\u00bb,\u00a0\u00bbcontentConfig\u00a0\u00bb:{\u00ab\u00a0contentService\u00a0\u00bb:\u00a0\u00bb\u00a0\u00bb,\u00a0\u00bbcontentConfigValues\u00a0\u00bb:{},\u00a0\u00bbinherit\u00a0\u00bb:true},\u00a0\u00bbcustomFields\u00a0\u00bb:{},\u00a0\u00bbdisplayProperties\u00a0\u00bb:{},\u00a0\u00bblocalEdits\u00a0\u00bb:{},\u00a0\u00bbvariants\u00a0\u00bb:{}}},{\u00ab\u00a0collection\u00a0\u00bb:\u00a0\u00bbfeatures\u00a0\u00bb,\u00a0\u00bbtype\u00a0\u00bb:\u00a0\u00bbArticle\/Content\u00a0\u00bb,\u00a0\u00bbprops\u00a0\u00bb:{\u00ab\u00a0collection\u00a0\u00bb:\u00a0\u00bbfeatures\u00a0\u00bb,\u00a0\u00bbtype\u00a0\u00bb:\u00a0\u00bbArticle\/Content\u00a0\u00bb,\u00a0\u00bbid\u00a0\u00bb:\u00a0\u00bbf0f4Goz1n8wq2v7&Prime;,\u00a0\u00bbname\u00a0\u00bb:\u00a0\u00bbArticle Content\u00a0\u00bb,\u00a0\u00bbcontentConfig\u00a0\u00bb:{\u00ab\u00a0contentService\u00a0\u00bb:\u00a0\u00bb\u00a0\u00bb,\u00a0\u00bbcontentConfigValues\u00a0\u00bb:{},\u00a0\u00bbinherit\u00a0\u00bb:true},\u00a0\u00bbcustomFields\u00a0\u00bb:{\u00ab\u00a0restrictSection\u00a0\u00bb:\u00a0\u00bb[{\\\u00a0\u00bburl\\\u00a0\u00bb:\\\u00a0\u00bb\/politique\\\u00a0\u00bb,\\\u00a0\u00bbtitle\\\u00a0\u00bb:\\\u00a0\u00bb\\\u00a0\u00bb},{\\\u00a0\u00bburl\\\u00a0\u00bb:\\\u00a0\u00bb\/elections\/presidentielle\\\u00a0\u00bb,\\\u00a0\u00bbtitle\\\u00a0\u00bb:\\\u00a0\u00bb\\\u00a0\u00bb}]\u00a0\u00bb,\u00a0\u00bbskus\u00a0\u00bb:[\u00ab\u00a0{\\\u00a0\u00bbsku\\\u00a0\u00bb: \\\u00a0\u00bbSWGPD.0782-9649-2957-42734\\\u00a0\u00bb,\\\u00a0\u00bbformula\\\u00a0\u00bb: \\\u00a0\u00bbformule_numerique_adl\\\u00a0\u00bb,\\\u00a0\u00bbnoviusId\\\u00a0\u00bb: 498}\u00a0\u00bb,\u00a0\u00bb{\\\u00a0\u00bbsku\\\u00a0\u00bb: \\\u00a0\u00bbSWGPD.5403-2727-0950-84295\\\u00a0\u00bb,\\\u00a0\u00bbformula\\\u00a0\u00bb: \\\u00a0\u00bbformule_numerique_add\\\u00a0\u00bb,\\\u00a0\u00bbnoviusId\\\u00a0\u00bb: 493}\u00a0\u00bb,\u00a0\u00bb{\\\u00a0\u00bbsku\\\u00a0\u00bb: \\\u00a0\u00bbSWGPD.6330-5660-7304-97284\\\u00a0\u00bb,\\\u00a0\u00bbformula\\\u00a0\u00bb: \\\u00a0\u00bbformule_numerique_1_an_multi_3\\\u00a0\u00bb,\\\u00a0\u00bbtype\\\u00a0\u00bb:\\\u00a0\u00bbmulti\\\u00a0\u00bb,\\\u00a0\u00bbnoviusId\\\u00a0\u00bb: 561}\u00a0\u00bb,\u00a0\u00bb{\\\u00a0\u00bbsku\\\u00a0\u00bb: \\\u00a0\u00bbSWGPD.4532-1255-3472-02333\\\u00a0\u00bb,\\\u00a0\u00bbformula\\\u00a0\u00bb: \\\u00a0\u00bbformule_numerique_adl_multi_3\\\u00a0\u00bb,\\\u00a0\u00bbtype\\\u00a0\u00bb:\\\u00a0\u00bbmulti\\\u00a0\u00bb,\\\u00a0\u00bbnoviusId\\\u00a0\u00bb: 560}\u00a0\u00bb,\u00a0\u00bb{\\\u00a0\u00bbsku\\\u00a0\u00bb: \\\u00a0\u00bbSWGPD.8093-1737-9798-61799\\\u00a0\u00bb,\\\u00a0\u00bbformula\\\u00a0\u00bb: \\\u00a0\u00bbformule_numerique_adl_multi_5\\\u00a0\u00bb,\\\u00a0\u00bbtype\\\u00a0\u00bb:\\\u00a0\u00bbmulti\\\u00a0\u00bb,\\\u00a0\u00bbnoviusId\\\u00a0\u00bb: 564}\u00a0\u00bb,\u00a0\u00bb{\\\u00a0\u00bbsku\\\u00a0\u00bb: \\\u00a0\u00bbSWGPD.2753-0863-3277-88556\\\u00a0\u00bb,\\\u00a0\u00bbformula\\\u00a0\u00bb: \\\u00a0\u00bbformule_numerique_1_an_multi_5\\\u00a0\u00bb,\\\u00a0\u00bbtype\\\u00a0\u00bb:\\\u00a0\u00bbmulti\\\u00a0\u00bb,\\\u00a0\u00bbnoviusId\\\u00a0\u00bb: 565}\u00a0\u00bb],\u00a0\u00bbnewsletterOptin\u00a0\u00bb:\u00a0\u00bboptin_newsletter\u00a0\u00bb,\u00a0\u00bbnewsletterTitle\u00a0\u00bb:\u00a0\u00bbUn tour de l&rsquo;actualit\u00e9 pour commencer la journ\u00e9e\u00a0\u00bb,\u00a0\u00bbnewsletterLabel\u00a0\u00bb:\u00a0\u00bbL&rsquo;essentiel du matin\u00a0\u00bb,\u00a0\u00bbnewsletterImage\u00a0\u00bb:\u00a0\u00bbnewsletter-essentiel-matin-logo.png\u00a0\u00bb,\u00a0\u00bbnewsletterColor\u00a0\u00bb:\u00a0\u00bb#1EA0E6&Prime;},\u00a0\u00bbdisplayProperties\u00a0\u00bb:{},\u00a0\u00bblocalEdits\u00a0\u00bb:{},\u00a0\u00bbvariants\u00a0\u00bb:{}}},{\u00ab\u00a0collection\u00a0\u00bb:\u00a0\u00bbfeatures\u00a0\u00bb,\u00a0\u00bbtype\u00a0\u00bb:\u00a0\u00bbArticle\/Links\u00a0\u00bb,\u00a0\u00bbprops\u00a0\u00bb:{\u00ab\u00a0collection\u00a0\u00bb:\u00a0\u00bbfeatures\u00a0\u00bb,\u00a0\u00bbtype\u00a0\u00bb:\u00a0\u00bbArticle\/Links\u00a0\u00bb,\u00a0\u00bbid\u00a0\u00bb:\u00a0\u00bbf0fKskYRRAXOjK\u00a0\u00bb,\u00a0\u00bbname\u00a0\u00bb:\u00a0\u00bbArticle Links\u00a0\u00bb,\u00a0\u00bbcontentConfig\u00a0\u00bb:{\u00ab\u00a0contentService\u00a0\u00bb:\u00a0\u00bb\u00a0\u00bb,\u00a0\u00bbcontentConfigValues\u00a0\u00bb:{},\u00a0\u00bbinherit\u00a0\u00bb:true},\u00a0\u00bbcustomFields\u00a0\u00bb:{\u00ab\u00a0nbToFetch\u00a0\u00bb:20,\u00a0\u00bbarticleLimit\u00a0\u00bb:3,\u00a0\u00bbaboArticleLimit\u00a0\u00bb:1,\u00a0\u00bbbackgroundColor\u00a0\u00bb:\u00a0\u00bb#F5F7F8&Prime;,\u00a0\u00bbborderColor\u00a0\u00bb:\u00a0\u00bb#1EA0E6&Prime;,\u00a0\u00bbexcludeSections\u00a0\u00bb:[\u00ab\u00a0\/podcasts\/code-source\u00a0\u00bb,\u00a0\u00bb\/politique\/newsletter\u00a0\u00bb,\u00a0\u00bb\/newsletters\u00a0\u00bb],\u00a0\u00bbrecirculationByTag\u00a0\u00bb:true},\u00a0\u00bbdisplayProperties\u00a0\u00bb:{},\u00a0\u00bblocalEdits\u00a0\u00bb:{},\u00a0\u00bbvariants\u00a0\u00bb:{}}}]},{\u00ab\u00a0collection\u00a0\u00bb:\u00a0\u00bbsections\u00a0\u00bb,\u00a0\u00bbprops\u00a0\u00bb:{\u00ab\u00a0collection\u00a0\u00bb:\u00a0\u00bbsections\u00a0\u00bb,\u00a0\u00bbid\u00a0\u00bb:5},\u00a0\u00bbchildren\u00a0\u00bb:[{\u00ab\u00a0collection\u00a0\u00bb:\u00a0\u00bbfeatures\u00a0\u00bb,\u00a0\u00bbtype\u00a0\u00bb:\u00a0\u00bbArticle\/DailyMotionPlaylist\u00a0\u00bb,\u00a0\u00bbprops\u00a0\u00bb:{\u00ab\u00a0collection\u00a0\u00bb:\u00a0\u00bbfeatures\u00a0\u00bb,\u00a0\u00bbtype\u00a0\u00bb:\u00a0\u00bbArticle\/DailyMotionPlaylist\u00a0\u00bb,\u00a0\u00bbid\u00a0\u00bb:\u00a0\u00bbf0fH04CtISAr2oA\u00a0\u00bb,\u00a0\u00bbname\u00a0\u00bb:\u00a0\u00bbArticle DailyMotionPlaylist\u00a0\u00bb,\u00a0\u00bbcontentConfig\u00a0\u00bb:{\u00ab\u00a0contentService\u00a0\u00bb:\u00a0\u00bb\u00a0\u00bb,\u00a0\u00bbcontentConfigValues\u00a0\u00bb:{},\u00a0\u00bbinherit\u00a0\u00bb:true},\u00a0\u00bbcustomFields\u00a0\u00bb:{\u00ab\u00a0playlistId\u00a0\u00bb:\u00a0\u00bbx4xtbj\u00a0\u00bb,\u00a0\u00bbplayerId\u00a0\u00bb:\u00a0\u00bbxc6ct\u00a0\u00bb},\u00a0\u00bbdisplayProperties\u00a0\u00bb:{},\u00a0\u00bblocalEdits\u00a0\u00bb:{},\u00a0\u00bbvariants\u00a0\u00bb:{}}},{\u00ab\u00a0collection\u00a0\u00bb:\u00a0\u00bbfeatures\u00a0\u00bb,\u00a0\u00bbtype\u00a0\u00bb:\u00a0\u00bbArticle\/MostRead\u00a0\u00bb,\u00a0\u00bbprops\u00a0\u00bb:{\u00ab\u00a0collection\u00a0\u00bb:\u00a0\u00bbfeatures\u00a0\u00bb,\u00a0\u00bbtype\u00a0\u00bb:\u00a0\u00bbArticle\/MostRead\u00a0\u00bb,\u00a0\u00bbid\u00a0\u00bb:\u00a0\u00bbf0fC9iWS34Ok8QN\u00a0\u00bb,\u00a0\u00bbname\u00a0\u00bb:\u00a0\u00bbArticle MostRead\u00a0\u00bb,\u00a0\u00bbcontentConfig\u00a0\u00bb:{\u00ab\u00a0contentService\u00a0\u00bb:\u00a0\u00bb\u00a0\u00bb,\u00a0\u00bbcontentConfigValues\u00a0\u00bb:{},\u00a0\u00bbinherit\u00a0\u00bb:true},\u00a0\u00bbcustomFields\u00a0\u00bb:{\u00ab\u00a0type\u00a0\u00bb:\u00a0\u00bball-sections\u00a0\u00bb,\u00a0\u00bbsize\u00a0\u00bb:5,\u00a0\u00bbrightRailPlacement\u00a0\u00bb:true,\u00a0\u00bbmodule title\u00a0\u00bb:\u00a0\u00bbLes plus lus\u00a0\u00bb},\u00a0\u00bbdisplayProperties\u00a0\u00bb:{},\u00a0\u00bblocalEdits\u00a0\u00bb:{},\u00a0\u00bbvariants\u00a0\u00bb:{}}},{\u00ab\u00a0collection\u00a0\u00bb:\u00a0\u00bbfeatures\u00a0\u00bb,\u00a0\u00bbtype\u00a0\u00bb:\u00a0\u00bbglobal\/CardBanner\u00a0\u00bb,\u00a0\u00bbprops\u00a0\u00bb:{\u00ab\u00a0collection\u00a0\u00bb:\u00a0\u00bbfeatures\u00a0\u00bb,\u00a0\u00bbtype\u00a0\u00bb:\u00a0\u00bbglobal\/CardBanner\u00a0\u00bb,\u00a0\u00bbid\u00a0\u00bb:\u00a0\u00bbf0fxFL9AyMd11nI\u00a0\u00bb,\u00a0\u00bbname\u00a0\u00bb:\u00a0\u00bbglobal Banner for unsubscribed\u00a0\u00bb,\u00a0\u00bbcontentConfig\u00a0\u00bb:{\u00ab\u00a0contentService\u00a0\u00bb:\u00a0\u00bb\u00a0\u00bb,\u00a0\u00bbcontentConfigValues\u00a0\u00bb:{},\u00a0\u00bbinherit\u00a0\u00bb:true},\u00a0\u00bbcustomFields\u00a0\u00bb:{\u00ab\u00a0size\u00a0\u00bb:\u00a0\u00bbsmall\u00a0\u00bb,\u00a0\u00bbposition\u00a0\u00bb:\u00a0\u00bbcolumn\u00a0\u00bb,\u00a0\u00bbwithMarginTop\u00a0\u00bb:false,\u00a0\u00bbtitle\u00a0\u00bb:\u00a0\u00bbAnnonces immobili\u00e8res pr\u00e8s de chez vous\u00a0\u00bb,\u00a0\u00bbtext\u00a0\u00bb:\u00a0\u00bbContenu sponsoris\u00e9\u00a0\u00bb,\u00a0\u00bbbtnLabel\u00a0\u00bb:\u00a0\u00bbVoir les annonces\u00a0\u00bb,\u00a0\u00bbbtnHref\u00a0\u00bb:\u00a0\u00bbhttps:\/\/annonces-immo.leparisien.fr\/?xtatc=PUB-[bienici]-[immo_sidebar]-[]-[]-[]-[]-[partenaires]-[]\u00a0\u00bb,\u00a0\u00bbimageUrl\u00a0\u00bb:\u00a0\u00bb\/bien-ici.svg\u00a0\u00bb,\u00a0\u00bbisVisibleOnlyOn\u00a0\u00bb:\u00a0\u00bb\/immobilier\u00a0\u00bb},\u00a0\u00bbdisplayProperties\u00a0\u00bb:{},\u00a0\u00bblocalEdits\u00a0\u00bb:{},\u00a0\u00bbvariants\u00a0\u00bb:{}}},{\u00ab\u00a0collection\u00a0\u00bb:\u00a0\u00bbfeatures\u00a0\u00bb,\u00a0\u00bbtype\u00a0\u00bb:\u00a0\u00bbglobal\/GenericAds\u00a0\u00bb,\u00a0\u00bbprops\u00a0\u00bb:{\u00ab\u00a0collection\u00a0\u00bb:\u00a0\u00bbfeatures\u00a0\u00bb,\u00a0\u00bbtype\u00a0\u00bb:\u00a0\u00bbglobal\/GenericAds\u00a0\u00bb,\u00a0\u00bbid\u00a0\u00bb:\u00a0\u00bbf0fd5povOm5R3Pf\u00a0\u00bb,\u00a0\u00bbname\u00a0\u00bb:\u00a0\u00bbglobal GenericAds\u00a0\u00bb,\u00a0\u00bbcontentConfig\u00a0\u00bb:{\u00ab\u00a0contentService\u00a0\u00bb:\u00a0\u00bb\u00a0\u00bb,\u00a0\u00bbcontentConfigValues\u00a0\u00bb:{},\u00a0\u00bbinherit\u00a0\u00bb:true},\u00a0\u00bbcustomFields\u00a0\u00bb:{\u00ab\u00a0device\u00a0\u00bb:\u00a0\u00bball-devices\u00a0\u00bb,\u00a0\u00bbadType\u00a0\u00bb:\u00a0\u00bbpave-2&Prime;,\u00a0\u00bbisSticky\u00a0\u00bb:true},\u00a0\u00bbdisplayProperties\u00a0\u00bb:{},\u00a0\u00bblocalEdits\u00a0\u00bb:{},\u00a0\u00bbvariants\u00a0\u00bb:{}}},{\u00ab\u00a0collection\u00a0\u00bb:\u00a0\u00bbfeatures\u00a0\u00bb,\u00a0\u00bbtype\u00a0\u00bb:\u00a0\u00bbArticle\/NewspaperThumbnail\u00a0\u00bb,\u00a0\u00bbprops\u00a0\u00bb:{\u00ab\u00a0collection\u00a0\u00bb:\u00a0\u00bbfeatures\u00a0\u00bb,\u00a0\u00bbtype\u00a0\u00bb:\u00a0\u00bbArticle\/NewspaperThumbnail\u00a0\u00bb,\u00a0\u00bbid\u00a0\u00bb:\u00a0\u00bbf0fbwy6gcBQk1R1&Prime;,\u00a0\u00bbname\u00a0\u00bb:\u00a0\u00bbArticle NewspaperThumbnail\u00a0\u00bb,\u00a0\u00bbcontentConfig\u00a0\u00bb:{\u00ab\u00a0contentService\u00a0\u00bb:\u00a0\u00bb\u00a0\u00bb,\u00a0\u00bbcontentConfigValues\u00a0\u00bb:{},\u00a0\u00bbinherit\u00a0\u00bb:true},\u00a0\u00bbcustomFields\u00a0\u00bb:{},\u00a0\u00bbdisplayProperties\u00a0\u00bb:{},\u00a0\u00bblocalEdits\u00a0\u00bb:{},\u00a0\u00bbvariants\u00a0\u00bb:{}}},{\u00ab\u00a0collection\u00a0\u00bb:\u00a0\u00bbfeatures\u00a0\u00bb,\u00a0\u00bbtype\u00a0\u00bb:\u00a0\u00bbglobal\/CardBanner\u00a0\u00bb,\u00a0\u00bbprops\u00a0\u00bb:{\u00ab\u00a0collection\u00a0\u00bb:\u00a0\u00bbfeatures\u00a0\u00bb,\u00a0\u00bbtype\u00a0\u00bb:\u00a0\u00bbglobal\/CardBanner\u00a0\u00bb,\u00a0\u00bbid\u00a0\u00bb:\u00a0\u00bbf0fPAhspkSBgNj\u00a0\u00bb,\u00a0\u00bbname\u00a0\u00bb:\u00a0\u00bbglobal Banner for unsubscribed-1&Prime;,\u00a0\u00bbcontentConfig\u00a0\u00bb:{\u00ab\u00a0contentService\u00a0\u00bb:\u00a0\u00bb\u00a0\u00bb,\u00a0\u00bbcontentConfigValues\u00a0\u00bb:{},\u00a0\u00bbinherit\u00a0\u00bb:true},\u00a0\u00bbcustomFields\u00a0\u00bb:{\u00ab\u00a0size\u00a0\u00bb:\u00a0\u00bbsmall\u00a0\u00bb,\u00a0\u00bbposition\u00a0\u00bb:\u00a0\u00bbcolumn\u00a0\u00bb,\u00a0\u00bbwithMarginTop\u00a0\u00bb:false,\u00a0\u00bbtitle\u00a0\u00bb:\u00a0\u00bbAnnonces immobili\u00e8res pr\u00e8s de chez vous\u00a0\u00bb,\u00a0\u00bbtext\u00a0\u00bb:\u00a0\u00bbContenu sponsoris\u00e9\u00a0\u00bb,\u00a0\u00bbbtnLabel\u00a0\u00bb:\u00a0\u00bbVoir les annonces\u00a0\u00bb,\u00a0\u00bbbtnHref\u00a0\u00bb:\u00a0\u00bbhttps:\/\/annonces-immo.leparisien.fr\/?xtatc=PUB-[bienici]-[immo_sidebar]-[]-[]-[]-[]-[partenaires]-[]\u00a0\u00bb,\u00a0\u00bbimageUrl\u00a0\u00bb:\u00a0\u00bb\/bien-ici.svg\u00a0\u00bb,\u00a0\u00bbisVisibleOnlyOn\u00a0\u00bb:\u00a0\u00bb\/immobilier\u00a0\u00bb,\u00a0\u00bbpbInternal_cloneId\u00a0\u00bb:\u00a0\u00bbf0fPAhspkSBgNj\u00a0\u00bb,\u00a0\u00bbforSubscribersOnly\u00a0\u00bb:true},\u00a0\u00bbdisplayProperties\u00a0\u00bb:{},\u00a0\u00bblocalEdits\u00a0\u00bb:{},\u00a0\u00bbvariants\u00a0\u00bb:{}}}]},{\u00ab\u00a0collection\u00a0\u00bb:\u00a0\u00bbsections\u00a0\u00bb,\u00a0\u00bbprops\u00a0\u00bb:{\u00ab\u00a0collection\u00a0\u00bb:\u00a0\u00bbsections\u00a0\u00bb,\u00a0\u00bbid\u00a0\u00bb:6},\u00a0\u00bbchildren\u00a0\u00bb:[{\u00ab\u00a0collection\u00a0\u00bb:\u00a0\u00bbfeatures\u00a0\u00bb,\u00a0\u00bbtype\u00a0\u00bb:\u00a0\u00bbglobal\/Outbrain\u00a0\u00bb,\u00a0\u00bbprops\u00a0\u00bb:{\u00ab\u00a0collection\u00a0\u00bb:\u00a0\u00bbfeatures\u00a0\u00bb,\u00a0\u00bbtype\u00a0\u00bb:\u00a0\u00bbglobal\/Outbrain\u00a0\u00bb,\u00a0\u00bbid\u00a0\u00bb:\u00a0\u00bb0fxw1JrD8rX\u00a0\u00bb,\u00a0\u00bbcontentConfig\u00a0\u00bb:{\u00ab\u00a0contentService\u00a0\u00bb:\u00a0\u00bb\u00a0\u00bb,\u00a0\u00bbcontentConfigValues\u00a0\u00bb:{},\u00a0\u00bbinherit\u00a0\u00bb:false},\u00a0\u00bbcustomFields\u00a0\u00bb:{\u00ab\u00a0allowDailymotionPip\u00a0\u00bb:true},\u00a0\u00bbdisplayProperties\u00a0\u00bb:{},\u00a0\u00bblocalEdits\u00a0\u00bb:{},\u00a0\u00bbvariants\u00a0\u00bb:{}}},{\u00ab\u00a0collection\u00a0\u00bb:\u00a0\u00bbfeatures\u00a0\u00bb,\u00a0\u00bbtype\u00a0\u00bb:\u00a0\u00bbArticle\/Comments\u00a0\u00bb,\u00a0\u00bbprops\u00a0\u00bb:{\u00ab\u00a0collection\u00a0\u00bb:\u00a0\u00bbfeatures\u00a0\u00bb,\u00a0\u00bbtype\u00a0\u00bb:\u00a0\u00bbArticle\/Comments\u00a0\u00bb,\u00a0\u00bbid\u00a0\u00bb:\u00a0\u00bbf0ft91kZfUAC2Qb\u00a0\u00bb,\u00a0\u00bbname\u00a0\u00bb:\u00a0\u00bbArticle Comments\u00a0\u00bb,\u00a0\u00bbcontentConfig\u00a0\u00bb:{\u00ab\u00a0contentService\u00a0\u00bb:\u00a0\u00bb\u00a0\u00bb,\u00a0\u00bbcontentConfigValues\u00a0\u00bb:{},\u00a0\u00bbinherit\u00a0\u00bb:true},\u00a0\u00bbcustomFields\u00a0\u00bb:{\u00ab\u00a0successText\u00a0\u00bb:\u00a0\u00bbVotre commentaire a bien \u00e9t\u00e9 envoy\u00e9.\u00a0\u00bb,\u00a0\u00bbshowCommentsButtonText\u00a0\u00bb:\u00a0\u00bbVoir tous les commentaires\u00a0\u00bb},\u00a0\u00bbdisplayProperties\u00a0\u00bb:{},\u00a0\u00bblocalEdits\u00a0\u00bb:{},\u00a0\u00bbvariants\u00a0\u00bb:{}}},{\u00ab\u00a0collection\u00a0\u00bb:\u00a0\u00bbfeatures\u00a0\u00bb,\u00a0\u00bbtype\u00a0\u00bb:\u00a0\u00bbArticle\/LinksWithImage\u00a0\u00bb,\u00a0\u00bbprops\u00a0\u00bb:{\u00ab\u00a0collection\u00a0\u00bb:\u00a0\u00bbfeatures\u00a0\u00bb,\u00a0\u00bbtype\u00a0\u00bb:\u00a0\u00bbArticle\/LinksWithImage\u00a0\u00bb,\u00a0\u00bbid\u00a0\u00bb:\u00a0\u00bbf0fEBWPaYFZa611&Prime;,\u00a0\u00bbname\u00a0\u00bb:\u00a0\u00bbArticle LinksWithImage\u00a0\u00bb,\u00a0\u00bbcontentConfig\u00a0\u00bb:{\u00ab\u00a0contentService\u00a0\u00bb:\u00a0\u00bb\u00a0\u00bb,\u00a0\u00bbcontentConfigValues\u00a0\u00bb:{},\u00a0\u00bbinherit\u00a0\u00bb:true},\u00a0\u00bbcustomFields\u00a0\u00bb:{\u00ab\u00a0nbToFetch\u00a0\u00bb:20,\u00a0\u00bbarticleLimit\u00a0\u00bb:3,\u00a0\u00bbaboArticleLimit\u00a0\u00bb:2,\u00a0\u00bbrecirculationByTag\u00a0\u00bb:true},\u00a0\u00bbdisplayProperties\u00a0\u00bb:{},\u00a0\u00bblocalEdits\u00a0\u00bb:{},\u00a0\u00bbvariants\u00a0\u00bb:{}}},{\u00ab\u00a0collection\u00a0\u00bb:\u00a0\u00bbfeatures\u00a0\u00bb,\u00a0\u00bbtype\u00a0\u00bb:\u00a0\u00bbglobal\/MostRecentFeed\u00a0\u00bb,\u00a0\u00bbprops\u00a0\u00bb:{\u00ab\u00a0collection\u00a0\u00bb:\u00a0\u00bbfeatures\u00a0\u00bb,\u00a0\u00bbtype\u00a0\u00bb:\u00a0\u00bbglobal\/MostRecentFeed\u00a0\u00bb,\u00a0\u00bbid\u00a0\u00bb:\u00a0\u00bb0f20QDrD8re\u00a0\u00bb,\u00a0\u00bbname\u00a0\u00bb:\u00a0\u00bbarticlemostrecentfeed\u00a0\u00bb,\u00a0\u00bbcontentConfig\u00a0\u00bb:{\u00ab\u00a0contentService\u00a0\u00bb:\u00a0\u00bb\u00a0\u00bb,\u00a0\u00bbcontentConfigValues\u00a0\u00bb:{},\u00a0\u00bbinherit\u00a0\u00bb:false},\u00a0\u00bbcustomFields\u00a0\u00bb:{\u00ab\u00a0size\u00a0\u00bb:9,\u00a0\u00bbexcludeSections\u00a0\u00bb:[\u00ab\u00a0\/podcasts\u00a0\u00bb]},\u00a0\u00bbdisplayProperties\u00a0\u00bb:{},\u00a0\u00bblocalEdits\u00a0\u00bb:{},\u00a0\u00bbvariants\u00a0\u00bb:{}}},{\u00ab\u00a0collection\u00a0\u00bb:\u00a0\u00bbfeatures\u00a0\u00bb,\u00a0\u00bbtype\u00a0\u00bb:\u00a0\u00bbglobal\/NewMostRecentFeed\u00a0\u00bb,\u00a0\u00bbprops\u00a0\u00bb:{\u00ab\u00a0collection\u00a0\u00bb:\u00a0\u00bbfeatures\u00a0\u00bb,\u00a0\u00bbtype\u00a0\u00bb:\u00a0\u00bbglobal\/NewMostRecentFeed\u00a0\u00bb,\u00a0\u00bbid\u00a0\u00bb:\u00a0\u00bbf0fRUfz7OUBA2fR\u00a0\u00bb,\u00a0\u00bbname\u00a0\u00bb:\u00a0\u00bbNewMostRecentFeed\u00a0\u00bb,\u00a0\u00bbcontentConfig\u00a0\u00bb:{\u00ab\u00a0contentService\u00a0\u00bb:\u00a0\u00bb\u00a0\u00bb,\u00a0\u00bbcontentConfigValues\u00a0\u00bb:{},\u00a0\u00bbinherit\u00a0\u00bb:true},\u00a0\u00bbcustomFields\u00a0\u00bb:{\u00ab\u00a0size\u00a0\u00bb:6,\u00a0\u00bbexcludeSections\u00a0\u00bb:[\u00ab\u00a0\/podcasts\u00a0\u00bb]},\u00a0\u00bbdisplayProperties\u00a0\u00bb:{},\u00a0\u00bblocalEdits\u00a0\u00bb:{},\u00a0\u00bbvariants\u00a0\u00bb:{}}},{\u00ab\u00a0collection\u00a0\u00bb:\u00a0\u00bbchains\u00a0\u00bb,\u00a0\u00bbtype\u00a0\u00bb:\u00a0\u00bbSectionGenericChain\u00a0\u00bb,\u00a0\u00bbprops\u00a0\u00bb:{\u00ab\u00a0collection\u00a0\u00bb:\u00a0\u00bbchains\u00a0\u00bb,\u00a0\u00bbtype\u00a0\u00bb:\u00a0\u00bbSectionGenericChain\u00a0\u00bb,\u00a0\u00bbid\u00a0\u00bb:\u00a0\u00bbc0f2F2rxlUNR5yW\u00a0\u00bb,\u00a0\u00bbname\u00a0\u00bb:\u00a0\u00bbNotre s\u00e9lection\u00a0\u00bb,\u00a0\u00bbcustomFields\u00a0\u00bb:{\u00ab\u00a0showTitle\u00a0\u00bb:true,\u00a0\u00bbtitleVariant\u00a0\u00bb:\u00a0\u00bbdefault\u00a0\u00bb,\u00a0\u00bbtype\u00a0\u00bb:\u00a0\u00bbdefault\u00a0\u00bb,\u00a0\u00bbbackgroundColor\u00a0\u00bb:\u00a0\u00bb#fff\u00a0\u00bb,\u00a0\u00bbtemplate\u00a0\u00bb:\u00a0\u00bbarticles\u00a0\u00bb,\u00a0\u00bbtitle\u00a0\u00bb:\u00a0\u00bbNotre s\u00e9lection\u00a0\u00bb},\u00a0\u00bbdisplayProperties\u00a0\u00bb:{}},\u00a0\u00bbchildren\u00a0\u00bb:[{\u00ab\u00a0collection\u00a0\u00bb:\u00a0\u00bbfeatures\u00a0\u00bb,\u00a0\u00bbtype\u00a0\u00bb:\u00a0\u00bbglobal\/GenericFeed\u00a0\u00bb,\u00a0\u00bbprops\u00a0\u00bb:{\u00ab\u00a0collection\u00a0\u00bb:\u00a0\u00bbfeatures\u00a0\u00bb,\u00a0\u00bbtype\u00a0\u00bb:\u00a0\u00bbglobal\/GenericFeed\u00a0\u00bb,\u00a0\u00bbid\u00a0\u00bb:\u00a0\u00bbf0fB5H7R66Ff1db\u00a0\u00bb,\u00a0\u00bbname\u00a0\u00bb:\u00a0\u00bbActualit\u00e9s\u00a0\u00bb,\u00a0\u00bbcontentConfig\u00a0\u00bb:{\u00ab\u00a0contentService\u00a0\u00bb:\u00a0\u00bb\u00a0\u00bb,\u00a0\u00bbcontentConfigValues\u00a0\u00bb:{},\u00a0\u00bbinherit\u00a0\u00bb:true},\u00a0\u00bbcustomFields\u00a0\u00bb:{\u00ab\u00a0feedConfig\u00a0\u00bb:{\u00ab\u00a0contentService\u00a0\u00bb:\u00a0\u00bbcollection-full-story-feed\u00a0\u00bb,\u00a0\u00bbcontentConfigValues\u00a0\u00bb:{\u00ab\u00a0website\u00a0\u00bb:\u00a0\u00bbleparisien\u00a0\u00bb,\u00a0\u00bbsize\u00a0\u00bb:3,\u00a0\u00bboffset\u00a0\u00bb:0,\u00a0\u00bbid\u00a0\u00bb:\u00a0\u00bbABCYYZKCTJHHJIFMTFMG2X6Q4M\u00a0\u00bb}},\u00a0\u00bbdisplayType\u00a0\u00bb:\u00a0\u00bbcards\u00a0\u00bb,\u00a0\u00bbtitleLevel\u00a0\u00bb:\u00a0\u00bbp\u00a0\u00bb,\u00a0\u00bblazyload\u00a0\u00bb:true,\u00a0\u00bbfetchpriority\u00a0\u00bb:\u00a0\u00bblow\u00a0\u00bb,\u00a0\u00bbsizes\u00a0\u00bb:\u00a0\u00bb\u00a0\u00bb,\u00a0\u00bbcontentSize\u00a0\u00bb:3,\u00a0\u00bbcontentOffset\u00a0\u00bb:0,\u00a0\u00bbblockName\u00a0\u00bb:\u00a0\u00bbArticle_NotreSelection\u00a0\u00bb},\u00a0\u00bbdisplayProperties\u00a0\u00bb:{},\u00a0\u00bblocalEdits\u00a0\u00bb:{},\u00a0\u00bbvariants\u00a0\u00bb:{}}}]},{\u00ab\u00a0collection\u00a0\u00bb:\u00a0\u00bbfeatures\u00a0\u00bb,\u00a0\u00bbtype\u00a0\u00bb:\u00a0\u00bbArticle\/MostReadV2&Prime;,\u00a0\u00bbprops\u00a0\u00bb:{\u00ab\u00a0collection\u00a0\u00bb:\u00a0\u00bbfeatures\u00a0\u00bb,\u00a0\u00bbtype\u00a0\u00bb:\u00a0\u00bbArticle\/MostReadV2&Prime;,\u00a0\u00bbid\u00a0\u00bb:\u00a0\u00bbf0fzx5c23svs2XA\u00a0\u00bb,\u00a0\u00bbname\u00a0\u00bb:\u00a0\u00bbNos abonn\u00e9s ont lu ensuite\u00a0\u00bb,\u00a0\u00bbcontentConfig\u00a0\u00bb:{\u00ab\u00a0contentService\u00a0\u00bb:\u00a0\u00bb\u00a0\u00bb,\u00a0\u00bbcontentConfigValues\u00a0\u00bb:{},\u00a0\u00bbinherit\u00a0\u00bb:true},\u00a0\u00bbcustomFields\u00a0\u00bb:{\u00ab\u00a0lazyload\u00a0\u00bb:true,\u00a0\u00bbtitleLevel\u00a0\u00bb:\u00a0\u00bbp\u00a0\u00bb,\u00a0\u00bbfetchpriority\u00a0\u00bb:\u00a0\u00bblow\u00a0\u00bb,\u00a0\u00bbtitle\u00a0\u00bb:\u00a0\u00bbNos abonn\u00e9s ont lu ensuite\u00a0\u00bb,\u00a0\u00bbcontentSize\u00a0\u00bb:6,\u00a0\u00bbcontentOffset\u00a0\u00bb:0,\u00a0\u00bbidCollection\u00a0\u00bb:\u00a0\u00bbH6677CJES5DA5MJ74Y34GN63KM\u00a0\u00bb,\u00a0\u00bbblockName\u00a0\u00bb:\u00a0\u00bbArticle_LusAbonnes\u00a0\u00bb},\u00a0\u00bbdisplayProperties\u00a0\u00bb:{},\u00a0\u00bblocalEdits\u00a0\u00bb:{},\u00a0\u00bbvariants\u00a0\u00bb:{}}}]},{\u00ab\u00a0collection\u00a0\u00bb:\u00a0\u00bbsections\u00a0\u00bb,\u00a0\u00bbprops\u00a0\u00bb:{\u00ab\u00a0collection\u00a0\u00bb:\u00a0\u00bbsections\u00a0\u00bb,\u00a0\u00bbid\u00a0\u00bb:7},\u00a0\u00bbchildren\u00a0\u00bb:[{\u00ab\u00a0collection\u00a0\u00bb:\u00a0\u00bbchains\u00a0\u00bb,\u00a0\u00bbtype\u00a0\u00bb:\u00a0\u00bbServicesChain\u00a0\u00bb,\u00a0\u00bbprops\u00a0\u00bb:{\u00ab\u00a0collection\u00a0\u00bb:\u00a0\u00bbchains\u00a0\u00bb,\u00a0\u00bbtype\u00a0\u00bb:\u00a0\u00bbServicesChain\u00a0\u00bb,\u00a0\u00bbid\u00a0\u00bb:\u00a0\u00bb0f8j7Fg7LrS\u00a0\u00bb,\u00a0\u00bbcustomFields\u00a0\u00bb:{\u00ab\u00a0backgroundColor\u00a0\u00bb:\u00a0\u00bb#ECEFF1&Prime;},\u00a0\u00bbdisplayProperties\u00a0\u00bb:{\u00ab\u00a0columns\u00a0\u00bb:{}}},\u00a0\u00bbchildren\u00a0\u00bb:[{\u00ab\u00a0collection\u00a0\u00bb:\u00a0\u00bbfeatures\u00a0\u00bb,\u00a0\u00bbtype\u00a0\u00bb:\u00a0\u00bbglobal\/ThirdPartyGuide\u00a0\u00bb,\u00a0\u00bbprops\u00a0\u00bb:{\u00ab\u00a0collection\u00a0\u00bb:\u00a0\u00bbfeatures\u00a0\u00bb,\u00a0\u00bbtype\u00a0\u00bb:\u00a0\u00bbglobal\/ThirdPartyGuide\u00a0\u00bb,\u00a0\u00bbid\u00a0\u00bb:\u00a0\u00bb0fCBIXOUKrf-7-0-0&Prime;,\u00a0\u00bbcontentConfig\u00a0\u00bb:{\u00ab\u00a0contentService\u00a0\u00bb:\u00a0\u00bb\u00a0\u00bb,\u00a0\u00bbcontentConfigValues\u00a0\u00bb:{},\u00a0\u00bbinherit\u00a0\u00bb:false},\u00a0\u00bbcustomFields\u00a0\u00bb:{\u00ab\u00a0title\u00a0\u00bb:\u00a0\u00bbGuide Shopping Le Parisien\u00a0\u00bb,\u00a0\u00bblistBackgroundColor\u00a0\u00bb:\u00a0\u00bb#ffffff\u00a0\u00bb,\u00a0\u00bbbottomLinkText\u00a0\u00bb:\u00a0\u00bbS\u00e9lection shopping\u00a0\u00bb,\u00a0\u00bbbottomLinkHref\u00a0\u00bb:\u00a0\u00bbhttps:\/\/www.leparisien.fr\/guide-shopping\/\u00a0\u00bb,\u00a0\u00bbnumItemsToShow\u00a0\u00bb:5,\u00a0\u00bbsource\u00a0\u00bb:\u00a0\u00bbComposer lp-guide-shopping\u00a0\u00bb},\u00a0\u00bbdisplayProperties\u00a0\u00bb:{},\u00a0\u00bblocalEdits\u00a0\u00bb:{},\u00a0\u00bbvariants\u00a0\u00bb:{}}},{\u00ab\u00a0collection\u00a0\u00bb:\u00a0\u00bbfeatures\u00a0\u00bb,\u00a0\u00bbtype\u00a0\u00bb:\u00a0\u00bbglobal\/SwitchableThirdParty\u00a0\u00bb,\u00a0\u00bbprops\u00a0\u00bb:{\u00ab\u00a0collection\u00a0\u00bb:\u00a0\u00bbfeatures\u00a0\u00bb,\u00a0\u00bbtype\u00a0\u00bb:\u00a0\u00bbglobal\/SwitchableThirdParty\u00a0\u00bb,\u00a0\u00bbid\u00a0\u00bb:\u00a0\u00bb0fq3t7f7Lr9-7-0-1&Prime;,\u00a0\u00bbcontentConfig\u00a0\u00bb:{\u00ab\u00a0contentService\u00a0\u00bb:\u00a0\u00bb\u00a0\u00bb,\u00a0\u00bbcontentConfigValues\u00a0\u00bb:{},\u00a0\u00bbinherit\u00a0\u00bb:false},\u00a0\u00bbcustomFields\u00a0\u00bb:{\u00ab\u00a0secondAlternativeBottomLinkText\u00a0\u00bb:\u00a0\u00bbVoir toutes les annonces\u00a0\u00bb,\u00a0\u00bbfirstAlternativeSections\u00a0\u00bb:\u00a0\u00bb\/economie\/annonces-legales,\/info-paris-ile-de-france-oise,\/paris-75,\/essonne-91,\/hauts-de-seine-92,\/seine-saint-denis-93,\/val-d-oise-95,\/val-de-marne-94,\/seine-et-marne-77,\/yvelines-78,\/oise-60,\/calvados-14,\/seine-maritime-76,\/eure-27,\/loiret-45,\/charente-maritime-17,\/eure-et-loir-28,\/finistere-29,\/haute-garonne-31,\/marne-51,\/martinique-972,\/pyrenees-orientales-66,\/puy-de-dome-63,\/aube-10&Prime;,\u00a0\u00bbsecondAlternativeSections\u00a0\u00bb:\u00a0\u00bb\/automobile,\/sports\u00a0\u00bb,\u00a0\u00bbsecondAlternativeBackgroundColor\u00a0\u00bb:\u00a0\u00bb#ffffff\u00a0\u00bb,\u00a0\u00bbdefaultNumItemsToShow\u00a0\u00bb:5,\u00a0\u00bbdefaultBottomLinkHref\u00a0\u00bb:\u00a0\u00bbhttps:\/\/www.leparisien.fr\/jeux\/\u00a0\u00bb,\u00a0\u00bbfirstAlternativeBackgroundColor\u00a0\u00bb:\u00a0\u00bb#ffffff\u00a0\u00bb,\u00a0\u00bbsecondAlternativeNumItemsToShow\u00a0\u00bb:5,\u00a0\u00bbfirstAlternativeBottomLinkText\u00a0\u00bb:\u00a0\u00bbD\u00e9poser une annonce\u00a0\u00bb,\u00a0\u00bbdefaultBottomLinkText\u00a0\u00bb:\u00a0\u00bbVoir\u00a0\u00bb,\u00a0\u00bbdefaultBottomText\u00a0\u00bb:\u00a0\u00bbUne s\u00e9lection compl\u00e8te de jeux\u00a0\u00bb,\u00a0\u00bbfirstAlternativeBottomLinkHref\u00a0\u00bb:\u00a0\u00bbhttps:\/\/www.annonces-legales.fr\/lp\/leparisien\/choisir-votre-journal\u00a0\u00bb,\u00a0\u00bbfirstAlternativeNumItemsToShow\u00a0\u00bb:5,\u00a0\u00bbsecondAlternativeBottomLinkHref\u00a0\u00bb:\u00a0\u00bbhttps:\/\/www.paruvendu.fr\/voiture-occasion\/?partenaire=leparisien\u00a0\u00bb,\u00a0\u00bbsecondAlternativeTitle\u00a0\u00bb:\u00a0\u00bbAnnonces auto\u00a0\u00bb,\u00a0\u00bbdefaultBackgroundColor\u00a0\u00bb:\u00a0\u00bb#ffffff\u00a0\u00bb,\u00a0\u00bbsecondAlternativeBlock\u00a0\u00bb:\u00a0\u00bbThirdPartyAuto\u00a0\u00bb,\u00a0\u00bblegalAdsFilterByDepartment\u00a0\u00bb:true,\u00a0\u00bbdefaultTitle\u00a0\u00bb:\u00a0\u00bbJeux gratuits\u00a0\u00bb,\u00a0\u00bbfirstAlternativeBlock\u00a0\u00bb:\u00a0\u00bbThirdPartyLegalAds\u00a0\u00bb,\u00a0\u00bbfirstAlternativeTitle\u00a0\u00bb:\u00a0\u00bbAnnonces l\u00e9gales\u00a0\u00bb,\u00a0\u00bbsecondAlternativeBottomText\u00a0\u00bb:\u00a0\u00bbVoir toutes les annonces\u00a0\u00bb,\u00a0\u00bbdefaultBlock\u00a0\u00bb:\u00a0\u00bbThirdPartyGames\u00a0\u00bb,\u00a0\u00bbfirstAlternativeBottomText\u00a0\u00bb:\u00a0\u00bbD\u00e9poser une annonce\u00a0\u00bb,\u00a0\u00bbgames\u00a0\u00bb:\u00a0\u00bb[{\\\u00a0\u00bbtitle\\\u00a0\u00bb:\\\u00a0\u00bbMots fl\u00e9ch\u00e9s\\\u00a0\u00bb,\\\u00a0\u00bbimage\\\u00a0\u00bb:\\\u00a0\u00bbBZKNCAICXRFGNOCFRH4DOEFELE\\\u00a0\u00bb,\\\u00a0\u00bblink_url\\\u00a0\u00bb:\\\u00a0\u00bbhttps:\/\/www.leparisien.fr\/jeux\/mots-fleches\/\\\u00a0\u00bb},{\\\u00a0\u00bbtitle\\\u00a0\u00bb:\\\u00a0\u00bbMots coup\u00e9s\\\u00a0\u00bb,\\\u00a0\u00bbimage\\\u00a0\u00bb:\\\u00a0\u00bbAVGPR2WDX5GGNHLS7BKSHCF5MI\\\u00a0\u00bb,\\\u00a0\u00bblink_url\\\u00a0\u00bb:\\\u00a0\u00bbhttps:\/\/www.leparisien.fr\/jeux\/mots-coupes\/\\\u00a0\u00bb},{\\\u00a0\u00bbtitle\\\u00a0\u00bb:\\\u00a0\u00bbMots crois\u00e9s\\\u00a0\u00bb,\\\u00a0\u00bbimage\\\u00a0\u00bb:\\\u00a0\u00bbRXIMFLPYZZA67OM6E427V5HB6E\\\u00a0\u00bb,\\\u00a0\u00bblink_url\\\u00a0\u00bb:\\\u00a0\u00bbhttps:\/\/www.leparisien.fr\/jeux\/mots-croises\/\\\u00a0\u00bb},{\\\u00a0\u00bbtitle\\\u00a0\u00bb:\\\u00a0\u00bbMots m\u00eal\u00e9s\\\u00a0\u00bb,\\\u00a0\u00bbimage\\\u00a0\u00bb:\\\u00a0\u00bbEMTERX2ITJGVNJ7TR6Y7DOSMYE\\\u00a0\u00bb,\\\u00a0\u00bblink_url\\\u00a0\u00bb:\\\u00a0\u00bbhttps:\/\/www.leparisien.fr\/jeux\/mots-melanges\/\\\u00a0\u00bb},{\\\u00a0\u00bbtitle\\\u00a0\u00bb:\\\u00a0\u00bbKakuro\\\u00a0\u00bb,\\\u00a0\u00bbimage\\\u00a0\u00bb:\\\u00a0\u00bbAH4OYIWTKVFG3NMLXODVQ52BOM\\\u00a0\u00bb,\\\u00a0\u00bblink_url\\\u00a0\u00bb:\\\u00a0\u00bbhttps:\/\/www.leparisien.fr\/jeux\/kakuro\/\\\u00a0\u00bb},{\\\u00a0\u00bbtitle\\\u00a0\u00bb:\\\u00a0\u00bbSudoku\\\u00a0\u00bb,\\\u00a0\u00bbimage\\\u00a0\u00bb:\\\u00a0\u00bbNL33EXRAL5D63ATCW5UOHASETE\\\u00a0\u00bb,\\\u00a0\u00bblink_url\\\u00a0\u00bb:\\\u00a0\u00bbhttps:\/\/www.leparisien.fr\/jeux\/sudoku\/\\\u00a0\u00bb}]\u00a0\u00bb},\u00a0\u00bbdisplayProperties\u00a0\u00bb:{},\u00a0\u00bblocalEdits\u00a0\u00bb:{\u00ab\u00a0items\u00a0\u00bb:{}},\u00a0\u00bbvariants\u00a0\u00bb:{}}},{\u00ab\u00a0collection\u00a0\u00bb:\u00a0\u00bbfeatures\u00a0\u00bb,\u00a0\u00bbtype\u00a0\u00bb:\u00a0\u00bbglobal\/PartnerMenu\u00a0\u00bb,\u00a0\u00bbprops\u00a0\u00bb:{\u00ab\u00a0collection\u00a0\u00bb:\u00a0\u00bbfeatures\u00a0\u00bb,\u00a0\u00bbtype\u00a0\u00bb:\u00a0\u00bbglobal\/PartnerMenu\u00a0\u00bb,\u00a0\u00bbid\u00a0\u00bb:\u00a0\u00bb0fnBIXOUKrB-7-0-2&Prime;,\u00a0\u00bbcontentConfig\u00a0\u00bb:{\u00ab\u00a0contentService\u00a0\u00bb:\u00a0\u00bb\u00a0\u00bb,\u00a0\u00bbcontentConfigValues\u00a0\u00bb:{},\u00a0\u00bbinherit\u00a0\u00bb:false},\u00a0\u00bbcustomFields\u00a0\u00bb:{\u00ab\u00a0bottomText\u00a0\u00bb:\u00a0\u00bb\u00a0\u00bb,\u00a0\u00bbbottomLinkHref\u00a0\u00bb:\u00a0\u00bbhttps:\/\/leparisien.fr\/jardin\/services\/\u00a0\u00bb,\u00a0\u00bblistBackgroundColor\u00a0\u00bb:\u00a0\u00bb#ffffff\u00a0\u00bb,\u00a0\u00bbbottomLinkText\u00a0\u00bb:\u00a0\u00bbVoir\u00a0\u00bb,\u00a0\u00bbsectionHierarchy\u00a0\u00bb:\u00a0\u00bbentretien-exterieurs\u00a0\u00bb,\u00a0\u00bbtitle\u00a0\u00bb:\u00a0\u00bbEntretien d\u2019ext\u00e9rieurs\u00a0\u00bb},\u00a0\u00bbdisplayProperties\u00a0\u00bb:{},\u00a0\u00bblocalEdits\u00a0\u00bb:{\u00ab\u00a0items\u00a0\u00bb:{}},\u00a0\u00bbvariants\u00a0\u00bb:{}}},{\u00ab\u00a0collection\u00a0\u00bb:\u00a0\u00bbfeatures\u00a0\u00bb,\u00a0\u00bbtype\u00a0\u00bb:\u00a0\u00bbglobal\/SwitchableThirdParty\u00a0\u00bb,\u00a0\u00bbprops\u00a0\u00bb:{\u00ab\u00a0collection\u00a0\u00bb:\u00a0\u00bbfeatures\u00a0\u00bb,\u00a0\u00bbtype\u00a0\u00bb:\u00a0\u00bbglobal\/SwitchableThirdParty\u00a0\u00bb,\u00a0\u00bbid\u00a0\u00bb:\u00a0\u00bb0fTBIXOUKr0-7-0-3&Prime;,\u00a0\u00bbname\u00a0\u00bb:\u00a0\u00bbglobal SwitchableThirdParty\u00a0\u00bb,\u00a0\u00bbcontentConfig\u00a0\u00bb:{\u00ab\u00a0contentService\u00a0\u00bb:\u00a0\u00bb\u00a0\u00bb,\u00a0\u00bbcontentConfigValues\u00a0\u00bb:{},\u00a0\u00bbinherit\u00a0\u00bb:false},\u00a0\u00bbcustomFields\u00a0\u00bb:{\u00ab\u00a0secondAlternativeBottomLinkText\u00a0\u00bb:\u00a0\u00bbPlease set text\u00a0\u00bb,\u00a0\u00bbfirstAlternativeSections\u00a0\u00bb:\u00a0\u00bb\/info-paris-ile-de-france-oise,\/paris-75,\/essonne-91,\/hauts-de-seine-92,\/seine-saint-denis-93,\/val-d-oise-95,\/val-de-marne-94,\/seine-et-marne-77,\/yvelines-78,\/oise-60,\/calvados-14,\/seine-maritime-76,\/eure-27,\/loiret-45&Prime;,\u00a0\u00bbsecondAlternativeBackgroundColor\u00a0\u00bb:\u00a0\u00bb#ffffff\u00a0\u00bb,\u00a0\u00bbdefaultNumItemsToShow\u00a0\u00bb:5,\u00a0\u00bbdefaultBottomLinkHref\u00a0\u00bb:\u00a0\u00bbhttps:\/\/www.leparisien.fr\/nos-services\/\u00a0\u00bb,\u00a0\u00bbfirstAlternativeBackgroundColor\u00a0\u00bb:\u00a0\u00bb#ffffff\u00a0\u00bb,\u00a0\u00bbsecondAlternativeNumItemsToShow\u00a0\u00bb:5,\u00a0\u00bbfirstAlternativeBottomLinkText\u00a0\u00bb:\u00a0\u00bbVoir toutes les annonces\u00a0\u00bb,\u00a0\u00bbdefaultBottomLinkText\u00a0\u00bb:\u00a0\u00bbVoir\u00a0\u00bb,\u00a0\u00bbdefaultBottomText\u00a0\u00bb:\u00a0\u00bbTous les services\u00a0\u00bb,\u00a0\u00bbfirstAlternativeBottomLinkHref\u00a0\u00bb:\u00a0\u00bb https:\/\/www.paruvendu.fr\/voiture-occasion\/?partenaire=leparisien\u00a0\u00bb,\u00a0\u00bbfirstAlternativeNumItemsToShow\u00a0\u00bb:5,\u00a0\u00bbsecondAlternativeBottomLinkHref\u00a0\u00bb:\u00a0\u00bb#\u00a0\u00bb,\u00a0\u00bbsecondAlternativeTitle\u00a0\u00bb:\u00a0\u00bbPlease set text\u00a0\u00bb,\u00a0\u00bbdefaultBackgroundColor\u00a0\u00bb:\u00a0\u00bb#ffffff\u00a0\u00bb,\u00a0\u00bblegalAdsFilterByDepartment\u00a0\u00bb:true,\u00a0\u00bbdefaultTitle\u00a0\u00bb:\u00a0\u00bbServices\u00a0\u00bb,\u00a0\u00bbfirstAlternativeBlock\u00a0\u00bb:\u00a0\u00bbThirdPartyAuto\u00a0\u00bb,\u00a0\u00bbfirstAlternativeTitle\u00a0\u00bb:\u00a0\u00bbAnnonces auto\u00a0\u00bb,\u00a0\u00bbsecondAlternativeBottomText\u00a0\u00bb:\u00a0\u00bbPlease set text\u00a0\u00bb,\u00a0\u00bbdefaultBlock\u00a0\u00bb:\u00a0\u00bbThirdPartyServices\u00a0\u00bb,\u00a0\u00bbfirstAlternativeBottomText\u00a0\u00bb:\u00a0\u00bbVoir toutes les annonces\u00a0\u00bb,\u00a0\u00bbservicesSectionHierarchy\u00a0\u00bb:\u00a0\u00bbservices-guide\u00a0\u00bb},\u00a0\u00bbdisplayProperties\u00a0\u00bb:{},\u00a0\u00bblocalEdits\u00a0\u00bb:{\u00ab\u00a0items\u00a0\u00bb:{}},\u00a0\u00bbvariants\u00a0\u00bb:{}}}]},{\u00ab\u00a0collection\u00a0\u00bb:\u00a0\u00bbchains\u00a0\u00bb,\u00a0\u00bbtype\u00a0\u00bb:\u00a0\u00bbFooterSubscribeChain\u00a0\u00bb,\u00a0\u00bbprops\u00a0\u00bb:{\u00ab\u00a0collection\u00a0\u00bb:\u00a0\u00bbchains\u00a0\u00bb,\u00a0\u00bbtype\u00a0\u00bb:\u00a0\u00bbFooterSubscribeChain\u00a0\u00bb,\u00a0\u00bbid\u00a0\u00bb:\u00a0\u00bb0fcvEBwhbrC\u00a0\u00bb,\u00a0\u00bbcustomFields\u00a0\u00bb:{\u00ab\u00a0desktopImageSrc\u00a0\u00bb:\u00a0\u00bb\/pb\/resources\/images\/footer_img_abo_desktop.png\u00a0\u00bb,\u00a0\u00bbtitleText\u00a0\u00bb:\u00a0\u00bbProfitez des avantages de l\u2019offre num\u00e9rique\u00a0\u00bb,\u00a0\u00bbbuttonLinkUrl\u00a0\u00bb:\u00a0\u00bbhttps:\/\/abonnement.leparisien.fr\/?origin=FOOWA717&Prime;,\u00a0\u00bbmobileImageSrc\u00a0\u00bb:\u00a0\u00bb\/pb\/resources\/images\/footer_img_abo_tablet.png\u00a0\u00bb,\u00a0\u00bbbuttonActionSelect\u00a0\u00bb:\u00a0\u00bbOpen URL in same window\u00a0\u00bb,\u00a0\u00bbbuttonLinkText\u00a0\u00bb:\u00a0\u00bbJe m&rsquo;abonne\u00a0\u00bb},\u00a0\u00bbdisplayProperties\u00a0\u00bb:{\u00ab\u00a0columns\u00a0\u00bb:{}}},\u00a0\u00bbchildren\u00a0\u00bb:[{\u00ab\u00a0collection\u00a0\u00bb:\u00a0\u00bbfeatures\u00a0\u00bb,\u00a0\u00bbtype\u00a0\u00bb:\u00a0\u00bbglobal\/BulletPointItem\u00a0\u00bb,\u00a0\u00bbprops\u00a0\u00bb:{\u00ab\u00a0collection\u00a0\u00bb:\u00a0\u00bbfeatures\u00a0\u00bb,\u00a0\u00bbtype\u00a0\u00bb:\u00a0\u00bbglobal\/BulletPointItem\u00a0\u00bb,\u00a0\u00bbid\u00a0\u00bb:\u00a0\u00bb0ffp5Svhbr2-7-1-0&Prime;,\u00a0\u00bbcontentConfig\u00a0\u00bb:{\u00ab\u00a0contentService\u00a0\u00bb:\u00a0\u00bb\u00a0\u00bb,\u00a0\u00bbcontentConfigValues\u00a0\u00bb:{},\u00a0\u00bbinherit\u00a0\u00bb:false},\u00a0\u00bbcustomFields\u00a0\u00bb:{\u00ab\u00a0text\u00a0\u00bb:\u00a0\u00bbL\u2019int\u00e9gralit\u00e9 des articles et vid\u00e9os\u00a0\u00bb},\u00a0\u00bbdisplayProperties\u00a0\u00bb:{},\u00a0\u00bblocalEdits\u00a0\u00bb:{},\u00a0\u00bbvariants\u00a0\u00bb:{}}},{\u00ab\u00a0collection\u00a0\u00bb:\u00a0\u00bbfeatures\u00a0\u00bb,\u00a0\u00bbtype\u00a0\u00bb:\u00a0\u00bbglobal\/BulletPointItem\u00a0\u00bb,\u00a0\u00bbprops\u00a0\u00bb:{\u00ab\u00a0collection\u00a0\u00bb:\u00a0\u00bbfeatures\u00a0\u00bb,\u00a0\u00bbtype\u00a0\u00bb:\u00a0\u00bbglobal\/BulletPointItem\u00a0\u00bb,\u00a0\u00bbid\u00a0\u00bb:\u00a0\u00bb0fPfjUvhbrT-7-1-1&Prime;,\u00a0\u00bbcontentConfig\u00a0\u00bb:{\u00ab\u00a0contentService\u00a0\u00bb:\u00a0\u00bb\u00a0\u00bb,\u00a0\u00bbcontentConfigValues\u00a0\u00bb:{},\u00a0\u00bbinherit\u00a0\u00bb:false},\u00a0\u00bbcustomFields\u00a0\u00bb:{\u00ab\u00a0text\u00a0\u00bb:\u00a0\u00bbL\u2019info locale qui vous concerne\u00a0\u00bb},\u00a0\u00bbdisplayProperties\u00a0\u00bb:{},\u00a0\u00bblocalEdits\u00a0\u00bb:{},\u00a0\u00bbvariants\u00a0\u00bb:{}}},{\u00ab\u00a0collection\u00a0\u00bb:\u00a0\u00bbfeatures\u00a0\u00bb,\u00a0\u00bbtype\u00a0\u00bb:\u00a0\u00bbglobal\/BulletPointItem\u00a0\u00bb,\u00a0\u00bbprops\u00a0\u00bb:{\u00ab\u00a0collection\u00a0\u00bb:\u00a0\u00bbfeatures\u00a0\u00bb,\u00a0\u00bbtype\u00a0\u00bb:\u00a0\u00bbglobal\/BulletPointItem\u00a0\u00bb,\u00a0\u00bbid\u00a0\u00bb:\u00a0\u00bb0f4hYYvhbrM-7-1-2&Prime;,\u00a0\u00bbcontentConfig\u00a0\u00bb:{\u00ab\u00a0contentService\u00a0\u00bb:\u00a0\u00bb\u00a0\u00bb,\u00a0\u00bbcontentConfigValues\u00a0\u00bb:{},\u00a0\u00bbinherit\u00a0\u00bb:false},\u00a0\u00bbcustomFields\u00a0\u00bb:{\u00ab\u00a0text\u00a0\u00bb:\u00a0\u00bbLe journal num\u00e9rique d\u00e8s 22h30 la veille de sa parution\u00a0\u00bb},\u00a0\u00bbdisplayProperties\u00a0\u00bb:{},\u00a0\u00bblocalEdits\u00a0\u00bb:{},\u00a0\u00bbvariants\u00a0\u00bb:{}}},{\u00ab\u00a0collection\u00a0\u00bb:\u00a0\u00bbfeatures\u00a0\u00bb,\u00a0\u00bbtype\u00a0\u00bb:\u00a0\u00bbglobal\/BulletPointItem\u00a0\u00bb,\u00a0\u00bbprops\u00a0\u00bb:{\u00ab\u00a0collection\u00a0\u00bb:\u00a0\u00bbfeatures\u00a0\u00bb,\u00a0\u00bbtype\u00a0\u00bb:\u00a0\u00bbglobal\/BulletPointItem\u00a0\u00bb,\u00a0\u00bbid\u00a0\u00bb:\u00a0\u00bb0f7py0whbrH-7-1-3&Prime;,\u00a0\u00bbcontentConfig\u00a0\u00bb:{\u00ab\u00a0contentService\u00a0\u00bb:\u00a0\u00bb\u00a0\u00bb,\u00a0\u00bbcontentConfigValues\u00a0\u00bb:{},\u00a0\u00bbinherit\u00a0\u00bb:false},\u00a0\u00bbcustomFields\u00a0\u00bb:{\u00ab\u00a0text\u00a0\u00bb:\u00a0\u00bbUne navigation sans publicit\u00e9\u00a0\u00bb},\u00a0\u00bbdisplayProperties\u00a0\u00bb:{},\u00a0\u00bblocalEdits\u00a0\u00bb:{},\u00a0\u00bbvariants\u00a0\u00bb:{}}},{\u00ab\u00a0collection\u00a0\u00bb:\u00a0\u00bbfeatures\u00a0\u00bb,\u00a0\u00bbtype\u00a0\u00bb:\u00a0\u00bbglobal\/BulletPointItem\u00a0\u00bb,\u00a0\u00bbprops\u00a0\u00bb:{\u00ab\u00a0collection\u00a0\u00bb:\u00a0\u00bbfeatures\u00a0\u00bb,\u00a0\u00bbtype\u00a0\u00bb:\u00a0\u00bbglobal\/BulletPointItem\u00a0\u00bb,\u00a0\u00bbid\u00a0\u00bb:\u00a0\u00bb0fs6R4whbrR-7-1-4&Prime;,\u00a0\u00bbcontentConfig\u00a0\u00bb:{\u00ab\u00a0contentService\u00a0\u00bb:\u00a0\u00bb\u00a0\u00bb,\u00a0\u00bbcontentConfigValues\u00a0\u00bb:{},\u00a0\u00bbinherit\u00a0\u00bb:false},\u00a0\u00bbcustomFields\u00a0\u00bb:{\u00ab\u00a0text\u00a0\u00bb:\u00a0\u00bbDes offres privil\u00e8ges avec le Club Le Parisien\u00a0\u00bb},\u00a0\u00bbdisplayProperties\u00a0\u00bb:{},\u00a0\u00bblocalEdits\u00a0\u00bb:{},\u00a0\u00bbvariants\u00a0\u00bb:{}}}]},{\u00ab\u00a0collection\u00a0\u00bb:\u00a0\u00bbfeatures\u00a0\u00bb,\u00a0\u00bbtype\u00a0\u00bb:\u00a0\u00bbglobal\/DynamicSurfooter\u00a0\u00bb,\u00a0\u00bbprops\u00a0\u00bb:{\u00ab\u00a0collection\u00a0\u00bb:\u00a0\u00bbfeatures\u00a0\u00bb,\u00a0\u00bbtype\u00a0\u00bb:\u00a0\u00bbglobal\/DynamicSurfooter\u00a0\u00bb,\u00a0\u00bbid\u00a0\u00bb:\u00a0\u00bbf0fpLDVh19B824B\u00a0\u00bb,\u00a0\u00bbname\u00a0\u00bb:\u00a0\u00bbglobal DynamicSurfooter\u00a0\u00bb,\u00a0\u00bbcontentConfig\u00a0\u00bb:{\u00ab\u00a0contentService\u00a0\u00bb:\u00a0\u00bb\u00a0\u00bb,\u00a0\u00bbcontentConfigValues\u00a0\u00bb:{},\u00a0\u00bbinherit\u00a0\u00bb:true},\u00a0\u00bbcustomFields\u00a0\u00bb:{\u00ab\u00a0pageType\u00a0\u00bb:\u00a0\u00bbarticle\u00a0\u00bb},\u00a0\u00bbdisplayProperties\u00a0\u00bb:{},\u00a0\u00bblocalEdits\u00a0\u00bb:{},\u00a0\u00bbvariants\u00a0\u00bb:{}}},{\u00ab\u00a0collection\u00a0\u00bb:\u00a0\u00bbfeatures\u00a0\u00bb,\u00a0\u00bbtype\u00a0\u00bb:\u00a0\u00bbglobal\/FooterSections\u00a0\u00bb,\u00a0\u00bbprops\u00a0\u00bb:{\u00ab\u00a0collection\u00a0\u00bb:\u00a0\u00bbfeatures\u00a0\u00bb,\u00a0\u00bbtype\u00a0\u00bb:\u00a0\u00bbglobal\/FooterSections\u00a0\u00bb,\u00a0\u00bbid\u00a0\u00bb:\u00a0\u00bb0f0D7trD8rG\u00a0\u00bb,\u00a0\u00bbcontentConfig\u00a0\u00bb:{\u00ab\u00a0contentService\u00a0\u00bb:\u00a0\u00bb\u00a0\u00bb,\u00a0\u00bbcontentConfigValues\u00a0\u00bb:{},\u00a0\u00bbinherit\u00a0\u00bb:false},\u00a0\u00bbcustomFields\u00a0\u00bb:{\u00ab\u00a0footerLinks\u00a0\u00bb:\u00a0\u00bb[{\\\u00a0\u00bburl\\\u00a0\u00bb:\\\u00a0\u00bbhttps:\/\/www.leparisien.fr\/etudiant\/sortir\/paris\/reveillon\/\\\u00a0\u00bb,\\\u00a0\u00bbtitle\\\u00a0\u00bb:\\\u00a0\u00bbR\u00e9veillon 2026\\\u00a0\u00bb},{\\\u00a0\u00bburl\\\u00a0\u00bb:\\\u00a0\u00bbhttps:\/\/www.leparisien.fr\/codes-promo\/marques\/\\\u00a0\u00bb,\\\u00a0\u00bbtitle\\\u00a0\u00bb:\\\u00a0\u00bbCodes de r\u00e9duction\\\u00a0\u00bb},{\\\u00a0\u00bburl\\\u00a0\u00bb:\\\u00a0\u00bb\/resultats-elections\/\\\u00a0\u00bb,\\\u00a0\u00bbtitle\\\u00a0\u00bb:\\\u00a0\u00bbR\u00e9sultats \u00e9lections \\\u00a0\u00bb}]\u00a0\u00bb,\u00a0\u00bbarchivesLastYear\u00a0\u00bb:\u00a0\u00bb2016&Prime;},\u00a0\u00bbdisplayProperties\u00a0\u00bb:{},\u00a0\u00bblocalEdits\u00a0\u00bb:{\u00ab\u00a0items\u00a0\u00bb:{}},\u00a0\u00bbvariants\u00a0\u00bb:{}}},{\u00ab\u00a0collection\u00a0\u00bb:\u00a0\u00bbfeatures\u00a0\u00bb,\u00a0\u00bbtype\u00a0\u00bb:\u00a0\u00bbglobal\/FooterLast\u00a0\u00bb,\u00a0\u00bbprops\u00a0\u00bb:{\u00ab\u00a0collection\u00a0\u00bb:\u00a0\u00bbfeatures\u00a0\u00bb,\u00a0\u00bbtype\u00a0\u00bb:\u00a0\u00bbglobal\/FooterLast\u00a0\u00bb,\u00a0\u00bbid\u00a0\u00bb:\u00a0\u00bb0fvwmwrD8rY\u00a0\u00bb,\u00a0\u00bbcontentConfig\u00a0\u00bb:{\u00ab\u00a0contentService\u00a0\u00bb:\u00a0\u00bb\u00a0\u00bb,\u00a0\u00bbcontentConfigValues\u00a0\u00bb:{},\u00a0\u00bbinherit\u00a0\u00bb:false},\u00a0\u00bbcustomFields\u00a0\u00bb:{},\u00a0\u00bbdisplayProperties\u00a0\u00bb:{},\u00a0\u00bblocalEdits\u00a0\u00bb:{\u00ab\u00a0items\u00a0\u00bb:{}},\u00a0\u00bbvariants\u00a0\u00bb:{}}}]}]};Fusion.spa=false;Fusion.spaEnabled=false;<script async src=\"https:\/\/platform.twitter.com\/widgets.js\" charset=\"utf-8\"><\/script><\/p>\n","protected":false},"excerpt":{"rendered":"Attention aux risques de glissade sur la route samedi soir. M\u00e9t\u00e9o France pr\u00e9voit une d\u00e9pression neigeuse sur le&hellip;\n","protected":false},"author":2,"featured_media":551577,"comment_status":"","ping_status":"","sticky":false,"template":"","format":"standard","meta":{"footnotes":""},"categories":[1888],"tags":[1111,1928,11,1927,1129,436,1777,674,1011,27,12,1926,626,1925,25,104],"class_list":{"0":"post-551576","1":"post","2":"type-post","3":"status-publish","4":"format-standard","5":"has-post-thumbnail","7":"category-paris","8":"tag-actu","9":"tag-actu-paris","10":"tag-actualites","11":"tag-actualites-paris","12":"tag-climat","13":"tag-environnement","14":"tag-eu","15":"tag-europe","16":"tag-fr","17":"tag-france","18":"tag-news","19":"tag-news-paris","20":"tag-paris","21":"tag-paris-news","22":"tag-republique-francaise","23":"tag-societe"},"share_on_mastodon":{"url":"https:\/\/pubeurope.com\/@fr\/115594045804311180","error":""},"_links":{"self":[{"href":"https:\/\/www.europesays.com\/fr\/wp-json\/wp\/v2\/posts\/551576","targetHints":{"allow":["GET"]}}],"collection":[{"href":"https:\/\/www.europesays.com\/fr\/wp-json\/wp\/v2\/posts"}],"about":[{"href":"https:\/\/www.europesays.com\/fr\/wp-json\/wp\/v2\/types\/post"}],"author":[{"embeddable":true,"href":"https:\/\/www.europesays.com\/fr\/wp-json\/wp\/v2\/users\/2"}],"replies":[{"embeddable":true,"href":"https:\/\/www.europesays.com\/fr\/wp-json\/wp\/v2\/comments?post=551576"}],"version-history":[{"count":0,"href":"https:\/\/www.europesays.com\/fr\/wp-json\/wp\/v2\/posts\/551576\/revisions"}],"wp:featuredmedia":[{"embeddable":true,"href":"https:\/\/www.europesays.com\/fr\/wp-json\/wp\/v2\/media\/551577"}],"wp:attachment":[{"href":"https:\/\/www.europesays.com\/fr\/wp-json\/wp\/v2\/media?parent=551576"}],"wp:term":[{"taxonomy":"category","embeddable":true,"href":"https:\/\/www.europesays.com\/fr\/wp-json\/wp\/v2\/categories?post=551576"},{"taxonomy":"post_tag","embeddable":true,"href":"https:\/\/www.europesays.com\/fr\/wp-json\/wp\/v2\/tags?post=551576"}],"curies":[{"name":"wp","href":"https:\/\/api.w.org\/{rel}","templated":true}]}}