{"id":551578,"date":"2025-11-22T15:25:17","date_gmt":"2025-11-22T15:25:17","guid":{"rendered":"https:\/\/www.europesays.com\/fr\/551578\/"},"modified":"2025-11-22T15:25:17","modified_gmt":"2025-11-22T15:25:17","slug":"lune-des-plus-belles-chateau-illumine-et-domaine-feerique-nouvre-que-quelques-jours","status":"publish","type":"post","link":"https:\/\/www.europesays.com\/fr\/551578\/","title":{"rendered":"l\u2019une des plus belles, ch\u00e2teau illumin\u00e9 et domaine f\u00e9\u00e9rique, n\u2019ouvre que quelques jours"},"content":{"rendered":"<p>Lepointdujour.fr &#8211; Patinoire cach\u00e9e pr\u00e8s de Paris : l\u2019une des plus belles, ch\u00e2teau illumin\u00e9 et domaine f\u00e9\u00e9rique, n\u2019ouvre que quelques jours &#8211; Cr\u00e9dit photo \u00a9 Paris Select Book<\/p>\n<p>\u00c0 deux pas de la <a href=\"https:\/\/www.parisselectbook.com\/2025\/11\/21\/swarovski-et-dior-illuminent-paris-les-champs-elysees-et-lavenue-montaigne-brillent-pour-les-fetes\/\" target=\"_blank\" rel=\"noopener\">capitale<\/a>, une patinoire saisonni\u00e8re s\u2019installe dans un cadre patrimonial qui change la sortie d\u2019hiver. L\u2019adresse reste discr\u00e8te, pourtant l\u2019exp\u00e9rience promet une parenth\u00e8se givr\u00e9e, accessible et familiale. Ainsi, entre nature et pierres anciennes, la glisse reprend ses droits.<\/p>\n<p>Une patinoire cach\u00e9e, un d\u00e9cor qui change tout<\/p>\n<p>Le site se situe pr\u00e8s de <a href=\"https:\/\/www.parisselectbook.com\/2025\/11\/21\/expositions-parisiennes-les-meilleures-a-voir-avant-quelles-ferment-fin-2025\/\" target=\"_blank\" rel=\"noopener\">Paris<\/a>, dans un domaine charg\u00e9 d\u2019histoire. On y glisse au milieu d\u2019all\u00e9es arbor\u00e9es, ce qui cr\u00e9e une ambiance douce, loin du tumulte. La patinoire r\u00e9v\u00e8le alors une autre facette des f\u00eates, plus intime et plus simple. De plus, l\u2019\u00e9clairage feutr\u00e9 et la musique l\u00e9g\u00e8re installent un rythme apaisant.<\/p>\n<p>La programmation suit le <a href=\"https:\/\/www.parisselectbook.com\/2025\/11\/21\/noel-2025-dans-le-val-doise-le-programme-des-marches-parades-et-spectacles-dans-le-95\/\" target=\"_blank\" rel=\"noopener\">calendrier hivernal<\/a>, avec des cr\u00e9neaux pens\u00e9s pour les familles. Vous pouvez venir en semaine en fin de journ\u00e9e, ou viser le week-end pour un moment partag\u00e9. En revanche, les capacit\u00e9s d\u2019accueil restent mesur\u00e9es pour pr\u00e9server la qualit\u00e9 de la s\u00e9ance. Ainsi, <strong>r\u00e9servation conseill\u00e9e<\/strong> et arriv\u00e9e un peu en avance r\u00e9duisent l\u2019attente.<\/p>\n<p>Acc\u00e8s, \u00e9quipement, s\u00e9curit\u00e9<\/p>\n<p>Venir en transports ou en voiture se fait sans difficult\u00e9, car la signal\u00e9tique est claire d\u00e8s l\u2019entr\u00e9e du domaine. Sur place, l\u2019\u00e9quipe oriente vers la billetterie et la zone de location. La patinoire fournit des patins selon les pointures courantes, et des aides \u00e0 la <a href=\"https:\/\/www.parisselectbook.com\/2025\/11\/21\/les-stations-de-ski-francaises-dominent-le-classement-conde-nast-traveler-2024\/\" target=\"_blank\" rel=\"noopener\">glisse<\/a> pour les jeunes. Par cons\u00e9quent, pensez \u00e0 des <strong>gants chauds<\/strong> et \u00e0 une paire de chaussettes de rechange.<\/p>\n<blockquote>\n<p>\u00ab Un lieu patrimonial peut transformer une s\u00e9ance de glisse en vrai souvenir de saison. \u00bb<\/p>\n<\/blockquote>\n<p>La surface est entretenue tr\u00e8s r\u00e9guli\u00e8rement, afin d\u2019\u00e9viter les irr\u00e9gularit\u00e9s. Les plus petits restent sous la vigilance d\u2019un adulte r\u00e9f\u00e9rent, ce qui rassure tout le monde. Aussi, l\u2019\u00e9quipe de piste surveille les trajectoires et rappelle les r\u00e8gles de bon sens. En bref, chacun peut \u00e9voluer \u00e0 son rythme, dans un cadre serein.<\/p>\n<p>Tarifs, r\u00e9servations et cr\u00e9neaux pour la patinoire<\/p>\n<p>Les billets s\u2019ach\u00e8tent en ligne ou sur place, selon les disponibilit\u00e9s du jour. Les tarifs varient selon l\u2019\u00e2ge et le moment de visite, ce qui permet d\u2019adapter le budget. La patinoire propose des sessions par cr\u00e9neaux, avec un flux contr\u00f4l\u00e9 pour une glisse fluide. Ainsi, vous profitez d\u2019un temps de jeu clair et confortable.<\/p>\n<ul>\n<li>Consultez les horaires avant de partir, surtout par temps changeant.<\/li>\n<li>Pr\u00e9voyez une marge \u00e0 l\u2019arriv\u00e9e pour chausser tranquillement.<\/li>\n<li>Hydratez-vous et faites des pauses r\u00e9guli\u00e8res avec les enfants.<\/li>\n<li>V\u00e9rifiez la pointure des patins d\u00e8s la remise pour gagner du temps.<\/li>\n<li>Gardez bonnet, gants et couches chaudes, m\u00eame en journ\u00e9e.<\/li>\n<\/ul>\n<p>Selon la m\u00e9t\u00e9o, certaines sessions peuvent \u00e9voluer, car la qualit\u00e9 de la glace d\u00e9pend des conditions. Le personnel informe alors des adaptations possibles \u00e0 l\u2019entr\u00e9e. De plus, un affichage mis \u00e0 jour guide les visiteurs vers les horaires maintenus. Par cons\u00e9quent, gardez un \u0153il sur la communication officielle le jour J.<\/p>\n<p>La location de patins s\u2019organise au m\u00eame endroit que la billetterie, ce qui simplifie le parcours. Les casiers ou porte-sacs, quand ils existent, sont \u00e0 utiliser pour lib\u00e9rer les mains. Aussi, gardez vos objets fragiles au chaud, loin de l\u2019humidit\u00e9. Enfin, anticipez la sortie pour rendre le mat\u00e9riel \u00e0 l\u2019heure et \u00e9viter le rush.<\/p>\n<p>Ambiance hivernale et activit\u00e9s voisines<\/p>\n<p>Entre deux tours, on s\u2019accorde un chocolat chaud ou une gaufre pr\u00e8s des stands saisonniers. La bande-son reste douce, afin de ne pas g\u00eaner les plus jeunes ni les premi\u00e8res glisses. La patinoire devient alors un d\u00e9cor vivant pour des photos simples, mais m\u00e9morables. Ainsi, la lumi\u00e8re d\u2019hiver apporte un charme net aux fins de journ\u00e9e.<\/p>\n<p>Le domaine propose parfois des animations ponctuelles, li\u00e9es aux vacances ou aux week-ends. Renseignez-vous \u00e0 l\u2019accueil pour conna\u00eetre le programme du jour. Aussi, certains espaces calmes permettent de se r\u00e9chauffer et de se reposer. En bref, l\u2019exp\u00e9rience s\u2019adapte \u00e0 chaque rythme.<\/p>\n<p>Agenda f\u00e9erique pr\u00e8s de Paris<\/p>\n<p>Ch\u00e2teau de Vaux-le-Vicomte \u2014 Patinoire naturelle \u00e9ph\u00e9m\u00e8re. Patinoire ; <strong>Dates : du 15 novembre 2025 au 4 janvier 2026<\/strong> ; <strong>Prix : 5 \u20ac<\/strong> en plus du billet du ch\u00e2teau.<\/p>\n<p>D\u2019autres sites patrimoniaux ouvrent parfois une piste de glace pour la saison. Les formats changent selon les lieux, avec des ambiances plus sportives ou plus familiales. Aussi, certaines adresses privil\u00e9gient les petits effectifs pour une glisse plus douce. Ainsi, v\u00e9rifiez les informations pratiques juste avant la venue.<\/p>\n<p>Si vous r\u00eavez d\u2019un moment hors du temps, misez sur une sortie simple et bien pr\u00e9par\u00e9e. Arrivez l\u00e9ger, mais \u00e9quip\u00e9, et ajustez la dur\u00e9e selon les enfants. La patinoire devient alors un pr\u00e9texte parfait pour se reconnecter ensemble. Par cons\u00e9quent, la magie de l\u2019hiver s\u2019invite tout pr\u00e8s de chez vous.<\/p>\n","protected":false},"excerpt":{"rendered":"Lepointdujour.fr &#8211; Patinoire cach\u00e9e pr\u00e8s de Paris : l\u2019une des plus belles, ch\u00e2teau illumin\u00e9 et domaine f\u00e9\u00e9rique, n\u2019ouvre&hellip;\n","protected":false},"author":2,"featured_media":551579,"comment_status":"","ping_status":"","sticky":false,"template":"","format":"standard","meta":{"footnotes":""},"categories":[1888],"tags":[11,1777,674,1011,27,12,626,45643,25],"class_list":{"0":"post-551578","1":"post","2":"type-post","3":"status-publish","4":"format-standard","5":"has-post-thumbnail","7":"category-paris","8":"tag-actualites","9":"tag-eu","10":"tag-europe","11":"tag-fr","12":"tag-france","13":"tag-news","14":"tag-paris","15":"tag-patinoire","16":"tag-republique-francaise"},"share_on_mastodon":{"url":"","error":""},"_links":{"self":[{"href":"https:\/\/www.europesays.com\/fr\/wp-json\/wp\/v2\/posts\/551578","targetHints":{"allow":["GET"]}}],"collection":[{"href":"https:\/\/www.europesays.com\/fr\/wp-json\/wp\/v2\/posts"}],"about":[{"href":"https:\/\/www.europesays.com\/fr\/wp-json\/wp\/v2\/types\/post"}],"author":[{"embeddable":true,"href":"https:\/\/www.europesays.com\/fr\/wp-json\/wp\/v2\/users\/2"}],"replies":[{"embeddable":true,"href":"https:\/\/www.europesays.com\/fr\/wp-json\/wp\/v2\/comments?post=551578"}],"version-history":[{"count":0,"href":"https:\/\/www.europesays.com\/fr\/wp-json\/wp\/v2\/posts\/551578\/revisions"}],"wp:featuredmedia":[{"embeddable":true,"href":"https:\/\/www.europesays.com\/fr\/wp-json\/wp\/v2\/media\/551579"}],"wp:attachment":[{"href":"https:\/\/www.europesays.com\/fr\/wp-json\/wp\/v2\/media?parent=551578"}],"wp:term":[{"taxonomy":"category","embeddable":true,"href":"https:\/\/www.europesays.com\/fr\/wp-json\/wp\/v2\/categories?post=551578"},{"taxonomy":"post_tag","embeddable":true,"href":"https:\/\/www.europesays.com\/fr\/wp-json\/wp\/v2\/tags?post=551578"}],"curies":[{"name":"wp","href":"https:\/\/api.w.org\/{rel}","templated":true}]}}