{"id":55158,"date":"2025-04-26T19:51:12","date_gmt":"2025-04-26T19:51:12","guid":{"rendered":"https:\/\/www.europesays.com\/fr\/55158\/"},"modified":"2025-04-26T19:51:12","modified_gmt":"2025-04-26T19:51:12","slug":"ligue-1-les-politesses-de-moreira-et-emegha-les-notes-de-racing","status":"publish","type":"post","link":"https:\/\/www.europesays.com\/fr\/55158\/","title":{"rendered":"Ligue 1. Les politesses de Moreira et Emegha : les notes de Racing"},"content":{"rendered":"<p>Rien n\u2019a \u00e9t\u00e9 simple pour les Bleus ce samedi. Mais ils ont fini par prendre l\u2019ascendant sur des Verts venus \u00e0 la Meinau pour poursuivre leur redressement et qui n\u2019ont jamais ferm\u00e9 le jeu. Les trois attaquants <a href=\"https:\/\/www.dna.fr\/p\/diego-moreira-footballeur-belgo-portugais\" target=\"_blank\" rel=\"noopener\">Diego Moreira<\/a>, Emmanuel Emegha et Dilane Bakwa, tous buteurs, n\u2019y sont pas pour rien.<\/p>\n<p>Petrovic 5<\/p>\n<p>Il n\u2019avait pas eu le temps de faire chauffer ses gants qu\u2019il a d\u00fb sauver les meubles. Son arr\u00eat sur la reprise \u00e0 bout portant de Cardona n\u2019\u00e9tait pas tr\u00e8s acad\u00e9mique, mais heureusement pour lui, la deuxi\u00e8me chance du St\u00e9phanois, exp\u00e9di\u00e9e dans les nuages, ne l\u2019\u00e9tait pas non plus (2e ). Il ne pouvait strictement rien sur l\u2019\u00e9galisation de Davitashvili (19e ), ni la t\u00eate d\u00e9crois\u00e9e de Cardona sur sa transversale (47e ).<\/p>\n<p>Doukour\u00e9 4<\/p>\n<p>Dans un syst\u00e8me hybride o\u00f9 il devait jouer dans un trio axial \u00e0 la perte du ballon et sur le flanc droit apr\u00e8s sa conqu\u00eate, l\u2019international espoirs s\u2019est fait pi\u00e9ger d\u2019entr\u00e9e&#8230;.<\/p>\n","protected":false},"excerpt":{"rendered":"Rien n\u2019a \u00e9t\u00e9 simple pour les Bleus ce samedi. Mais ils ont fini par prendre l\u2019ascendant sur des&hellip;\n","protected":false},"author":2,"featured_media":55159,"comment_status":"","ping_status":"","sticky":false,"template":"","format":"standard","meta":{"footnotes":""},"categories":[9653],"tags":[1111,11,2430,2880,1777,674,107,63,1011,27,12,9371,25,4001,517,640,2879],"class_list":{"0":"post-55158","1":"post","2":"type-post","3":"status-publish","4":"format-standard","5":"has-post-thumbnail","7":"category-saint-etienne","8":"tag-actu","9":"tag-actualites","10":"tag-auvergne-rhone-alpes","11":"tag-edition-strasbourg","12":"tag-eu","13":"tag-europe","14":"tag-fil-info","15":"tag-football","16":"tag-fr","17":"tag-france","18":"tag-news","19":"tag-rcsa-racing-club-strasbourg","20":"tag-republique-francaise","21":"tag-saint-etienne","22":"tag-sport","23":"tag-strasbourg","24":"tag-strasbourg-ville"},"share_on_mastodon":{"url":"https:\/\/pubeurope.com\/@fr\/114406010621101731","error":""},"_links":{"self":[{"href":"https:\/\/www.europesays.com\/fr\/wp-json\/wp\/v2\/posts\/55158","targetHints":{"allow":["GET"]}}],"collection":[{"href":"https:\/\/www.europesays.com\/fr\/wp-json\/wp\/v2\/posts"}],"about":[{"href":"https:\/\/www.europesays.com\/fr\/wp-json\/wp\/v2\/types\/post"}],"author":[{"embeddable":true,"href":"https:\/\/www.europesays.com\/fr\/wp-json\/wp\/v2\/users\/2"}],"replies":[{"embeddable":true,"href":"https:\/\/www.europesays.com\/fr\/wp-json\/wp\/v2\/comments?post=55158"}],"version-history":[{"count":0,"href":"https:\/\/www.europesays.com\/fr\/wp-json\/wp\/v2\/posts\/55158\/revisions"}],"wp:featuredmedia":[{"embeddable":true,"href":"https:\/\/www.europesays.com\/fr\/wp-json\/wp\/v2\/media\/55159"}],"wp:attachment":[{"href":"https:\/\/www.europesays.com\/fr\/wp-json\/wp\/v2\/media?parent=55158"}],"wp:term":[{"taxonomy":"category","embeddable":true,"href":"https:\/\/www.europesays.com\/fr\/wp-json\/wp\/v2\/categories?post=55158"},{"taxonomy":"post_tag","embeddable":true,"href":"https:\/\/www.europesays.com\/fr\/wp-json\/wp\/v2\/tags?post=55158"}],"curies":[{"name":"wp","href":"https:\/\/api.w.org\/{rel}","templated":true}]}}