{"id":551582,"date":"2025-11-22T15:27:19","date_gmt":"2025-11-22T15:27:19","guid":{"rendered":"https:\/\/www.europesays.com\/fr\/551582\/"},"modified":"2025-11-22T15:27:19","modified_gmt":"2025-11-22T15:27:19","slug":"la-russie-evoque-un-possible-sommet-poutine-trump-22-11-2025-a-1211","status":"publish","type":"post","link":"https:\/\/www.europesays.com\/fr\/551582\/","title":{"rendered":"La Russie \u00e9voque un possible sommet Poutine-Trump &#8211; 22\/11\/2025 \u00e0 12:11"},"content":{"rendered":"<p>\n (.)\n<\/p>\n<p>\n Une possible nouvelle<br \/>\nrencontre entre le pr\u00e9sident russe Vladimir Poutine et son<br \/>\nhomologue am\u00e9ricain Donald Trump est \u00e0 l&rsquo;ordre du jour, a<br \/>\nd\u00e9clar\u00e9 le vice-ministre russe des Affaires \u00e9trang\u00e8res, Sergue\u00ef<br \/>\nRiabkov.\n<\/p>\n<p>\n \u00ab\u00a0Je n&rsquo;exclurais rien\u00a0\u00bb, a-t-il dit dans une entretien accord\u00e9<br \/>\nau magazine public International Affairs et publi\u00e9 samedi.\n<\/p>\n<p>\n \u00ab\u00a0La recherche d&rsquo;une voie \u00e0 suivre se poursuit\u00a0\u00bb, a-t-il<br \/>\najout\u00e9.\n<\/p>\n<p>\n Selon Sergue\u00ef Riabkov, les contacts entre la Russie et les<br \/>\nEtats-Unis n&rsquo;ont pas \u00e9t\u00e9 suspendus et les canaux en faveur d&rsquo;un<br \/>\ndialogue continuent de fonctionner.\n<\/p>\n<p>\n Donald Trump et Vladimir Poutine se sont rencontr\u00e9 pour la<br \/>\nderni\u00e8re fois en Alaska en ao\u00fbt mais ce sommet n&rsquo;a d\u00e9bouch\u00e9 sur<br \/>\naucun accord visant \u00e0 r\u00e9soudre ou \u00e0 interrompre la guerre men\u00e9e<br \/>\npar Moscou en Ukraine depuis f\u00e9vrier 2022. Les deux dirigeants<br \/>\ndevaient ensuite se revoir \u00e0 Budapest mais la rencontre a \u00e9t\u00e9<br \/>\nreport\u00e9e sine die.\n<\/p>\n<p>\n \u00ab\u00a0Nous travaillons de mani\u00e8re continue. Nous avons des<br \/>\nformats et des canaux bien \u00e9tablis. Tous ces canaux ne sont pas<br \/>\nvisibles ou audibles, tous n&rsquo;ont pas besoin d&rsquo;\u00eatre discut\u00e9s<br \/>\npubliquement, mais le fait est que tout est en ordre de marche\u00a0\u00bb,<br \/>\na-t-il ajout\u00e9.\n<\/p>\n<p>\n Cette d\u00e9claration intervient alors que le pr\u00e9sident<br \/>\nukrainien Volodimir Zelensky s&rsquo;est dit pr\u00eat \u00e0 examiner un<br \/>\nnouveau projet am\u00e9ricain d&rsquo;accord de paix faisant la part belle<br \/>\naux principales exigences de la Russie, tandis que les Europ\u00e9ens<br \/>\nont pour leur part refus\u00e9 par avance toute solution impos\u00e9e \u00e0<br \/>\nKyiv qui \u00e9quivaudrait \u00e0 leurs yeux \u00e0 une \u00ab\u00a0capitulation\u00a0\u00bb.\n<\/p>\n<p>\n (Reportage Reuters; version fran\u00e7aise Claude Chendjou)<\/p>\n","protected":false},"excerpt":{"rendered":"(.) Une possible nouvelle rencontre entre le pr\u00e9sident russe Vladimir Poutine et son homologue am\u00e9ricain Donald Trump est&hellip;\n","protected":false},"author":2,"featured_media":2486,"comment_status":"","ping_status":"","sticky":false,"template":"","format":"standard","meta":{"footnotes":""},"categories":[1591],"tags":[400,11,398,408,405,1887,403,402,399,404,12,1885,1886,132,401,406,407],"class_list":{"0":"post-551582","1":"post","2":"type-post","3":"status-publish","4":"format-standard","5":"has-post-thumbnail","7":"category-russie","8":"tag-action-cac-40","9":"tag-actualites","10":"tag-bourse-de-paris","11":"tag-boursorama","12":"tag-cotations","13":"tag-federation-de-russie","14":"tag-indices-devises","15":"tag-investir","16":"tag-investissement","17":"tag-marche-boursier","18":"tag-news","19":"tag-russia","20":"tag-russian-federation","21":"tag-russie","22":"tag-sicav","23":"tag-trackers","24":"tag-warrants"},"share_on_mastodon":{"url":"https:\/\/pubeurope.com\/@fr\/115594057822926162","error":""},"_links":{"self":[{"href":"https:\/\/www.europesays.com\/fr\/wp-json\/wp\/v2\/posts\/551582","targetHints":{"allow":["GET"]}}],"collection":[{"href":"https:\/\/www.europesays.com\/fr\/wp-json\/wp\/v2\/posts"}],"about":[{"href":"https:\/\/www.europesays.com\/fr\/wp-json\/wp\/v2\/types\/post"}],"author":[{"embeddable":true,"href":"https:\/\/www.europesays.com\/fr\/wp-json\/wp\/v2\/users\/2"}],"replies":[{"embeddable":true,"href":"https:\/\/www.europesays.com\/fr\/wp-json\/wp\/v2\/comments?post=551582"}],"version-history":[{"count":0,"href":"https:\/\/www.europesays.com\/fr\/wp-json\/wp\/v2\/posts\/551582\/revisions"}],"wp:featuredmedia":[{"embeddable":true,"href":"https:\/\/www.europesays.com\/fr\/wp-json\/wp\/v2\/media\/2486"}],"wp:attachment":[{"href":"https:\/\/www.europesays.com\/fr\/wp-json\/wp\/v2\/media?parent=551582"}],"wp:term":[{"taxonomy":"category","embeddable":true,"href":"https:\/\/www.europesays.com\/fr\/wp-json\/wp\/v2\/categories?post=551582"},{"taxonomy":"post_tag","embeddable":true,"href":"https:\/\/www.europesays.com\/fr\/wp-json\/wp\/v2\/tags?post=551582"}],"curies":[{"name":"wp","href":"https:\/\/api.w.org\/{rel}","templated":true}]}}