{"id":551585,"date":"2025-11-22T15:30:25","date_gmt":"2025-11-22T15:30:25","guid":{"rendered":"https:\/\/www.europesays.com\/fr\/551585\/"},"modified":"2025-11-22T15:30:25","modified_gmt":"2025-11-22T15:30:25","slug":"de-nouvelles-consultations-en-suisse-pour-un-plan-de-paix","status":"publish","type":"post","link":"https:\/\/www.europesays.com\/fr\/551585\/","title":{"rendered":"de nouvelles consultations en Suisse pour un plan de paix"},"content":{"rendered":"<p class=\"app_entry_lead\">\n<p>                    <a title=\"\u00a0\u00a9\u00a0Blondet Eliot\/ABACA\" href=\"https:\/\/www.europesays.com\/fr\/wp-content\/uploads\/2025\/11\/83015567.jpg\" class=\"fancy\"><\/p>\n<p>                            <img loading=\"lazy\" decoding=\"async\" src=\"https:\/\/www.europesays.com\/fr\/wp-content\/uploads\/2025\/11\/83015567.jpg\" alt=\"Guerre en Ukraine\u00a0: de nouvelles consultations en Suisse pour un plan de paix\" width=\"1500\" height=\"1000\"\/><\/p>\n<p>                    <\/a><\/p>\n<p>                Un plan de paix a \u00e9t\u00e9 travaill\u00e9 entre la Russie et les \u00c9tats-Unis, mais l&rsquo;Ukraine n&rsquo;en veut pas dans ces conditions. Une d\u00e9l\u00e9gation ukrainienne rencontrera donc une d\u00e9l\u00e9gation am\u00e9ricaine en Suisse pour travailler sur cet accord.<\/p>\n<p>L&rsquo;Ukraine et les \u00c9tats-Unis vont travailler ensemble sur un nouveau plan de paix. Les \u00c9tats-Unis et la Russie en avaient propos\u00e9 un, le 19\u00a0novembre, \u00e0 Kiev, mais Volodymyr Zelensky ne l&rsquo;a pas accept\u00e9 malgr\u00e9 les pressions pour signer de la part de Donald Trump et Vladimir Poutine. Celui-ci comprenait l&rsquo;abandon de plusieurs territoires \u00e0 la Russie, la r\u00e9duction de l&rsquo;arm\u00e9e ukrainienne et sa non-adh\u00e9sion \u00e0 l&rsquo;OTAN.<\/p>\n<p>Des conditions qui ne permettent pas de garantir la paix \u00e0 long terme, selon Volodymyr Zelensky. Alors, l&rsquo;Ukraine va mener des pourparlers en Suisse avec les \u00c9tats-Unis. On ne conna\u00eet pas encore la date de cette rencontre, annonc\u00e9e le 22\u00a0novembre par Roustem Oumerov, \u00e0 la t\u00eate du Conseil de s\u00e9curit\u00e9 ukrainien\u00a0: \u00ab\u00a0Dans les prochains jours, nous lancerons en Suisse des consultations entre de hauts responsables ukrainiens et am\u00e9ricains sur les param\u00e8tres possibles d&rsquo;un futur accord de paix.\u00a0\u00bb \u00ab\u00a0Il s&rsquo;agit d&rsquo;une nouvelle \u00e9tape du dialogue qui se poursuit depuis quelques jours et qui vise principalement \u00e0 harmoniser notre vision des prochaines \u00e9tapes\u00a0\u00bb, ajoute-t-il.<\/p>\n<p>Pas de d\u00e9l\u00e9gation russe attendue<\/p>\n<p>La d\u00e9l\u00e9gation ukrainienne participera \u00ab\u00a0au processus de n\u00e9gociation avec les \u00c9tats-Unis et d&rsquo;autres partenaires internationaux de l&rsquo;Ukraine, ainsi qu&rsquo;avec des repr\u00e9sentants de la Russie\u00a0\u00bb. Form\u00e9e par d\u00e9cret le 22\u00a0novembre, elle est compos\u00e9e essentiellement de militaires.<\/p>\n<p>\u00ab\u00a0L&rsquo;Ukraine a toujours respect\u00e9 et continue de respecter la volont\u00e9 du pr\u00e9sident am\u00e9ricain Donald Trump de mettre fin au bain de sang, et nous accueillons favorablement toute proposition r\u00e9aliste\u00a0\u00bb, a \u00e9crit Zelensky dans un poste publi\u00e9 sur X.<\/p>\n<blockquote class=\"twitter-tweet\">\n<p dir=\"ltr\" lang=\"en\">We spoke for almost an hour with U.S. <a href=\"https:\/\/twitter.com\/VP?ref_src=twsrc%5Etfw\" target=\"_blank\" rel=\"noopener\">@VP<\/a> JD Vance and <a href=\"https:\/\/twitter.com\/SecArmy?ref_src=twsrc%5Etfw\" target=\"_blank\" rel=\"noopener\">@SecArmy<\/a> Dan Driscoll. We managed to cover a lot of details of the American sides proposals for ending the war, and were working to make the path forward dignified and truly effective for achieving a lasting peace. Im <a href=\"https:\/\/t.co\/h3uVlnxv2H\">pic.twitter.com\/h3uVlnxv2H<\/a><\/p>\n<p>\u2014 Volodymyr Zelenskyy \/ (@ZelenskyyUa) <a href=\"https:\/\/twitter.com\/ZelenskyyUa\/status\/1991906779760898073?ref_src=twsrc%5Etfw\" target=\"_blank\" rel=\"noopener\">November 21, 2025<\/a><\/p><\/blockquote>\n<p>                    <script async src=\"https:\/\/platform.twitter.com\/widgets.js\" charset=\"utf-8\"><\/script><\/p>\n","protected":false},"excerpt":{"rendered":"Un plan de paix a \u00e9t\u00e9 travaill\u00e9 entre la Russie et les \u00c9tats-Unis, mais l&rsquo;Ukraine n&rsquo;en veut pas&hellip;\n","protected":false},"author":2,"featured_media":551586,"comment_status":"","ping_status":"","sticky":false,"template":"","format":"standard","meta":{"footnotes":""},"categories":[1589],"tags":[11,66890,51761,73,1866,51763,74,12,51767,1864,1865,1863,308],"class_list":{"0":"post-551585","1":"post","2":"type-post","3":"status-publish","4":"format-standard","5":"has-post-thumbnail","7":"category-etats-unis","8":"tag-actualites","9":"tag-cms-linternaute-9298769","10":"tag-controller-content","11":"tag-etats-unis","12":"tag-etats-unis-damerique","13":"tag-format-papier","14":"tag-monde","15":"tag-news","16":"tag-parallaxeinfeed","17":"tag-united-states","18":"tag-united-states-of-america","19":"tag-us","20":"tag-usa"},"share_on_mastodon":{"url":"https:\/\/pubeurope.com\/@fr\/115594070336811834","error":""},"_links":{"self":[{"href":"https:\/\/www.europesays.com\/fr\/wp-json\/wp\/v2\/posts\/551585","targetHints":{"allow":["GET"]}}],"collection":[{"href":"https:\/\/www.europesays.com\/fr\/wp-json\/wp\/v2\/posts"}],"about":[{"href":"https:\/\/www.europesays.com\/fr\/wp-json\/wp\/v2\/types\/post"}],"author":[{"embeddable":true,"href":"https:\/\/www.europesays.com\/fr\/wp-json\/wp\/v2\/users\/2"}],"replies":[{"embeddable":true,"href":"https:\/\/www.europesays.com\/fr\/wp-json\/wp\/v2\/comments?post=551585"}],"version-history":[{"count":0,"href":"https:\/\/www.europesays.com\/fr\/wp-json\/wp\/v2\/posts\/551585\/revisions"}],"wp:featuredmedia":[{"embeddable":true,"href":"https:\/\/www.europesays.com\/fr\/wp-json\/wp\/v2\/media\/551586"}],"wp:attachment":[{"href":"https:\/\/www.europesays.com\/fr\/wp-json\/wp\/v2\/media?parent=551585"}],"wp:term":[{"taxonomy":"category","embeddable":true,"href":"https:\/\/www.europesays.com\/fr\/wp-json\/wp\/v2\/categories?post=551585"},{"taxonomy":"post_tag","embeddable":true,"href":"https:\/\/www.europesays.com\/fr\/wp-json\/wp\/v2\/tags?post=551585"}],"curies":[{"name":"wp","href":"https:\/\/api.w.org\/{rel}","templated":true}]}}