{"id":551587,"date":"2025-11-22T15:31:18","date_gmt":"2025-11-22T15:31:18","guid":{"rendered":"https:\/\/www.europesays.com\/fr\/551587\/"},"modified":"2025-11-22T15:31:18","modified_gmt":"2025-11-22T15:31:18","slug":"royaume-uni-le-ministere-de-la-defense-mettra-en-service-une-arme-laser-antidrones-appele-dragonfire-des-2027","status":"publish","type":"post","link":"https:\/\/www.europesays.com\/fr\/551587\/","title":{"rendered":"Royaume-Uni : le minist\u00e8re de la D\u00e9fense mettra en service une arme laser antidrones appel\u00e9 \u00ab DragonFire \u00bb d\u00e8s 2027"},"content":{"rendered":"<p>                                            Monde\n                                                                            <\/p>\n<p>\n                                            Le laser antidrones \u00ab DragonFire \u00bb sera op\u00e9rationnel d\u00e8s 2027, bien avant le calendrier initial. Capable d\u2019abattre des drones \u00e0 grande vitesse pour un co\u00fbt d\u00e9risoire, il pourrait renforcer de mani\u00e8re d\u00e9cisive la d\u00e9fense britannique.                                        <\/p>\n<p>                                                Publi\u00e9 le 22 novembre 2025 \u00e0 16h09                                                                                            <\/p>\n<p>                                            <img loading=\"lazy\" width=\"1024\" height=\"683\" src=\"https:\/\/www.europesays.com\/fr\/wp-content\/uploads\/2025\/11\/SIPA_sipausa31661841_000001-1.jpg\" class=\"attachment-post-thumbnail size-post-thumbnail wp-post-image\" alt=\"Le ministre britannique de la D\u00e9fense, Luke Pollard, devant le syst\u00e8me laser \u00ab DragonFire \u00bb. Jack Eckersley\/UK MOD \u00a9 Crown copyright 2025\/Cover Images\/SIPA\" decoding=\"async\"  \/><\/p>\n<p>                                            Le ministre britannique de la D\u00e9fense, Luke Pollard, devant le syst\u00e8me laser \u00ab DragonFire \u00bb. Jack Eckersley\/UK MOD \u00a9 Crown copyright 2025\/Cover Images\/SIPA<\/p>\n<p>La course aux armes de nouvelle g\u00e9n\u00e9ration s\u2019intensifie. Alors que de nombreux pays investissent massivement dans les <a href=\"https:\/\/www.valeursactuelles.com\/monde\/vols-de-drones-suspects-lallemagne-va-aider-la-belgique-a-se-defendre\" target=\"_blank\" rel=\"noopener\">drones<\/a>, Londres s\u2019appr\u00eate \u00e0 d\u00e9ployer son laser <a href=\"https:\/\/www.valeursactuelles.com\/societe\/lutte-anti-drone-larmee-de-terre-met-en-service-son-systeme-de-combat-proteus\" target=\"_blank\" rel=\"noopener\">antidrones<\/a> \u00ab DragonFire \u00bb en 2027, un syst\u00e8me capable de neutraliser des cibles rapides pour un co\u00fbt de seulement \u00ab 10 livres par tir \u00bb, rapportent nos confr\u00e8res du <a href=\"https:\/\/www.lefigaro.fr\/international\/royaume-uni-le-ministere-de-la-defense-annonce-la-mise-en-service-de-son-arme-laser-antimissiles-d-ici-2027-20251121\" target=\"_blank\" rel=\"nofollow noopener\">Figaro<\/a>. Une prouesse technologique qui pourrait bouleverser l\u2019\u00e9quilibre \u00e9conomique de la d\u00e9fense antia\u00e9rienne, longtemps domin\u00e9e par des missiles co\u00fbtant plusieurs centaines de milliers de livres l\u2019unit\u00e9.<\/p>\n<p><a href=\"https:\/\/www.valeursactuelles.com\/regions\/nouvelle-aquitaine\/landes\/na\/societe\/biscarrosse-au-coeur-du-laboratoire-anti-drones-de-larmee-francaise\" class=\"h-flex h-align-items-center h-border-tb h-ptb-15\" target=\"_blank\" rel=\"noopener\">A\u00a0LIRE\u00a0Biscarrosse : au c\u0153ur du laboratoire anti-drones de l\u2019arm\u00e9e fran\u00e7aise<\/a><\/p>\n<p>Les derniers essais men\u00e9s dans les \u00eeles H\u00e9brides, \u00e0 l\u2019ouest de l\u2019\u00c9cosse, ont d\u00e9montr\u00e9 la capacit\u00e9 du laser \u00e0 abattre des drones volant jusqu\u2019\u00e0 650 km\/h, soit deux fois la vitesse d\u2019une Formule 1. Le minist\u00e8re britannique de la D\u00e9fense s\u2019est f\u00e9licit\u00e9 d\u2019avoir r\u00e9alis\u00e9 pour la premi\u00e8re fois un suivi, un ciblage et une destruction de drone au-del\u00e0 de l\u2019horizon, preuve de la maturit\u00e9 croissante de cette technologie.<\/p>\n<p>Un d\u00e9ploiement avanc\u00e9 de plusieurs ann\u00e9es<\/p>\n<p>Initialement pr\u00e9vu pour 2032, le d\u00e9ploiement op\u00e9rationnel de \u00ab DragonFire \u00bb a \u00e9t\u00e9 avanc\u00e9 de cinq ans, signe de l\u2019urgence pour le Royaume-Uni de renforcer ses capacit\u00e9s militaires. Install\u00e9 sur un destroyer Type 45 de la Royal Navy, le syst\u00e8me doit offrir une protection accrue aux b\u00e2timents militaires, alors que les drones rapides et peu co\u00fbteux se sont impos\u00e9s comme des armes centrales dans les conflits r\u00e9cents. Une acc\u00e9l\u00e9ration que le minist\u00e8re justifie par les performances \u00ab extr\u00eamement encourageantes \u00bb constat\u00e9es au cours des tests.<\/p>\n<p><a href=\"https:\/\/www.valeursactuelles.com\/societe\/le-mirage-2000d-rmv-pourrait-devenir-un-chasseur-de-drones\" class=\"h-flex h-align-items-center h-border-tb h-ptb-15\" target=\"_blank\" rel=\"noopener\">A\u00a0LIRE\u00a0Le Mirage 2000D RMV pourrait devenir un chasseur de drones<\/a>Une course internationale autour des armes laser<\/p>\n<p>Le Royaume-Uni n\u2019est pas le seul \u00e0 miser sur les armes \u00e0 \u00e9nergie dirig\u00e9e. La France, avec le syst\u00e8me HELMA-P, les \u00c9tats-Unis ou encore la Chine d\u00e9veloppent eux aussi des lasers destin\u00e9s \u00e0 contrer les drones de nouvelle g\u00e9n\u00e9ration. P\u00e9kin a notamment pr\u00e9sent\u00e9 en 2025 son imposant laser LY-1, tandis que Washington m\u00e8ne des essais similaires sur des navires et v\u00e9hicules terrestres.<\/p>\n","protected":false},"excerpt":{"rendered":"Monde Le laser antidrones \u00ab DragonFire \u00bb sera op\u00e9rationnel d\u00e8s 2027, bien avant le calendrier initial. Capable d\u2019abattre&hellip;\n","protected":false},"author":2,"featured_media":551588,"comment_status":"","ping_status":"","sticky":false,"template":"","format":"standard","meta":{"footnotes":""},"categories":[1588],"tags":[11,1924,554,2024,1777,674,12,473,1853,1851,1850,1852],"class_list":{"0":"post-551587","1":"post","2":"type-post","3":"status-publish","4":"format-standard","5":"has-post-thumbnail","7":"category-royaume-uni","8":"tag-actualites","9":"tag-armement","10":"tag-defense","11":"tag-drones","12":"tag-eu","13":"tag-europe","14":"tag-news","15":"tag-royaume-uni","16":"tag-royaume-uni-de-grande-bretagne-et-dirlande-du-nord","17":"tag-uk","18":"tag-united-kingdom","19":"tag-united-kingdom-of-great-britain-and-northern-ireland"},"share_on_mastodon":{"url":"https:\/\/pubeurope.com\/@fr\/115594074899940976","error":""},"_links":{"self":[{"href":"https:\/\/www.europesays.com\/fr\/wp-json\/wp\/v2\/posts\/551587","targetHints":{"allow":["GET"]}}],"collection":[{"href":"https:\/\/www.europesays.com\/fr\/wp-json\/wp\/v2\/posts"}],"about":[{"href":"https:\/\/www.europesays.com\/fr\/wp-json\/wp\/v2\/types\/post"}],"author":[{"embeddable":true,"href":"https:\/\/www.europesays.com\/fr\/wp-json\/wp\/v2\/users\/2"}],"replies":[{"embeddable":true,"href":"https:\/\/www.europesays.com\/fr\/wp-json\/wp\/v2\/comments?post=551587"}],"version-history":[{"count":0,"href":"https:\/\/www.europesays.com\/fr\/wp-json\/wp\/v2\/posts\/551587\/revisions"}],"wp:featuredmedia":[{"embeddable":true,"href":"https:\/\/www.europesays.com\/fr\/wp-json\/wp\/v2\/media\/551588"}],"wp:attachment":[{"href":"https:\/\/www.europesays.com\/fr\/wp-json\/wp\/v2\/media?parent=551587"}],"wp:term":[{"taxonomy":"category","embeddable":true,"href":"https:\/\/www.europesays.com\/fr\/wp-json\/wp\/v2\/categories?post=551587"},{"taxonomy":"post_tag","embeddable":true,"href":"https:\/\/www.europesays.com\/fr\/wp-json\/wp\/v2\/tags?post=551587"}],"curies":[{"name":"wp","href":"https:\/\/api.w.org\/{rel}","templated":true}]}}