{"id":551593,"date":"2025-11-22T15:34:11","date_gmt":"2025-11-22T15:34:11","guid":{"rendered":"https:\/\/www.europesays.com\/fr\/551593\/"},"modified":"2025-11-22T15:34:11","modified_gmt":"2025-11-22T15:34:11","slug":"laccord-ue-mercosur-est-le-fruit-pourri-de-decennies-derrance-productiviste-de-la-pac","status":"publish","type":"post","link":"https:\/\/www.europesays.com\/fr\/551593\/","title":{"rendered":"\u00ab\u00a0L\u2019accord UE-Mercosur est le fruit pourri de d\u00e9cennies d\u2019errance productiviste de la PAC\u00a0\u00bb"},"content":{"rendered":"\n<p class=\"article__paragraph  \">Les n\u00e9gociations entre l\u2019Union europ\u00e9enne (UE) et le Mercosur, qui regroupe l\u2019Argentine, le Br\u00e9sil, le Paraguay et l\u2019Uruguay \u2013 rejoints par la Bolivie et le Venezuela, ce dernier pays \u00e9tant suspendu depuis lors, pour cause de r\u00e9gime autoritaire \u2013, ont commenc\u00e9 en\u00a01999 dans le cadre des r\u00e8gles de l\u2019Organisation mondiale du commerce (OMC). Ces r\u00e8gles ont \u00e9t\u00e9 contest\u00e9es d\u2019embl\u00e9e par les soci\u00e9t\u00e9s civiles \u00e0 l\u2019origine de la premi\u00e8re manifestation internationale de l\u2019histoire, organis\u00e9e le 30\u00a0novembre de la m\u00eame ann\u00e9e, \u00e0 Seattle. Etaient mis en cause l\u2019iniquit\u00e9 de ces r\u00e8gles, leur atteinte \u00e0 la souverainet\u00e9 des Etats, leur justice priv\u00e9e, leur dynamique de concentration du pouvoir aux mains des multinationales, leur axiome de sup\u00e9riorit\u00e9 du commerce sur toutes r\u00e8gles sociales, climatiques, environnementales.<\/p>\n<p class=\"article__paragraph  \">Un ultime coup de th\u00e9\u00e2tre est intervenu en\u00a02016, avec le gel des n\u00e9gociations et le blocage du <a href=\"https:\/\/www.lemonde.fr\/les-decodeurs\/article\/2015\/10\/13\/si-vous-n-avez-rien-suivi-au-tafta-le-grand-traite-qui-effraie_4788413_4355770.html\" target=\"_blank\" rel=\"noopener\">trait\u00e9 transatlantique<\/a>, en raison de l\u2019opposition de l\u2019opinion publique europ\u00e9enne et de l\u2019\u00e9lection de Donald Trump, hostile au trait\u00e9. Dans ces conditions, l\u2019accord sign\u00e9 en d\u00e9cembre\u00a02024 par l\u2019UE, dans une opacit\u00e9 totale, y compris vis-\u00e0-vis des d\u00e9put\u00e9s europ\u00e9ens, appara\u00eet comme une r\u00e9surgence du pass\u00e9, impos\u00e9e avec les m\u00e9thodes du pass\u00e9\u2026<\/p>\n<p class=\"article__paragraph  \">La Commission europ\u00e9enne semble aussi avoir fait fi des enjeux g\u00e9opolitiques\u00a0: l\u2019essor des r\u00e9gimes autoritaires \u00e9lus par r\u00e9action aux d\u00e9g\u00e2ts nationaux du libre-\u00e9change qui entra\u00eenent d\u00e9sindustrialisation, d\u00e9sertification des territoires, privatisation des services publics et financiarisation g\u00e9n\u00e9rale.\u00a0A\u00a0cela s\u2019ajoutent la guerre en Ukraine, avec son impact sur les \u00e9changes agricoles et le commerce \u00e9nerg\u00e9tique, et la r\u00e9\u00e9lection de Donald Trump, champion du protectionnisme. Ce qui conduit \u00e0 un bilan globalement n\u00e9gatif des r\u00e8gles de l\u2019OMC et de leur dogme d\u2019autor\u00e9gulation des march\u00e9s, gr\u00e2ce \u00e0 la comp\u00e9titivit\u00e9, carburant de la croissance illimit\u00e9e.<\/p>\n<p>           Fant\u00f4me du monde d\u2019avant           <\/p>\n<p class=\"article__paragraph  \">L\u2019\u00e9tat climatique et \u00e9cologique lamentable de la plan\u00e8te est l\u00e0 aussi pour infirmer ce dogme\u00a0: nous vivons dans un monde fini, aux ressources limit\u00e9es. L\u2019accord UE-Mercosur est un fant\u00f4me du monde d\u2019avant <a href=\"https:\/\/www.lemonde.fr\/planete\/article\/2025\/11\/05\/quel-est-le-bilan-de-l-accord-de-paris-sur-le-climat-dix-ans-apres-son-adoption_6652372_3244.html\" target=\"_blank\" rel=\"noopener\">l\u2019accord de Paris sur le climat de 2015<\/a>. C\u2019est un bon accord pour les multinationales, des deux c\u00f4t\u00e9s de l\u2019oc\u00e9an (agroalimentaire argentin et br\u00e9silien, automobile, machines-outils, chimie, pharmacie europ\u00e9enne), au d\u00e9triment des petites et moyennes entreprises et des paysans dans le Mercosur et au sein de l\u2019UE.<\/p>\n<p class=\"reading-mode-only \"><strong>Il vous reste 61.38% de cet article \u00e0 lire. La suite est r\u00e9serv\u00e9e aux abonn\u00e9s.<\/strong><\/p>\n","protected":false},"excerpt":{"rendered":"Les n\u00e9gociations entre l\u2019Union europ\u00e9enne (UE) et le Mercosur, qui regroupe l\u2019Argentine, le Br\u00e9sil, le Paraguay et l\u2019Uruguay&hellip;\n","protected":false},"author":2,"featured_media":551594,"comment_status":"","ping_status":"","sticky":false,"template":"","format":"standard","meta":{"footnotes":""},"categories":[1586],"tags":[11,1777,674,1779,1011,27,12,25,1778,364],"class_list":{"0":"post-551593","1":"post","2":"type-post","3":"status-publish","4":"format-standard","5":"has-post-thumbnail","7":"category-europe","8":"tag-actualites","9":"tag-eu","10":"tag-europe","11":"tag-european-union","12":"tag-fr","13":"tag-france","14":"tag-news","15":"tag-republique-francaise","16":"tag-ue","17":"tag-union-europeenne"},"share_on_mastodon":{"url":"https:\/\/pubeurope.com\/@fr\/115594085233849379","error":""},"_links":{"self":[{"href":"https:\/\/www.europesays.com\/fr\/wp-json\/wp\/v2\/posts\/551593","targetHints":{"allow":["GET"]}}],"collection":[{"href":"https:\/\/www.europesays.com\/fr\/wp-json\/wp\/v2\/posts"}],"about":[{"href":"https:\/\/www.europesays.com\/fr\/wp-json\/wp\/v2\/types\/post"}],"author":[{"embeddable":true,"href":"https:\/\/www.europesays.com\/fr\/wp-json\/wp\/v2\/users\/2"}],"replies":[{"embeddable":true,"href":"https:\/\/www.europesays.com\/fr\/wp-json\/wp\/v2\/comments?post=551593"}],"version-history":[{"count":0,"href":"https:\/\/www.europesays.com\/fr\/wp-json\/wp\/v2\/posts\/551593\/revisions"}],"wp:featuredmedia":[{"embeddable":true,"href":"https:\/\/www.europesays.com\/fr\/wp-json\/wp\/v2\/media\/551594"}],"wp:attachment":[{"href":"https:\/\/www.europesays.com\/fr\/wp-json\/wp\/v2\/media?parent=551593"}],"wp:term":[{"taxonomy":"category","embeddable":true,"href":"https:\/\/www.europesays.com\/fr\/wp-json\/wp\/v2\/categories?post=551593"},{"taxonomy":"post_tag","embeddable":true,"href":"https:\/\/www.europesays.com\/fr\/wp-json\/wp\/v2\/tags?post=551593"}],"curies":[{"name":"wp","href":"https:\/\/api.w.org\/{rel}","templated":true}]}}