{"id":551599,"date":"2025-11-22T15:37:25","date_gmt":"2025-11-22T15:37:25","guid":{"rendered":"https:\/\/www.europesays.com\/fr\/551599\/"},"modified":"2025-11-22T15:37:25","modified_gmt":"2025-11-22T15:37:25","slug":"direct-dernier-match-du-xv-de-france-top-14-victoire-francaise-en-slalom-4e-titre-pour-felix-lebrun-suivez-les-temps-forts-sportifs-de-ce-samedi","status":"publish","type":"post","link":"https:\/\/www.europesays.com\/fr\/551599\/","title":{"rendered":"DIRECT. Dernier match du XV de France, Top 14, victoire fran\u00e7aise en slalom, 4e titre pour F\u00e9lix Lebrun\u2026 Suivez les temps forts sportifs de ce samedi"},"content":{"rendered":"<p>Comptes rendus, r\u00e9actions, analyses, vid\u00e9os : les points chauds de la journ\u00e9e de sport sont \u00e0 suivre en direct comment\u00e9.<\/p>\n<p>            Par SudOuest.fr.<\/p>\n<p>22 novembre 2025 Mis \u00e0 jour le 22\/11\/2025 \u00e0<br \/>\n                16h35.<\/p>\n<p>                                    <img loading=\"lazy\" decoding=\"async\" id=\"26816983\" width=\"1000\" height=\"500\" alt=\"DIRECT. Dernier match du XV de France, Top 14, victoire fran\u00e7aise en slalom, 4e titre pour F\u00e9lix Lebrun... Suivez les temps forts sportifs de ce samedi\" src=\"https:\/\/www.europesays.com\/fr\/wp-content\/uploads\/2025\/11\/20251122153704-9729912.jpg\"\/><\/p>\n<p>                        Le Fran\u00e7ais Paco Rassat a remport\u00e9 le slalom de Gurgl, sa premi\u00e8re victoire en Coupe du monde.<br \/>\n                                                    \u00a9 Cr\u00e9dit photo : JOHANN GRODER \/ AFP<\/p>\n","protected":false},"excerpt":{"rendered":"Comptes rendus, r\u00e9actions, analyses, vid\u00e9os : les points chauds de la journ\u00e9e de sport sont \u00e0 suivre en&hellip;\n","protected":false},"author":2,"featured_media":551600,"comment_status":"","ping_status":"","sticky":false,"template":"","format":"standard","meta":{"footnotes":""},"categories":[4],"tags":[11,1011,27,12,25],"class_list":{"0":"post-551599","1":"post","2":"type-post","3":"status-publish","4":"format-standard","5":"has-post-thumbnail","7":"category-france","8":"tag-actualites","9":"tag-fr","10":"tag-france","11":"tag-news","12":"tag-republique-francaise"},"share_on_mastodon":{"url":"https:\/\/pubeurope.com\/@fr\/115594098093383326","error":""},"_links":{"self":[{"href":"https:\/\/www.europesays.com\/fr\/wp-json\/wp\/v2\/posts\/551599","targetHints":{"allow":["GET"]}}],"collection":[{"href":"https:\/\/www.europesays.com\/fr\/wp-json\/wp\/v2\/posts"}],"about":[{"href":"https:\/\/www.europesays.com\/fr\/wp-json\/wp\/v2\/types\/post"}],"author":[{"embeddable":true,"href":"https:\/\/www.europesays.com\/fr\/wp-json\/wp\/v2\/users\/2"}],"replies":[{"embeddable":true,"href":"https:\/\/www.europesays.com\/fr\/wp-json\/wp\/v2\/comments?post=551599"}],"version-history":[{"count":0,"href":"https:\/\/www.europesays.com\/fr\/wp-json\/wp\/v2\/posts\/551599\/revisions"}],"wp:featuredmedia":[{"embeddable":true,"href":"https:\/\/www.europesays.com\/fr\/wp-json\/wp\/v2\/media\/551600"}],"wp:attachment":[{"href":"https:\/\/www.europesays.com\/fr\/wp-json\/wp\/v2\/media?parent=551599"}],"wp:term":[{"taxonomy":"category","embeddable":true,"href":"https:\/\/www.europesays.com\/fr\/wp-json\/wp\/v2\/categories?post=551599"},{"taxonomy":"post_tag","embeddable":true,"href":"https:\/\/www.europesays.com\/fr\/wp-json\/wp\/v2\/tags?post=551599"}],"curies":[{"name":"wp","href":"https:\/\/api.w.org\/{rel}","templated":true}]}}