{"id":551601,"date":"2025-11-22T15:40:16","date_gmt":"2025-11-22T15:40:16","guid":{"rendered":"https:\/\/www.europesays.com\/fr\/551601\/"},"modified":"2025-11-22T15:40:16","modified_gmt":"2025-11-22T15:40:16","slug":"direct-montauban-toulouse-lusm-peut-elle-creer-lexploit-face-a-des-toulousains-remanies-suivez-le-match-de-la-10e-journee-de-top-14","status":"publish","type":"post","link":"https:\/\/www.europesays.com\/fr\/551601\/","title":{"rendered":"Direct. Montauban &#8211; Toulouse : l&rsquo;USM peut-elle cr\u00e9er l&rsquo;exploit face \u00e0 des Toulousains remani\u00e9s ? Suivez le match de la 10e journ\u00e9e de Top 14"},"content":{"rendered":"<p>\n                Bonjour et bienvenue sur Rugbyrama pour suivre en direct comment\u00e9, la rencontre de la 10e journ\u00e9e de Top 14 opposant Montauban \u00e0 Toulouse.\n            <\/p>\n<p>Choc des extr\u00eames entre un club qui lutte pour son maintien et son voisin triple tenant du titre.<\/p>\n<p>Montauban tentera de profiter des absences du c\u00f4t\u00e9 de Toulouse dans ce week-end de doublons.<\/p>\n<p>Pierre Bru est l&rsquo;arbitre de la rencontre.<\/p>\n","protected":false},"excerpt":{"rendered":"Bonjour et bienvenue sur Rugbyrama pour suivre en direct comment\u00e9, la rencontre de la 10e journ\u00e9e de Top&hellip;\n","protected":false},"author":2,"featured_media":551602,"comment_status":"","ping_status":"","sticky":false,"template":"","format":"standard","meta":{"footnotes":""},"categories":[1416],"tags":[1011,27,479,1468,60],"class_list":{"0":"post-551601","1":"post","2":"type-post","3":"status-publish","4":"format-standard","5":"has-post-thumbnail","7":"category-rugby","8":"tag-fr","9":"tag-france","10":"tag-rugby","11":"tag-rugby-football","12":"tag-sports"},"share_on_mastodon":{"url":"https:\/\/pubeurope.com\/@fr\/115594109078031424","error":""},"_links":{"self":[{"href":"https:\/\/www.europesays.com\/fr\/wp-json\/wp\/v2\/posts\/551601","targetHints":{"allow":["GET"]}}],"collection":[{"href":"https:\/\/www.europesays.com\/fr\/wp-json\/wp\/v2\/posts"}],"about":[{"href":"https:\/\/www.europesays.com\/fr\/wp-json\/wp\/v2\/types\/post"}],"author":[{"embeddable":true,"href":"https:\/\/www.europesays.com\/fr\/wp-json\/wp\/v2\/users\/2"}],"replies":[{"embeddable":true,"href":"https:\/\/www.europesays.com\/fr\/wp-json\/wp\/v2\/comments?post=551601"}],"version-history":[{"count":0,"href":"https:\/\/www.europesays.com\/fr\/wp-json\/wp\/v2\/posts\/551601\/revisions"}],"wp:featuredmedia":[{"embeddable":true,"href":"https:\/\/www.europesays.com\/fr\/wp-json\/wp\/v2\/media\/551602"}],"wp:attachment":[{"href":"https:\/\/www.europesays.com\/fr\/wp-json\/wp\/v2\/media?parent=551601"}],"wp:term":[{"taxonomy":"category","embeddable":true,"href":"https:\/\/www.europesays.com\/fr\/wp-json\/wp\/v2\/categories?post=551601"},{"taxonomy":"post_tag","embeddable":true,"href":"https:\/\/www.europesays.com\/fr\/wp-json\/wp\/v2\/tags?post=551601"}],"curies":[{"name":"wp","href":"https:\/\/api.w.org\/{rel}","templated":true}]}}