{"id":551603,"date":"2025-11-22T15:41:13","date_gmt":"2025-11-22T15:41:13","guid":{"rendered":"https:\/\/www.europesays.com\/fr\/551603\/"},"modified":"2025-11-22T15:41:13","modified_gmt":"2025-11-22T15:41:13","slug":"coupe-davis-lespagne-prend-les-commandes-en-demi-finale-contre-lallemagne","status":"publish","type":"post","link":"https:\/\/www.europesays.com\/fr\/551603\/","title":{"rendered":"Coupe Davis : L&rsquo;Espagne prend les commandes en demi-finale contre l&rsquo;Allemagne"},"content":{"rendered":"<p data-testid=\"wcl-typoNewsPerex\" itemprop=\"description\">L&rsquo;Espagnol Pablo Carreno (89e mondial) a rapproch\u00e9 son pays d&rsquo;une premi\u00e8re finale de Coupe Davis depuis 2019 en remportant le premier simple de la demi-finale contre l&rsquo;Allemagne, ce samedi \u00e0 Bologne.<\/p>\n<p>L&rsquo;ex-10e mondial, vainqueur du Masters 1000 du Canada en 2022, a domin\u00e9 6-4, 7-6 (8\/6) l&rsquo;Allemand <b><a href=\"https:\/\/www.flashscore.fr\/joueur\/struff-jan-lennard\/Ek3bDDo2\/\" data-analytics-element=\"ARTICLE_TEXT_LINK\" data-analytics-alias=\"internal\" rel=\"nofollow noopener\" target=\"_blank\">Jan-Lennard Struff<\/a><\/b> (84e), qui a vendang\u00e9 cinq balles de set dans la deuxi\u00e8me manche.<\/p>\n<p>Priv\u00e9e \u00e0 Bologne du n\u00b01 mondial <b><a href=\"https:\/\/www.flashscore.fr\/joueur\/alcaraz-garfia-carlos\/UkhgIFEq\/\" data-analytics-element=\"ARTICLE_TEXT_LINK\" data-analytics-alias=\"internal\" rel=\"nofollow noopener\" target=\"_blank\">Carlos Alcaraz<\/a><\/b>, bless\u00e9 \u00e0 la jambe droite, <b>l&rsquo;Espagne <\/b>n&rsquo;a plus besoin que d&rsquo;une victoire pour rejoindre en finale les doubles tenants du titre italiens, tombeurs vendredi de la <b>Belgique <\/b>(2-0).<\/p>\n<p>Le second simple, programm\u00e9 dans la foul\u00e9e du premier, doit opposer l&rsquo;Espagnol <b><a href=\"https:\/\/www.flashscore.fr\/joueur\/munar-jaume\/zZieQm4D\/\" data-analytics-element=\"ARTICLE_TEXT_LINK\" data-analytics-alias=\"internal\" rel=\"nofollow noopener\" target=\"_blank\">Jaume Munar<\/a> <\/b>(36e) \u00e0 <b><a href=\"https:\/\/www.flashscore.fr\/joueur\/zverev-alexander\/dGbUhw9m\/\" data-analytics-element=\"ARTICLE_TEXT_LINK\" data-analytics-alias=\"internal\" rel=\"nofollow noopener\" target=\"_blank\">Alexander Zverev<\/a><\/b>.<\/p>\n<p>En cas de victoire du Hambourgeois, un double d\u00e9cisif d\u00e9partagera les deux s\u00e9lections.<\/p>\n<p>Le premier match de la journ\u00e9e opposait deux joueurs battus en quarts de finale de la Coupe Davis : <b><a href=\"https:\/\/www.flashscore.fr\/joueur\/carreno-busta-pablo\/W8WmcXdq\/\" data-analytics-element=\"ARTICLE_TEXT_LINK\" data-analytics-alias=\"internal\" rel=\"nofollow noopener\" target=\"_blank\">Pablo Carreno<\/a> <\/b>s&rsquo;\u00e9tait inclin\u00e9 jeudi contre le Tch\u00e8que <b>Jakub Mensik <\/b>(19e) et<b> Jan-Lennard Struff<\/b> avait perdu quelques heures plus tard contre l&rsquo;Argentin <b>Tomas Martin Etcheverry<\/b> (60e).<\/p>\n<p>Comme contre l&rsquo;Argentine, <b>Struff <\/b>a mieux entam\u00e9 le match que son adversaire et a break\u00e9 d\u00e8s le troisi\u00e8me jeu pour mener 2-1.<\/p>\n<p>Mais <b>Carreno <\/b>a imm\u00e9diatement r\u00e9pliqu\u00e9 (2-2), avant de convertir sa seule autre balle de break de la manche \u00e0 5-4 pour empocher le premier set.<\/p>\n<p>Ex-21e mondial, <b>Struff<\/b> a cruellement manqu\u00e9 de r\u00e9alisme dans la deuxi\u00e8me manche, \u00e9chouant d&rsquo;abord \u00e0 convertir deux balles de break avant de gaspiller une avance de six points \u00e0 un dans le tie-break.<\/p>\n<p>D\u00e9j\u00e0 en position de finir la partie \u00e0 5-4 sur le service de l&rsquo;Allemand (3 balles de match manqu\u00e9es), <b>Carreno<\/b> a finalement triomph\u00e9 sur une \u00e9ni\u00e8me faute directe de <b>Struff,<\/b> vaincu en 1h44 apr\u00e8s avoir perdu les sept derniers points du jeu d\u00e9cisif.<\/p>\n","protected":false},"excerpt":{"rendered":"L&rsquo;Espagnol Pablo Carreno (89e mondial) a rapproch\u00e9 son pays d&rsquo;une premi\u00e8re finale de Coupe Davis depuis 2019 en&hellip;\n","protected":false},"author":2,"featured_media":551604,"comment_status":"","ping_status":"","sticky":false,"template":"","format":"standard","meta":{"footnotes":""},"categories":[1415],"tags":[1011,27,60,1467],"class_list":{"0":"post-551603","1":"post","2":"type-post","3":"status-publish","4":"format-standard","5":"has-post-thumbnail","7":"category-tennis","8":"tag-fr","9":"tag-france","10":"tag-sports","11":"tag-tennis"},"share_on_mastodon":{"url":"https:\/\/pubeurope.com\/@fr\/115594112765201939","error":""},"_links":{"self":[{"href":"https:\/\/www.europesays.com\/fr\/wp-json\/wp\/v2\/posts\/551603","targetHints":{"allow":["GET"]}}],"collection":[{"href":"https:\/\/www.europesays.com\/fr\/wp-json\/wp\/v2\/posts"}],"about":[{"href":"https:\/\/www.europesays.com\/fr\/wp-json\/wp\/v2\/types\/post"}],"author":[{"embeddable":true,"href":"https:\/\/www.europesays.com\/fr\/wp-json\/wp\/v2\/users\/2"}],"replies":[{"embeddable":true,"href":"https:\/\/www.europesays.com\/fr\/wp-json\/wp\/v2\/comments?post=551603"}],"version-history":[{"count":0,"href":"https:\/\/www.europesays.com\/fr\/wp-json\/wp\/v2\/posts\/551603\/revisions"}],"wp:featuredmedia":[{"embeddable":true,"href":"https:\/\/www.europesays.com\/fr\/wp-json\/wp\/v2\/media\/551604"}],"wp:attachment":[{"href":"https:\/\/www.europesays.com\/fr\/wp-json\/wp\/v2\/media?parent=551603"}],"wp:term":[{"taxonomy":"category","embeddable":true,"href":"https:\/\/www.europesays.com\/fr\/wp-json\/wp\/v2\/categories?post=551603"},{"taxonomy":"post_tag","embeddable":true,"href":"https:\/\/www.europesays.com\/fr\/wp-json\/wp\/v2\/tags?post=551603"}],"curies":[{"name":"wp","href":"https:\/\/api.w.org\/{rel}","templated":true}]}}